{"id":1050,"date":"2017-04-20T10:22:55","date_gmt":"2017-04-20T10:22:55","guid":{"rendered":"https:\/\/femergs.com.br\/wfe\/blog\/frente-parlamentar-em-defesa-do-servico-publico-municipal\/"},"modified":"2017-04-20T10:22:55","modified_gmt":"2017-04-20T10:22:55","slug":"frente-parlamentar-em-defesa-do-servico-publico-municipal","status":"publish","type":"post","link":"https:\/\/femergs.com.br\/wfe\/blog\/frente-parlamentar-em-defesa-do-servico-publico-municipal\/","title":{"rendered":"FRENTE PARLAMENTAR EM DEFESA DO SERVI\u00c7O P\u00daBLICO MUNICIPAL"},"content":{"rendered":"<div style=\"text-align: justify;\">O que \u00e9 uma frente parlamentar?<br \/>\n\u00c9 uma associa\u00e7\u00e3o de parlamentares (deputados e senadores), suprapartid\u00e1ria, ou seja, sem partido pol\u00edtico. Cada frente parlamentar tem a fun\u00e7\u00e3o de debater e de aprimorar a legisla\u00e7\u00e3o existente sobre algum tema espec\u00edfico. \u00c9 obrigat\u00f3rio que ela tenha um representante oficial.<\/p>\n<p>A FEMERGS, Federa\u00e7\u00e3o dos Municip\u00e1rios do Estado do Rio Grande do Sul, esta buscando incansavelmente a cria\u00e7\u00e3o na Assembleia Legislativa do RS de uma frente Parlamentar em defesa do Servidor Publico Municipal. Acreditamos que esta iniciativa \u00e9 fundamental para fortalecer e valorizar o Servidor P\u00fablico Municipal e desta forma garantir um servi\u00e7o p\u00fablico de qualidade aos mun\u00edcipes. Cada Munic\u00edpio seguindo normas Constitucionais legisla sobre seus servidores, o que \u00e9 autonomia municipal tem demonstrado na pr\u00e1tica ser um agregador de diferen\u00e7as e problemas gigantescos para os trabalhadores. Durante muito tempo foi anseio dos sindicatos filiados que busc\u00e1ssemos junto aos Deputados esta cria\u00e7\u00e3o, ap\u00f3s muita avalia\u00e7\u00e3o e busca de dados estamos avan\u00e7ando neste objetivo.<\/p>\n<p>Hoje no Rio Grande do Sul, mais de cinquenta por cento dos servidores municipais possuem seu sal\u00e1rio o b\u00e1sico com valores inferiores ao sal\u00e1rio m\u00ednimo nacional. Isto \u00e9 muito grave, al\u00e9m de existirem distor\u00e7\u00f5es grotescas em fatores como insalubridade, periculosidade e outras em cidades t\u00e3o pr\u00f3ximas que dividem a mesma realidade geogr\u00e1fica e econ\u00f4mica, desta forma esta realidade n\u00e3o tem justificativa econ\u00f4mica ou Jur\u00eddica, mas parece quest\u00e3o de vontade politica.<\/p>\n<p>Precisamos do apoio de uma Frente Parlamentar para podermos avan\u00e7ar na garantia de termos um m\u00ednimo de equidade entre os munic\u00edpios e atrav\u00e9s da desta poder discutir com a sociedade na busca de avan\u00e7os para a classe. A dire\u00e7\u00e3o da FEMERGS tem buscado incansavelmente este objetivo, e esperamos que ap\u00f3s a cria\u00e7\u00e3o da Frente na Assembleia Legislativa do RS possamos contar em cada munic\u00edpio com uma frente junto as C\u00e2maras de Vereadores, e assim avan\u00e7armos significativamente, j\u00e1 que infelizmente ap\u00f3s a Constitui\u00e7\u00e3o de 1988 foram insuficientes os avan\u00e7os para garantir dignidade de remunera\u00e7\u00e3o e trabalho para a classe dos Servidores, agravados pelo fato de que a popula\u00e7\u00e3o encontra-se totalmente desiludida com a classe politica neste pa\u00eds, e por muitas vezes n\u00f3s servidores somos a v\u00e1lvula de escape para esta descren\u00e7a, al\u00e9m de muitos pol\u00edticos nos acusarem junto aos mun\u00edcipes de todos os d\u00e9ficits do Poder P\u00fablico de forma infundada.<\/p>\n<p>Todos juntos seremos muito mais fortes, discutindo, avan\u00e7ando, promovendo aos cidad\u00e3os o que lhes \u00e9 de direito, Servi\u00e7o P\u00fablico de Qualidade, com Servidores valorizados e respeitados.<br \/>\nA Comiss\u00e3o do X Semin\u00e1rio de Qualifica\u00e7\u00e3o do Servidor P\u00fablico Municipal estive no Gabinete do Deputado Eduardo Loureiro e visitando o Chefe de Gabinete Sr. Elton Mariani, na possibilidade de cria\u00e7\u00e3o da Frente Parlamentar.\n <\/div>\n<div style=\"text-align: center;\">Clarice In\u00eas Mainardi, Diretora de Forma\u00e7\u00e3o                                                               <\/div>\n","protected":false},"excerpt":{"rendered":"<p>O que \u00e9 uma frente parlamentar? \u00c9 uma associa\u00e7\u00e3o de parlamentares (deputados e senadores), suprapartid\u00e1ria, ou seja, sem partido pol\u00edtico. Cada frente parlamentar tem a fun\u00e7\u00e3o de debater e de aprimorar a legisla\u00e7\u00e3o existente sobre algum tema espec\u00edfico. \u00c9 obrigat\u00f3rio que ela tenha um representante oficial. A FEMERGS, Federa\u00e7\u00e3o dos Municip\u00e1rios do Estado do Rio [&hellip;]<\/p>\n","protected":false},"author":1,"featured_media":0,"comment_status":"closed","ping_status":"closed","sticky":false,"template":"","format":"standard","meta":{"_eb_attr":"","_uag_custom_page_level_css":"","fifu_image_url":"","fifu_image_alt":"","footnotes":""},"categories":[1],"tags":[32],"class_list":["post-1050","post","type-post","status-publish","format-standard","hentry","category-arquivadas","tag-null"],"yoast_head":"<!-- This site is optimized with the Yoast SEO plugin v27.1.1 - https:\/\/yoast.com\/product\/yoast-seo-wordpress\/ -->\n<title>FRENTE PARLAMENTAR EM DEFESA DO SERVI\u00c7O P\u00daBLICO MUNICIPAL - Federa\u00e7\u00e3o dos Municip\u00e1rios do Estado do Rio Grande do Sul<\/title>\n<meta name=\"robots\" content=\"index, follow, max-snippet:-1, max-image-preview:large, max-video-preview:-1\" \/>\n<link rel=\"canonical\" href=\"https:\/\/femergs.com.br\/wfe\/blog\/frente-parlamentar-em-defesa-do-servico-publico-municipal\/\" \/>\n<meta property=\"og:locale\" content=\"pt_BR\" \/>\n<meta property=\"og:type\" content=\"article\" \/>\n<meta property=\"og:title\" content=\"FRENTE PARLAMENTAR EM DEFESA DO SERVI\u00c7O P\u00daBLICO MUNICIPAL - Federa\u00e7\u00e3o dos Municip\u00e1rios do Estado do Rio Grande do Sul\" \/>\n<meta property=\"og:description\" content=\"O que \u00e9 uma frente parlamentar? \u00c9 uma associa\u00e7\u00e3o de parlamentares (deputados e senadores), suprapartid\u00e1ria, ou seja, sem partido pol\u00edtico. Cada frente parlamentar tem a fun\u00e7\u00e3o de debater e de aprimorar a legisla\u00e7\u00e3o existente sobre algum tema espec\u00edfico. \u00c9 obrigat\u00f3rio que ela tenha um representante oficial. A FEMERGS, Federa\u00e7\u00e3o dos Municip\u00e1rios do Estado do Rio [&hellip;]\" \/>\n<meta property=\"og:url\" content=\"https:\/\/femergs.com.br\/wfe\/blog\/frente-parlamentar-em-defesa-do-servico-publico-municipal\/\" \/>\n<meta property=\"og:site_name\" content=\"Federa\u00e7\u00e3o dos Municip\u00e1rios do Estado do Rio Grande do Sul\" \/>\n<meta property=\"article:publisher\" content=\"https:\/\/www.facebook.com\/profile.php?id=100057151733001\" \/>\n<meta property=\"article:published_time\" content=\"2017-04-20T10:22:55+00:00\" \/>\n<meta name=\"author\" content=\"adminfemergs\" \/>\n<meta name=\"twitter:card\" content=\"summary_large_image\" \/>\n<meta name=\"twitter:label1\" content=\"Escrito por\" \/>\n\t<meta name=\"twitter:data1\" content=\"adminfemergs\" \/>\n\t<meta name=\"twitter:label2\" content=\"Est. tempo de leitura\" \/>\n\t<meta name=\"twitter:data2\" content=\"3 minutos\" \/>\n<script type=\"application\/ld+json\" class=\"yoast-schema-graph\">{\"@context\":\"https:\/\/schema.org\",\"@graph\":[{\"@type\":\"Article\",\"@id\":\"https:\/\/femergs.com.br\/wfe\/blog\/frente-parlamentar-em-defesa-do-servico-publico-municipal\/#article\",\"isPartOf\":{\"@id\":\"https:\/\/femergs.com.br\/wfe\/blog\/frente-parlamentar-em-defesa-do-servico-publico-municipal\/\"},\"author\":{\"name\":\"adminfemergs\",\"@id\":\"https:\/\/femergs.com.br\/wfe\/#\/schema\/person\/f5558e6b5ffc044ee085016237dedb7f\"},\"headline\":\"FRENTE PARLAMENTAR EM DEFESA DO SERVI\u00c7O P\u00daBLICO MUNICIPAL\",\"datePublished\":\"2017-04-20T10:22:55+00:00\",\"mainEntityOfPage\":{\"@id\":\"https:\/\/femergs.com.br\/wfe\/blog\/frente-parlamentar-em-defesa-do-servico-publico-municipal\/\"},\"wordCount\":517,\"publisher\":{\"@id\":\"https:\/\/femergs.com.br\/wfe\/#organization\"},\"keywords\":[\"NULL\"],\"articleSection\":[\"ARQUIVADAS\"],\"inLanguage\":\"pt-BR\"},{\"@type\":\"WebPage\",\"@id\":\"https:\/\/femergs.com.br\/wfe\/blog\/frente-parlamentar-em-defesa-do-servico-publico-municipal\/\",\"url\":\"https:\/\/femergs.com.br\/wfe\/blog\/frente-parlamentar-em-defesa-do-servico-publico-municipal\/\",\"name\":\"FRENTE PARLAMENTAR EM DEFESA DO SERVI\u00c7O P\u00daBLICO MUNICIPAL - Federa\u00e7\u00e3o dos Municip\u00e1rios do Estado do Rio Grande do Sul\",\"isPartOf\":{\"@id\":\"https:\/\/femergs.com.br\/wfe\/#website\"},\"datePublished\":\"2017-04-20T10:22:55+00:00\",\"breadcrumb\":{\"@id\":\"https:\/\/femergs.com.br\/wfe\/blog\/frente-parlamentar-em-defesa-do-servico-publico-municipal\/#breadcrumb\"},\"inLanguage\":\"pt-BR\",\"potentialAction\":[{\"@type\":\"ReadAction\",\"target\":[\"https:\/\/femergs.com.br\/wfe\/blog\/frente-parlamentar-em-defesa-do-servico-publico-municipal\/\"]}]},{\"@type\":\"BreadcrumbList\",\"@id\":\"https:\/\/femergs.com.br\/wfe\/blog\/frente-parlamentar-em-defesa-do-servico-publico-municipal\/#breadcrumb\",\"itemListElement\":[{\"@type\":\"ListItem\",\"position\":1,\"name\":\"In\u00edcio\",\"item\":\"https:\/\/femergs.com.br\/wfe\/\"},{\"@type\":\"ListItem\",\"position\":2,\"name\":\"FRENTE PARLAMENTAR EM DEFESA DO SERVI\u00c7O P\u00daBLICO MUNICIPAL\"}]},{\"@type\":\"WebSite\",\"@id\":\"https:\/\/femergs.com.br\/wfe\/#website\",\"url\":\"https:\/\/femergs.com.br\/wfe\/\",\"name\":\"FEMERGS\",\"description\":\"FEDERA\u00c7\u00c3O DOS MUNICIP\u00c1RIOS DO ESTADO DO RIO GRANDE DO SUL\",\"publisher\":{\"@id\":\"https:\/\/femergs.com.br\/wfe\/#organization\"},\"potentialAction\":[{\"@type\":\"SearchAction\",\"target\":{\"@type\":\"EntryPoint\",\"urlTemplate\":\"https:\/\/femergs.com.br\/wfe\/?s={search_term_string}\"},\"query-input\":{\"@type\":\"PropertyValueSpecification\",\"valueRequired\":true,\"valueName\":\"search_term_string\"}}],\"inLanguage\":\"pt-BR\"},{\"@type\":\"Organization\",\"@id\":\"https:\/\/femergs.com.br\/wfe\/#organization\",\"name\":\"FEMERGS\",\"url\":\"https:\/\/femergs.com.br\/wfe\/\",\"logo\":{\"@type\":\"ImageObject\",\"inLanguage\":\"pt-BR\",\"@id\":\"https:\/\/femergs.com.br\/wfe\/#\/schema\/logo\/image\/\",\"url\":\"https:\/\/femergs.com.br\/wfe\/wp-content\/uploads\/2025\/06\/logotipo.png\",\"contentUrl\":\"https:\/\/femergs.com.br\/wfe\/wp-content\/uploads\/2025\/06\/logotipo.png\",\"width\":500,\"height\":500,\"caption\":\"FEMERGS\"},\"image\":{\"@id\":\"https:\/\/femergs.com.br\/wfe\/#\/schema\/logo\/image\/\"},\"sameAs\":[\"https:\/\/www.facebook.com\/profile.php?id=100057151733001\",\"https:\/\/www.instagram.com\/femergs_rs\/\"]},{\"@type\":\"Person\",\"@id\":\"https:\/\/femergs.com.br\/wfe\/#\/schema\/person\/f5558e6b5ffc044ee085016237dedb7f\",\"name\":\"adminfemergs\",\"image\":{\"@type\":\"ImageObject\",\"inLanguage\":\"pt-BR\",\"@id\":\"https:\/\/femergs.com.br\/wfe\/#\/schema\/person\/image\/\",\"url\":\"https:\/\/secure.gravatar.com\/avatar\/398642fa557cdd524617ad9b31c938845f071aeb3448b9c0aeb29aefc495337b?s=96&d=mm&r=g\",\"contentUrl\":\"https:\/\/secure.gravatar.com\/avatar\/398642fa557cdd524617ad9b31c938845f071aeb3448b9c0aeb29aefc495337b?s=96&d=mm&r=g\",\"caption\":\"adminfemergs\"},\"sameAs\":[\"https:\/\/femergs.com.br\/wfe\"],\"url\":\"https:\/\/femergs.com.br\/wfe\/blog\/author\/adminfemergs\/\"}]}<\/script>\n<!-- \/ Yoast SEO plugin. -->","yoast_head_json":{"title":"FRENTE PARLAMENTAR EM DEFESA DO SERVI\u00c7O P\u00daBLICO MUNICIPAL - Federa\u00e7\u00e3o dos Municip\u00e1rios do Estado do Rio Grande do Sul","robots":{"index":"index","follow":"follow","max-snippet":"max-snippet:-1","max-image-preview":"max-image-preview:large","max-video-preview":"max-video-preview:-1"},"canonical":"https:\/\/femergs.com.br\/wfe\/blog\/frente-parlamentar-em-defesa-do-servico-publico-municipal\/","og_locale":"pt_BR","og_type":"article","og_title":"FRENTE PARLAMENTAR EM DEFESA DO SERVI\u00c7O P\u00daBLICO MUNICIPAL - Federa\u00e7\u00e3o dos Municip\u00e1rios do Estado do Rio Grande do Sul","og_description":"O que \u00e9 uma frente parlamentar? \u00c9 uma associa\u00e7\u00e3o de parlamentares (deputados e senadores), suprapartid\u00e1ria, ou seja, sem partido pol\u00edtico. Cada frente parlamentar tem a fun\u00e7\u00e3o de debater e de aprimorar a legisla\u00e7\u00e3o existente sobre algum tema espec\u00edfico. \u00c9 obrigat\u00f3rio que ela tenha um representante oficial. A FEMERGS, Federa\u00e7\u00e3o dos Municip\u00e1rios do Estado do Rio [&hellip;]","og_url":"https:\/\/femergs.com.br\/wfe\/blog\/frente-parlamentar-em-defesa-do-servico-publico-municipal\/","og_site_name":"Federa\u00e7\u00e3o dos Municip\u00e1rios do Estado do Rio Grande do Sul","article_publisher":"https:\/\/www.facebook.com\/profile.php?id=100057151733001","article_published_time":"2017-04-20T10:22:55+00:00","author":"adminfemergs","twitter_card":"summary_large_image","twitter_misc":{"Escrito por":"adminfemergs","Est. tempo de leitura":"3 minutos"},"schema":{"@context":"https:\/\/schema.org","@graph":[{"@type":"Article","@id":"https:\/\/femergs.com.br\/wfe\/blog\/frente-parlamentar-em-defesa-do-servico-publico-municipal\/#article","isPartOf":{"@id":"https:\/\/femergs.com.br\/wfe\/blog\/frente-parlamentar-em-defesa-do-servico-publico-municipal\/"},"author":{"name":"adminfemergs","@id":"https:\/\/femergs.com.br\/wfe\/#\/schema\/person\/f5558e6b5ffc044ee085016237dedb7f"},"headline":"FRENTE PARLAMENTAR EM DEFESA DO SERVI\u00c7O P\u00daBLICO MUNICIPAL","datePublished":"2017-04-20T10:22:55+00:00","mainEntityOfPage":{"@id":"https:\/\/femergs.com.br\/wfe\/blog\/frente-parlamentar-em-defesa-do-servico-publico-municipal\/"},"wordCount":517,"publisher":{"@id":"https:\/\/femergs.com.br\/wfe\/#organization"},"keywords":["NULL"],"articleSection":["ARQUIVADAS"],"inLanguage":"pt-BR"},{"@type":"WebPage","@id":"https:\/\/femergs.com.br\/wfe\/blog\/frente-parlamentar-em-defesa-do-servico-publico-municipal\/","url":"https:\/\/femergs.com.br\/wfe\/blog\/frente-parlamentar-em-defesa-do-servico-publico-municipal\/","name":"FRENTE PARLAMENTAR EM DEFESA DO SERVI\u00c7O P\u00daBLICO MUNICIPAL - Federa\u00e7\u00e3o dos Municip\u00e1rios do Estado do Rio Grande do Sul","isPartOf":{"@id":"https:\/\/femergs.com.br\/wfe\/#website"},"datePublished":"2017-04-20T10:22:55+00:00","breadcrumb":{"@id":"https:\/\/femergs.com.br\/wfe\/blog\/frente-parlamentar-em-defesa-do-servico-publico-municipal\/#breadcrumb"},"inLanguage":"pt-BR","potentialAction":[{"@type":"ReadAction","target":["https:\/\/femergs.com.br\/wfe\/blog\/frente-parlamentar-em-defesa-do-servico-publico-municipal\/"]}]},{"@type":"BreadcrumbList","@id":"https:\/\/femergs.com.br\/wfe\/blog\/frente-parlamentar-em-defesa-do-servico-publico-municipal\/#breadcrumb","itemListElement":[{"@type":"ListItem","position":1,"name":"In\u00edcio","item":"https:\/\/femergs.com.br\/wfe\/"},{"@type":"ListItem","position":2,"name":"FRENTE PARLAMENTAR EM DEFESA DO SERVI\u00c7O P\u00daBLICO MUNICIPAL"}]},{"@type":"WebSite","@id":"https:\/\/femergs.com.br\/wfe\/#website","url":"https:\/\/femergs.com.br\/wfe\/","name":"FEMERGS","description":"FEDERA\u00c7\u00c3O DOS MUNICIP\u00c1RIOS DO ESTADO DO RIO GRANDE DO SUL","publisher":{"@id":"https:\/\/femergs.com.br\/wfe\/#organization"},"potentialAction":[{"@type":"SearchAction","target":{"@type":"EntryPoint","urlTemplate":"https:\/\/femergs.com.br\/wfe\/?s={search_term_string}"},"query-input":{"@type":"PropertyValueSpecification","valueRequired":true,"valueName":"search_term_string"}}],"inLanguage":"pt-BR"},{"@type":"Organization","@id":"https:\/\/femergs.com.br\/wfe\/#organization","name":"FEMERGS","url":"https:\/\/femergs.com.br\/wfe\/","logo":{"@type":"ImageObject","inLanguage":"pt-BR","@id":"https:\/\/femergs.com.br\/wfe\/#\/schema\/logo\/image\/","url":"https:\/\/femergs.com.br\/wfe\/wp-content\/uploads\/2025\/06\/logotipo.png","contentUrl":"https:\/\/femergs.com.br\/wfe\/wp-content\/uploads\/2025\/06\/logotipo.png","width":500,"height":500,"caption":"FEMERGS"},"image":{"@id":"https:\/\/femergs.com.br\/wfe\/#\/schema\/logo\/image\/"},"sameAs":["https:\/\/www.facebook.com\/profile.php?id=100057151733001","https:\/\/www.instagram.com\/femergs_rs\/"]},{"@type":"Person","@id":"https:\/\/femergs.com.br\/wfe\/#\/schema\/person\/f5558e6b5ffc044ee085016237dedb7f","name":"adminfemergs","image":{"@type":"ImageObject","inLanguage":"pt-BR","@id":"https:\/\/femergs.com.br\/wfe\/#\/schema\/person\/image\/","url":"https:\/\/secure.gravatar.com\/avatar\/398642fa557cdd524617ad9b31c938845f071aeb3448b9c0aeb29aefc495337b?s=96&d=mm&r=g","contentUrl":"https:\/\/secure.gravatar.com\/avatar\/398642fa557cdd524617ad9b31c938845f071aeb3448b9c0aeb29aefc495337b?s=96&d=mm&r=g","caption":"adminfemergs"},"sameAs":["https:\/\/femergs.com.br\/wfe"],"url":"https:\/\/femergs.com.br\/wfe\/blog\/author\/adminfemergs\/"}]}},"uagb_featured_image_src":{"full":false,"thumbnail":false,"medium":false,"medium_large":false,"large":false,"1536x1536":false,"2048x2048":false,"ultp_layout_landscape_large":false,"ultp_layout_landscape":false,"ultp_layout_portrait":false,"ultp_layout_square":false},"uagb_author_info":{"display_name":"adminfemergs","author_link":"https:\/\/femergs.com.br\/wfe\/blog\/author\/adminfemergs\/"},"uagb_comment_info":0,"uagb_excerpt":"O que \u00e9 uma frente parlamentar? \u00c9 uma associa\u00e7\u00e3o de parlamentares (deputados e senadores), suprapartid\u00e1ria, ou seja, sem partido pol\u00edtico. Cada frente parlamentar tem a fun\u00e7\u00e3o de debater e de aprimorar a legisla\u00e7\u00e3o existente sobre algum tema espec\u00edfico. \u00c9 obrigat\u00f3rio que ela tenha um representante oficial. A FEMERGS, Federa\u00e7\u00e3o dos Municip\u00e1rios do Estado do Rio&hellip;","_links":{"self":[{"href":"https:\/\/femergs.com.br\/wfe\/wp-json\/wp\/v2\/posts\/1050","targetHints":{"allow":["GET"]}}],"collection":[{"href":"https:\/\/femergs.com.br\/wfe\/wp-json\/wp\/v2\/posts"}],"about":[{"href":"https:\/\/femergs.com.br\/wfe\/wp-json\/wp\/v2\/types\/post"}],"author":[{"embeddable":true,"href":"https:\/\/femergs.com.br\/wfe\/wp-json\/wp\/v2\/users\/1"}],"replies":[{"embeddable":true,"href":"https:\/\/femergs.com.br\/wfe\/wp-json\/wp\/v2\/comments?post=1050"}],"version-history":[{"count":0,"href":"https:\/\/femergs.com.br\/wfe\/wp-json\/wp\/v2\/posts\/1050\/revisions"}],"wp:attachment":[{"href":"https:\/\/femergs.com.br\/wfe\/wp-json\/wp\/v2\/media?parent=1050"}],"wp:term":[{"taxonomy":"category","embeddable":true,"href":"https:\/\/femergs.com.br\/wfe\/wp-json\/wp\/v2\/categories?post=1050"},{"taxonomy":"post_tag","embeddable":true,"href":"https:\/\/femergs.com.br\/wfe\/wp-json\/wp\/v2\/tags?post=1050"}],"curies":[{"name":"wp","href":"https:\/\/api.w.org\/{rel}","templated":true}]}}