{"id":1058,"date":"2017-04-20T11:35:08","date_gmt":"2017-04-20T11:35:08","guid":{"rendered":"https:\/\/femergs.com.br\/wfe\/blog\/femergs-regional-vale-do-rio-pardo-reune-sindicalistas-em-encontro\/"},"modified":"2017-04-20T11:35:08","modified_gmt":"2017-04-20T11:35:08","slug":"femergs-regional-vale-do-rio-pardo-reune-sindicalistas-em-encontro","status":"publish","type":"post","link":"https:\/\/femergs.com.br\/wfe\/blog\/femergs-regional-vale-do-rio-pardo-reune-sindicalistas-em-encontro\/","title":{"rendered":"FEMERGS \u2013 REGIONAL VALE DO RIO PARDO \u2013 RE\u00daNE SINDICALISTAS EM ENCONTRO."},"content":{"rendered":"<p>A dire\u00e7\u00e3o da Federa\u00e7\u00e3o dos Municip\u00e1rios do Estado do Rio Grande do Sul (Femergs) \u2013 regional Vale do Rio Pardo \u2013 reuniu in\u00fameros representantes sindicais da regi\u00e3o no \u00faltimo dia 30, em Santa Cruz do Sul. O encontro teve como objetivo discutir, al\u00e9m de quest\u00f5es pertinentes \u00e0 realidade dos municip\u00e1rios, ass\u00e9dio moral e a documenta\u00e7\u00e3o exigida pelo Minist\u00e9rio do Trabalho e Emprego.<\/p>\n<p>O primeiro tema foi conduzido pelo advogado e assessor jur\u00eddico do Sindicato dos Funcion\u00e1rios P\u00fablicos da Prefeitura Municipal de Santa Cruz do Sul (Sinfum), \u00c1ureo Jaeger. Ele orientou como as dire\u00e7\u00f5es devem atuar quando esse tipo de situa\u00e7\u00e3o se apresenta para funcionalismo.<\/p>\n<p>J\u00e1 o segundo assunto foi abordado pelo vice-secret\u00e1rio geral da Femergs, Luciano dos Santos. \u201c\u00c9 comum os sindicatos n\u00e3o saberem como administrar a burocracia exigida pelo MTE. Por isso, nossa inten\u00e7\u00e3o \u00e9 colaborar para esses papeis sejam confeccionados em conformidade com as suas exig\u00eancias\u201d, explicou.<\/p>\n<p>O evento Debate Previdenci\u00e1rio, que ser\u00e1 realizado no dia 12 de agosto, em Porto Alegre, e a VI Plen\u00e1ria da Femergs, agendada para o dia 27 de agosto, no munic\u00edpio de Frederico Westphalen, tamb\u00e9m pautaram os debates. Jos\u00e9 Bonif\u00e1cio Almada Martins, vice-presidente da Femergs, ressaltou a import\u00e2ncia dos dois eventos. \u201cAssim como est\u00e1 acontecendo aqui, esses momentos servir\u00e3o para n\u00f3s, lideran\u00e7as de todos os munic\u00edpios ga\u00fachos, interagirmos. Somarmos experi\u00eancias, dividirmos problemas\u201d.<\/p>\n<p>Na avalia\u00e7\u00e3o do atual coordenador da Femergs Vale do Rio Pardo, Alexandre Paulus, a reuni\u00e3o foi bastante produtiva. \u201cCertamente, aprendemos muito e o conhecimento \u00e9 fundamental para ajudarmos nossas categorias a avan\u00e7ar\u201d, concluiu.<\/p>\n","protected":false},"excerpt":{"rendered":"<p>A dire\u00e7\u00e3o da Federa\u00e7\u00e3o dos Municip\u00e1rios do Estado do Rio Grande do Sul (Femergs) \u2013 regional Vale do Rio Pardo \u2013 reuniu in\u00fameros representantes sindicais da regi\u00e3o no \u00faltimo dia 30, em Santa Cruz do Sul. O encontro teve como objetivo discutir, al\u00e9m de quest\u00f5es pertinentes \u00e0 realidade dos municip\u00e1rios, ass\u00e9dio moral e a documenta\u00e7\u00e3o [&hellip;]<\/p>\n","protected":false},"author":1,"featured_media":0,"comment_status":"closed","ping_status":"closed","sticky":false,"template":"","format":"standard","meta":{"_eb_attr":"","_uag_custom_page_level_css":"","fifu_image_url":"","fifu_image_alt":"","footnotes":""},"categories":[1],"tags":[32],"class_list":["post-1058","post","type-post","status-publish","format-standard","hentry","category-arquivadas","tag-null"],"yoast_head":"<!-- This site is optimized with the Yoast SEO plugin v27.1.1 - https:\/\/yoast.com\/product\/yoast-seo-wordpress\/ -->\n<title>FEMERGS \u2013 REGIONAL VALE DO RIO PARDO \u2013 RE\u00daNE SINDICALISTAS EM ENCONTRO. - Federa\u00e7\u00e3o dos Municip\u00e1rios do Estado do Rio Grande do Sul<\/title>\n<meta name=\"robots\" content=\"index, follow, max-snippet:-1, max-image-preview:large, max-video-preview:-1\" \/>\n<link rel=\"canonical\" href=\"https:\/\/femergs.com.br\/wfe\/blog\/femergs-regional-vale-do-rio-pardo-reune-sindicalistas-em-encontro\/\" \/>\n<meta property=\"og:locale\" content=\"pt_BR\" \/>\n<meta property=\"og:type\" content=\"article\" \/>\n<meta property=\"og:title\" content=\"FEMERGS \u2013 REGIONAL VALE DO RIO PARDO \u2013 RE\u00daNE SINDICALISTAS EM ENCONTRO. - Federa\u00e7\u00e3o dos Municip\u00e1rios do Estado do Rio Grande do Sul\" \/>\n<meta property=\"og:description\" content=\"A dire\u00e7\u00e3o da Federa\u00e7\u00e3o dos Municip\u00e1rios do Estado do Rio Grande do Sul (Femergs) \u2013 regional Vale do Rio Pardo \u2013 reuniu in\u00fameros representantes sindicais da regi\u00e3o no \u00faltimo dia 30, em Santa Cruz do Sul. O encontro teve como objetivo discutir, al\u00e9m de quest\u00f5es pertinentes \u00e0 realidade dos municip\u00e1rios, ass\u00e9dio moral e a documenta\u00e7\u00e3o [&hellip;]\" \/>\n<meta property=\"og:url\" content=\"https:\/\/femergs.com.br\/wfe\/blog\/femergs-regional-vale-do-rio-pardo-reune-sindicalistas-em-encontro\/\" \/>\n<meta property=\"og:site_name\" content=\"Federa\u00e7\u00e3o dos Municip\u00e1rios do Estado do Rio Grande do Sul\" \/>\n<meta property=\"article:publisher\" content=\"https:\/\/www.facebook.com\/profile.php?id=100057151733001\" \/>\n<meta property=\"article:published_time\" content=\"2017-04-20T11:35:08+00:00\" \/>\n<meta name=\"author\" content=\"adminfemergs\" \/>\n<meta name=\"twitter:card\" content=\"summary_large_image\" \/>\n<meta name=\"twitter:label1\" content=\"Escrito por\" \/>\n\t<meta name=\"twitter:data1\" content=\"adminfemergs\" \/>\n\t<meta name=\"twitter:label2\" content=\"Est. tempo de leitura\" \/>\n\t<meta name=\"twitter:data2\" content=\"1 minuto\" \/>\n<script type=\"application\/ld+json\" class=\"yoast-schema-graph\">{\"@context\":\"https:\/\/schema.org\",\"@graph\":[{\"@type\":\"Article\",\"@id\":\"https:\/\/femergs.com.br\/wfe\/blog\/femergs-regional-vale-do-rio-pardo-reune-sindicalistas-em-encontro\/#article\",\"isPartOf\":{\"@id\":\"https:\/\/femergs.com.br\/wfe\/blog\/femergs-regional-vale-do-rio-pardo-reune-sindicalistas-em-encontro\/\"},\"author\":{\"name\":\"adminfemergs\",\"@id\":\"https:\/\/femergs.com.br\/wfe\/#\/schema\/person\/f5558e6b5ffc044ee085016237dedb7f\"},\"headline\":\"FEMERGS \u2013 REGIONAL VALE DO RIO PARDO \u2013 RE\u00daNE SINDICALISTAS EM ENCONTRO.\",\"datePublished\":\"2017-04-20T11:35:08+00:00\",\"mainEntityOfPage\":{\"@id\":\"https:\/\/femergs.com.br\/wfe\/blog\/femergs-regional-vale-do-rio-pardo-reune-sindicalistas-em-encontro\/\"},\"wordCount\":290,\"publisher\":{\"@id\":\"https:\/\/femergs.com.br\/wfe\/#organization\"},\"keywords\":[\"NULL\"],\"articleSection\":[\"ARQUIVADAS\"],\"inLanguage\":\"pt-BR\"},{\"@type\":\"WebPage\",\"@id\":\"https:\/\/femergs.com.br\/wfe\/blog\/femergs-regional-vale-do-rio-pardo-reune-sindicalistas-em-encontro\/\",\"url\":\"https:\/\/femergs.com.br\/wfe\/blog\/femergs-regional-vale-do-rio-pardo-reune-sindicalistas-em-encontro\/\",\"name\":\"FEMERGS \u2013 REGIONAL VALE DO RIO PARDO \u2013 RE\u00daNE SINDICALISTAS EM ENCONTRO. - Federa\u00e7\u00e3o dos Municip\u00e1rios do Estado do Rio Grande do Sul\",\"isPartOf\":{\"@id\":\"https:\/\/femergs.com.br\/wfe\/#website\"},\"datePublished\":\"2017-04-20T11:35:08+00:00\",\"breadcrumb\":{\"@id\":\"https:\/\/femergs.com.br\/wfe\/blog\/femergs-regional-vale-do-rio-pardo-reune-sindicalistas-em-encontro\/#breadcrumb\"},\"inLanguage\":\"pt-BR\",\"potentialAction\":[{\"@type\":\"ReadAction\",\"target\":[\"https:\/\/femergs.com.br\/wfe\/blog\/femergs-regional-vale-do-rio-pardo-reune-sindicalistas-em-encontro\/\"]}]},{\"@type\":\"BreadcrumbList\",\"@id\":\"https:\/\/femergs.com.br\/wfe\/blog\/femergs-regional-vale-do-rio-pardo-reune-sindicalistas-em-encontro\/#breadcrumb\",\"itemListElement\":[{\"@type\":\"ListItem\",\"position\":1,\"name\":\"In\u00edcio\",\"item\":\"https:\/\/femergs.com.br\/wfe\/\"},{\"@type\":\"ListItem\",\"position\":2,\"name\":\"FEMERGS \u2013 REGIONAL VALE DO RIO PARDO \u2013 RE\u00daNE SINDICALISTAS EM ENCONTRO.\"}]},{\"@type\":\"WebSite\",\"@id\":\"https:\/\/femergs.com.br\/wfe\/#website\",\"url\":\"https:\/\/femergs.com.br\/wfe\/\",\"name\":\"FEMERGS\",\"description\":\"FEDERA\u00c7\u00c3O DOS MUNICIP\u00c1RIOS DO ESTADO DO RIO GRANDE DO SUL\",\"publisher\":{\"@id\":\"https:\/\/femergs.com.br\/wfe\/#organization\"},\"potentialAction\":[{\"@type\":\"SearchAction\",\"target\":{\"@type\":\"EntryPoint\",\"urlTemplate\":\"https:\/\/femergs.com.br\/wfe\/?s={search_term_string}\"},\"query-input\":{\"@type\":\"PropertyValueSpecification\",\"valueRequired\":true,\"valueName\":\"search_term_string\"}}],\"inLanguage\":\"pt-BR\"},{\"@type\":\"Organization\",\"@id\":\"https:\/\/femergs.com.br\/wfe\/#organization\",\"name\":\"FEMERGS\",\"url\":\"https:\/\/femergs.com.br\/wfe\/\",\"logo\":{\"@type\":\"ImageObject\",\"inLanguage\":\"pt-BR\",\"@id\":\"https:\/\/femergs.com.br\/wfe\/#\/schema\/logo\/image\/\",\"url\":\"https:\/\/femergs.com.br\/wfe\/wp-content\/uploads\/2025\/06\/logotipo.png\",\"contentUrl\":\"https:\/\/femergs.com.br\/wfe\/wp-content\/uploads\/2025\/06\/logotipo.png\",\"width\":500,\"height\":500,\"caption\":\"FEMERGS\"},\"image\":{\"@id\":\"https:\/\/femergs.com.br\/wfe\/#\/schema\/logo\/image\/\"},\"sameAs\":[\"https:\/\/www.facebook.com\/profile.php?id=100057151733001\",\"https:\/\/www.instagram.com\/femergs_rs\/\"]},{\"@type\":\"Person\",\"@id\":\"https:\/\/femergs.com.br\/wfe\/#\/schema\/person\/f5558e6b5ffc044ee085016237dedb7f\",\"name\":\"adminfemergs\",\"image\":{\"@type\":\"ImageObject\",\"inLanguage\":\"pt-BR\",\"@id\":\"https:\/\/femergs.com.br\/wfe\/#\/schema\/person\/image\/\",\"url\":\"https:\/\/secure.gravatar.com\/avatar\/398642fa557cdd524617ad9b31c938845f071aeb3448b9c0aeb29aefc495337b?s=96&d=mm&r=g\",\"contentUrl\":\"https:\/\/secure.gravatar.com\/avatar\/398642fa557cdd524617ad9b31c938845f071aeb3448b9c0aeb29aefc495337b?s=96&d=mm&r=g\",\"caption\":\"adminfemergs\"},\"sameAs\":[\"https:\/\/femergs.com.br\/wfe\"],\"url\":\"https:\/\/femergs.com.br\/wfe\/blog\/author\/adminfemergs\/\"}]}<\/script>\n<!-- \/ Yoast SEO plugin. -->","yoast_head_json":{"title":"FEMERGS \u2013 REGIONAL VALE DO RIO PARDO \u2013 RE\u00daNE SINDICALISTAS EM ENCONTRO. - Federa\u00e7\u00e3o dos Municip\u00e1rios do Estado do Rio Grande do Sul","robots":{"index":"index","follow":"follow","max-snippet":"max-snippet:-1","max-image-preview":"max-image-preview:large","max-video-preview":"max-video-preview:-1"},"canonical":"https:\/\/femergs.com.br\/wfe\/blog\/femergs-regional-vale-do-rio-pardo-reune-sindicalistas-em-encontro\/","og_locale":"pt_BR","og_type":"article","og_title":"FEMERGS \u2013 REGIONAL VALE DO RIO PARDO \u2013 RE\u00daNE SINDICALISTAS EM ENCONTRO. - Federa\u00e7\u00e3o dos Municip\u00e1rios do Estado do Rio Grande do Sul","og_description":"A dire\u00e7\u00e3o da Federa\u00e7\u00e3o dos Municip\u00e1rios do Estado do Rio Grande do Sul (Femergs) \u2013 regional Vale do Rio Pardo \u2013 reuniu in\u00fameros representantes sindicais da regi\u00e3o no \u00faltimo dia 30, em Santa Cruz do Sul. O encontro teve como objetivo discutir, al\u00e9m de quest\u00f5es pertinentes \u00e0 realidade dos municip\u00e1rios, ass\u00e9dio moral e a documenta\u00e7\u00e3o [&hellip;]","og_url":"https:\/\/femergs.com.br\/wfe\/blog\/femergs-regional-vale-do-rio-pardo-reune-sindicalistas-em-encontro\/","og_site_name":"Federa\u00e7\u00e3o dos Municip\u00e1rios do Estado do Rio Grande do Sul","article_publisher":"https:\/\/www.facebook.com\/profile.php?id=100057151733001","article_published_time":"2017-04-20T11:35:08+00:00","author":"adminfemergs","twitter_card":"summary_large_image","twitter_misc":{"Escrito por":"adminfemergs","Est. tempo de leitura":"1 minuto"},"schema":{"@context":"https:\/\/schema.org","@graph":[{"@type":"Article","@id":"https:\/\/femergs.com.br\/wfe\/blog\/femergs-regional-vale-do-rio-pardo-reune-sindicalistas-em-encontro\/#article","isPartOf":{"@id":"https:\/\/femergs.com.br\/wfe\/blog\/femergs-regional-vale-do-rio-pardo-reune-sindicalistas-em-encontro\/"},"author":{"name":"adminfemergs","@id":"https:\/\/femergs.com.br\/wfe\/#\/schema\/person\/f5558e6b5ffc044ee085016237dedb7f"},"headline":"FEMERGS \u2013 REGIONAL VALE DO RIO PARDO \u2013 RE\u00daNE SINDICALISTAS EM ENCONTRO.","datePublished":"2017-04-20T11:35:08+00:00","mainEntityOfPage":{"@id":"https:\/\/femergs.com.br\/wfe\/blog\/femergs-regional-vale-do-rio-pardo-reune-sindicalistas-em-encontro\/"},"wordCount":290,"publisher":{"@id":"https:\/\/femergs.com.br\/wfe\/#organization"},"keywords":["NULL"],"articleSection":["ARQUIVADAS"],"inLanguage":"pt-BR"},{"@type":"WebPage","@id":"https:\/\/femergs.com.br\/wfe\/blog\/femergs-regional-vale-do-rio-pardo-reune-sindicalistas-em-encontro\/","url":"https:\/\/femergs.com.br\/wfe\/blog\/femergs-regional-vale-do-rio-pardo-reune-sindicalistas-em-encontro\/","name":"FEMERGS \u2013 REGIONAL VALE DO RIO PARDO \u2013 RE\u00daNE SINDICALISTAS EM ENCONTRO. - Federa\u00e7\u00e3o dos Municip\u00e1rios do Estado do Rio Grande do Sul","isPartOf":{"@id":"https:\/\/femergs.com.br\/wfe\/#website"},"datePublished":"2017-04-20T11:35:08+00:00","breadcrumb":{"@id":"https:\/\/femergs.com.br\/wfe\/blog\/femergs-regional-vale-do-rio-pardo-reune-sindicalistas-em-encontro\/#breadcrumb"},"inLanguage":"pt-BR","potentialAction":[{"@type":"ReadAction","target":["https:\/\/femergs.com.br\/wfe\/blog\/femergs-regional-vale-do-rio-pardo-reune-sindicalistas-em-encontro\/"]}]},{"@type":"BreadcrumbList","@id":"https:\/\/femergs.com.br\/wfe\/blog\/femergs-regional-vale-do-rio-pardo-reune-sindicalistas-em-encontro\/#breadcrumb","itemListElement":[{"@type":"ListItem","position":1,"name":"In\u00edcio","item":"https:\/\/femergs.com.br\/wfe\/"},{"@type":"ListItem","position":2,"name":"FEMERGS \u2013 REGIONAL VALE DO RIO PARDO \u2013 RE\u00daNE SINDICALISTAS EM ENCONTRO."}]},{"@type":"WebSite","@id":"https:\/\/femergs.com.br\/wfe\/#website","url":"https:\/\/femergs.com.br\/wfe\/","name":"FEMERGS","description":"FEDERA\u00c7\u00c3O DOS MUNICIP\u00c1RIOS DO ESTADO DO RIO GRANDE DO SUL","publisher":{"@id":"https:\/\/femergs.com.br\/wfe\/#organization"},"potentialAction":[{"@type":"SearchAction","target":{"@type":"EntryPoint","urlTemplate":"https:\/\/femergs.com.br\/wfe\/?s={search_term_string}"},"query-input":{"@type":"PropertyValueSpecification","valueRequired":true,"valueName":"search_term_string"}}],"inLanguage":"pt-BR"},{"@type":"Organization","@id":"https:\/\/femergs.com.br\/wfe\/#organization","name":"FEMERGS","url":"https:\/\/femergs.com.br\/wfe\/","logo":{"@type":"ImageObject","inLanguage":"pt-BR","@id":"https:\/\/femergs.com.br\/wfe\/#\/schema\/logo\/image\/","url":"https:\/\/femergs.com.br\/wfe\/wp-content\/uploads\/2025\/06\/logotipo.png","contentUrl":"https:\/\/femergs.com.br\/wfe\/wp-content\/uploads\/2025\/06\/logotipo.png","width":500,"height":500,"caption":"FEMERGS"},"image":{"@id":"https:\/\/femergs.com.br\/wfe\/#\/schema\/logo\/image\/"},"sameAs":["https:\/\/www.facebook.com\/profile.php?id=100057151733001","https:\/\/www.instagram.com\/femergs_rs\/"]},{"@type":"Person","@id":"https:\/\/femergs.com.br\/wfe\/#\/schema\/person\/f5558e6b5ffc044ee085016237dedb7f","name":"adminfemergs","image":{"@type":"ImageObject","inLanguage":"pt-BR","@id":"https:\/\/femergs.com.br\/wfe\/#\/schema\/person\/image\/","url":"https:\/\/secure.gravatar.com\/avatar\/398642fa557cdd524617ad9b31c938845f071aeb3448b9c0aeb29aefc495337b?s=96&d=mm&r=g","contentUrl":"https:\/\/secure.gravatar.com\/avatar\/398642fa557cdd524617ad9b31c938845f071aeb3448b9c0aeb29aefc495337b?s=96&d=mm&r=g","caption":"adminfemergs"},"sameAs":["https:\/\/femergs.com.br\/wfe"],"url":"https:\/\/femergs.com.br\/wfe\/blog\/author\/adminfemergs\/"}]}},"uagb_featured_image_src":{"full":false,"thumbnail":false,"medium":false,"medium_large":false,"large":false,"1536x1536":false,"2048x2048":false,"ultp_layout_landscape_large":false,"ultp_layout_landscape":false,"ultp_layout_portrait":false,"ultp_layout_square":false},"uagb_author_info":{"display_name":"adminfemergs","author_link":"https:\/\/femergs.com.br\/wfe\/blog\/author\/adminfemergs\/"},"uagb_comment_info":0,"uagb_excerpt":"A dire\u00e7\u00e3o da Federa\u00e7\u00e3o dos Municip\u00e1rios do Estado do Rio Grande do Sul (Femergs) \u2013 regional Vale do Rio Pardo \u2013 reuniu in\u00fameros representantes sindicais da regi\u00e3o no \u00faltimo dia 30, em Santa Cruz do Sul. O encontro teve como objetivo discutir, al\u00e9m de quest\u00f5es pertinentes \u00e0 realidade dos municip\u00e1rios, ass\u00e9dio moral e a documenta\u00e7\u00e3o&hellip;","_links":{"self":[{"href":"https:\/\/femergs.com.br\/wfe\/wp-json\/wp\/v2\/posts\/1058","targetHints":{"allow":["GET"]}}],"collection":[{"href":"https:\/\/femergs.com.br\/wfe\/wp-json\/wp\/v2\/posts"}],"about":[{"href":"https:\/\/femergs.com.br\/wfe\/wp-json\/wp\/v2\/types\/post"}],"author":[{"embeddable":true,"href":"https:\/\/femergs.com.br\/wfe\/wp-json\/wp\/v2\/users\/1"}],"replies":[{"embeddable":true,"href":"https:\/\/femergs.com.br\/wfe\/wp-json\/wp\/v2\/comments?post=1058"}],"version-history":[{"count":0,"href":"https:\/\/femergs.com.br\/wfe\/wp-json\/wp\/v2\/posts\/1058\/revisions"}],"wp:attachment":[{"href":"https:\/\/femergs.com.br\/wfe\/wp-json\/wp\/v2\/media?parent=1058"}],"wp:term":[{"taxonomy":"category","embeddable":true,"href":"https:\/\/femergs.com.br\/wfe\/wp-json\/wp\/v2\/categories?post=1058"},{"taxonomy":"post_tag","embeddable":true,"href":"https:\/\/femergs.com.br\/wfe\/wp-json\/wp\/v2\/tags?post=1058"}],"curies":[{"name":"wp","href":"https:\/\/api.w.org\/{rel}","templated":true}]}}