{"id":1060,"date":"2017-04-20T13:56:24","date_gmt":"2017-04-20T13:56:24","guid":{"rendered":"https:\/\/femergs.com.br\/wfe\/blog\/brasil-o-grande-ataque-aos-servicos-publicos\/"},"modified":"2017-04-20T13:56:24","modified_gmt":"2017-04-20T13:56:24","slug":"brasil-o-grande-ataque-aos-servicos-publicos","status":"publish","type":"post","link":"https:\/\/femergs.com.br\/wfe\/blog\/brasil-o-grande-ataque-aos-servicos-publicos\/","title":{"rendered":"BRASIL: O GRANDE ATAQUE AOS SERVI\u00c7OS P\u00daBLICOS"},"content":{"rendered":"<p>O artigo 3\u00ba da Constitui\u00e7\u00e3o Federal esclarece quais s\u00e3o os objetivos fundamentais da Rep\u00fablica Federativa do Brasil: construir uma sociedade livre, justa e solid\u00e1ria; garantir o desenvolvimento nacional; erradicar a pobreza e a marginaliza\u00e7\u00e3o e reduzir as desigualdades sociais e regionais; promover o bem de todos, sem preconceitos de origem, ra\u00e7a, sexo, cor, idade e quaisquer outras formas de discrimina\u00e7\u00e3o. Para isso, o artigo 6\u00ba elenca os direitos sociais: educa\u00e7\u00e3o, sa\u00fade, alimenta\u00e7\u00e3o, trabalho, moradia, transporte, lazer, seguran\u00e7a, previd\u00eancia social, prote\u00e7\u00e3o \u00e0 maternidade e \u00e0 inf\u00e2ncia e assist\u00eancia aos desamparados.<\/p>\n<p>Para assegurar especificamente os direitos \u00e0 Sa\u00fade, \u00e0 Previd\u00eancia social e \u00e0 Assist\u00eancia Social, foi definida a Seguridade Social. Segundo o artigo 194 da Constitui\u00e7\u00e3o, ela \u00e9 um sistema de prote\u00e7\u00e3o social que visa garantir que os cidad\u00e3os se sintam seguros e protegidos ao longo de sua exist\u00eancia, provendo-lhes a assist\u00eancia e recursos necess\u00e1rios para os momentos de infort\u00fanios.<\/p>\n<p>A Seguridade Social representa uma forma de organizar a sociedade com base no princ\u00edpio da fraternidade e na garantia constitucional dos direitos. Ela conta com or\u00e7amento pr\u00f3prio composto por uma diversidade de fontes de receitas (artigo195), provenientes do or\u00e7amento da Uni\u00e3o, dos Estados e Munic\u00edpios, e das contribui\u00e7\u00f5es sociais feitas pelas empresas e pelos trabalhadores. Entre estas fontes, destacam-se: Contribui\u00e7\u00e3o Previdenci\u00e1ria para o Regime Geral da Previd\u00eancia Social (RGPS); Contribui\u00e7\u00e3o Social sobre o Lucro L\u00edquido das Empresas (CSLL); Contribui\u00e7\u00e3o Social Para o Financiamento da Seguridade Social (Cofins); Contribui\u00e7\u00e3o para o PIS\/Pasep; Contribui\u00e7\u00f5es sociais sobre concurso de progn\u00f3sticos (exemplo: as loterias).<\/p>\n<p>Apesar dos alardes contr\u00e1rios, o Or\u00e7amento da Seguridade Social \u00e9 superavit\u00e1rio. Consequentemente, os or\u00e7amentos da Sa\u00fade, da Previd\u00eancia e da Assist\u00eancia tamb\u00e9m s\u00e3o. Em 2014, por exemplo, a Seguridade Social teve uma receita de R$ 686 bilh\u00f5es e uma despesa de R$ 632 bilh\u00f5es, tendo como resultado um super\u00e1vit de R$ 53 bilh\u00f5es.<\/p>\n<p><strong>Gr\u00e1fico 1: Or\u00e7amento da Seguridade Social<\/strong><\/p>\n<p><img decoding=\"async\" src=\"data:image\/gif;base64,R0lGODlhAQABAIAAAAAAAP\/\/\/ywAAAAAAQABAAACAUwAOw==\" fifu-lazy=\"1\" fifu-data-sizes=\"auto\" fifu-data-srcset=\"\/Im4g3nsN0t1cia\/geral\/images\/2-300x149.png?w=75&resize=75&ssl=1 75w, \/Im4g3nsN0t1cia\/geral\/images\/2-300x149.png?w=100&resize=100&ssl=1 100w, \/Im4g3nsN0t1cia\/geral\/images\/2-300x149.png?w=150&resize=150&ssl=1 150w, \/Im4g3nsN0t1cia\/geral\/images\/2-300x149.png?w=240&resize=240&ssl=1 240w, \/Im4g3nsN0t1cia\/geral\/images\/2-300x149.png?w=320&resize=320&ssl=1 320w, \/Im4g3nsN0t1cia\/geral\/images\/2-300x149.png?w=500&resize=500&ssl=1 500w, \/Im4g3nsN0t1cia\/geral\/images\/2-300x149.png?w=640&resize=640&ssl=1 640w, \/Im4g3nsN0t1cia\/geral\/images\/2-300x149.png?w=800&resize=800&ssl=1 800w, \/Im4g3nsN0t1cia\/geral\/images\/2-300x149.png?w=1024&resize=1024&ssl=1 1024w, \/Im4g3nsN0t1cia\/geral\/images\/2-300x149.png?w=1280&resize=1280&ssl=1 1280w, \/Im4g3nsN0t1cia\/geral\/images\/2-300x149.png?w=1600&resize=1600&ssl=1 1600w\" alt=\"\" fifu-data-src=\"\/Im4g3nsN0t1cia\/geral\/images\/2-300x149.png\" style=\"float:left; height:149px; width:300px\" \/><\/p>\n<p>Entretanto, esse super\u00e1vit n\u00e3o tem sido revertido para a pr\u00f3pria Seguridade Social. \u00c9 percept\u00edvel a necessidade de um maior investimento para seu adequado funcionamento e garantia do direito \u00e0 Sa\u00fade, \u00e0 Previd\u00eancia e \u00e0 Assist\u00eancia Social com qualidade para a popula\u00e7\u00e3o brasileira.<\/p>\n<p>Por exemplo: ainda \u00e9 muito baixo o valor per capita aplicado em Sa\u00fade no Brasil, sendo bastante inferior ao que \u00e9 aplicado por outros pa\u00edses com modelo de Sa\u00fade universal \u2014 o mesmo do Sistema \u00danico de Sa\u00fade (SUS) \u2013, como Canad\u00e1 e Inglaterra. Apesar das tentativas de garantir um melhor financiamento para a Sa\u00fade desde 2000, com a Emenda Constitucional 29, foi somente em 2012, com a Lei Complementar 141, que foram aprovados os valores m\u00ednimos a serem aplicados em a\u00e7\u00f5es e servi\u00e7os p\u00fablicos de Sa\u00fade por cada um dos entes federados (Uni\u00e3o, Estados e Munic\u00edpios). Apesar de ainda limitada, especialmente por parte da Uni\u00e3o, essa garantia de financiamento m\u00ednimo representava um avan\u00e7o. Avan\u00e7o esse que durou muito pouco.<\/p>\n<p>Em 2015, com a Emenda Constitucional 86, o financiamento da Sa\u00fade pela Uni\u00e3o foi novamente alterado, o que agravou e constitucionalizou seu quadro de subfinanciamento. A Uni\u00e3o, que em 2015 aplicou 14,8% da Receita Corrente L\u00edquida (RCL) em Sa\u00fade, tem em 2016 a obriga\u00e7\u00e3o de aplicar apenas 13,2% da RCL, uma perda de R$ 10 bilh\u00f5es que deveriam servir para salvar vidas, realiza\u00e7\u00e3o de exames, consultas, cirurgias, promover a sa\u00fade e prevenir doen\u00e7as transmiss\u00edveis, entre outros. \u00c9 ainda mais assustador que essa redu\u00e7\u00e3o de or\u00e7amento ocorra inicialmente em um ano em que o Brasil enfrenta uma grave situa\u00e7\u00e3o: a zika e seus efeitos, como a microcefalia.<\/p>\n<p>Mais absurdo ainda \u00e9 que os ataques \u00e0 Seguridade Social (Sa\u00fade, Previd\u00eancia Social, Assist\u00eancia Social) e aos demais direitos sociais n\u00e3o param. A bomba mais recente e extremamente agressiva \u00e9 a PEC 241\/16. Ela determina que as despesas prim\u00e1rias ter\u00e3o, a cada ano, um limite. Ele ser\u00e1 fixado tendo por base o valor limite referente ao exerc\u00edcio imediatamente anterior, corrigido pela varia\u00e7\u00e3o da infla\u00e7\u00e3o.<\/p>\n<p>As despesas prim\u00e1rias s\u00e3o aquelas realizadas com as pol\u00edticas p\u00fablicas que garantem os direitos. Se a PEC 241 for aprovada, seu or\u00e7amento oscilar\u00e1 apenas segundo a varia\u00e7\u00e3o inflacion\u00e1ria, desconsiderando o que deveria ser sua base: as necessidades da popula\u00e7\u00e3o brasileira. Tamb\u00e9m ser\u00e1 desconsiderado que as receitas arrecadadas pelo Estado (impostos e demais tributos) existem para atender o interesse p\u00fablico, as necessidades sociais \u2014 e n\u00e3o a uma meta fiscal estabelecida de forma aleat\u00f3ria e abusiva para pagar, aos rentistas, uma das maiores taxas de juros do mundo. Ser\u00e1 a infla\u00e7\u00e3o, e n\u00e3o mais as necessidades do povo brasileiro, o que determinar\u00e1 o valor a ser aplicado na Seguridade Social e nas demais pol\u00edticas p\u00fablicas. Isso representar\u00e1 uma altera\u00e7\u00e3o dos princ\u00edpios norteadores da Constitui\u00e7\u00e3o Federal Cidad\u00e3 de 1988, uma ruptura com os alicerces e objetivos constitucionais do Bem-Estar Social, uma completa e absurda invers\u00e3o de valores.<\/p>\n<p>Para piorar o cen\u00e1rio, a PEC 241\/16 prev\u00ea tamb\u00e9m que n\u00e3o haver\u00e1, por vinte anos, aumento real do que \u00e9 investido nos direitos sociais, nas pol\u00edticas p\u00fablicas e na Seguridade Social. Tomando a Sa\u00fade como exemplo: como a popula\u00e7\u00e3o brasileira crescer\u00e1 9% e dobrar\u00e1 sua popula\u00e7\u00e3o idosa em duas d\u00e9cadas, de acordo com as previs\u00f5es do IBGE, isso exigiria um aumento real do valor destinado para a Sa\u00fade; entretanto, isso n\u00e3o ocorrer\u00e1. Em valores reais, o mesmo montante de recursos aplicado em 2017 ser\u00e1 aplicado em 2037, havendo apenas uma corre\u00e7\u00e3o monet\u00e1ria. O resultado ser\u00e1 uma aplica\u00e7\u00e3o per capita cada vez menor no SUS, j\u00e1 que a demanda por servi\u00e7os aumentar\u00e1 e o financiamento n\u00e3o, o que implicar\u00e1 em piora da oferta e da qualidade dos direito \u00e0 Sa\u00fade para os brasileiros. Esse exemplo da Sa\u00fade \u00e9 real para todos os demais direitos: Educa\u00e7\u00e3o, Previd\u00eancia, Assist\u00eancia, Transporte, todos ser\u00e3o cada vez mais sucateados. Se a PEC 241\/16 estivesse em vigor desde 2003, por exemplo, a Sa\u00fade teria sofrido uma perda acumulada de R$ 318 bilh\u00f5es, conforme demonstra a tabela abaixo:<\/p>\n<p><strong>Tabela 1: Despesa com sa\u00fade EC-29 e PEC-241*<\/strong><\/p>\n<p><img decoding=\"async\" src=\"data:image\/gif;base64,R0lGODlhAQABAIAAAAAAAP\/\/\/ywAAAAAAQABAAACAUwAOw==\" fifu-lazy=\"1\" fifu-data-sizes=\"auto\" fifu-data-srcset=\"\/Im4g3nsN0t1cia\/geral\/images\/3-300x171.png?w=75&resize=75&ssl=1 75w, \/Im4g3nsN0t1cia\/geral\/images\/3-300x171.png?w=100&resize=100&ssl=1 100w, \/Im4g3nsN0t1cia\/geral\/images\/3-300x171.png?w=150&resize=150&ssl=1 150w, \/Im4g3nsN0t1cia\/geral\/images\/3-300x171.png?w=240&resize=240&ssl=1 240w, \/Im4g3nsN0t1cia\/geral\/images\/3-300x171.png?w=320&resize=320&ssl=1 320w, \/Im4g3nsN0t1cia\/geral\/images\/3-300x171.png?w=500&resize=500&ssl=1 500w, \/Im4g3nsN0t1cia\/geral\/images\/3-300x171.png?w=640&resize=640&ssl=1 640w, \/Im4g3nsN0t1cia\/geral\/images\/3-300x171.png?w=800&resize=800&ssl=1 800w, \/Im4g3nsN0t1cia\/geral\/images\/3-300x171.png?w=1024&resize=1024&ssl=1 1024w, \/Im4g3nsN0t1cia\/geral\/images\/3-300x171.png?w=1280&resize=1280&ssl=1 1280w, \/Im4g3nsN0t1cia\/geral\/images\/3-300x171.png?w=1600&resize=1600&ssl=1 1600w\" alt=\"\" fifu-data-src=\"\/Im4g3nsN0t1cia\/geral\/images\/3-300x171.png\" style=\"float:left; height:171px; width:300px\" \/><\/p>\n<p>\nAvaliando a porcentagem do PIB aplicada em Sa\u00fade entre o que foi e o que seria caso a PEC 241\/16 estivesse em vigor desde 2003, \u00e9 poss\u00edvel constatar a imensa perda de investimentos. Em 2015, por exemplo, ao inv\u00e9s de 1,69%, apenas 0,94% do PIB teria sido investido em Sa\u00fade. Se no momento j\u00e1 vivemos um quadro de subfinaciamento do SUS, a situa\u00e7\u00e3o seria bem pior caso a PEC 241 j\u00e1 estivesse em vigor, com o SUS completamente inviabilizado por absoluta falta de recursos.<\/p>\n<p><strong>Gr\u00e1fico 2: Despesa empenhada em A\u00e7\u00f5es e Servi\u00e7os P\u00fablicos de Sa\u00fade (ASPS) como % do PIB<\/strong><\/p>\n<p><img decoding=\"async\" src=\"data:image\/gif;base64,R0lGODlhAQABAIAAAAAAAP\/\/\/ywAAAAAAQABAAACAUwAOw==\" fifu-lazy=\"1\" fifu-data-sizes=\"auto\" fifu-data-srcset=\"\/Im4g3nsN0t1cia\/geral\/images\/4-300x177.gif?w=75&resize=75&ssl=1 75w, \/Im4g3nsN0t1cia\/geral\/images\/4-300x177.gif?w=100&resize=100&ssl=1 100w, \/Im4g3nsN0t1cia\/geral\/images\/4-300x177.gif?w=150&resize=150&ssl=1 150w, \/Im4g3nsN0t1cia\/geral\/images\/4-300x177.gif?w=240&resize=240&ssl=1 240w, \/Im4g3nsN0t1cia\/geral\/images\/4-300x177.gif?w=320&resize=320&ssl=1 320w, \/Im4g3nsN0t1cia\/geral\/images\/4-300x177.gif?w=500&resize=500&ssl=1 500w, \/Im4g3nsN0t1cia\/geral\/images\/4-300x177.gif?w=640&resize=640&ssl=1 640w, \/Im4g3nsN0t1cia\/geral\/images\/4-300x177.gif?w=800&resize=800&ssl=1 800w, \/Im4g3nsN0t1cia\/geral\/images\/4-300x177.gif?w=1024&resize=1024&ssl=1 1024w, \/Im4g3nsN0t1cia\/geral\/images\/4-300x177.gif?w=1280&resize=1280&ssl=1 1280w, \/Im4g3nsN0t1cia\/geral\/images\/4-300x177.gif?w=1600&resize=1600&ssl=1 1600w\" alt=\"\" fifu-data-src=\"\/Im4g3nsN0t1cia\/geral\/images\/4-300x177.gif\" style=\"float:left; height:177px; width:300px\" \/><\/p>\n<p>\nFonte: Grupo T\u00e9cnico Interinstitucional de Discuss\u00e3o do Financiamento do SUS<br \/>\n*Valores a pre\u00e7o de Mar\u00e7o de 2015 em R$ mil<\/p>\n<p>Caso a PEC 241\/16 fosse aprovada ainda esse ano, j\u00e1 ver\u00edamos uma perda imensa do financiamento do SUS nos pr\u00f3ximos dois anos. Em 2017, a previs\u00e3o \u00e9 de que R$ 4 bilh\u00f5es deixar\u00e3o de ser aplicados em Sa\u00fade. Em 2018, ser\u00e3o R$ 8 bilh\u00f5es a menos.<\/p>\n<p><strong>Tabela 2: Perda de receita com a PEC 241\/16 em 2017 e 2018<\/strong><\/p>\n<p><img decoding=\"async\" src=\"data:image\/gif;base64,R0lGODlhAQABAIAAAAAAAP\/\/\/ywAAAAAAQABAAACAUwAOw==\" fifu-lazy=\"1\" fifu-data-sizes=\"auto\" fifu-data-srcset=\"\/Im4g3nsN0t1cia\/geral\/images\/5-300x197.png?w=75&resize=75&ssl=1 75w, \/Im4g3nsN0t1cia\/geral\/images\/5-300x197.png?w=100&resize=100&ssl=1 100w, \/Im4g3nsN0t1cia\/geral\/images\/5-300x197.png?w=150&resize=150&ssl=1 150w, \/Im4g3nsN0t1cia\/geral\/images\/5-300x197.png?w=240&resize=240&ssl=1 240w, \/Im4g3nsN0t1cia\/geral\/images\/5-300x197.png?w=320&resize=320&ssl=1 320w, \/Im4g3nsN0t1cia\/geral\/images\/5-300x197.png?w=500&resize=500&ssl=1 500w, \/Im4g3nsN0t1cia\/geral\/images\/5-300x197.png?w=640&resize=640&ssl=1 640w, \/Im4g3nsN0t1cia\/geral\/images\/5-300x197.png?w=800&resize=800&ssl=1 800w, \/Im4g3nsN0t1cia\/geral\/images\/5-300x197.png?w=1024&resize=1024&ssl=1 1024w, \/Im4g3nsN0t1cia\/geral\/images\/5-300x197.png?w=1280&resize=1280&ssl=1 1280w, \/Im4g3nsN0t1cia\/geral\/images\/5-300x197.png?w=1600&resize=1600&ssl=1 1600w\" alt=\"\" fifu-data-src=\"\/Im4g3nsN0t1cia\/geral\/images\/5-300x197.png\" style=\"height:197px; width:300px\" \/><br \/>\n<a href=\"https:\/\/www.theguardian.com\/business\/2016\/may\/27\/austerity-policies-do-more-harm-than-good-imf-study-concludes\">https:\/\/www.theguardian.com\/business\/2016\/may\/27\/austerity-policies-do-more-harm-than-good-imf-study-concludes<\/a><br \/>\nFonte: Grupo T\u00e9cnico Interinstitucional de Discuss\u00e3o do Financiamento do SUS<br \/>\n*Valores a pre\u00e7o de Mar\u00e7o de 2015 em R$ milEnquanto as demandas sociais aumentam, com o crescimento e envelhecimento populacional, e com novas tecnologias de Sa\u00fade cada vez mais caras, a proposta de um novo modelo fiscal que reduz investimentos no setor produzir\u00e1, se n\u00e3o barrada, o sucateamento definitivo do SUS. \u00c9 importante destacar que o SUS \u00e9 utilizado por todo o povo brasileiro, inclusive por aqueles que t\u00eam planos de sa\u00fade ou pagam atendimentos particulares. Isso ocorre porque o SUS \u00e9 muito mais do que consultas e procedimentos. \u00c9 tamb\u00e9m a Farm\u00e1cia Popular, \u00e9 o transplante realizado, \u00e9 a vigil\u00e2ncia sanit\u00e1ria, epidemiol\u00f3gica e em sa\u00fade, os tratamentos oncol\u00f3gicos, os medicamentos de alto custo em sua maioria judicializados pela classe financeira m\u00e9dia e alta, entre outros. Apesar de afetar de forma mais intensa os grupos mais vulner\u00e1veis, toda a popula\u00e7\u00e3o brasileira sofrer\u00e1 com a fal\u00eancia do sistema. O mesmo vale para as demais pol\u00edticas p\u00fablicas, como as de Assist\u00eancia e Previd\u00eancia Social que comp\u00f5em a Seguridade Social, e tamb\u00e9m as demais, como Educa\u00e7\u00e3o, Transporte, Seguran\u00e7a Alimentar. A PEC 241\/16 representa a destrui\u00e7\u00e3o do Estado de Bem Estar Social previsto na Constitui\u00e7\u00e3o brasileira, ainda em constru\u00e7\u00e3o e n\u00e3o plenamente alcan\u00e7ado, mas sempre t\u00e3o minado e agora sofrendo uma tentativa de devasta\u00e7\u00e3o completa.<\/p>\n<p>Antes grande propagador da austeridade, o Fundo Monet\u00e1rio Internacional (FMI) divulgou recentemente um estudo em que se retrata por suas equivocadas orienta\u00e7\u00f5es neoliberais. O trabalho constatou que, al\u00e9m de serem economicamente ineficientes para resgatar a economia em tempos de crises (1), as medidas de austeridade apenas aprofundam as desigualdades econ\u00f4micas e sociais j\u00e1 existentes, especialmente entre os grupos j\u00e1 em situa\u00e7\u00e3o de vulnerabilidade.<\/p>\n<p>Nesse contexto de ajuste fiscal, a Comiss\u00e3o Interamericana de Direitos Humanos j\u00e1 se manifestou chamando \u00e0s autoridades brasileiras, para que \u201cobservem os princ\u00edpios de progressividade e n\u00e3o regress\u00e3o na \u00e1rea dos direitos econ\u00f4micos, sociais e culturais\u201d al\u00e9m de manter seus compromissos assumidos nos espa\u00e7os de direitos humanos regionais e universais. Alertaram ainda que as medidas de austeridade anunciadas \u201ciriam constituir uma regress\u00e3o n\u00e3o autorizada do Protocolo de S\u00e3o Salvador\u201d (2).<\/p>\n<p>Qualquer tentativa de redu\u00e7\u00e3o do financiamento da Seguridade Social e dos direitos sociais representa um atentado contra a Constitui\u00e7\u00e3o, Carta Magna de um pa\u00eds. N\u00e3o pode, e n\u00e3o ser\u00e1, tolerado.<\/p>\n<ol>\n<li><a href=\"https:\/\/www.theguardian.com\/business\/2016\/may\/27\/austerity-policies-do-more-harm-than-good-imf-study-concludes\">Austerity policies do more harm than good, IMF study concludes<\/a><a href=\"https:\/\/www.theguardian.com\/business\/2016\/may\/27\/austerity-policies-do-more-harm-than-good-imf-study-concludes\">??<\/a><\/li>\n<\/ol>\n","protected":false},"excerpt":{"rendered":"<p>Tramitando sem debate algum entre a sociedade, escondida pela velha m\u00eddia do p\u00fablico, a PEC 241 amea\u00e7a devastar SUS, universidades p\u00fablicas, Previd\u00eancia e muito mais. Veja por qu\u00ea<\/p>\n","protected":false},"author":1,"featured_media":0,"comment_status":"closed","ping_status":"closed","sticky":false,"template":"","format":"standard","meta":{"_eb_attr":"","_uag_custom_page_level_css":"","fifu_image_url":"","fifu_image_alt":"","footnotes":""},"categories":[1],"tags":[32],"class_list":["post-1060","post","type-post","status-publish","format-standard","hentry","category-arquivadas","tag-null"],"yoast_head":"<!-- This site is optimized with the Yoast SEO plugin v27.1.1 - https:\/\/yoast.com\/product\/yoast-seo-wordpress\/ -->\n<title>BRASIL: O GRANDE ATAQUE AOS SERVI\u00c7OS P\u00daBLICOS - Federa\u00e7\u00e3o dos Municip\u00e1rios do Estado do Rio Grande do Sul<\/title>\n<meta name=\"robots\" content=\"index, follow, max-snippet:-1, max-image-preview:large, max-video-preview:-1\" \/>\n<link rel=\"canonical\" href=\"https:\/\/femergs.com.br\/wfe\/blog\/brasil-o-grande-ataque-aos-servicos-publicos\/\" \/>\n<meta property=\"og:locale\" content=\"pt_BR\" \/>\n<meta property=\"og:type\" content=\"article\" \/>\n<meta property=\"og:title\" content=\"BRASIL: O GRANDE ATAQUE AOS SERVI\u00c7OS P\u00daBLICOS - Federa\u00e7\u00e3o dos Municip\u00e1rios do Estado do Rio Grande do Sul\" \/>\n<meta property=\"og:description\" content=\"Tramitando sem debate algum entre a sociedade, escondida pela velha m\u00eddia do p\u00fablico, a PEC 241 amea\u00e7a devastar SUS, universidades p\u00fablicas, Previd\u00eancia e muito mais. Veja por qu\u00ea\" \/>\n<meta property=\"og:url\" content=\"https:\/\/femergs.com.br\/wfe\/blog\/brasil-o-grande-ataque-aos-servicos-publicos\/\" \/>\n<meta property=\"og:site_name\" content=\"Federa\u00e7\u00e3o dos Municip\u00e1rios do Estado do Rio Grande do Sul\" \/>\n<meta property=\"article:publisher\" content=\"https:\/\/www.facebook.com\/profile.php?id=100057151733001\" \/>\n<meta property=\"article:published_time\" content=\"2017-04-20T13:56:24+00:00\" \/>\n<meta name=\"author\" content=\"adminfemergs\" \/>\n<meta name=\"twitter:card\" content=\"summary_large_image\" \/>\n<meta name=\"twitter:label1\" content=\"Escrito por\" \/>\n\t<meta name=\"twitter:data1\" content=\"adminfemergs\" \/>\n\t<meta name=\"twitter:label2\" content=\"Est. tempo de leitura\" \/>\n\t<meta name=\"twitter:data2\" content=\"8 minutos\" \/>\n<script type=\"application\/ld+json\" class=\"yoast-schema-graph\">{\"@context\":\"https:\/\/schema.org\",\"@graph\":[{\"@type\":\"Article\",\"@id\":\"https:\/\/femergs.com.br\/wfe\/blog\/brasil-o-grande-ataque-aos-servicos-publicos\/#article\",\"isPartOf\":{\"@id\":\"https:\/\/femergs.com.br\/wfe\/blog\/brasil-o-grande-ataque-aos-servicos-publicos\/\"},\"author\":{\"name\":\"adminfemergs\",\"@id\":\"https:\/\/femergs.com.br\/wfe\/#\/schema\/person\/f5558e6b5ffc044ee085016237dedb7f\"},\"headline\":\"BRASIL: O GRANDE ATAQUE AOS SERVI\u00c7OS P\u00daBLICOS\",\"datePublished\":\"2017-04-20T13:56:24+00:00\",\"mainEntityOfPage\":{\"@id\":\"https:\/\/femergs.com.br\/wfe\/blog\/brasil-o-grande-ataque-aos-servicos-publicos\/\"},\"wordCount\":1704,\"publisher\":{\"@id\":\"https:\/\/femergs.com.br\/wfe\/#organization\"},\"keywords\":[\"NULL\"],\"articleSection\":[\"ARQUIVADAS\"],\"inLanguage\":\"pt-BR\"},{\"@type\":\"WebPage\",\"@id\":\"https:\/\/femergs.com.br\/wfe\/blog\/brasil-o-grande-ataque-aos-servicos-publicos\/\",\"url\":\"https:\/\/femergs.com.br\/wfe\/blog\/brasil-o-grande-ataque-aos-servicos-publicos\/\",\"name\":\"BRASIL: O GRANDE ATAQUE AOS SERVI\u00c7OS P\u00daBLICOS - Federa\u00e7\u00e3o dos Municip\u00e1rios do Estado do Rio Grande do Sul\",\"isPartOf\":{\"@id\":\"https:\/\/femergs.com.br\/wfe\/#website\"},\"datePublished\":\"2017-04-20T13:56:24+00:00\",\"breadcrumb\":{\"@id\":\"https:\/\/femergs.com.br\/wfe\/blog\/brasil-o-grande-ataque-aos-servicos-publicos\/#breadcrumb\"},\"inLanguage\":\"pt-BR\",\"potentialAction\":[{\"@type\":\"ReadAction\",\"target\":[\"https:\/\/femergs.com.br\/wfe\/blog\/brasil-o-grande-ataque-aos-servicos-publicos\/\"]}]},{\"@type\":\"BreadcrumbList\",\"@id\":\"https:\/\/femergs.com.br\/wfe\/blog\/brasil-o-grande-ataque-aos-servicos-publicos\/#breadcrumb\",\"itemListElement\":[{\"@type\":\"ListItem\",\"position\":1,\"name\":\"In\u00edcio\",\"item\":\"https:\/\/femergs.com.br\/wfe\/\"},{\"@type\":\"ListItem\",\"position\":2,\"name\":\"BRASIL: O GRANDE ATAQUE AOS SERVI\u00c7OS P\u00daBLICOS\"}]},{\"@type\":\"WebSite\",\"@id\":\"https:\/\/femergs.com.br\/wfe\/#website\",\"url\":\"https:\/\/femergs.com.br\/wfe\/\",\"name\":\"FEMERGS\",\"description\":\"FEDERA\u00c7\u00c3O DOS MUNICIP\u00c1RIOS DO ESTADO DO RIO GRANDE DO SUL\",\"publisher\":{\"@id\":\"https:\/\/femergs.com.br\/wfe\/#organization\"},\"potentialAction\":[{\"@type\":\"SearchAction\",\"target\":{\"@type\":\"EntryPoint\",\"urlTemplate\":\"https:\/\/femergs.com.br\/wfe\/?s={search_term_string}\"},\"query-input\":{\"@type\":\"PropertyValueSpecification\",\"valueRequired\":true,\"valueName\":\"search_term_string\"}}],\"inLanguage\":\"pt-BR\"},{\"@type\":\"Organization\",\"@id\":\"https:\/\/femergs.com.br\/wfe\/#organization\",\"name\":\"FEMERGS\",\"url\":\"https:\/\/femergs.com.br\/wfe\/\",\"logo\":{\"@type\":\"ImageObject\",\"inLanguage\":\"pt-BR\",\"@id\":\"https:\/\/femergs.com.br\/wfe\/#\/schema\/logo\/image\/\",\"url\":\"https:\/\/femergs.com.br\/wfe\/wp-content\/uploads\/2025\/06\/logotipo.png\",\"contentUrl\":\"https:\/\/femergs.com.br\/wfe\/wp-content\/uploads\/2025\/06\/logotipo.png\",\"width\":500,\"height\":500,\"caption\":\"FEMERGS\"},\"image\":{\"@id\":\"https:\/\/femergs.com.br\/wfe\/#\/schema\/logo\/image\/\"},\"sameAs\":[\"https:\/\/www.facebook.com\/profile.php?id=100057151733001\",\"https:\/\/www.instagram.com\/femergs_rs\/\"]},{\"@type\":\"Person\",\"@id\":\"https:\/\/femergs.com.br\/wfe\/#\/schema\/person\/f5558e6b5ffc044ee085016237dedb7f\",\"name\":\"adminfemergs\",\"image\":{\"@type\":\"ImageObject\",\"inLanguage\":\"pt-BR\",\"@id\":\"https:\/\/femergs.com.br\/wfe\/#\/schema\/person\/image\/\",\"url\":\"https:\/\/secure.gravatar.com\/avatar\/398642fa557cdd524617ad9b31c938845f071aeb3448b9c0aeb29aefc495337b?s=96&d=mm&r=g\",\"contentUrl\":\"https:\/\/secure.gravatar.com\/avatar\/398642fa557cdd524617ad9b31c938845f071aeb3448b9c0aeb29aefc495337b?s=96&d=mm&r=g\",\"caption\":\"adminfemergs\"},\"sameAs\":[\"https:\/\/femergs.com.br\/wfe\"],\"url\":\"https:\/\/femergs.com.br\/wfe\/blog\/author\/adminfemergs\/\"}]}<\/script>\n<!-- \/ Yoast SEO plugin. -->","yoast_head_json":{"title":"BRASIL: O GRANDE ATAQUE AOS SERVI\u00c7OS P\u00daBLICOS - Federa\u00e7\u00e3o dos Municip\u00e1rios do Estado do Rio Grande do Sul","robots":{"index":"index","follow":"follow","max-snippet":"max-snippet:-1","max-image-preview":"max-image-preview:large","max-video-preview":"max-video-preview:-1"},"canonical":"https:\/\/femergs.com.br\/wfe\/blog\/brasil-o-grande-ataque-aos-servicos-publicos\/","og_locale":"pt_BR","og_type":"article","og_title":"BRASIL: O GRANDE ATAQUE AOS SERVI\u00c7OS P\u00daBLICOS - Federa\u00e7\u00e3o dos Municip\u00e1rios do Estado do Rio Grande do Sul","og_description":"Tramitando sem debate algum entre a sociedade, escondida pela velha m\u00eddia do p\u00fablico, a PEC 241 amea\u00e7a devastar SUS, universidades p\u00fablicas, Previd\u00eancia e muito mais. Veja por qu\u00ea","og_url":"https:\/\/femergs.com.br\/wfe\/blog\/brasil-o-grande-ataque-aos-servicos-publicos\/","og_site_name":"Federa\u00e7\u00e3o dos Municip\u00e1rios do Estado do Rio Grande do Sul","article_publisher":"https:\/\/www.facebook.com\/profile.php?id=100057151733001","article_published_time":"2017-04-20T13:56:24+00:00","author":"adminfemergs","twitter_card":"summary_large_image","twitter_misc":{"Escrito por":"adminfemergs","Est. tempo de leitura":"8 minutos"},"schema":{"@context":"https:\/\/schema.org","@graph":[{"@type":"Article","@id":"https:\/\/femergs.com.br\/wfe\/blog\/brasil-o-grande-ataque-aos-servicos-publicos\/#article","isPartOf":{"@id":"https:\/\/femergs.com.br\/wfe\/blog\/brasil-o-grande-ataque-aos-servicos-publicos\/"},"author":{"name":"adminfemergs","@id":"https:\/\/femergs.com.br\/wfe\/#\/schema\/person\/f5558e6b5ffc044ee085016237dedb7f"},"headline":"BRASIL: O GRANDE ATAQUE AOS SERVI\u00c7OS P\u00daBLICOS","datePublished":"2017-04-20T13:56:24+00:00","mainEntityOfPage":{"@id":"https:\/\/femergs.com.br\/wfe\/blog\/brasil-o-grande-ataque-aos-servicos-publicos\/"},"wordCount":1704,"publisher":{"@id":"https:\/\/femergs.com.br\/wfe\/#organization"},"keywords":["NULL"],"articleSection":["ARQUIVADAS"],"inLanguage":"pt-BR"},{"@type":"WebPage","@id":"https:\/\/femergs.com.br\/wfe\/blog\/brasil-o-grande-ataque-aos-servicos-publicos\/","url":"https:\/\/femergs.com.br\/wfe\/blog\/brasil-o-grande-ataque-aos-servicos-publicos\/","name":"BRASIL: O GRANDE ATAQUE AOS SERVI\u00c7OS P\u00daBLICOS - Federa\u00e7\u00e3o dos Municip\u00e1rios do Estado do Rio Grande do Sul","isPartOf":{"@id":"https:\/\/femergs.com.br\/wfe\/#website"},"datePublished":"2017-04-20T13:56:24+00:00","breadcrumb":{"@id":"https:\/\/femergs.com.br\/wfe\/blog\/brasil-o-grande-ataque-aos-servicos-publicos\/#breadcrumb"},"inLanguage":"pt-BR","potentialAction":[{"@type":"ReadAction","target":["https:\/\/femergs.com.br\/wfe\/blog\/brasil-o-grande-ataque-aos-servicos-publicos\/"]}]},{"@type":"BreadcrumbList","@id":"https:\/\/femergs.com.br\/wfe\/blog\/brasil-o-grande-ataque-aos-servicos-publicos\/#breadcrumb","itemListElement":[{"@type":"ListItem","position":1,"name":"In\u00edcio","item":"https:\/\/femergs.com.br\/wfe\/"},{"@type":"ListItem","position":2,"name":"BRASIL: O GRANDE ATAQUE AOS SERVI\u00c7OS P\u00daBLICOS"}]},{"@type":"WebSite","@id":"https:\/\/femergs.com.br\/wfe\/#website","url":"https:\/\/femergs.com.br\/wfe\/","name":"FEMERGS","description":"FEDERA\u00c7\u00c3O DOS MUNICIP\u00c1RIOS DO ESTADO DO RIO GRANDE DO SUL","publisher":{"@id":"https:\/\/femergs.com.br\/wfe\/#organization"},"potentialAction":[{"@type":"SearchAction","target":{"@type":"EntryPoint","urlTemplate":"https:\/\/femergs.com.br\/wfe\/?s={search_term_string}"},"query-input":{"@type":"PropertyValueSpecification","valueRequired":true,"valueName":"search_term_string"}}],"inLanguage":"pt-BR"},{"@type":"Organization","@id":"https:\/\/femergs.com.br\/wfe\/#organization","name":"FEMERGS","url":"https:\/\/femergs.com.br\/wfe\/","logo":{"@type":"ImageObject","inLanguage":"pt-BR","@id":"https:\/\/femergs.com.br\/wfe\/#\/schema\/logo\/image\/","url":"https:\/\/femergs.com.br\/wfe\/wp-content\/uploads\/2025\/06\/logotipo.png","contentUrl":"https:\/\/femergs.com.br\/wfe\/wp-content\/uploads\/2025\/06\/logotipo.png","width":500,"height":500,"caption":"FEMERGS"},"image":{"@id":"https:\/\/femergs.com.br\/wfe\/#\/schema\/logo\/image\/"},"sameAs":["https:\/\/www.facebook.com\/profile.php?id=100057151733001","https:\/\/www.instagram.com\/femergs_rs\/"]},{"@type":"Person","@id":"https:\/\/femergs.com.br\/wfe\/#\/schema\/person\/f5558e6b5ffc044ee085016237dedb7f","name":"adminfemergs","image":{"@type":"ImageObject","inLanguage":"pt-BR","@id":"https:\/\/femergs.com.br\/wfe\/#\/schema\/person\/image\/","url":"https:\/\/secure.gravatar.com\/avatar\/398642fa557cdd524617ad9b31c938845f071aeb3448b9c0aeb29aefc495337b?s=96&d=mm&r=g","contentUrl":"https:\/\/secure.gravatar.com\/avatar\/398642fa557cdd524617ad9b31c938845f071aeb3448b9c0aeb29aefc495337b?s=96&d=mm&r=g","caption":"adminfemergs"},"sameAs":["https:\/\/femergs.com.br\/wfe"],"url":"https:\/\/femergs.com.br\/wfe\/blog\/author\/adminfemergs\/"}]}},"uagb_featured_image_src":{"full":false,"thumbnail":false,"medium":false,"medium_large":false,"large":false,"1536x1536":false,"2048x2048":false,"ultp_layout_landscape_large":false,"ultp_layout_landscape":false,"ultp_layout_portrait":false,"ultp_layout_square":false},"uagb_author_info":{"display_name":"adminfemergs","author_link":"https:\/\/femergs.com.br\/wfe\/blog\/author\/adminfemergs\/"},"uagb_comment_info":0,"uagb_excerpt":"Tramitando sem debate algum entre a sociedade, escondida pela velha m\u00eddia do p\u00fablico, a PEC 241 amea\u00e7a devastar SUS, universidades p\u00fablicas, Previd\u00eancia e muito mais. Veja por qu\u00ea","_links":{"self":[{"href":"https:\/\/femergs.com.br\/wfe\/wp-json\/wp\/v2\/posts\/1060","targetHints":{"allow":["GET"]}}],"collection":[{"href":"https:\/\/femergs.com.br\/wfe\/wp-json\/wp\/v2\/posts"}],"about":[{"href":"https:\/\/femergs.com.br\/wfe\/wp-json\/wp\/v2\/types\/post"}],"author":[{"embeddable":true,"href":"https:\/\/femergs.com.br\/wfe\/wp-json\/wp\/v2\/users\/1"}],"replies":[{"embeddable":true,"href":"https:\/\/femergs.com.br\/wfe\/wp-json\/wp\/v2\/comments?post=1060"}],"version-history":[{"count":0,"href":"https:\/\/femergs.com.br\/wfe\/wp-json\/wp\/v2\/posts\/1060\/revisions"}],"wp:attachment":[{"href":"https:\/\/femergs.com.br\/wfe\/wp-json\/wp\/v2\/media?parent=1060"}],"wp:term":[{"taxonomy":"category","embeddable":true,"href":"https:\/\/femergs.com.br\/wfe\/wp-json\/wp\/v2\/categories?post=1060"},{"taxonomy":"post_tag","embeddable":true,"href":"https:\/\/femergs.com.br\/wfe\/wp-json\/wp\/v2\/tags?post=1060"}],"curies":[{"name":"wp","href":"https:\/\/api.w.org\/{rel}","templated":true}]}}