{"id":1064,"date":"2017-05-02T14:53:50","date_gmt":"2017-05-02T14:53:50","guid":{"rendered":"https:\/\/femergs.com.br\/wfe\/blog\/mobilizacoes-e-greve-paralisam-o-estado\/"},"modified":"2017-05-02T14:53:50","modified_gmt":"2017-05-02T14:53:50","slug":"mobilizacoes-e-greve-paralisam-o-estado","status":"publish","type":"post","link":"https:\/\/femergs.com.br\/wfe\/blog\/mobilizacoes-e-greve-paralisam-o-estado\/","title":{"rendered":"MOBILIZA\u00c7\u00d5ES  E GREVE PARALISAM O ESTADO"},"content":{"rendered":"<p>A FAM\u00cdLIA FEMERGS esteve construindo e participando ativamente da organiza\u00e7\u00e3o da Classe Trabalhadora, no dia 28 de abril de 2017 &#8211; da Greve Geral, cumprindo com a decis\u00e3o da Plen\u00e1ria Estatut\u00e1ria realizada em Frederico Westphalen que colocou no Plano de Lutas esta demanda \u2013 \u201cNENHUM DIREITO A MENOS\u201d.<br \/>\nOs Meios de Comunica\u00e7\u00e3o, tentam passar o ide\u00e1rio do estado m\u00ednimo, a partir de um suposto \u201cAjuste Fiscal\u201d &#8211; capitaneado pelo governo Ileg\u00edtimo do Temer, numa afronta ao texto constitucional, em especial ao artigo 6\u00ba que trata dos direitos sociais. Neste momento precisamos acima de vis\u00f5es partid\u00e1rias trabalhar a unidade da Classe Trabalhadora, para conseguirmos barrar as maldades que est\u00e3o em curso contra os direitos dos trabalhadores. Problema para conseguirmos construir a unidade \u00e9 o (\u00f3dio classista) que se propagou contra o \u201cComunismo\u201d no passado, contra os \u201cSem Terra\u201d, contra o \u201cPartidos\u201d e agora contra os \u201cSindicatos\u201d onde se coloca para a sociedade por interm\u00e9dio dos meios de comunica\u00e7\u00e3o, os interesses dos Capitalistas. Precisamos parar para refletir, diante da exalta\u00e7\u00e3o dos \u00e2nimos, precisamos trazer a baila o contexto da \u00faltima Constituinte que resultou na Constitui\u00e7\u00e3o Federal de 1988, aonde tivemos uma vit\u00f3ria significativa da Classe Trabalhadora, e conseguimos incluir os direitos sociais na Carta Magna.<br \/>\nEsta disputa continua. Os ricos pensam apenas em um pa\u00eds rico na \u00f3tica deles dos abastados. Mas o que foi vitorioso na CF de 1988, foi a vis\u00e3o de constru\u00e7\u00e3o de um pa\u00eds rico e justo, que visa incluir todos(as) para viv\u00eancia efetiva da cidadania com observ\u00e2ncia dos direitos sociais. Portanto os caminhos que escolhemos para este prop\u00f3sito s\u00e3o diferentes. Os ricos \u2013 capitaneados pelo TEMER \u2013 Estado M\u00ednimo \u2013 Ajuste Fiscal \u2013 que perderam a disputa na elabora\u00e7\u00e3o da CF, n\u00e3o conseguiram registrar a sua vontade, da democracia liberal (que guarda tra\u00e7os de sua origem burguesa) dentro do modo de produ\u00e7\u00e3o capitalista ou neoliberal. O neoliberalismo coloca o bem privado acima do bem comum. Outros lutam pela inclus\u00e3o, tamb\u00e9m querem que as riquezas naturais como o pr\u00e9-sal, estejam a disposi\u00e7\u00e3o para melhorar a vida de todos(as). Este \u00faltimo \u00e9 o caminho da democracia republicana, que coloca o bem geral acima do bem particular. Diferen\u00e7a palp\u00e1vel \u00e9 que enquanto os que tem a vis\u00e3o do estado m\u00ednimo \u2013 visam rasgar os direitos sociais, os outros, visam possibilitar a realiza\u00e7\u00e3o de pol\u00edticas sociais que atendem os mais vulner\u00e1veis diminuindo assim a desigualdade social.<br \/>\nDiante desta luta, estaremos falando na concretiza\u00e7\u00e3o de mais justi\u00e7a social, mais participa\u00e7\u00e3o nos bens dispon\u00edveis frutos da constru\u00e7\u00e3o de um pa\u00eds mais rico a partir do trabalho e da viv\u00eancia democr\u00e1tica. O que estamos afirmando, \u00e9 a necessidade do respeito a CF 88, que coloca no seu bojo, atribui\u00e7\u00e3o do Estado em ser o indutor do desenvolvimento com inclus\u00e3o na participa\u00e7\u00e3o dos resultados.<br \/>\nDentro deste contexto aconteceu a Greve Geral. N\u00e3o podemos concordar com a PEC\/241 na C\u00e2mara Federa \u2013 PEC 55 no Senado, e hoje j\u00e1 com a EC 95 que congelou os recursos das \u00e1reas sociais durante 20 anos, que rasgou a CF 88 no seu artigo 6\u00ba.<br \/>\nN\u00e3o podemos concordar com o PL 4302 que abre a possibilidade de terceiriza\u00e7\u00e3o em todos os n\u00edveis. Em pouco tempo os concursos p\u00fablicos deixar\u00e3o de existir, pois vai ser mais barato contratar empresas terceirizadas, o que estar\u00e1 trazendo problemas s\u00e9rios para os RPPS \u2013 Regimes Pr\u00f3prios de Previd\u00eancia.<br \/>\nN\u00e3o podemos concordar com a Reforma Trabalhista, que rasga a CLT \u2013 Consolida\u00e7\u00e3o das leis Trabalhistas \u2013 de 1943, mas que teve sua adequa\u00e7\u00e3o feita durante o transcorrer da hist\u00f3ria, por\u00e9m como Classe Trabalhadora nunca deixamos mexer no cerne \u2013 que \u00e9 o legislado sendo o m\u00ednimo que um patr\u00e3o tivesse que cumprir. Agora est\u00e3o colocando que o negociado, vai estar acima do legislado, ou seja, na hora da crise com certeza os patr\u00f5es v\u00e3o estar tirando os direitos hist\u00f3ricos previstos na CLT, e a Justi\u00e7a do Trabalho n\u00e3o poder\u00e1 mais invocar a CLT para recompor os direitos. Na mesma proposta, est\u00e3o querendo acabar com os sindicatos, com a Justi\u00e7a do Trabalho.<br \/>\nAqui no Estado do Rio Grande do Sul, as iniciativas do Governo Sartori est\u00e3o alinhadas com o governo Temer, estado m\u00ednimo \u2013 privatiza\u00e7\u00f5es \u2013 fim dos sindicatos.<br \/>\nA PEC 287 \u2013 que \u00e9 Proposta a Emenda na Constitui\u00e7\u00e3o que visa reformar a previd\u00eancia, \u00e9 na verdade o fim da previd\u00eancia p\u00fablica. Precisamos incidir todos em rela\u00e7\u00e3o aos deputados federais, em rela\u00e7\u00e3o aos senadores, independentemente de partidos, cobrando os votos, para conseguirmos barrar esta s\u00e9rie de maldades que est\u00e3o propondo. #NENHUMDIREITOAMENOS #N\u00c3OASREFORMAS.<\/p>\n<p>Vejam como a FAM\u00cdLIA FEMERGS fez bonito, puxando em muitos lugares os movimentos contra as maldades. Estamos todos vigilantes e precisamos permanecer assim. Por outro lado estamos todos de Parab\u00e9ns pelo que j\u00e1 constru\u00edmos na resist\u00eancia, irmanados com toda a Classe Trabalhadora.<br \/>\nA FAM\u00cdLIA FEMERGS esteve construindo e participando ativamente da organiza\u00e7\u00e3o da Classe Trabalhadora, no dia 28 de abril de 2017 &#8211; da Greve Geral, cumprindo com a decis\u00e3o da Plen\u00e1ria Estatut\u00e1ria realizada em Frederico Westphalen que colocou no Plano de Lutas esta demanda \u2013 \u201cNENHUM DIREITO A MENOS\u201d.<br \/>\nOs Meios de Comunica\u00e7\u00e3o, tentam passar o ide\u00e1rio do estado m\u00ednimo, a partir de um suposto \u201cAjuste Fiscal\u201d &#8211; capitaneado pelo governo Ileg\u00edtimo do Temer, numa afronta ao texto constitucional, em especial ao artigo 6\u00ba que trata dos direitos sociais. Neste momento precisamos acima de vis\u00f5es partid\u00e1rias trabalhar a unidade da Classe Trabalhadora, para conseguirmos barrar as maldades que est\u00e3o em curso contra os direitos dos trabalhadores. Problema para conseguirmos construir a unidade \u00e9 o (\u00f3dio classista) que se propagou contra o \u201cComunismo\u201d no passado, contra os \u201cSem Terra\u201d, contra o \u201cPartidos\u201d e agora contra os \u201cSindicatos\u201d onde se coloca para a sociedade por interm\u00e9dio dos meios de comunica\u00e7\u00e3o, os interesses dos Capitalistas. Precisamos parar para refletir, diante da exalta\u00e7\u00e3o dos \u00e2nimos, precisamos trazer a baila o contexto da \u00faltima Constituinte que resultou na Constitui\u00e7\u00e3o Federal de 1988, aonde tivemos uma vit\u00f3ria significativa da Classe Trabalhadora, e conseguimos incluir os direitos sociais na Carta Magna.<br \/>\nEsta disputa continua. Os ricos pensam apenas em um pa\u00eds rico na \u00f3tica deles dos abastados. Mas o que foi vitorioso na CF de 1988, foi a vis\u00e3o de constru\u00e7\u00e3o de um pa\u00eds rico e justo, que visa incluir todos(as) para viv\u00eancia efetiva da cidadania com observ\u00e2ncia dos direitos sociais. Portanto os caminhos que escolhemos para este prop\u00f3sito s\u00e3o diferentes. Os ricos \u2013 capitaneados pelo TEMER \u2013 Estado M\u00ednimo \u2013 Ajuste Fiscal \u2013 que perderam a disputa na elabora\u00e7\u00e3o da CF, n\u00e3o conseguiram registrar a sua vontade, da democracia liberal (que guarda tra\u00e7os de sua origem burguesa) dentro do modo de produ\u00e7\u00e3o capitalista ou neoliberal. O neoliberalismo coloca o bem privado acima do bem comum. Outros lutam pela inclus\u00e3o, tamb\u00e9m querem que as riquezas naturais como o pr\u00e9-sal, estejam a disposi\u00e7\u00e3o para melhorar a vida de todos(as). Este \u00faltimo \u00e9 o caminho da democracia republicana, que coloca o bem geral acima do bem particular. Diferen\u00e7a palp\u00e1vel \u00e9 que enquanto os que tem a vis\u00e3o do estado m\u00ednimo \u2013 visam rasgar os direitos sociais, os outros, visam possibilitar a realiza\u00e7\u00e3o de pol\u00edticas sociais que atendem os mais vulner\u00e1veis diminuindo assim a desigualdade social.<br \/>\nDiante desta luta, estaremos falando na concretiza\u00e7\u00e3o de mais justi\u00e7a social, mais participa\u00e7\u00e3o nos bens dispon\u00edveis frutos da constru\u00e7\u00e3o de um pa\u00eds mais rico a partir do trabalho e da viv\u00eancia democr\u00e1tica. O que estamos afirmando, \u00e9 a necessidade do respeito a CF 88, que coloca no seu bojo, atribui\u00e7\u00e3o do Estado em ser o indutor do desenvolvimento com inclus\u00e3o na participa\u00e7\u00e3o dos resultados.<br \/>\nDentro deste contexto aconteceu a Greve Geral. N\u00e3o podemos concordar com a PEC\/241 na C\u00e2mara Federa \u2013 PEC 55 no Senado, e hoje j\u00e1 com a EC 95 que congelou os recursos das \u00e1reas sociais durante 20 anos, que rasgou a CF 88 no seu artigo 6\u00ba.<br \/>\nN\u00e3o podemos concordar com o PL 4302 que abre a possibilidade de terceiriza\u00e7\u00e3o em todos os n\u00edveis. Em pouco tempo os concursos p\u00fablicos deixar\u00e3o de existir, pois vai ser mais barato contratar empresas terceirizadas, o que estar\u00e1 trazendo problemas s\u00e9rios para os RPPS \u2013 Regimes Pr\u00f3prios de Previd\u00eancia.<br \/>\nN\u00e3o podemos concordar com a Reforma Trabalhista, que rasga a CLT \u2013 Consolida\u00e7\u00e3o das leis Trabalhistas \u2013 de 1943, mas que teve sua adequa\u00e7\u00e3o feita durante o transcorrer da hist\u00f3ria, por\u00e9m como Classe Trabalhadora nunca deixamos mexer no cerne \u2013 que \u00e9 o legislado sendo o m\u00ednimo que um patr\u00e3o tivesse que cumprir. Agora est\u00e3o colocando que o negociado, vai estar acima do legislado, ou seja, na hora da crise com certeza os patr\u00f5es v\u00e3o estar tirando os direitos hist\u00f3ricos previstos na CLT, e a Justi\u00e7a do Trabalho n\u00e3o poder\u00e1 mais invocar a CLT para recompor os direitos. Na mesma proposta, est\u00e3o querendo acabar com os sindicatos, com a Justi\u00e7a do Trabalho.<br \/>\nAqui no Estado do Rio Grande do Sul, as iniciativas do Governo Sartori est\u00e3o alinhadas com o governo Temer, estado m\u00ednimo \u2013 privatiza\u00e7\u00f5es \u2013 fim dos sindicatos.<br \/>\nA PEC 287 \u2013 que \u00e9 Proposta a Emenda na Constitui\u00e7\u00e3o que visa reformar a previd\u00eancia, \u00e9 na verdade o fim da previd\u00eancia p\u00fablica. Precisamos incidir todos em rela\u00e7\u00e3o aos deputados federais, em rela\u00e7\u00e3o aos senadores, independentemente de partidos, cobrando os votos, para conseguirmos barrar esta s\u00e9rie de maldades que est\u00e3o propondo. #NENHUMDIREITOAMENOS #N\u00c3OASREFORMAS.<\/p>\n<p>Vejam como a FAM\u00cdLIA FEMERGS fez bonito, puxando em muitos lugares os movimentos contra as maldades. Estamos todos vigilantes e precisamos permanecer assim. Por outro lado estamos todos de Parab\u00e9ns pelo que j\u00e1 constru\u00edmos na resist\u00eancia, irmanados com toda a Classe Trabalhadora.<\/p>\n","protected":false},"excerpt":{"rendered":"<p>A FAM\u00cdLIA FEMERGS esteve construindo e participando ativamente da organiza\u00e7\u00e3o da Classe Trabalhadora, no dia 28 de abril de 2017 &#8211; da Greve Geral, cumprindo com a decis\u00e3o da Plen\u00e1ria Estatut\u00e1ria realizada em Frederico Westphalen que colocou no Plano de Lutas esta demanda \u2013 \u201cNENHUM DIREITO A MENOS\u201d. Os Meios de Comunica\u00e7\u00e3o, tentam passar o [&hellip;]<\/p>\n","protected":false},"author":1,"featured_media":0,"comment_status":"closed","ping_status":"closed","sticky":false,"template":"","format":"standard","meta":{"_eb_attr":"","_uag_custom_page_level_css":"","fifu_image_url":"","fifu_image_alt":"","footnotes":""},"categories":[1],"tags":[32],"class_list":["post-1064","post","type-post","status-publish","format-standard","hentry","category-arquivadas","tag-null"],"yoast_head":"<!-- This site is optimized with the Yoast SEO plugin v27.1.1 - https:\/\/yoast.com\/product\/yoast-seo-wordpress\/ -->\n<title>MOBILIZA\u00c7\u00d5ES E GREVE PARALISAM O ESTADO - Federa\u00e7\u00e3o dos Municip\u00e1rios do Estado do Rio Grande do Sul<\/title>\n<meta name=\"robots\" content=\"index, follow, max-snippet:-1, max-image-preview:large, max-video-preview:-1\" \/>\n<link rel=\"canonical\" href=\"https:\/\/femergs.com.br\/wfe\/blog\/mobilizacoes-e-greve-paralisam-o-estado\/\" \/>\n<meta property=\"og:locale\" content=\"pt_BR\" \/>\n<meta property=\"og:type\" content=\"article\" \/>\n<meta property=\"og:title\" content=\"MOBILIZA\u00c7\u00d5ES E GREVE PARALISAM O ESTADO - Federa\u00e7\u00e3o dos Municip\u00e1rios do Estado do Rio Grande do Sul\" \/>\n<meta property=\"og:description\" content=\"A FAM\u00cdLIA FEMERGS esteve construindo e participando ativamente da organiza\u00e7\u00e3o da Classe Trabalhadora, no dia 28 de abril de 2017 &#8211; da Greve Geral, cumprindo com a decis\u00e3o da Plen\u00e1ria Estatut\u00e1ria realizada em Frederico Westphalen que colocou no Plano de Lutas esta demanda \u2013 \u201cNENHUM DIREITO A MENOS\u201d. Os Meios de Comunica\u00e7\u00e3o, tentam passar o [&hellip;]\" \/>\n<meta property=\"og:url\" content=\"https:\/\/femergs.com.br\/wfe\/blog\/mobilizacoes-e-greve-paralisam-o-estado\/\" \/>\n<meta property=\"og:site_name\" content=\"Federa\u00e7\u00e3o dos Municip\u00e1rios do Estado do Rio Grande do Sul\" \/>\n<meta property=\"article:publisher\" content=\"https:\/\/www.facebook.com\/profile.php?id=100057151733001\" \/>\n<meta property=\"article:published_time\" content=\"2017-05-02T14:53:50+00:00\" \/>\n<meta name=\"author\" content=\"adminfemergs\" \/>\n<meta name=\"twitter:card\" content=\"summary_large_image\" \/>\n<meta name=\"twitter:label1\" content=\"Escrito por\" \/>\n\t<meta name=\"twitter:data1\" content=\"adminfemergs\" \/>\n\t<meta name=\"twitter:label2\" content=\"Est. tempo de leitura\" \/>\n\t<meta name=\"twitter:data2\" content=\"8 minutos\" \/>\n<script type=\"application\/ld+json\" class=\"yoast-schema-graph\">{\"@context\":\"https:\/\/schema.org\",\"@graph\":[{\"@type\":\"Article\",\"@id\":\"https:\/\/femergs.com.br\/wfe\/blog\/mobilizacoes-e-greve-paralisam-o-estado\/#article\",\"isPartOf\":{\"@id\":\"https:\/\/femergs.com.br\/wfe\/blog\/mobilizacoes-e-greve-paralisam-o-estado\/\"},\"author\":{\"name\":\"adminfemergs\",\"@id\":\"https:\/\/femergs.com.br\/wfe\/#\/schema\/person\/f5558e6b5ffc044ee085016237dedb7f\"},\"headline\":\"MOBILIZA\u00c7\u00d5ES E GREVE PARALISAM O ESTADO\",\"datePublished\":\"2017-05-02T14:53:50+00:00\",\"mainEntityOfPage\":{\"@id\":\"https:\/\/femergs.com.br\/wfe\/blog\/mobilizacoes-e-greve-paralisam-o-estado\/\"},\"wordCount\":1705,\"publisher\":{\"@id\":\"https:\/\/femergs.com.br\/wfe\/#organization\"},\"keywords\":[\"NULL\"],\"articleSection\":[\"ARQUIVADAS\"],\"inLanguage\":\"pt-BR\"},{\"@type\":\"WebPage\",\"@id\":\"https:\/\/femergs.com.br\/wfe\/blog\/mobilizacoes-e-greve-paralisam-o-estado\/\",\"url\":\"https:\/\/femergs.com.br\/wfe\/blog\/mobilizacoes-e-greve-paralisam-o-estado\/\",\"name\":\"MOBILIZA\u00c7\u00d5ES E GREVE PARALISAM O ESTADO - Federa\u00e7\u00e3o dos Municip\u00e1rios do Estado do Rio Grande do Sul\",\"isPartOf\":{\"@id\":\"https:\/\/femergs.com.br\/wfe\/#website\"},\"datePublished\":\"2017-05-02T14:53:50+00:00\",\"breadcrumb\":{\"@id\":\"https:\/\/femergs.com.br\/wfe\/blog\/mobilizacoes-e-greve-paralisam-o-estado\/#breadcrumb\"},\"inLanguage\":\"pt-BR\",\"potentialAction\":[{\"@type\":\"ReadAction\",\"target\":[\"https:\/\/femergs.com.br\/wfe\/blog\/mobilizacoes-e-greve-paralisam-o-estado\/\"]}]},{\"@type\":\"BreadcrumbList\",\"@id\":\"https:\/\/femergs.com.br\/wfe\/blog\/mobilizacoes-e-greve-paralisam-o-estado\/#breadcrumb\",\"itemListElement\":[{\"@type\":\"ListItem\",\"position\":1,\"name\":\"In\u00edcio\",\"item\":\"https:\/\/femergs.com.br\/wfe\/\"},{\"@type\":\"ListItem\",\"position\":2,\"name\":\"MOBILIZA\u00c7\u00d5ES E GREVE PARALISAM O ESTADO\"}]},{\"@type\":\"WebSite\",\"@id\":\"https:\/\/femergs.com.br\/wfe\/#website\",\"url\":\"https:\/\/femergs.com.br\/wfe\/\",\"name\":\"FEMERGS\",\"description\":\"FEDERA\u00c7\u00c3O DOS MUNICIP\u00c1RIOS DO ESTADO DO RIO GRANDE DO SUL\",\"publisher\":{\"@id\":\"https:\/\/femergs.com.br\/wfe\/#organization\"},\"potentialAction\":[{\"@type\":\"SearchAction\",\"target\":{\"@type\":\"EntryPoint\",\"urlTemplate\":\"https:\/\/femergs.com.br\/wfe\/?s={search_term_string}\"},\"query-input\":{\"@type\":\"PropertyValueSpecification\",\"valueRequired\":true,\"valueName\":\"search_term_string\"}}],\"inLanguage\":\"pt-BR\"},{\"@type\":\"Organization\",\"@id\":\"https:\/\/femergs.com.br\/wfe\/#organization\",\"name\":\"FEMERGS\",\"url\":\"https:\/\/femergs.com.br\/wfe\/\",\"logo\":{\"@type\":\"ImageObject\",\"inLanguage\":\"pt-BR\",\"@id\":\"https:\/\/femergs.com.br\/wfe\/#\/schema\/logo\/image\/\",\"url\":\"https:\/\/femergs.com.br\/wfe\/wp-content\/uploads\/2025\/06\/logotipo.png\",\"contentUrl\":\"https:\/\/femergs.com.br\/wfe\/wp-content\/uploads\/2025\/06\/logotipo.png\",\"width\":500,\"height\":500,\"caption\":\"FEMERGS\"},\"image\":{\"@id\":\"https:\/\/femergs.com.br\/wfe\/#\/schema\/logo\/image\/\"},\"sameAs\":[\"https:\/\/www.facebook.com\/profile.php?id=100057151733001\",\"https:\/\/www.instagram.com\/femergs_rs\/\"]},{\"@type\":\"Person\",\"@id\":\"https:\/\/femergs.com.br\/wfe\/#\/schema\/person\/f5558e6b5ffc044ee085016237dedb7f\",\"name\":\"adminfemergs\",\"image\":{\"@type\":\"ImageObject\",\"inLanguage\":\"pt-BR\",\"@id\":\"https:\/\/femergs.com.br\/wfe\/#\/schema\/person\/image\/\",\"url\":\"https:\/\/secure.gravatar.com\/avatar\/398642fa557cdd524617ad9b31c938845f071aeb3448b9c0aeb29aefc495337b?s=96&d=mm&r=g\",\"contentUrl\":\"https:\/\/secure.gravatar.com\/avatar\/398642fa557cdd524617ad9b31c938845f071aeb3448b9c0aeb29aefc495337b?s=96&d=mm&r=g\",\"caption\":\"adminfemergs\"},\"sameAs\":[\"https:\/\/femergs.com.br\/wfe\"],\"url\":\"https:\/\/femergs.com.br\/wfe\/blog\/author\/adminfemergs\/\"}]}<\/script>\n<!-- \/ Yoast SEO plugin. -->","yoast_head_json":{"title":"MOBILIZA\u00c7\u00d5ES E GREVE PARALISAM O ESTADO - Federa\u00e7\u00e3o dos Municip\u00e1rios do Estado do Rio Grande do Sul","robots":{"index":"index","follow":"follow","max-snippet":"max-snippet:-1","max-image-preview":"max-image-preview:large","max-video-preview":"max-video-preview:-1"},"canonical":"https:\/\/femergs.com.br\/wfe\/blog\/mobilizacoes-e-greve-paralisam-o-estado\/","og_locale":"pt_BR","og_type":"article","og_title":"MOBILIZA\u00c7\u00d5ES E GREVE PARALISAM O ESTADO - Federa\u00e7\u00e3o dos Municip\u00e1rios do Estado do Rio Grande do Sul","og_description":"A FAM\u00cdLIA FEMERGS esteve construindo e participando ativamente da organiza\u00e7\u00e3o da Classe Trabalhadora, no dia 28 de abril de 2017 &#8211; da Greve Geral, cumprindo com a decis\u00e3o da Plen\u00e1ria Estatut\u00e1ria realizada em Frederico Westphalen que colocou no Plano de Lutas esta demanda \u2013 \u201cNENHUM DIREITO A MENOS\u201d. Os Meios de Comunica\u00e7\u00e3o, tentam passar o [&hellip;]","og_url":"https:\/\/femergs.com.br\/wfe\/blog\/mobilizacoes-e-greve-paralisam-o-estado\/","og_site_name":"Federa\u00e7\u00e3o dos Municip\u00e1rios do Estado do Rio Grande do Sul","article_publisher":"https:\/\/www.facebook.com\/profile.php?id=100057151733001","article_published_time":"2017-05-02T14:53:50+00:00","author":"adminfemergs","twitter_card":"summary_large_image","twitter_misc":{"Escrito por":"adminfemergs","Est. tempo de leitura":"8 minutos"},"schema":{"@context":"https:\/\/schema.org","@graph":[{"@type":"Article","@id":"https:\/\/femergs.com.br\/wfe\/blog\/mobilizacoes-e-greve-paralisam-o-estado\/#article","isPartOf":{"@id":"https:\/\/femergs.com.br\/wfe\/blog\/mobilizacoes-e-greve-paralisam-o-estado\/"},"author":{"name":"adminfemergs","@id":"https:\/\/femergs.com.br\/wfe\/#\/schema\/person\/f5558e6b5ffc044ee085016237dedb7f"},"headline":"MOBILIZA\u00c7\u00d5ES E GREVE PARALISAM O ESTADO","datePublished":"2017-05-02T14:53:50+00:00","mainEntityOfPage":{"@id":"https:\/\/femergs.com.br\/wfe\/blog\/mobilizacoes-e-greve-paralisam-o-estado\/"},"wordCount":1705,"publisher":{"@id":"https:\/\/femergs.com.br\/wfe\/#organization"},"keywords":["NULL"],"articleSection":["ARQUIVADAS"],"inLanguage":"pt-BR"},{"@type":"WebPage","@id":"https:\/\/femergs.com.br\/wfe\/blog\/mobilizacoes-e-greve-paralisam-o-estado\/","url":"https:\/\/femergs.com.br\/wfe\/blog\/mobilizacoes-e-greve-paralisam-o-estado\/","name":"MOBILIZA\u00c7\u00d5ES E GREVE PARALISAM O ESTADO - Federa\u00e7\u00e3o dos Municip\u00e1rios do Estado do Rio Grande do Sul","isPartOf":{"@id":"https:\/\/femergs.com.br\/wfe\/#website"},"datePublished":"2017-05-02T14:53:50+00:00","breadcrumb":{"@id":"https:\/\/femergs.com.br\/wfe\/blog\/mobilizacoes-e-greve-paralisam-o-estado\/#breadcrumb"},"inLanguage":"pt-BR","potentialAction":[{"@type":"ReadAction","target":["https:\/\/femergs.com.br\/wfe\/blog\/mobilizacoes-e-greve-paralisam-o-estado\/"]}]},{"@type":"BreadcrumbList","@id":"https:\/\/femergs.com.br\/wfe\/blog\/mobilizacoes-e-greve-paralisam-o-estado\/#breadcrumb","itemListElement":[{"@type":"ListItem","position":1,"name":"In\u00edcio","item":"https:\/\/femergs.com.br\/wfe\/"},{"@type":"ListItem","position":2,"name":"MOBILIZA\u00c7\u00d5ES E GREVE PARALISAM O ESTADO"}]},{"@type":"WebSite","@id":"https:\/\/femergs.com.br\/wfe\/#website","url":"https:\/\/femergs.com.br\/wfe\/","name":"FEMERGS","description":"FEDERA\u00c7\u00c3O DOS MUNICIP\u00c1RIOS DO ESTADO DO RIO GRANDE DO SUL","publisher":{"@id":"https:\/\/femergs.com.br\/wfe\/#organization"},"potentialAction":[{"@type":"SearchAction","target":{"@type":"EntryPoint","urlTemplate":"https:\/\/femergs.com.br\/wfe\/?s={search_term_string}"},"query-input":{"@type":"PropertyValueSpecification","valueRequired":true,"valueName":"search_term_string"}}],"inLanguage":"pt-BR"},{"@type":"Organization","@id":"https:\/\/femergs.com.br\/wfe\/#organization","name":"FEMERGS","url":"https:\/\/femergs.com.br\/wfe\/","logo":{"@type":"ImageObject","inLanguage":"pt-BR","@id":"https:\/\/femergs.com.br\/wfe\/#\/schema\/logo\/image\/","url":"https:\/\/femergs.com.br\/wfe\/wp-content\/uploads\/2025\/06\/logotipo.png","contentUrl":"https:\/\/femergs.com.br\/wfe\/wp-content\/uploads\/2025\/06\/logotipo.png","width":500,"height":500,"caption":"FEMERGS"},"image":{"@id":"https:\/\/femergs.com.br\/wfe\/#\/schema\/logo\/image\/"},"sameAs":["https:\/\/www.facebook.com\/profile.php?id=100057151733001","https:\/\/www.instagram.com\/femergs_rs\/"]},{"@type":"Person","@id":"https:\/\/femergs.com.br\/wfe\/#\/schema\/person\/f5558e6b5ffc044ee085016237dedb7f","name":"adminfemergs","image":{"@type":"ImageObject","inLanguage":"pt-BR","@id":"https:\/\/femergs.com.br\/wfe\/#\/schema\/person\/image\/","url":"https:\/\/secure.gravatar.com\/avatar\/398642fa557cdd524617ad9b31c938845f071aeb3448b9c0aeb29aefc495337b?s=96&d=mm&r=g","contentUrl":"https:\/\/secure.gravatar.com\/avatar\/398642fa557cdd524617ad9b31c938845f071aeb3448b9c0aeb29aefc495337b?s=96&d=mm&r=g","caption":"adminfemergs"},"sameAs":["https:\/\/femergs.com.br\/wfe"],"url":"https:\/\/femergs.com.br\/wfe\/blog\/author\/adminfemergs\/"}]}},"uagb_featured_image_src":{"full":false,"thumbnail":false,"medium":false,"medium_large":false,"large":false,"1536x1536":false,"2048x2048":false,"ultp_layout_landscape_large":false,"ultp_layout_landscape":false,"ultp_layout_portrait":false,"ultp_layout_square":false},"uagb_author_info":{"display_name":"adminfemergs","author_link":"https:\/\/femergs.com.br\/wfe\/blog\/author\/adminfemergs\/"},"uagb_comment_info":0,"uagb_excerpt":"A FAM\u00cdLIA FEMERGS esteve construindo e participando ativamente da organiza\u00e7\u00e3o da Classe Trabalhadora, no dia 28 de abril de 2017 &#8211; da Greve Geral, cumprindo com a decis\u00e3o da Plen\u00e1ria Estatut\u00e1ria realizada em Frederico Westphalen que colocou no Plano de Lutas esta demanda \u2013 \u201cNENHUM DIREITO A MENOS\u201d. Os Meios de Comunica\u00e7\u00e3o, tentam passar o&hellip;","_links":{"self":[{"href":"https:\/\/femergs.com.br\/wfe\/wp-json\/wp\/v2\/posts\/1064","targetHints":{"allow":["GET"]}}],"collection":[{"href":"https:\/\/femergs.com.br\/wfe\/wp-json\/wp\/v2\/posts"}],"about":[{"href":"https:\/\/femergs.com.br\/wfe\/wp-json\/wp\/v2\/types\/post"}],"author":[{"embeddable":true,"href":"https:\/\/femergs.com.br\/wfe\/wp-json\/wp\/v2\/users\/1"}],"replies":[{"embeddable":true,"href":"https:\/\/femergs.com.br\/wfe\/wp-json\/wp\/v2\/comments?post=1064"}],"version-history":[{"count":0,"href":"https:\/\/femergs.com.br\/wfe\/wp-json\/wp\/v2\/posts\/1064\/revisions"}],"wp:attachment":[{"href":"https:\/\/femergs.com.br\/wfe\/wp-json\/wp\/v2\/media?parent=1064"}],"wp:term":[{"taxonomy":"category","embeddable":true,"href":"https:\/\/femergs.com.br\/wfe\/wp-json\/wp\/v2\/categories?post=1064"},{"taxonomy":"post_tag","embeddable":true,"href":"https:\/\/femergs.com.br\/wfe\/wp-json\/wp\/v2\/tags?post=1064"}],"curies":[{"name":"wp","href":"https:\/\/api.w.org\/{rel}","templated":true}]}}