{"id":1069,"date":"2017-05-15T10:09:30","date_gmt":"2017-05-15T10:09:30","guid":{"rendered":"https:\/\/femergs.com.br\/wfe\/blog\/ocupabrasilia-em-busca-de-nossos-direitos\/"},"modified":"2017-05-15T10:09:30","modified_gmt":"2017-05-15T10:09:30","slug":"ocupabrasilia-em-busca-de-nossos-direitos","status":"publish","type":"post","link":"https:\/\/femergs.com.br\/wfe\/blog\/ocupabrasilia-em-busca-de-nossos-direitos\/","title":{"rendered":"#OcupaBrasilia em busca de nossos Direitos!"},"content":{"rendered":"<div style=\"text-align: center;\">CIRCULAR #OCUPABRASILIA<\/div>\n<p>\n                A FEMERGS \u2013 FEDERA\u00c7\u00c3O DOS MUNICIP\u00c1RIOS DO ESTADO DO RIO GRANDE DO SUL \u2013 por determina\u00e7\u00e3o de sua Plen\u00e1ria Estatut\u00e1ria, decidiram pela luta \u201cNENHUM DIREITO A MENOS\u201d. Na reuni\u00e3o de dire\u00e7\u00e3o e do conselho dos representantes foi tomada a decis\u00e3o de estarmos nos integrando no movimento #OCUPABRASILIA que est\u00e1 previsto agora para o dia 24 de maio de 2017. O movimento da \u201cMarcha a Bras\u00edlia\u201d \u00e9 chamado a partir de todas as Centrais Sindicais, visando impedir a retirada dos direitos, em especial, posicionamentos contra a Reforma Trabalhista e tamb\u00e9m a Reforma da Previd\u00eancia. <br \/>\nSegundo as Centrais, a adequa\u00e7\u00e3o da data \u00e9 uma decis\u00e3o acertada, que permite o movimento ter tempo para qualificar a participa\u00e7\u00e3o do maior n\u00famero de pessoas e, ao mesmo tempo, leva em considera\u00e7\u00e3o a tramita\u00e7\u00e3o das reformas no Congresso Nacional.<br \/>\nComo presidente da FEMERGS CONVOCO toda a Dire\u00e7\u00e3o, os Coordenadores das Regionais, Conselho Fiscal, para se integrarem na mobiliza\u00e7\u00e3o e conseguirmos nos fazer presentes com um n\u00famero consider\u00e1vel de trabalhadores(as) do servi\u00e7o p\u00fablico municipal. Todos os membros ligados a dire\u00e7\u00e3o, coordena\u00e7\u00e3o e conselho fiscal, ter\u00e3o os custos cobertos pela entidade.<br \/>\nIgualmente CONVOCAMOS nosso sindicatos, para que se integrem e ajudem na divulga\u00e7\u00e3o e na aquisi\u00e7\u00e3o de \u201cquotas\u201d para ajudarem financeiramente para podermos contratar os \u00f4nibus e preencher com os trabalhadores que quiserem participar, da seguinte forma:<br \/>\n_ Valor de uma \u201cQuota\u201d \u2013 R$ 300,00 que d\u00e1 direito a participa\u00e7\u00e3o de uma pessoa no \u00f4nibus considerando a viagem;<br \/>\n_ O Sindicato dever\u00e1 cobrir as despesas com alimenta\u00e7\u00e3o de seus integrantes \u2013 (mais ou menos R$ 100,00 por dia);<br \/>\n_ J\u00e1 temos Sindicatos que fizeram contato que ajudar\u00e3o com recursos, por\u00e9m n\u00e3o ter\u00e3o pessoas para irem juntos \u2013 portanto fizemos o apelo de ajuda no valor de uma \u201cquota\u201d para todos os sindicatos, mesmo que n\u00e3o tenham pessoas para ir;<br \/>\n_ Os recursos dever\u00e3o ser confirmados por email femergs.stoangelo@femergs.com.br e em seguida depositados na conta da FEMERGS CC \u2013 1798-6 \u2013 Ag\u00eancia 0504 Caixa Econ\u00f4mica Federal Santo \u00c2ngelo;<br \/>\nPor outro lado estamos comunicando que a ideia \u00e9 termos \u00f4nibus saindo de dois lugares distintos. De Santa Rosa e de Porto Alegre. Pedimos aten\u00e7\u00e3o para o que segue:<br \/>\nAssim que os sindicatos confirmarem a ajuda das \u201cquotas\u201d para o email, ou o fone (55) 3312 9930, ter\u00e3o que comunicar tamb\u00e9m a inscri\u00e7\u00e3o dos passageiros com nome e Identidade para lista dos \u00f4nibus;<br \/>\nA prioridade de inscri\u00e7\u00e3o de passageiros \u00e9 de acordo com o cronograma de tempo, sendo que n\u00e3o temos como garantir vaga para todos(as);<br \/>\nUrgente a comunica\u00e7\u00e3o para todos os nossos sindicatos; <br \/>\n\u2013 O #OcupeBras\u00edlia ter\u00e1 caravanas de todo pa\u00eds para realizar uma grande manifesta\u00e7\u00e3o em Bras\u00edlia contra a retirada de direitos trabalhistas e previdenci\u00e1rios<br \/>\n            Certos da compreens\u00e3o e empenho para o sucesso do evento, renovamos nossas considera\u00e7\u00f5es.<\/p>\n<p>            Santo \u00c2ngelo, 12 de maio de 2017.<\/p>\n","protected":false},"excerpt":{"rendered":"<p>CIRCULAR #OCUPABRASILIA A FEMERGS \u2013 FEDERA\u00c7\u00c3O DOS MUNICIP\u00c1RIOS DO ESTADO DO RIO GRANDE DO SUL \u2013 por determina\u00e7\u00e3o de sua Plen\u00e1ria Estatut\u00e1ria, decidiram pela luta \u201cNENHUM DIREITO A MENOS\u201d. Na reuni\u00e3o de dire\u00e7\u00e3o e do conselho dos representantes foi tomada a decis\u00e3o de estarmos nos integrando no movimento #OCUPABRASILIA que est\u00e1 previsto agora para o [&hellip;]<\/p>\n","protected":false},"author":1,"featured_media":0,"comment_status":"closed","ping_status":"closed","sticky":false,"template":"","format":"standard","meta":{"_eb_attr":"","_uag_custom_page_level_css":"","fifu_image_url":"","fifu_image_alt":"","footnotes":""},"categories":[1],"tags":[32],"class_list":["post-1069","post","type-post","status-publish","format-standard","hentry","category-arquivadas","tag-null"],"yoast_head":"<!-- This site is optimized with the Yoast SEO plugin v27.1.1 - https:\/\/yoast.com\/product\/yoast-seo-wordpress\/ -->\n<title>#OcupaBrasilia em busca de nossos Direitos! - Federa\u00e7\u00e3o dos Municip\u00e1rios do Estado do Rio Grande do Sul<\/title>\n<meta name=\"robots\" content=\"index, follow, max-snippet:-1, max-image-preview:large, max-video-preview:-1\" \/>\n<link rel=\"canonical\" href=\"https:\/\/femergs.com.br\/wfe\/blog\/ocupabrasilia-em-busca-de-nossos-direitos\/\" \/>\n<meta property=\"og:locale\" content=\"pt_BR\" \/>\n<meta property=\"og:type\" content=\"article\" \/>\n<meta property=\"og:title\" content=\"#OcupaBrasilia em busca de nossos Direitos! - Federa\u00e7\u00e3o dos Municip\u00e1rios do Estado do Rio Grande do Sul\" \/>\n<meta property=\"og:description\" content=\"CIRCULAR #OCUPABRASILIA A FEMERGS \u2013 FEDERA\u00c7\u00c3O DOS MUNICIP\u00c1RIOS DO ESTADO DO RIO GRANDE DO SUL \u2013 por determina\u00e7\u00e3o de sua Plen\u00e1ria Estatut\u00e1ria, decidiram pela luta \u201cNENHUM DIREITO A MENOS\u201d. Na reuni\u00e3o de dire\u00e7\u00e3o e do conselho dos representantes foi tomada a decis\u00e3o de estarmos nos integrando no movimento #OCUPABRASILIA que est\u00e1 previsto agora para o [&hellip;]\" \/>\n<meta property=\"og:url\" content=\"https:\/\/femergs.com.br\/wfe\/blog\/ocupabrasilia-em-busca-de-nossos-direitos\/\" \/>\n<meta property=\"og:site_name\" content=\"Federa\u00e7\u00e3o dos Municip\u00e1rios do Estado do Rio Grande do Sul\" \/>\n<meta property=\"article:publisher\" content=\"https:\/\/www.facebook.com\/profile.php?id=100057151733001\" \/>\n<meta property=\"article:published_time\" content=\"2017-05-15T10:09:30+00:00\" \/>\n<meta name=\"author\" content=\"adminfemergs\" \/>\n<meta name=\"twitter:card\" content=\"summary_large_image\" \/>\n<meta name=\"twitter:label1\" content=\"Escrito por\" \/>\n\t<meta name=\"twitter:data1\" content=\"adminfemergs\" \/>\n\t<meta name=\"twitter:label2\" content=\"Est. tempo de leitura\" \/>\n\t<meta name=\"twitter:data2\" content=\"3 minutos\" \/>\n<script type=\"application\/ld+json\" class=\"yoast-schema-graph\">{\"@context\":\"https:\/\/schema.org\",\"@graph\":[{\"@type\":\"Article\",\"@id\":\"https:\/\/femergs.com.br\/wfe\/blog\/ocupabrasilia-em-busca-de-nossos-direitos\/#article\",\"isPartOf\":{\"@id\":\"https:\/\/femergs.com.br\/wfe\/blog\/ocupabrasilia-em-busca-de-nossos-direitos\/\"},\"author\":{\"name\":\"adminfemergs\",\"@id\":\"https:\/\/femergs.com.br\/wfe\/#\/schema\/person\/f5558e6b5ffc044ee085016237dedb7f\"},\"headline\":\"#OcupaBrasilia em busca de nossos Direitos!\",\"datePublished\":\"2017-05-15T10:09:30+00:00\",\"mainEntityOfPage\":{\"@id\":\"https:\/\/femergs.com.br\/wfe\/blog\/ocupabrasilia-em-busca-de-nossos-direitos\/\"},\"wordCount\":506,\"publisher\":{\"@id\":\"https:\/\/femergs.com.br\/wfe\/#organization\"},\"keywords\":[\"NULL\"],\"articleSection\":[\"ARQUIVADAS\"],\"inLanguage\":\"pt-BR\"},{\"@type\":\"WebPage\",\"@id\":\"https:\/\/femergs.com.br\/wfe\/blog\/ocupabrasilia-em-busca-de-nossos-direitos\/\",\"url\":\"https:\/\/femergs.com.br\/wfe\/blog\/ocupabrasilia-em-busca-de-nossos-direitos\/\",\"name\":\"#OcupaBrasilia em busca de nossos Direitos! - Federa\u00e7\u00e3o dos Municip\u00e1rios do Estado do Rio Grande do Sul\",\"isPartOf\":{\"@id\":\"https:\/\/femergs.com.br\/wfe\/#website\"},\"datePublished\":\"2017-05-15T10:09:30+00:00\",\"breadcrumb\":{\"@id\":\"https:\/\/femergs.com.br\/wfe\/blog\/ocupabrasilia-em-busca-de-nossos-direitos\/#breadcrumb\"},\"inLanguage\":\"pt-BR\",\"potentialAction\":[{\"@type\":\"ReadAction\",\"target\":[\"https:\/\/femergs.com.br\/wfe\/blog\/ocupabrasilia-em-busca-de-nossos-direitos\/\"]}]},{\"@type\":\"BreadcrumbList\",\"@id\":\"https:\/\/femergs.com.br\/wfe\/blog\/ocupabrasilia-em-busca-de-nossos-direitos\/#breadcrumb\",\"itemListElement\":[{\"@type\":\"ListItem\",\"position\":1,\"name\":\"In\u00edcio\",\"item\":\"https:\/\/femergs.com.br\/wfe\/\"},{\"@type\":\"ListItem\",\"position\":2,\"name\":\"#OcupaBrasilia em busca de nossos Direitos!\"}]},{\"@type\":\"WebSite\",\"@id\":\"https:\/\/femergs.com.br\/wfe\/#website\",\"url\":\"https:\/\/femergs.com.br\/wfe\/\",\"name\":\"FEMERGS\",\"description\":\"FEDERA\u00c7\u00c3O DOS MUNICIP\u00c1RIOS DO ESTADO DO RIO GRANDE DO SUL\",\"publisher\":{\"@id\":\"https:\/\/femergs.com.br\/wfe\/#organization\"},\"potentialAction\":[{\"@type\":\"SearchAction\",\"target\":{\"@type\":\"EntryPoint\",\"urlTemplate\":\"https:\/\/femergs.com.br\/wfe\/?s={search_term_string}\"},\"query-input\":{\"@type\":\"PropertyValueSpecification\",\"valueRequired\":true,\"valueName\":\"search_term_string\"}}],\"inLanguage\":\"pt-BR\"},{\"@type\":\"Organization\",\"@id\":\"https:\/\/femergs.com.br\/wfe\/#organization\",\"name\":\"FEMERGS\",\"url\":\"https:\/\/femergs.com.br\/wfe\/\",\"logo\":{\"@type\":\"ImageObject\",\"inLanguage\":\"pt-BR\",\"@id\":\"https:\/\/femergs.com.br\/wfe\/#\/schema\/logo\/image\/\",\"url\":\"https:\/\/femergs.com.br\/wfe\/wp-content\/uploads\/2025\/06\/logotipo.png\",\"contentUrl\":\"https:\/\/femergs.com.br\/wfe\/wp-content\/uploads\/2025\/06\/logotipo.png\",\"width\":500,\"height\":500,\"caption\":\"FEMERGS\"},\"image\":{\"@id\":\"https:\/\/femergs.com.br\/wfe\/#\/schema\/logo\/image\/\"},\"sameAs\":[\"https:\/\/www.facebook.com\/profile.php?id=100057151733001\",\"https:\/\/www.instagram.com\/femergs_rs\/\"]},{\"@type\":\"Person\",\"@id\":\"https:\/\/femergs.com.br\/wfe\/#\/schema\/person\/f5558e6b5ffc044ee085016237dedb7f\",\"name\":\"adminfemergs\",\"image\":{\"@type\":\"ImageObject\",\"inLanguage\":\"pt-BR\",\"@id\":\"https:\/\/femergs.com.br\/wfe\/#\/schema\/person\/image\/\",\"url\":\"https:\/\/secure.gravatar.com\/avatar\/398642fa557cdd524617ad9b31c938845f071aeb3448b9c0aeb29aefc495337b?s=96&d=mm&r=g\",\"contentUrl\":\"https:\/\/secure.gravatar.com\/avatar\/398642fa557cdd524617ad9b31c938845f071aeb3448b9c0aeb29aefc495337b?s=96&d=mm&r=g\",\"caption\":\"adminfemergs\"},\"sameAs\":[\"https:\/\/femergs.com.br\/wfe\"],\"url\":\"https:\/\/femergs.com.br\/wfe\/blog\/author\/adminfemergs\/\"}]}<\/script>\n<!-- \/ Yoast SEO plugin. -->","yoast_head_json":{"title":"#OcupaBrasilia em busca de nossos Direitos! - Federa\u00e7\u00e3o dos Municip\u00e1rios do Estado do Rio Grande do Sul","robots":{"index":"index","follow":"follow","max-snippet":"max-snippet:-1","max-image-preview":"max-image-preview:large","max-video-preview":"max-video-preview:-1"},"canonical":"https:\/\/femergs.com.br\/wfe\/blog\/ocupabrasilia-em-busca-de-nossos-direitos\/","og_locale":"pt_BR","og_type":"article","og_title":"#OcupaBrasilia em busca de nossos Direitos! - Federa\u00e7\u00e3o dos Municip\u00e1rios do Estado do Rio Grande do Sul","og_description":"CIRCULAR #OCUPABRASILIA A FEMERGS \u2013 FEDERA\u00c7\u00c3O DOS MUNICIP\u00c1RIOS DO ESTADO DO RIO GRANDE DO SUL \u2013 por determina\u00e7\u00e3o de sua Plen\u00e1ria Estatut\u00e1ria, decidiram pela luta \u201cNENHUM DIREITO A MENOS\u201d. Na reuni\u00e3o de dire\u00e7\u00e3o e do conselho dos representantes foi tomada a decis\u00e3o de estarmos nos integrando no movimento #OCUPABRASILIA que est\u00e1 previsto agora para o [&hellip;]","og_url":"https:\/\/femergs.com.br\/wfe\/blog\/ocupabrasilia-em-busca-de-nossos-direitos\/","og_site_name":"Federa\u00e7\u00e3o dos Municip\u00e1rios do Estado do Rio Grande do Sul","article_publisher":"https:\/\/www.facebook.com\/profile.php?id=100057151733001","article_published_time":"2017-05-15T10:09:30+00:00","author":"adminfemergs","twitter_card":"summary_large_image","twitter_misc":{"Escrito por":"adminfemergs","Est. tempo de leitura":"3 minutos"},"schema":{"@context":"https:\/\/schema.org","@graph":[{"@type":"Article","@id":"https:\/\/femergs.com.br\/wfe\/blog\/ocupabrasilia-em-busca-de-nossos-direitos\/#article","isPartOf":{"@id":"https:\/\/femergs.com.br\/wfe\/blog\/ocupabrasilia-em-busca-de-nossos-direitos\/"},"author":{"name":"adminfemergs","@id":"https:\/\/femergs.com.br\/wfe\/#\/schema\/person\/f5558e6b5ffc044ee085016237dedb7f"},"headline":"#OcupaBrasilia em busca de nossos Direitos!","datePublished":"2017-05-15T10:09:30+00:00","mainEntityOfPage":{"@id":"https:\/\/femergs.com.br\/wfe\/blog\/ocupabrasilia-em-busca-de-nossos-direitos\/"},"wordCount":506,"publisher":{"@id":"https:\/\/femergs.com.br\/wfe\/#organization"},"keywords":["NULL"],"articleSection":["ARQUIVADAS"],"inLanguage":"pt-BR"},{"@type":"WebPage","@id":"https:\/\/femergs.com.br\/wfe\/blog\/ocupabrasilia-em-busca-de-nossos-direitos\/","url":"https:\/\/femergs.com.br\/wfe\/blog\/ocupabrasilia-em-busca-de-nossos-direitos\/","name":"#OcupaBrasilia em busca de nossos Direitos! - Federa\u00e7\u00e3o dos Municip\u00e1rios do Estado do Rio Grande do Sul","isPartOf":{"@id":"https:\/\/femergs.com.br\/wfe\/#website"},"datePublished":"2017-05-15T10:09:30+00:00","breadcrumb":{"@id":"https:\/\/femergs.com.br\/wfe\/blog\/ocupabrasilia-em-busca-de-nossos-direitos\/#breadcrumb"},"inLanguage":"pt-BR","potentialAction":[{"@type":"ReadAction","target":["https:\/\/femergs.com.br\/wfe\/blog\/ocupabrasilia-em-busca-de-nossos-direitos\/"]}]},{"@type":"BreadcrumbList","@id":"https:\/\/femergs.com.br\/wfe\/blog\/ocupabrasilia-em-busca-de-nossos-direitos\/#breadcrumb","itemListElement":[{"@type":"ListItem","position":1,"name":"In\u00edcio","item":"https:\/\/femergs.com.br\/wfe\/"},{"@type":"ListItem","position":2,"name":"#OcupaBrasilia em busca de nossos Direitos!"}]},{"@type":"WebSite","@id":"https:\/\/femergs.com.br\/wfe\/#website","url":"https:\/\/femergs.com.br\/wfe\/","name":"FEMERGS","description":"FEDERA\u00c7\u00c3O DOS MUNICIP\u00c1RIOS DO ESTADO DO RIO GRANDE DO SUL","publisher":{"@id":"https:\/\/femergs.com.br\/wfe\/#organization"},"potentialAction":[{"@type":"SearchAction","target":{"@type":"EntryPoint","urlTemplate":"https:\/\/femergs.com.br\/wfe\/?s={search_term_string}"},"query-input":{"@type":"PropertyValueSpecification","valueRequired":true,"valueName":"search_term_string"}}],"inLanguage":"pt-BR"},{"@type":"Organization","@id":"https:\/\/femergs.com.br\/wfe\/#organization","name":"FEMERGS","url":"https:\/\/femergs.com.br\/wfe\/","logo":{"@type":"ImageObject","inLanguage":"pt-BR","@id":"https:\/\/femergs.com.br\/wfe\/#\/schema\/logo\/image\/","url":"https:\/\/femergs.com.br\/wfe\/wp-content\/uploads\/2025\/06\/logotipo.png","contentUrl":"https:\/\/femergs.com.br\/wfe\/wp-content\/uploads\/2025\/06\/logotipo.png","width":500,"height":500,"caption":"FEMERGS"},"image":{"@id":"https:\/\/femergs.com.br\/wfe\/#\/schema\/logo\/image\/"},"sameAs":["https:\/\/www.facebook.com\/profile.php?id=100057151733001","https:\/\/www.instagram.com\/femergs_rs\/"]},{"@type":"Person","@id":"https:\/\/femergs.com.br\/wfe\/#\/schema\/person\/f5558e6b5ffc044ee085016237dedb7f","name":"adminfemergs","image":{"@type":"ImageObject","inLanguage":"pt-BR","@id":"https:\/\/femergs.com.br\/wfe\/#\/schema\/person\/image\/","url":"https:\/\/secure.gravatar.com\/avatar\/398642fa557cdd524617ad9b31c938845f071aeb3448b9c0aeb29aefc495337b?s=96&d=mm&r=g","contentUrl":"https:\/\/secure.gravatar.com\/avatar\/398642fa557cdd524617ad9b31c938845f071aeb3448b9c0aeb29aefc495337b?s=96&d=mm&r=g","caption":"adminfemergs"},"sameAs":["https:\/\/femergs.com.br\/wfe"],"url":"https:\/\/femergs.com.br\/wfe\/blog\/author\/adminfemergs\/"}]}},"uagb_featured_image_src":{"full":false,"thumbnail":false,"medium":false,"medium_large":false,"large":false,"1536x1536":false,"2048x2048":false,"ultp_layout_landscape_large":false,"ultp_layout_landscape":false,"ultp_layout_portrait":false,"ultp_layout_square":false},"uagb_author_info":{"display_name":"adminfemergs","author_link":"https:\/\/femergs.com.br\/wfe\/blog\/author\/adminfemergs\/"},"uagb_comment_info":0,"uagb_excerpt":"CIRCULAR #OCUPABRASILIA A FEMERGS \u2013 FEDERA\u00c7\u00c3O DOS MUNICIP\u00c1RIOS DO ESTADO DO RIO GRANDE DO SUL \u2013 por determina\u00e7\u00e3o de sua Plen\u00e1ria Estatut\u00e1ria, decidiram pela luta \u201cNENHUM DIREITO A MENOS\u201d. Na reuni\u00e3o de dire\u00e7\u00e3o e do conselho dos representantes foi tomada a decis\u00e3o de estarmos nos integrando no movimento #OCUPABRASILIA que est\u00e1 previsto agora para o&hellip;","_links":{"self":[{"href":"https:\/\/femergs.com.br\/wfe\/wp-json\/wp\/v2\/posts\/1069","targetHints":{"allow":["GET"]}}],"collection":[{"href":"https:\/\/femergs.com.br\/wfe\/wp-json\/wp\/v2\/posts"}],"about":[{"href":"https:\/\/femergs.com.br\/wfe\/wp-json\/wp\/v2\/types\/post"}],"author":[{"embeddable":true,"href":"https:\/\/femergs.com.br\/wfe\/wp-json\/wp\/v2\/users\/1"}],"replies":[{"embeddable":true,"href":"https:\/\/femergs.com.br\/wfe\/wp-json\/wp\/v2\/comments?post=1069"}],"version-history":[{"count":0,"href":"https:\/\/femergs.com.br\/wfe\/wp-json\/wp\/v2\/posts\/1069\/revisions"}],"wp:attachment":[{"href":"https:\/\/femergs.com.br\/wfe\/wp-json\/wp\/v2\/media?parent=1069"}],"wp:term":[{"taxonomy":"category","embeddable":true,"href":"https:\/\/femergs.com.br\/wfe\/wp-json\/wp\/v2\/categories?post=1069"},{"taxonomy":"post_tag","embeddable":true,"href":"https:\/\/femergs.com.br\/wfe\/wp-json\/wp\/v2\/tags?post=1069"}],"curies":[{"name":"wp","href":"https:\/\/api.w.org\/{rel}","templated":true}]}}