{"id":1071,"date":"2017-05-24T21:56:44","date_gmt":"2017-05-24T21:56:44","guid":{"rendered":"https:\/\/femergs.com.br\/wfe\/blog\/femergs-na-luta-por-seus-direitos-em-brasilia\/"},"modified":"2017-05-24T21:56:44","modified_gmt":"2017-05-24T21:56:44","slug":"femergs-na-luta-por-seus-direitos-em-brasilia","status":"publish","type":"post","link":"https:\/\/femergs.com.br\/wfe\/blog\/femergs-na-luta-por-seus-direitos-em-brasilia\/","title":{"rendered":"FEMERGS NA LUTA POR SEUS DIREITOS EM BRAS\u00cdLIA"},"content":{"rendered":"<p>O dia 24 de maio de 2017 foi marcante e de muita luta pela Fam\u00edlia FEMERGS, que sa\u00edram do Rio Grande do Sul, com muita for\u00e7a e determina\u00e7\u00e3o de LUTAR pelos direitos, somente esse foi o objetivo, buscar em Bras\u00edlia uma resposta para cada trabalhador municipal: \u201cirei perder direitos? Irei me aposentar? Como vai ficar minha situa\u00e7\u00e3o?\u201d Essas e outras tantas perguntas s\u00e3o escutadas diariamente por cada um. Durante o dia a comitiva, representada por sindicatos ga\u00fachos deixaram suas marcas e carregam milhares de pessoas que almejam estar l\u00e1 para simplesmente e pacificamente deixar seu recado, de que o povo precisa discutir as \u201cReformas\u201d que est\u00e3o sendo propostas. Iremos sim lutar por cada um, buscar nossos direitos e nunca, nunca desistir, mas sim resistir as imposi\u00e7\u00f5es e preju\u00edzos que poderemos ter em breve nas garantias sociais, trabalhistas e previdenci\u00e1rias, asseguradas no texto constitucional. A Federa\u00e7\u00e3o dos Municip\u00e1rios do Estado do Rio Grande do Sul, em sintonia com seu papel institucional, de defender a democracia e a voz das Bases, dos Trabalhadores e da valoriza\u00e7\u00e3o dos servi\u00e7os p\u00fablicos, se une a mais de 150 mil pessoas que ocuparam a Esplanada dos Minist\u00e9rios, almejando a imediata reorganiza\u00e7\u00e3o desta agenda de retrocessos que o governo quer por em a\u00e7\u00e3o, rasgando a Constitui\u00e7\u00e3o Federal de 1988. A LUTA continua, os sindicatos municipais mantem-se unidos, n\u00e3o para defender partidos, muito menos pol\u00edticos, nosso foco \u00e9 o trabalhador, nosso foco s\u00e3o nossos direitos, \u00e9 o respeito com nossa CLT.<br \/>\n#LutarSempre<br \/>\n#FemergsDeBaseParaBase<br \/>\n#NenhumDireitoAMenos<\/p>\n","protected":false},"excerpt":{"rendered":"<p>O dia 24 de maio de 2017 foi marcante e de muita luta pela Fam\u00edlia FEMERGS, que sa\u00edram do Rio Grande do Sul, com muita for\u00e7a e determina\u00e7\u00e3o de LUTAR pelos direitos, somente esse foi o objetivo, buscar em Bras\u00edlia uma resposta para cada trabalhador municipal: \u201cirei perder direitos? Irei me aposentar? Como vai ficar [&hellip;]<\/p>\n","protected":false},"author":1,"featured_media":0,"comment_status":"closed","ping_status":"closed","sticky":false,"template":"","format":"standard","meta":{"_eb_attr":"","_uag_custom_page_level_css":"","fifu_image_url":"","fifu_image_alt":"","footnotes":""},"categories":[1],"tags":[32],"class_list":["post-1071","post","type-post","status-publish","format-standard","hentry","category-arquivadas","tag-null"],"yoast_head":"<!-- This site is optimized with the Yoast SEO plugin v27.1.1 - https:\/\/yoast.com\/product\/yoast-seo-wordpress\/ -->\n<title>FEMERGS NA LUTA POR SEUS DIREITOS EM BRAS\u00cdLIA - Federa\u00e7\u00e3o dos Municip\u00e1rios do Estado do Rio Grande do Sul<\/title>\n<meta name=\"robots\" content=\"index, follow, max-snippet:-1, max-image-preview:large, max-video-preview:-1\" \/>\n<link rel=\"canonical\" href=\"https:\/\/femergs.com.br\/wfe\/blog\/femergs-na-luta-por-seus-direitos-em-brasilia\/\" \/>\n<meta property=\"og:locale\" content=\"pt_BR\" \/>\n<meta property=\"og:type\" content=\"article\" \/>\n<meta property=\"og:title\" content=\"FEMERGS NA LUTA POR SEUS DIREITOS EM BRAS\u00cdLIA - Federa\u00e7\u00e3o dos Municip\u00e1rios do Estado do Rio Grande do Sul\" \/>\n<meta property=\"og:description\" content=\"O dia 24 de maio de 2017 foi marcante e de muita luta pela Fam\u00edlia FEMERGS, que sa\u00edram do Rio Grande do Sul, com muita for\u00e7a e determina\u00e7\u00e3o de LUTAR pelos direitos, somente esse foi o objetivo, buscar em Bras\u00edlia uma resposta para cada trabalhador municipal: \u201cirei perder direitos? Irei me aposentar? Como vai ficar [&hellip;]\" \/>\n<meta property=\"og:url\" content=\"https:\/\/femergs.com.br\/wfe\/blog\/femergs-na-luta-por-seus-direitos-em-brasilia\/\" \/>\n<meta property=\"og:site_name\" content=\"Federa\u00e7\u00e3o dos Municip\u00e1rios do Estado do Rio Grande do Sul\" \/>\n<meta property=\"article:publisher\" content=\"https:\/\/www.facebook.com\/profile.php?id=100057151733001\" \/>\n<meta property=\"article:published_time\" content=\"2017-05-24T21:56:44+00:00\" \/>\n<meta name=\"author\" content=\"adminfemergs\" \/>\n<meta name=\"twitter:card\" content=\"summary_large_image\" \/>\n<meta name=\"twitter:label1\" content=\"Escrito por\" \/>\n\t<meta name=\"twitter:data1\" content=\"adminfemergs\" \/>\n\t<meta name=\"twitter:label2\" content=\"Est. tempo de leitura\" \/>\n\t<meta name=\"twitter:data2\" content=\"1 minuto\" \/>\n<script type=\"application\/ld+json\" class=\"yoast-schema-graph\">{\"@context\":\"https:\/\/schema.org\",\"@graph\":[{\"@type\":\"Article\",\"@id\":\"https:\/\/femergs.com.br\/wfe\/blog\/femergs-na-luta-por-seus-direitos-em-brasilia\/#article\",\"isPartOf\":{\"@id\":\"https:\/\/femergs.com.br\/wfe\/blog\/femergs-na-luta-por-seus-direitos-em-brasilia\/\"},\"author\":{\"name\":\"adminfemergs\",\"@id\":\"https:\/\/femergs.com.br\/wfe\/#\/schema\/person\/f5558e6b5ffc044ee085016237dedb7f\"},\"headline\":\"FEMERGS NA LUTA POR SEUS DIREITOS EM BRAS\u00cdLIA\",\"datePublished\":\"2017-05-24T21:56:44+00:00\",\"mainEntityOfPage\":{\"@id\":\"https:\/\/femergs.com.br\/wfe\/blog\/femergs-na-luta-por-seus-direitos-em-brasilia\/\"},\"wordCount\":273,\"publisher\":{\"@id\":\"https:\/\/femergs.com.br\/wfe\/#organization\"},\"keywords\":[\"NULL\"],\"articleSection\":[\"ARQUIVADAS\"],\"inLanguage\":\"pt-BR\"},{\"@type\":\"WebPage\",\"@id\":\"https:\/\/femergs.com.br\/wfe\/blog\/femergs-na-luta-por-seus-direitos-em-brasilia\/\",\"url\":\"https:\/\/femergs.com.br\/wfe\/blog\/femergs-na-luta-por-seus-direitos-em-brasilia\/\",\"name\":\"FEMERGS NA LUTA POR SEUS DIREITOS EM BRAS\u00cdLIA - Federa\u00e7\u00e3o dos Municip\u00e1rios do Estado do Rio Grande do Sul\",\"isPartOf\":{\"@id\":\"https:\/\/femergs.com.br\/wfe\/#website\"},\"datePublished\":\"2017-05-24T21:56:44+00:00\",\"breadcrumb\":{\"@id\":\"https:\/\/femergs.com.br\/wfe\/blog\/femergs-na-luta-por-seus-direitos-em-brasilia\/#breadcrumb\"},\"inLanguage\":\"pt-BR\",\"potentialAction\":[{\"@type\":\"ReadAction\",\"target\":[\"https:\/\/femergs.com.br\/wfe\/blog\/femergs-na-luta-por-seus-direitos-em-brasilia\/\"]}]},{\"@type\":\"BreadcrumbList\",\"@id\":\"https:\/\/femergs.com.br\/wfe\/blog\/femergs-na-luta-por-seus-direitos-em-brasilia\/#breadcrumb\",\"itemListElement\":[{\"@type\":\"ListItem\",\"position\":1,\"name\":\"In\u00edcio\",\"item\":\"https:\/\/femergs.com.br\/wfe\/\"},{\"@type\":\"ListItem\",\"position\":2,\"name\":\"FEMERGS NA LUTA POR SEUS DIREITOS EM BRAS\u00cdLIA\"}]},{\"@type\":\"WebSite\",\"@id\":\"https:\/\/femergs.com.br\/wfe\/#website\",\"url\":\"https:\/\/femergs.com.br\/wfe\/\",\"name\":\"FEMERGS\",\"description\":\"FEDERA\u00c7\u00c3O DOS MUNICIP\u00c1RIOS DO ESTADO DO RIO GRANDE DO SUL\",\"publisher\":{\"@id\":\"https:\/\/femergs.com.br\/wfe\/#organization\"},\"potentialAction\":[{\"@type\":\"SearchAction\",\"target\":{\"@type\":\"EntryPoint\",\"urlTemplate\":\"https:\/\/femergs.com.br\/wfe\/?s={search_term_string}\"},\"query-input\":{\"@type\":\"PropertyValueSpecification\",\"valueRequired\":true,\"valueName\":\"search_term_string\"}}],\"inLanguage\":\"pt-BR\"},{\"@type\":\"Organization\",\"@id\":\"https:\/\/femergs.com.br\/wfe\/#organization\",\"name\":\"FEMERGS\",\"url\":\"https:\/\/femergs.com.br\/wfe\/\",\"logo\":{\"@type\":\"ImageObject\",\"inLanguage\":\"pt-BR\",\"@id\":\"https:\/\/femergs.com.br\/wfe\/#\/schema\/logo\/image\/\",\"url\":\"https:\/\/femergs.com.br\/wfe\/wp-content\/uploads\/2025\/06\/logotipo.png\",\"contentUrl\":\"https:\/\/femergs.com.br\/wfe\/wp-content\/uploads\/2025\/06\/logotipo.png\",\"width\":500,\"height\":500,\"caption\":\"FEMERGS\"},\"image\":{\"@id\":\"https:\/\/femergs.com.br\/wfe\/#\/schema\/logo\/image\/\"},\"sameAs\":[\"https:\/\/www.facebook.com\/profile.php?id=100057151733001\",\"https:\/\/www.instagram.com\/femergs_rs\/\"]},{\"@type\":\"Person\",\"@id\":\"https:\/\/femergs.com.br\/wfe\/#\/schema\/person\/f5558e6b5ffc044ee085016237dedb7f\",\"name\":\"adminfemergs\",\"image\":{\"@type\":\"ImageObject\",\"inLanguage\":\"pt-BR\",\"@id\":\"https:\/\/femergs.com.br\/wfe\/#\/schema\/person\/image\/\",\"url\":\"https:\/\/secure.gravatar.com\/avatar\/398642fa557cdd524617ad9b31c938845f071aeb3448b9c0aeb29aefc495337b?s=96&d=mm&r=g\",\"contentUrl\":\"https:\/\/secure.gravatar.com\/avatar\/398642fa557cdd524617ad9b31c938845f071aeb3448b9c0aeb29aefc495337b?s=96&d=mm&r=g\",\"caption\":\"adminfemergs\"},\"sameAs\":[\"https:\/\/femergs.com.br\/wfe\"],\"url\":\"https:\/\/femergs.com.br\/wfe\/blog\/author\/adminfemergs\/\"}]}<\/script>\n<!-- \/ Yoast SEO plugin. -->","yoast_head_json":{"title":"FEMERGS NA LUTA POR SEUS DIREITOS EM BRAS\u00cdLIA - Federa\u00e7\u00e3o dos Municip\u00e1rios do Estado do Rio Grande do Sul","robots":{"index":"index","follow":"follow","max-snippet":"max-snippet:-1","max-image-preview":"max-image-preview:large","max-video-preview":"max-video-preview:-1"},"canonical":"https:\/\/femergs.com.br\/wfe\/blog\/femergs-na-luta-por-seus-direitos-em-brasilia\/","og_locale":"pt_BR","og_type":"article","og_title":"FEMERGS NA LUTA POR SEUS DIREITOS EM BRAS\u00cdLIA - Federa\u00e7\u00e3o dos Municip\u00e1rios do Estado do Rio Grande do Sul","og_description":"O dia 24 de maio de 2017 foi marcante e de muita luta pela Fam\u00edlia FEMERGS, que sa\u00edram do Rio Grande do Sul, com muita for\u00e7a e determina\u00e7\u00e3o de LUTAR pelos direitos, somente esse foi o objetivo, buscar em Bras\u00edlia uma resposta para cada trabalhador municipal: \u201cirei perder direitos? Irei me aposentar? Como vai ficar [&hellip;]","og_url":"https:\/\/femergs.com.br\/wfe\/blog\/femergs-na-luta-por-seus-direitos-em-brasilia\/","og_site_name":"Federa\u00e7\u00e3o dos Municip\u00e1rios do Estado do Rio Grande do Sul","article_publisher":"https:\/\/www.facebook.com\/profile.php?id=100057151733001","article_published_time":"2017-05-24T21:56:44+00:00","author":"adminfemergs","twitter_card":"summary_large_image","twitter_misc":{"Escrito por":"adminfemergs","Est. tempo de leitura":"1 minuto"},"schema":{"@context":"https:\/\/schema.org","@graph":[{"@type":"Article","@id":"https:\/\/femergs.com.br\/wfe\/blog\/femergs-na-luta-por-seus-direitos-em-brasilia\/#article","isPartOf":{"@id":"https:\/\/femergs.com.br\/wfe\/blog\/femergs-na-luta-por-seus-direitos-em-brasilia\/"},"author":{"name":"adminfemergs","@id":"https:\/\/femergs.com.br\/wfe\/#\/schema\/person\/f5558e6b5ffc044ee085016237dedb7f"},"headline":"FEMERGS NA LUTA POR SEUS DIREITOS EM BRAS\u00cdLIA","datePublished":"2017-05-24T21:56:44+00:00","mainEntityOfPage":{"@id":"https:\/\/femergs.com.br\/wfe\/blog\/femergs-na-luta-por-seus-direitos-em-brasilia\/"},"wordCount":273,"publisher":{"@id":"https:\/\/femergs.com.br\/wfe\/#organization"},"keywords":["NULL"],"articleSection":["ARQUIVADAS"],"inLanguage":"pt-BR"},{"@type":"WebPage","@id":"https:\/\/femergs.com.br\/wfe\/blog\/femergs-na-luta-por-seus-direitos-em-brasilia\/","url":"https:\/\/femergs.com.br\/wfe\/blog\/femergs-na-luta-por-seus-direitos-em-brasilia\/","name":"FEMERGS NA LUTA POR SEUS DIREITOS EM BRAS\u00cdLIA - Federa\u00e7\u00e3o dos Municip\u00e1rios do Estado do Rio Grande do Sul","isPartOf":{"@id":"https:\/\/femergs.com.br\/wfe\/#website"},"datePublished":"2017-05-24T21:56:44+00:00","breadcrumb":{"@id":"https:\/\/femergs.com.br\/wfe\/blog\/femergs-na-luta-por-seus-direitos-em-brasilia\/#breadcrumb"},"inLanguage":"pt-BR","potentialAction":[{"@type":"ReadAction","target":["https:\/\/femergs.com.br\/wfe\/blog\/femergs-na-luta-por-seus-direitos-em-brasilia\/"]}]},{"@type":"BreadcrumbList","@id":"https:\/\/femergs.com.br\/wfe\/blog\/femergs-na-luta-por-seus-direitos-em-brasilia\/#breadcrumb","itemListElement":[{"@type":"ListItem","position":1,"name":"In\u00edcio","item":"https:\/\/femergs.com.br\/wfe\/"},{"@type":"ListItem","position":2,"name":"FEMERGS NA LUTA POR SEUS DIREITOS EM BRAS\u00cdLIA"}]},{"@type":"WebSite","@id":"https:\/\/femergs.com.br\/wfe\/#website","url":"https:\/\/femergs.com.br\/wfe\/","name":"FEMERGS","description":"FEDERA\u00c7\u00c3O DOS MUNICIP\u00c1RIOS DO ESTADO DO RIO GRANDE DO SUL","publisher":{"@id":"https:\/\/femergs.com.br\/wfe\/#organization"},"potentialAction":[{"@type":"SearchAction","target":{"@type":"EntryPoint","urlTemplate":"https:\/\/femergs.com.br\/wfe\/?s={search_term_string}"},"query-input":{"@type":"PropertyValueSpecification","valueRequired":true,"valueName":"search_term_string"}}],"inLanguage":"pt-BR"},{"@type":"Organization","@id":"https:\/\/femergs.com.br\/wfe\/#organization","name":"FEMERGS","url":"https:\/\/femergs.com.br\/wfe\/","logo":{"@type":"ImageObject","inLanguage":"pt-BR","@id":"https:\/\/femergs.com.br\/wfe\/#\/schema\/logo\/image\/","url":"https:\/\/femergs.com.br\/wfe\/wp-content\/uploads\/2025\/06\/logotipo.png","contentUrl":"https:\/\/femergs.com.br\/wfe\/wp-content\/uploads\/2025\/06\/logotipo.png","width":500,"height":500,"caption":"FEMERGS"},"image":{"@id":"https:\/\/femergs.com.br\/wfe\/#\/schema\/logo\/image\/"},"sameAs":["https:\/\/www.facebook.com\/profile.php?id=100057151733001","https:\/\/www.instagram.com\/femergs_rs\/"]},{"@type":"Person","@id":"https:\/\/femergs.com.br\/wfe\/#\/schema\/person\/f5558e6b5ffc044ee085016237dedb7f","name":"adminfemergs","image":{"@type":"ImageObject","inLanguage":"pt-BR","@id":"https:\/\/femergs.com.br\/wfe\/#\/schema\/person\/image\/","url":"https:\/\/secure.gravatar.com\/avatar\/398642fa557cdd524617ad9b31c938845f071aeb3448b9c0aeb29aefc495337b?s=96&d=mm&r=g","contentUrl":"https:\/\/secure.gravatar.com\/avatar\/398642fa557cdd524617ad9b31c938845f071aeb3448b9c0aeb29aefc495337b?s=96&d=mm&r=g","caption":"adminfemergs"},"sameAs":["https:\/\/femergs.com.br\/wfe"],"url":"https:\/\/femergs.com.br\/wfe\/blog\/author\/adminfemergs\/"}]}},"uagb_featured_image_src":{"full":false,"thumbnail":false,"medium":false,"medium_large":false,"large":false,"1536x1536":false,"2048x2048":false,"ultp_layout_landscape_large":false,"ultp_layout_landscape":false,"ultp_layout_portrait":false,"ultp_layout_square":false},"uagb_author_info":{"display_name":"adminfemergs","author_link":"https:\/\/femergs.com.br\/wfe\/blog\/author\/adminfemergs\/"},"uagb_comment_info":0,"uagb_excerpt":"O dia 24 de maio de 2017 foi marcante e de muita luta pela Fam\u00edlia FEMERGS, que sa\u00edram do Rio Grande do Sul, com muita for\u00e7a e determina\u00e7\u00e3o de LUTAR pelos direitos, somente esse foi o objetivo, buscar em Bras\u00edlia uma resposta para cada trabalhador municipal: \u201cirei perder direitos? Irei me aposentar? Como vai ficar&hellip;","_links":{"self":[{"href":"https:\/\/femergs.com.br\/wfe\/wp-json\/wp\/v2\/posts\/1071","targetHints":{"allow":["GET"]}}],"collection":[{"href":"https:\/\/femergs.com.br\/wfe\/wp-json\/wp\/v2\/posts"}],"about":[{"href":"https:\/\/femergs.com.br\/wfe\/wp-json\/wp\/v2\/types\/post"}],"author":[{"embeddable":true,"href":"https:\/\/femergs.com.br\/wfe\/wp-json\/wp\/v2\/users\/1"}],"replies":[{"embeddable":true,"href":"https:\/\/femergs.com.br\/wfe\/wp-json\/wp\/v2\/comments?post=1071"}],"version-history":[{"count":0,"href":"https:\/\/femergs.com.br\/wfe\/wp-json\/wp\/v2\/posts\/1071\/revisions"}],"wp:attachment":[{"href":"https:\/\/femergs.com.br\/wfe\/wp-json\/wp\/v2\/media?parent=1071"}],"wp:term":[{"taxonomy":"category","embeddable":true,"href":"https:\/\/femergs.com.br\/wfe\/wp-json\/wp\/v2\/categories?post=1071"},{"taxonomy":"post_tag","embeddable":true,"href":"https:\/\/femergs.com.br\/wfe\/wp-json\/wp\/v2\/tags?post=1071"}],"curies":[{"name":"wp","href":"https:\/\/api.w.org\/{rel}","templated":true}]}}