{"id":1074,"date":"2017-05-29T16:10:36","date_gmt":"2017-05-29T16:10:36","guid":{"rendered":"https:\/\/femergs.com.br\/wfe\/blog\/vistas-do-presidente-a-regional-do-vale-do-rio-cai\/"},"modified":"2017-05-29T16:10:36","modified_gmt":"2017-05-29T16:10:36","slug":"vistas-do-presidente-a-regional-do-vale-do-rio-cai","status":"publish","type":"post","link":"https:\/\/femergs.com.br\/wfe\/blog\/vistas-do-presidente-a-regional-do-vale-do-rio-cai\/","title":{"rendered":"Vistas do Presidente \u00e0 Regional do Vale do Rio Cai"},"content":{"rendered":"<p>As Dire\u00e7\u00f5es dos Sindicatos da Regional do Vale do Rio Ca\u00ed receberam a vista do Presidente da<br \/>\nFEMERGS Vilson Weber, da Diretora de Forma\u00e7\u00e3o Clarice Mainardi, da Coordenadora M\u00e1rcia Brambila e do Vice-coordenador Vinicius nos dias 18 e 19 de maio. O objetivo da visita foi de apresentar a FEMERGS \u00e0s dire\u00e7\u00f5es dos sindicatos e alertar a categoria para as propostas de Reforma da Previd\u00eancia e da Legisla\u00e7\u00e3o Trabalhista.<br \/>\nOutro momento importante da visita foi a entrevista em v\u00e1rias r\u00e1dios e jornais da regi\u00e3o.<br \/>\nNossa regi\u00e3o sentiu-se honrada em poder apresentar a FEMERGS, bem como suas a\u00e7\u00f5es e seus trabalhos para com os trabalhadores da base.Tamb\u00e9m falou-se sobre o momento atual, com essas mudan\u00e7as impostas que atendem somente aos interesses dos grandes empres\u00e1rios.<br \/>\nEm destaque registros de entrevistas na r\u00e1dio Vale Feliz FM, na R\u00e1dio Am\u00e9rcia de Montenegro, na R\u00e1dio Progresso em Montenegro e da dire\u00e7\u00e3o do sindicato de Harmonia.<\/p>\n","protected":false},"excerpt":{"rendered":"<p>As Dire\u00e7\u00f5es dos Sindicatos da Regional do Vale do Rio Ca\u00ed receberam a vista do Presidente da FEMERGS Vilson Weber, da Diretora de Forma\u00e7\u00e3o Clarice Mainardi, da Coordenadora M\u00e1rcia Brambila e do Vice-coordenador Vinicius nos dias 18 e 19 de maio. O objetivo da visita foi de apresentar a FEMERGS \u00e0s dire\u00e7\u00f5es dos sindicatos e [&hellip;]<\/p>\n","protected":false},"author":1,"featured_media":0,"comment_status":"closed","ping_status":"closed","sticky":false,"template":"","format":"standard","meta":{"_eb_attr":"","_uag_custom_page_level_css":"","fifu_image_url":"","fifu_image_alt":"","footnotes":""},"categories":[1],"tags":[32],"class_list":["post-1074","post","type-post","status-publish","format-standard","hentry","category-arquivadas","tag-null"],"yoast_head":"<!-- This site is optimized with the Yoast SEO plugin v27.1.1 - https:\/\/yoast.com\/product\/yoast-seo-wordpress\/ -->\n<title>Vistas do Presidente \u00e0 Regional do Vale do Rio Cai - Federa\u00e7\u00e3o dos Municip\u00e1rios do Estado do Rio Grande do Sul<\/title>\n<meta name=\"robots\" content=\"index, follow, max-snippet:-1, max-image-preview:large, max-video-preview:-1\" \/>\n<link rel=\"canonical\" href=\"https:\/\/femergs.com.br\/wfe\/blog\/vistas-do-presidente-a-regional-do-vale-do-rio-cai\/\" \/>\n<meta property=\"og:locale\" content=\"pt_BR\" \/>\n<meta property=\"og:type\" content=\"article\" \/>\n<meta property=\"og:title\" content=\"Vistas do Presidente \u00e0 Regional do Vale do Rio Cai - Federa\u00e7\u00e3o dos Municip\u00e1rios do Estado do Rio Grande do Sul\" \/>\n<meta property=\"og:description\" content=\"As Dire\u00e7\u00f5es dos Sindicatos da Regional do Vale do Rio Ca\u00ed receberam a vista do Presidente da FEMERGS Vilson Weber, da Diretora de Forma\u00e7\u00e3o Clarice Mainardi, da Coordenadora M\u00e1rcia Brambila e do Vice-coordenador Vinicius nos dias 18 e 19 de maio. O objetivo da visita foi de apresentar a FEMERGS \u00e0s dire\u00e7\u00f5es dos sindicatos e [&hellip;]\" \/>\n<meta property=\"og:url\" content=\"https:\/\/femergs.com.br\/wfe\/blog\/vistas-do-presidente-a-regional-do-vale-do-rio-cai\/\" \/>\n<meta property=\"og:site_name\" content=\"Federa\u00e7\u00e3o dos Municip\u00e1rios do Estado do Rio Grande do Sul\" \/>\n<meta property=\"article:publisher\" content=\"https:\/\/www.facebook.com\/profile.php?id=100057151733001\" \/>\n<meta property=\"article:published_time\" content=\"2017-05-29T16:10:36+00:00\" \/>\n<meta name=\"author\" content=\"adminfemergs\" \/>\n<meta name=\"twitter:card\" content=\"summary_large_image\" \/>\n<meta name=\"twitter:label1\" content=\"Escrito por\" \/>\n\t<meta name=\"twitter:data1\" content=\"adminfemergs\" \/>\n\t<meta name=\"twitter:label2\" content=\"Est. tempo de leitura\" \/>\n\t<meta name=\"twitter:data2\" content=\"1 minuto\" \/>\n<script type=\"application\/ld+json\" class=\"yoast-schema-graph\">{\"@context\":\"https:\/\/schema.org\",\"@graph\":[{\"@type\":\"Article\",\"@id\":\"https:\/\/femergs.com.br\/wfe\/blog\/vistas-do-presidente-a-regional-do-vale-do-rio-cai\/#article\",\"isPartOf\":{\"@id\":\"https:\/\/femergs.com.br\/wfe\/blog\/vistas-do-presidente-a-regional-do-vale-do-rio-cai\/\"},\"author\":{\"name\":\"adminfemergs\",\"@id\":\"https:\/\/femergs.com.br\/wfe\/#\/schema\/person\/f5558e6b5ffc044ee085016237dedb7f\"},\"headline\":\"Vistas do Presidente \u00e0 Regional do Vale do Rio Cai\",\"datePublished\":\"2017-05-29T16:10:36+00:00\",\"mainEntityOfPage\":{\"@id\":\"https:\/\/femergs.com.br\/wfe\/blog\/vistas-do-presidente-a-regional-do-vale-do-rio-cai\/\"},\"wordCount\":177,\"publisher\":{\"@id\":\"https:\/\/femergs.com.br\/wfe\/#organization\"},\"keywords\":[\"NULL\"],\"articleSection\":[\"ARQUIVADAS\"],\"inLanguage\":\"pt-BR\"},{\"@type\":\"WebPage\",\"@id\":\"https:\/\/femergs.com.br\/wfe\/blog\/vistas-do-presidente-a-regional-do-vale-do-rio-cai\/\",\"url\":\"https:\/\/femergs.com.br\/wfe\/blog\/vistas-do-presidente-a-regional-do-vale-do-rio-cai\/\",\"name\":\"Vistas do Presidente \u00e0 Regional do Vale do Rio Cai - Federa\u00e7\u00e3o dos Municip\u00e1rios do Estado do Rio Grande do Sul\",\"isPartOf\":{\"@id\":\"https:\/\/femergs.com.br\/wfe\/#website\"},\"datePublished\":\"2017-05-29T16:10:36+00:00\",\"breadcrumb\":{\"@id\":\"https:\/\/femergs.com.br\/wfe\/blog\/vistas-do-presidente-a-regional-do-vale-do-rio-cai\/#breadcrumb\"},\"inLanguage\":\"pt-BR\",\"potentialAction\":[{\"@type\":\"ReadAction\",\"target\":[\"https:\/\/femergs.com.br\/wfe\/blog\/vistas-do-presidente-a-regional-do-vale-do-rio-cai\/\"]}]},{\"@type\":\"BreadcrumbList\",\"@id\":\"https:\/\/femergs.com.br\/wfe\/blog\/vistas-do-presidente-a-regional-do-vale-do-rio-cai\/#breadcrumb\",\"itemListElement\":[{\"@type\":\"ListItem\",\"position\":1,\"name\":\"In\u00edcio\",\"item\":\"https:\/\/femergs.com.br\/wfe\/\"},{\"@type\":\"ListItem\",\"position\":2,\"name\":\"Vistas do Presidente \u00e0 Regional do Vale do Rio Cai\"}]},{\"@type\":\"WebSite\",\"@id\":\"https:\/\/femergs.com.br\/wfe\/#website\",\"url\":\"https:\/\/femergs.com.br\/wfe\/\",\"name\":\"FEMERGS\",\"description\":\"FEDERA\u00c7\u00c3O DOS MUNICIP\u00c1RIOS DO ESTADO DO RIO GRANDE DO SUL\",\"publisher\":{\"@id\":\"https:\/\/femergs.com.br\/wfe\/#organization\"},\"potentialAction\":[{\"@type\":\"SearchAction\",\"target\":{\"@type\":\"EntryPoint\",\"urlTemplate\":\"https:\/\/femergs.com.br\/wfe\/?s={search_term_string}\"},\"query-input\":{\"@type\":\"PropertyValueSpecification\",\"valueRequired\":true,\"valueName\":\"search_term_string\"}}],\"inLanguage\":\"pt-BR\"},{\"@type\":\"Organization\",\"@id\":\"https:\/\/femergs.com.br\/wfe\/#organization\",\"name\":\"FEMERGS\",\"url\":\"https:\/\/femergs.com.br\/wfe\/\",\"logo\":{\"@type\":\"ImageObject\",\"inLanguage\":\"pt-BR\",\"@id\":\"https:\/\/femergs.com.br\/wfe\/#\/schema\/logo\/image\/\",\"url\":\"https:\/\/femergs.com.br\/wfe\/wp-content\/uploads\/2025\/06\/logotipo.png\",\"contentUrl\":\"https:\/\/femergs.com.br\/wfe\/wp-content\/uploads\/2025\/06\/logotipo.png\",\"width\":500,\"height\":500,\"caption\":\"FEMERGS\"},\"image\":{\"@id\":\"https:\/\/femergs.com.br\/wfe\/#\/schema\/logo\/image\/\"},\"sameAs\":[\"https:\/\/www.facebook.com\/profile.php?id=100057151733001\",\"https:\/\/www.instagram.com\/femergs_rs\/\"]},{\"@type\":\"Person\",\"@id\":\"https:\/\/femergs.com.br\/wfe\/#\/schema\/person\/f5558e6b5ffc044ee085016237dedb7f\",\"name\":\"adminfemergs\",\"image\":{\"@type\":\"ImageObject\",\"inLanguage\":\"pt-BR\",\"@id\":\"https:\/\/femergs.com.br\/wfe\/#\/schema\/person\/image\/\",\"url\":\"https:\/\/secure.gravatar.com\/avatar\/398642fa557cdd524617ad9b31c938845f071aeb3448b9c0aeb29aefc495337b?s=96&d=mm&r=g\",\"contentUrl\":\"https:\/\/secure.gravatar.com\/avatar\/398642fa557cdd524617ad9b31c938845f071aeb3448b9c0aeb29aefc495337b?s=96&d=mm&r=g\",\"caption\":\"adminfemergs\"},\"sameAs\":[\"https:\/\/femergs.com.br\/wfe\"],\"url\":\"https:\/\/femergs.com.br\/wfe\/blog\/author\/adminfemergs\/\"}]}<\/script>\n<!-- \/ Yoast SEO plugin. -->","yoast_head_json":{"title":"Vistas do Presidente \u00e0 Regional do Vale do Rio Cai - Federa\u00e7\u00e3o dos Municip\u00e1rios do Estado do Rio Grande do Sul","robots":{"index":"index","follow":"follow","max-snippet":"max-snippet:-1","max-image-preview":"max-image-preview:large","max-video-preview":"max-video-preview:-1"},"canonical":"https:\/\/femergs.com.br\/wfe\/blog\/vistas-do-presidente-a-regional-do-vale-do-rio-cai\/","og_locale":"pt_BR","og_type":"article","og_title":"Vistas do Presidente \u00e0 Regional do Vale do Rio Cai - Federa\u00e7\u00e3o dos Municip\u00e1rios do Estado do Rio Grande do Sul","og_description":"As Dire\u00e7\u00f5es dos Sindicatos da Regional do Vale do Rio Ca\u00ed receberam a vista do Presidente da FEMERGS Vilson Weber, da Diretora de Forma\u00e7\u00e3o Clarice Mainardi, da Coordenadora M\u00e1rcia Brambila e do Vice-coordenador Vinicius nos dias 18 e 19 de maio. O objetivo da visita foi de apresentar a FEMERGS \u00e0s dire\u00e7\u00f5es dos sindicatos e [&hellip;]","og_url":"https:\/\/femergs.com.br\/wfe\/blog\/vistas-do-presidente-a-regional-do-vale-do-rio-cai\/","og_site_name":"Federa\u00e7\u00e3o dos Municip\u00e1rios do Estado do Rio Grande do Sul","article_publisher":"https:\/\/www.facebook.com\/profile.php?id=100057151733001","article_published_time":"2017-05-29T16:10:36+00:00","author":"adminfemergs","twitter_card":"summary_large_image","twitter_misc":{"Escrito por":"adminfemergs","Est. tempo de leitura":"1 minuto"},"schema":{"@context":"https:\/\/schema.org","@graph":[{"@type":"Article","@id":"https:\/\/femergs.com.br\/wfe\/blog\/vistas-do-presidente-a-regional-do-vale-do-rio-cai\/#article","isPartOf":{"@id":"https:\/\/femergs.com.br\/wfe\/blog\/vistas-do-presidente-a-regional-do-vale-do-rio-cai\/"},"author":{"name":"adminfemergs","@id":"https:\/\/femergs.com.br\/wfe\/#\/schema\/person\/f5558e6b5ffc044ee085016237dedb7f"},"headline":"Vistas do Presidente \u00e0 Regional do Vale do Rio Cai","datePublished":"2017-05-29T16:10:36+00:00","mainEntityOfPage":{"@id":"https:\/\/femergs.com.br\/wfe\/blog\/vistas-do-presidente-a-regional-do-vale-do-rio-cai\/"},"wordCount":177,"publisher":{"@id":"https:\/\/femergs.com.br\/wfe\/#organization"},"keywords":["NULL"],"articleSection":["ARQUIVADAS"],"inLanguage":"pt-BR"},{"@type":"WebPage","@id":"https:\/\/femergs.com.br\/wfe\/blog\/vistas-do-presidente-a-regional-do-vale-do-rio-cai\/","url":"https:\/\/femergs.com.br\/wfe\/blog\/vistas-do-presidente-a-regional-do-vale-do-rio-cai\/","name":"Vistas do Presidente \u00e0 Regional do Vale do Rio Cai - Federa\u00e7\u00e3o dos Municip\u00e1rios do Estado do Rio Grande do Sul","isPartOf":{"@id":"https:\/\/femergs.com.br\/wfe\/#website"},"datePublished":"2017-05-29T16:10:36+00:00","breadcrumb":{"@id":"https:\/\/femergs.com.br\/wfe\/blog\/vistas-do-presidente-a-regional-do-vale-do-rio-cai\/#breadcrumb"},"inLanguage":"pt-BR","potentialAction":[{"@type":"ReadAction","target":["https:\/\/femergs.com.br\/wfe\/blog\/vistas-do-presidente-a-regional-do-vale-do-rio-cai\/"]}]},{"@type":"BreadcrumbList","@id":"https:\/\/femergs.com.br\/wfe\/blog\/vistas-do-presidente-a-regional-do-vale-do-rio-cai\/#breadcrumb","itemListElement":[{"@type":"ListItem","position":1,"name":"In\u00edcio","item":"https:\/\/femergs.com.br\/wfe\/"},{"@type":"ListItem","position":2,"name":"Vistas do Presidente \u00e0 Regional do Vale do Rio Cai"}]},{"@type":"WebSite","@id":"https:\/\/femergs.com.br\/wfe\/#website","url":"https:\/\/femergs.com.br\/wfe\/","name":"FEMERGS","description":"FEDERA\u00c7\u00c3O DOS MUNICIP\u00c1RIOS DO ESTADO DO RIO GRANDE DO SUL","publisher":{"@id":"https:\/\/femergs.com.br\/wfe\/#organization"},"potentialAction":[{"@type":"SearchAction","target":{"@type":"EntryPoint","urlTemplate":"https:\/\/femergs.com.br\/wfe\/?s={search_term_string}"},"query-input":{"@type":"PropertyValueSpecification","valueRequired":true,"valueName":"search_term_string"}}],"inLanguage":"pt-BR"},{"@type":"Organization","@id":"https:\/\/femergs.com.br\/wfe\/#organization","name":"FEMERGS","url":"https:\/\/femergs.com.br\/wfe\/","logo":{"@type":"ImageObject","inLanguage":"pt-BR","@id":"https:\/\/femergs.com.br\/wfe\/#\/schema\/logo\/image\/","url":"https:\/\/femergs.com.br\/wfe\/wp-content\/uploads\/2025\/06\/logotipo.png","contentUrl":"https:\/\/femergs.com.br\/wfe\/wp-content\/uploads\/2025\/06\/logotipo.png","width":500,"height":500,"caption":"FEMERGS"},"image":{"@id":"https:\/\/femergs.com.br\/wfe\/#\/schema\/logo\/image\/"},"sameAs":["https:\/\/www.facebook.com\/profile.php?id=100057151733001","https:\/\/www.instagram.com\/femergs_rs\/"]},{"@type":"Person","@id":"https:\/\/femergs.com.br\/wfe\/#\/schema\/person\/f5558e6b5ffc044ee085016237dedb7f","name":"adminfemergs","image":{"@type":"ImageObject","inLanguage":"pt-BR","@id":"https:\/\/femergs.com.br\/wfe\/#\/schema\/person\/image\/","url":"https:\/\/secure.gravatar.com\/avatar\/398642fa557cdd524617ad9b31c938845f071aeb3448b9c0aeb29aefc495337b?s=96&d=mm&r=g","contentUrl":"https:\/\/secure.gravatar.com\/avatar\/398642fa557cdd524617ad9b31c938845f071aeb3448b9c0aeb29aefc495337b?s=96&d=mm&r=g","caption":"adminfemergs"},"sameAs":["https:\/\/femergs.com.br\/wfe"],"url":"https:\/\/femergs.com.br\/wfe\/blog\/author\/adminfemergs\/"}]}},"uagb_featured_image_src":{"full":false,"thumbnail":false,"medium":false,"medium_large":false,"large":false,"1536x1536":false,"2048x2048":false,"ultp_layout_landscape_large":false,"ultp_layout_landscape":false,"ultp_layout_portrait":false,"ultp_layout_square":false},"uagb_author_info":{"display_name":"adminfemergs","author_link":"https:\/\/femergs.com.br\/wfe\/blog\/author\/adminfemergs\/"},"uagb_comment_info":0,"uagb_excerpt":"As Dire\u00e7\u00f5es dos Sindicatos da Regional do Vale do Rio Ca\u00ed receberam a vista do Presidente da FEMERGS Vilson Weber, da Diretora de Forma\u00e7\u00e3o Clarice Mainardi, da Coordenadora M\u00e1rcia Brambila e do Vice-coordenador Vinicius nos dias 18 e 19 de maio. O objetivo da visita foi de apresentar a FEMERGS \u00e0s dire\u00e7\u00f5es dos sindicatos e&hellip;","_links":{"self":[{"href":"https:\/\/femergs.com.br\/wfe\/wp-json\/wp\/v2\/posts\/1074","targetHints":{"allow":["GET"]}}],"collection":[{"href":"https:\/\/femergs.com.br\/wfe\/wp-json\/wp\/v2\/posts"}],"about":[{"href":"https:\/\/femergs.com.br\/wfe\/wp-json\/wp\/v2\/types\/post"}],"author":[{"embeddable":true,"href":"https:\/\/femergs.com.br\/wfe\/wp-json\/wp\/v2\/users\/1"}],"replies":[{"embeddable":true,"href":"https:\/\/femergs.com.br\/wfe\/wp-json\/wp\/v2\/comments?post=1074"}],"version-history":[{"count":0,"href":"https:\/\/femergs.com.br\/wfe\/wp-json\/wp\/v2\/posts\/1074\/revisions"}],"wp:attachment":[{"href":"https:\/\/femergs.com.br\/wfe\/wp-json\/wp\/v2\/media?parent=1074"}],"wp:term":[{"taxonomy":"category","embeddable":true,"href":"https:\/\/femergs.com.br\/wfe\/wp-json\/wp\/v2\/categories?post=1074"},{"taxonomy":"post_tag","embeddable":true,"href":"https:\/\/femergs.com.br\/wfe\/wp-json\/wp\/v2\/tags?post=1074"}],"curies":[{"name":"wp","href":"https:\/\/api.w.org\/{rel}","templated":true}]}}