{"id":1075,"date":"2017-06-03T22:33:44","date_gmt":"2017-06-03T22:33:44","guid":{"rendered":"https:\/\/femergs.com.br\/wfe\/blog\/ocupa-brasilia-depoimentos-emocoes-e-muita-luta\/"},"modified":"2017-06-03T22:33:44","modified_gmt":"2017-06-03T22:33:44","slug":"ocupa-brasilia-depoimentos-emocoes-e-muita-luta","status":"publish","type":"post","link":"https:\/\/femergs.com.br\/wfe\/blog\/ocupa-brasilia-depoimentos-emocoes-e-muita-luta\/","title":{"rendered":"&#8220;OCUPA BRASILIA&#8221; DEPOIMENTOS, EMO\u00c7\u00d5ES E MUITA LUTA"},"content":{"rendered":"<p>\n<strong><u><span style=\"background-color:#FFA07A\">IVONEI CLAUDIO F\u00c3O<\/span><\/u><br \/>\nO Convite<\/strong><br \/>\nLogo ap\u00f3s a greve geral do dia 28 de Abril, as Centrais Sindicais, movimentos sociais, Confedera\u00e7\u00f5es, Federa\u00e7\u00f5es, Sindicatos e demais entidades representativas decidiram dar continuidade a pauta de lutas em defesa dos direitos dos trabalhadores, contra a Reforma Trabalhista e a Reforma da Previd\u00eancia. Al\u00e9m de intensificar a press\u00e3o contra os Deputados e Senadores, buscou-se tamb\u00e9m o fortalecimento da discuss\u00e3o nas bases entre os trabalhadores e definiu-se como o dia \u201cD\u201d das mobiliza\u00e7\u00f5es em 24 de Maio na cidade de Bras\u00edlia, como forma de unir as classes trabalhadoras de todo o Pais na Capital Federal, para demonstrar a vontade popular em barrar as reformas, isso ainda em 04 ou 05 de Maio, antes do esc\u00e2ndalo da JBS e toda a sua repercuss\u00e3o que ainda estremece o Planalto, j\u00e1 havia nascido o movimento \u201cOcupa Bras\u00edlia\u201d.<br \/>\n<strong>A organiza\u00e7\u00e3o<\/strong><br \/>\nN\u00f3s como Sindicatos de Servidores Municipais, somos filiados a Federa\u00e7\u00e3o dos Municip\u00e1rios do Estado do Rio Grande do Sul \u2013 FEMERGS, entidade representativa em segundo grau dos trabalhadores municipais, abrangendo atualmente cerca de 300 Sindicatos, onde al\u00e9m de sua Dire\u00e7\u00e3o Executiva existe a subdivis\u00e3o em Coordenadorias Regionais, sendo que cada uma compreende uma regi\u00e3o do Estado com seu Coordenador, Vice-Coordenador e Secret\u00e1rio, buscando ofertar a todas as entidades de base, apoio t\u00e9cnico e jur\u00eddico no que tange a realiza\u00e7\u00e3o de Assembleias, mesas de negocia\u00e7\u00f5es salariais, elei\u00e7\u00f5es sindicais, enfim, auxiliar no fortalecimento das institui\u00e7\u00f5es com suporte te\u00f3rico necess\u00e1rio pra o enfrentamento e garantia dos direitos dos trabalhadores municipais.<br \/>\n<strong>A caravana<\/strong><br \/>\nBuscando ativamente fazer parte desta hist\u00f3ria, a FEMERGS lan\u00e7ou o desafio de formar uma caravana estadual unindo seus Diretores, Coordenadores Regionais e Sindicatos de base para juntos marcarmos presen\u00e7a no movimento Ocupa Bras\u00edlia, levando a bandeira dos municip\u00e1rios para juntar-se a luta das demais categorias, partindo de \u00f4nibus fretado percorrendo o Estado e recolhendo passageiros nos ponto de encontro at\u00e9 a cidade de Porto Alegre, \u00faltima parada antes do in\u00edcio da jornada de aproximadamente 36 horas de viagem at\u00e9 a Capital Federal.<br \/>\n<strong>Os preparativos<\/strong><br \/>\nAceitando o desafio como Coordenador Regional dos munic\u00edpios da Zona da Produ\u00e7\u00e3o, realizei o contato com meus 22 Sindicatos de abrang\u00eancia, buscando divulgar a iniciativa e agregar seguidores como representantes de suas entidades de origem, sabendo da dificuldade que seria juntar um grande n\u00famero, tendo em vista o tempo necess\u00e1rio para o deslocamento em torno de 05 dias entre a ida e a volta, o que dificulta a ades\u00e3o que muitas vezes depende al\u00e9m da quest\u00e3o financeira, da libera\u00e7\u00e3o dos trabalhadores em seus locais de trabalho. Na sexta-feira \u00e0 noite encerrei minha lista com 01 representante da cidade de Novo Barreiro: Deoclesio Rossetto, 02 representantes da cidade de Cerro Grande: Jo\u00e3o Carlos Binello Broco e Elsio Antunes de Souza, 02 representantes da cidade de Frederico Westphalen: Onir do Amaral e Valnei Rubert.<br \/>\n<strong>A partida<\/strong><br \/>\nNosso \u00f4nibus partiu da cidade de Santa Rosa, seguindo por Santo \u00c2ngelo, Iju\u00ed, Coronel Bicaco, Palmeira das Miss\u00f5es, Sarandi, Carazinho, at\u00e9 Porto Alegre, totalizando 28 munic\u00edpios representados entre seus 46 passageiros, sendo eles: Almirante Tamandar\u00e9 Do Sul, Alto Feliz, Balne\u00e1rio Pinhal, Bento Gon\u00e7alves, Camaqu\u00e3, Campinas do Sul, Campo Novo, Cangu\u00e7u, Cap\u00e3o da Canoa, Caxias do Sul, Cerro Grande, Charqueadas, Encruzilhada do Sul, Frederico Westphalen, Humait\u00e1, Iju\u00ed, J\u00f3ia, Machadinho, Mariana Pimentel, Maximiliano de Almeida, Miragua\u00ed, Nova Esperan\u00e7a do Sul, Novo Barreiro, Pinheiro Machado, Pont\u00e3o, Santa Cruz do Sul, Santa Vitoria do Palmar e Tenente Portela. Sendo necess\u00e1rio inclusive a compra de 10 lugares em outro \u00f4nibus para n\u00e3o deixar de fora ningu\u00e9m que gostaria de participar, ficando desta forma nossa caravana dividida em dois ve\u00edculos mas unidos no mesmo ideal.<br \/>\nCom o fechamento da lista do \u00f4nibus, criamos um Grupo no WhatsApp para facilitar a troca de informa\u00e7\u00f5es e finalizar as \u00faltimas tratativas antes do t\u00e3o esperado 22 de Maio, data da partida.<br \/>\nComo j\u00e1 havia participado de outras mobiliza\u00e7\u00f5es, como as de Dezembro em Porto Alegre, tinha a experi\u00eancia de que em grandes concentra\u00e7\u00f5es de pessoas geralmente a pol\u00edcia ou tropa de choque se utiliza das bombas de g\u00e1s lacrimog\u00eaneo, bombas de efeito moral e balas de borracha para dispersar a multid\u00e3o, o que me causou preocupa\u00e7\u00e3o principalmente na quest\u00e3o do g\u00e1s pois sou asm\u00e1tico de carteirinha e n\u00e3o saio de casa sem os meus sprays de medicamento. Desta forma procurei no com\u00e9rcio local m\u00e1scaras de carv\u00e3o ativado pois havia estudado que seriam as recomendadas no caso de contato com o g\u00e1s e atrav\u00e9s do grupo externei minha preocupa\u00e7\u00e3o e me propus a adquirir por encomenda para os demais colegas que preferissem, sendo que acabei incluindo em minha mala uma caixa com 15 unidades e mais um \u00f3culos de prote\u00e7\u00e3o com el\u00e1stico para proteger o meu \u00f3culos de grau que uso.<br \/>\n<strong>A estrada<\/strong><br \/>\nBom, na estrada n\u00e3o faltou momentos de integra\u00e7\u00e3o pois eram muitos munic\u00edpios com realidades diferentes, todos querendo trocar experi\u00eancias sobre suas realidades locais, j\u00e1 outros curtindo um filminho comprado as pressas nos pontos de parada, alguns passando o tempo na sala de jogos e rolou at\u00e9 um ensaio geral para nosso Hino da mobiliza\u00e7\u00e3o, uma par\u00f3dia que fiz sobre uma m\u00fasica do Raul Seixas onde ele alerta o \u201dPedro\u201d sobre sua dificuldade de se aposentar com a Reforma da Previd\u00eancia (a galera de Iju\u00ed disponibilizou o v\u00eddeo do ensaio no youtube com o t\u00edtulo 2- Hino &#8220;Ocupa Bras\u00edlia&#8221;).<br \/>\nTamb\u00e9m nos acompanhava a preocupa\u00e7\u00e3o de mantermos informadas nossas fam\u00edlias mesmo com a dificuldade de sinal de celular e n\u00e3o era surpresa algu\u00e9m gritar \u201cOnde a gente t\u00e1?\u201d, pois a maioria era iniciante nessa hist\u00f3ria de chegar at\u00e9 Bras\u00edlia de Bus\u00e3o.<br \/>\nConforme articula\u00e7\u00e3o pr\u00e9via, cada um levou algo para compartilhar pois sab\u00edamos que na estrada n\u00e3o haveria hora e local definido para refei\u00e7\u00f5es, como por exemplo o queijo e os salames que levamos de Frederico para juntar com as cucas, bolachas, salgadinhos e at\u00e9 pepino em conserva para o picadinho. Tudo sem frescura pois est\u00e1vamos entre amigos e colegas que sabem da realidade do servi\u00e7o p\u00fablico, onde ningu\u00e9m fica rico, mas aprende a ter o jogo de cintura necess\u00e1rio para sustentar sua fam\u00edlia com o orgulho de seu trabalho no dia-a-dia.<br \/>\n<strong>A chegada<\/strong><br \/>\nUma das ang\u00fastias que nos acompanhava era a previs\u00e3o da chegada em Bras\u00edlia, pois foi necess\u00e1rio algumas mudan\u00e7as na rota inicial e para recuperar o tempo perdido em algumas paradas precisamos orientar os passageiros que n\u00e3o haveria tempo suficiente para tomar banho e fazer as refei\u00e7\u00f5es, sendo necess\u00e1rio optar por tomar um banho e pegar um lanche para comer no \u00f4nibus ou comer algo mais elaborado como um buf\u00ea livre e cortar o banho.<br \/>\nO mist\u00e9rio acabou as 05:30 de quarta-feira, quando acordamos em Bras\u00edlia com o \u00f4nibus manobrando no Est\u00e1dio Man\u00e9 Garrincha, ponto de encontro de todas as caravanas oriundas das mais variadas origens de nosso pa\u00eds, e aos poucos fomos tentando nos organizar para o dia que estava come\u00e7ando cheio de promessas e incertezas.<br \/>\n<strong>A integra\u00e7\u00e3o<\/strong><br \/>\nLogo encontramos o outro \u00f4nibus com o restante da delega\u00e7\u00e3o da FEMERGS que havia chegado antes e foram nos ambientalizando com as dificuldades de se encontrar algo para o caf\u00e9 da manh\u00e3 e principalmente conseguir um banheiro descente, pois os banheiros qu\u00edmicos eram insuficientes e j\u00e1 demonstravam sinais de sobrecarga de uso devido ao grande n\u00famero de pessoas.<br \/>\nEnquanto rolava uma roda de samba onde puxei pela \u00faltima vez nossa par\u00f3dia para aquecer, outros aproveitavam para organizar nossos materiais de divulga\u00e7\u00e3o como os banners, faixas e bandeirinhas que hav\u00edamos preparado para a mobiliza\u00e7\u00e3o, ao mesmo tempo que alguns cevavam o tradicional chimarr\u00e3o matinal, espantados com a fila de \u00f4nibus que n\u00e3o paravam de chegar trazendo consigo representantes das mais variadas entidades que logo se juntavam para fotografias que eternizariam este dia hist\u00f3rico.<br \/>\nDepois de organizados fizemos a primeira caminhada em grupo, onde a maioria vestia a camiseta azul da Federa\u00e7\u00e3o e levava consigo as bandeirinhas que hav\u00edamos preparado, momento que circulamos entre as demais caravanas e fomos at\u00e9 a Torre de TV de Bras\u00edlia, tradicional ponto tur\u00edstico, para mostrar a Capital Federal aos novatos e fotografar o grupo para posteridade.<br \/>\nNo retorno da caminhada, nos dividimos procurando algo para comer na feira de vendedores ambulantes que ofereciam cachorro-quente, pastel, espetinho de gato e at\u00e9 cacha\u00e7a para os apreciadores, sendo que escolhi com meus colegas de Frederico um cachorro-quente para iniciarmos o dia, sem sabermos o que nos esperava.<br \/>\nO tempo ia passando e devido a informa\u00e7\u00f5es desencontradas entre os organizadores n\u00e3o sab\u00edamos ao certo o hor\u00e1rio de inicio da mobiliza\u00e7\u00e3o, o que nos levou a optarmos pela caminhada at\u00e9 o shopping mais pr\u00f3ximo em busca de banheiros limpos e comida mais refor\u00e7ada para nos sustentar na jornada imprevista at\u00e9 aquele momento, quase 10 horas da manh\u00e3 na Capital Federal.<br \/>\n<strong>A marcha<\/strong><br \/>\nDepois de suprida as necessidades b\u00e1sicas, refor\u00e7adas com uma por\u00e7\u00e3o de feij\u00e3o e arroz com ovo frito, retornamos para o ponto de concentra\u00e7\u00e3o no Est\u00e1dio Man\u00e9 Garrincha, onde os carros de som das Centrais Sindicais disputavam nossa aten\u00e7\u00e3o no bonito duelo de discursos em alto falantes que tentavam superar uns aos outros, at\u00e9 que os mesmos se uniram ao anunciar o in\u00edcio da marcha pela Esplanada dos Minist\u00e9rios as 12 horas, gerando corre-corre entre os participantes que tentavam se juntar para seu local de partida, como em um desfile c\u00edvico que ordena seus integrantes por cores e bandeiras em um festival de representatividade, onde todos se orgulham em ocupar o seu espa\u00e7o e levantar mais alto o seu estandarte nesta demonstra\u00e7\u00e3o pura de democracia, onde todos tem a sua vez independente de origem e quantidade.<br \/>\nNos agrupamos como uma mancha azul esperando nossa oportunidade que logo veio e confiantes entramos na avenida com nossas faixas e bandeirinhas verdes, vermelhas e amarelas (as cores do Rio Grande e da Federa\u00e7\u00e3o), liderados por nosso incans\u00e1vel Presidente Vilson Weber que veio l\u00e1 de Santo Cristo para amarar no pesco\u00e7o a bandeira branca da FEMERGS, somando com uma bandeira do Brasil trazida por um colega de Bento Gon\u00e7alves e a minha do Rio Grande do Sul, velha companheira de muitas jornadas.<br \/>\nSeguimos em meio a multid\u00e3o sob o sol escaldante e nos alegr\u00e1vamos ao olharmos para frente e para tr\u00e1s, sem conseguirmos enxergar o in\u00edcio e o fim da multid\u00e3o que caminhava entre os caminh\u00f5es que nos acompanhavam, onde discursos acalorados se sucediam e nos incentivavam a prosseguir, ressaltando a import\u00e2ncia da uni\u00e3o dos trabalhadores contra as reformas que nos amea\u00e7am e s\u00e3o conduzidas por uma classe pol\u00edtica enraizada na corrup\u00e7\u00e3o, chefiados por um Presidente acusado em dela\u00e7\u00f5es premiadas que n\u00e3o se afasta do poder, nos levando a concluir que os mesmos j\u00e1 n\u00e3o mais nos representam.<br \/>\n<strong>A invas\u00e3o<\/strong><br \/>\nAp\u00f3s mais de uma hora de caminhada, chegamos ao cord\u00e3o de isolamento da pol\u00edcia do Distrito Federal, a qual nos revistou as bolsas, mochilas e pertences e solicitou a retirada de quaisquer madeiras que sustentavam nossas faixas e bandeiras por quest\u00f5es de seguran\u00e7a, no que prontamente atendemos para seguir a caminhada pois nada possu\u00edamos que n\u00e3o fosse necess\u00e1rio para demonstrar pacificamente nosso intuito naquele momento.<br \/>\nAlguns metros a frente nos agrupamos a sombra das \u00e1rvores pois beirava as 14 horas e o sol nos castigava, principalmente os mais idosos de nossa comitiva, os quais seguramente ultrapassavam os sessenta, setenta anos de caminhada sindical e nos causava especial esmero por seu bem estar.<br \/>\nEis que fomos surpreendidos por murmurinhos que anunciavam a chegada de um grupo mais audacioso, o qual com seu caminh\u00e3o de som furou a barreira policial e abriu caminho para um grande grupo que o seguia, estes caracterizados com m\u00e1scaras, bandanas e camisetas encobrindo o rosto, em ritmo mais acelerado passando por entre a multid\u00e3o que olhava perplexa seus escudos de madeira, peda\u00e7os e pau e pedras que traziam nas m\u00e3os, demonstrando claramente a inten\u00e7\u00e3o de uma atitude mais dr\u00e1stica e contrastante dos demais manifestantes que assim como eu tentavam entender o que estava acontecendo.<br \/>\n<strong>A ang\u00fastia<\/strong><br \/>\nNeste momento inesperado onde est\u00e1vamos a alguns metros de vis\u00e3o da rampa do Congresso Nacional, nos entreolhamos pois sab\u00edamos que a calmaria n\u00e3o iria perdurar e preocupado j\u00e1 fui colocando minha m\u00e1scara e orientando os colegas mais pr\u00f3ximos a fazer o mesmo pois pressentia que logo ir\u00edamos necessitar de abrigo, o que n\u00e3o demorou a acontecer pois logo uma bomba de g\u00e1s lacrimog\u00eaneo estourava em nossa frente, for\u00e7ando a multid\u00e3o a correr em nossa dire\u00e7\u00e3o em busca de abrigo, nos separando de forma irrevers\u00edvel pois n\u00e3o mais \u00e9ramos uma mancha azul e sim uma multid\u00e3o multicor que buscava se abrigar da nuvem branca que o vento trazia em nossa dire\u00e7\u00e3o, causando l\u00e1grimas, tosse e n\u00e1useas aos menos preparados que precisaram ser amparados por amigos e desconhecidos que buscavam simplesmente uma dist\u00e2ncia segura.<br \/>\n<strong>A opress\u00e3o<\/strong><br \/>\nAp\u00f3s este momento de tens\u00e3o inicial n\u00e3o adiantava mais procurar os demais membros da delega\u00e7\u00e3o, pois se encontravam semeados entre a multid\u00e3o, restando apenas colocar o \u00f3culos de prote\u00e7\u00e3o e partir em frente em busca das pessoas mais atingidas pelo efeito do g\u00e1s, buscando entre as \u00e1rvores os pontos azuis de nossas camisetas para acompanh\u00e1-los aos locais mais seguros na retaguarda.<br \/>\nDepois da primeira bomba de g\u00e1s, elas n\u00e3o cessaram mais ao longo da tarde e o ru\u00eddo que se ouvia eram os foguetes dos manifestantes e as bombas de efeito moral disputando espa\u00e7o na Esplanada dos Minist\u00e9rios, ao som dos caminh\u00f5es de som que hora buscavam acalmar os mais exaltados e hora cobravam da tropa de choque e cavalaria um comportamento mais humanit\u00e1rio.<br \/>\nA nossa esquerda os pr\u00e9dios dos Minist\u00e9rios eram constantemente atacados por pichadores ou mascarados que investiam contra os vidros e portarias resultando em estilha\u00e7os que logo eram reprimidos por bombas e investida de policiais, causando novo corre-corre e apreens\u00e3o das demais pessoas abrigadas nas \u00e1rvores pr\u00f3ximas.<br \/>\nNa avenida de fundo v\u00edamos as tropas se deslocando constantemente visando resguardar os pr\u00e9dios e nos causava apreens\u00e3o sem saber seu real intuito e per\u00edmetro de aproxima\u00e7\u00e3o, nos empurrando para o gramado central onde vez que outra encontr\u00e1vamos nossos amigos em pequenos grupos perguntando uns pelos outros e compartilhando relatos, como por exemplo, dos mais audaciosos que se posicionaram na linha de frente decididos a suportarem a press\u00e3o sem recuar.<br \/>\n<strong>A retirada<\/strong><br \/>\nCansado de tantas idas e vindas, decidi acompanhar um grupo de nossos colegas que decidiram ir at\u00e9 a frente da multid\u00e3o, por\u00e9m parei no caminho acompanhando uma enorme bandeira do Brasil que era carregada no gramado central por tantos an\u00f4nimos que beirava a uma poesia, onde negros e brancos, gordos e magros, mulheres e homens esticavam seus bra\u00e7os para impedir que a mesma tocasse ao ch\u00e3o ou se encolhesse diminuindo seus esplendor de estender-se horizontalmente, momento em que n\u00e3o resisti em fazer uma filmagem buscando capturar aquele momento, inclusive gravando um helic\u00f3ptero da pol\u00edcia que nos sobrevoava e logo depois de finalizar meu v\u00eddeo, lan\u00e7ou em nossa dire\u00e7\u00e3o mais uma bomba de g\u00e1s lacrimog\u00eaneo dispersando a multid\u00e3o e deixando claro que n\u00e3o est\u00e1vamos em um ambiente de confraterniza\u00e7\u00e3o e sim de conflito.<br \/>\n<strong>A sa\u00edda<\/strong><br \/>\nEssa sequencia de voos rasantes das aeronaves militares tentando identificar as pessoas que depredavam o patrim\u00f4nio p\u00fablico acabaram por afugentar a multid\u00e3o que, guiados novamente pelos caminh\u00f5es de som das Centrais Sindicais buscaram organizar uma marcha de retorno pela avenida, ao som de gritos de ordem caminharam lentamente at\u00e9 o Est\u00e1dio Man\u00e9 Garrincha.<br \/>\nDesnecess\u00e1rio buscar um agrupamento neste momento de dispers\u00e3o, pois todos sabiam o ponto de encontro em nosso \u00f4nibus e cada um se movimentava como podia depois de mais de 36 horas de viagem e um dia agitado e nebuloso que poucas vezes permitiu uma tr\u00e9gua para sentar-se ao gramado e disputar um raro gole de \u00e1gua vendido pelos insuficientes ambulantes que tamb\u00e9m n\u00e3o previam tamanha multid\u00e3o de trabalhadores.<br \/>\nAo p\u00f4r do sol caminhei com a multid\u00e3o no retorno que parecia t\u00e3o distante, reclamado pelas alpargatas em cada passo dolorido mas encoberto pela bombacha que segura pela guaiaca completava minha figura de ga\u00facho que n\u00e3o buscava ofuscar os paulistas, nordestinos e demais brasileiros, m\u00e1s sim marcar nosso espa\u00e7o como de costume na constru\u00e7\u00e3o de nosso pa\u00eds.<br \/>\n<strong>A volta<\/strong><br \/>\nNo ponto de encontro o clima era de final da batalha, onde de dire\u00e7\u00f5es diferentes nossos colegas iam chegando sozinhos e em grupos buscando um peda\u00e7o de grama para sentar e compartilhar as experi\u00eancias vividas neste dia que ficar\u00e1 marcado em nossa mem\u00f3ria, procurando saber dos outros e j\u00e1 tentando fazer uma contagem de passageiros para permitir nossa partida em meio ao comboio de centenas de \u00f4nibus que aqueciam seus motores.<br \/>\nPercebendo que a maioria dos nossos amigos j\u00e1 haviam retornado, me permiti sentir o frescor da grama sobre meus p\u00e9s calejados, sentando com um grupo que j\u00e1 planejava nossa sa\u00edda e os pr\u00f3ximos pontos de parada, para um merecido banho e uma refei\u00e7\u00e3o respeit\u00e1vel, ao mesmo tempo que auxiliava a espalhar o aviso da import\u00e2ncia de que todos que tiveram contato com o g\u00e1s deveriam trocar de roupa na primeira oportunidade para evitar uma intoxica\u00e7\u00e3o prolongada pela continua exposi\u00e7\u00e3o aos agentes qu\u00edmicos que se impregnavam em nossos pertences.<br \/>\nA viagem em comboio nos propiciava uma maior seguran\u00e7a, por\u00e9m como efeito colateral de superlotar os pontos de parada, como em nosso jantar que s\u00f3 foi poss\u00edvel em um paradouro 7 horas ap\u00f3s nossa sa\u00edda da Capital Federal, onde havia grandes filas para tomar um banho que custava R$ 8,00 (oito reais) com direito a exatos 8 minutos de \u00e1gua nos chuveiros com temporizador onde a fila composta por uma miscel\u00e2nea de pron\u00fancias regionais e camisetas de entidades sa\u00eda para fora do banheiro.<br \/>\nNovamente o local n\u00e3o ofertava um servi\u00e7o condizente com a multid\u00e3o que disputava um espa\u00e7o no balc\u00e3o para pedir um lanche, sendo necess\u00e1rio exercitar a paci\u00eancia para matar a fome com um sanduiche ou peda\u00e7o de pizza, op\u00e7\u00f5es mais apresent\u00e1veis as 02 horas da manh\u00e3 em uma cidade que j\u00e1 ningu\u00e9m se importava qual era, tal o sentimento de exaust\u00e3o coletiva que pairava no ar e era n\u00edtido nos semblantes desconhecidos e familiares que v\u00edamos perambulando nos corredores, procurando os colegas esparramados e os direcionando para nosso \u00f4nibus objetivando seguirmos viagem.<br \/>\n<strong>A repercuss\u00e3o<\/strong><br \/>\nAssim como eu, muitos s\u00f3 conseguiram ter a exata dimens\u00e3o de nosso ato atrav\u00e9s dos notici\u00e1rios e redes sociais no dia seguinte, onde perceb\u00edamos que as opini\u00f5es seriam divididas e multiplicadas conforme cada interpreta\u00e7\u00e3o, pois para uns foi uma grande manifesta\u00e7\u00e3o da vontade popular e dos trabalhadores, contrastando com a vis\u00e3o de outros que buscavam exaltar os atos de viol\u00eancia e depreda\u00e7\u00e3o do patrim\u00f4nio p\u00fablico.<br \/>\nRealmente n\u00e3o podemos negar que ambos os fatos aconteceram e ainda dividem opini\u00f5es, como no meu caso que acredito que a galera mais exaltada poderia ter entrado em a\u00e7\u00e3o mais tarde, quando toda a marcha estaria posicionada pr\u00f3xima ao Congresso e os simpatizantes teriam a oportunidade de auxiliar no embate da linha de frente.<br \/>\nN\u00e3o posso negar que tais a\u00e7\u00f5es nos chocam pois n\u00e3o convivemos com a viol\u00eancia em nosso dia-a-dia e no primeiro momento nos afastamos e procuramos identifica-los como \u201cos outros\u201d, deixando bem claro que n\u00e3o houve nossa participa\u00e7\u00e3o nestes momentos. Por\u00e9m depois quando a poeira baixa e a fuma\u00e7a da queima de banheiros qu\u00edmicos diminui, podemos refletir no que leva essas pessoas a partir para a ofensiva deixando de lado faixas e cartazes e ocupando as m\u00e3os com paus e pedras? Seriam eles reflexos de nosso futuro cansados de tantas injusti\u00e7as e corrup\u00e7\u00e3o, procurando dar um basta definitivo na festa dos ratos que acorre todos os dias, enquanto faltam rem\u00e9dios e atendimento digno na sa\u00fade, cresce o desemprego e n\u00e3o temos seguran\u00e7a nem mesmo no aconchego de nossos modestos lares? Quem nos representa realmente: uma classe pol\u00edtica enraizada na corrup\u00e7\u00e3o ou os outros?<br \/>\nAssim como muitos colegas, me entristeci com as repres\u00e1lias propagadas nas redes sociais, jornais e emissoras de r\u00e1dio, onde na maioria das vezes se procurou dar \u00eanfase aos atos de viol\u00eancia e vandalismo cometido por um grupo de no m\u00e1ximo 400 pessoas, combatidas por policiais tamb\u00e9m exaltados e truculentos em alguns momentos, deixando de lado a mobiliza\u00e7\u00e3o pac\u00edfica de mais de 100 mil trabalhadores unidos no ideal de rejeitar as Reformas propostas por um Governo que j\u00e1 foi comprometido moralmente e simplesmente ignora a vontade popular.<br \/>\nComo \u00e9 dif\u00edcil em meio a tanta lama e informa\u00e7\u00f5es desencontradas, provar que ainda existem pessoas sem compromissos partid\u00e1rios e que n\u00e3o desejam serem rotuladas como mortadelas ou coxinhas e sim apenas como cidad\u00e3o brasileiro. Mesmo ap\u00f3s tantas den\u00fancias que demonstram que na realidade n\u00e3o existem ou s\u00e3o raros os Partidos Pol\u00edticos que ainda est\u00e3o ilesos a tudo isso, percebo o quanto a cegueira partid\u00e1ria limita nosso meio e nossa sociedade, em uma disputa que parece n\u00e3o ter fim e exp\u00f5e as pessoas a defenderem partidos e pessoas como em uma religi\u00e3o suicida, onde j\u00e1 n\u00e3o importa os crimes cometidos e sim demonstrar uma superioridade, mesmo que vazia.<br \/>\n<strong>A chegada<\/strong><br \/>\nEis que ap\u00f3s exatas 48 horas de viagem, no final da tarde de sexta-feira, piso na cal\u00e7ada em frente a minha casa, me despe\u00e7o dos companheiros que n\u00e3o tenho d\u00favida foram forjados no calor da batalha, resultando em sindicalistas comprometidos com a causa da luta e defesa dos direitos dos trabalhadores e tamb\u00e9m retornam ao seu lar.<br \/>\nDescarrego toda a tralha que me acompanhou nestes 5 dias de odisseia, abra\u00e7o minha esposa e filha que ansiosamente me aguardavam na chegada e ap\u00f3s um longo e rejuvenescedor banho, procuro erguer minhas pernas para diminuir o incha\u00e7o nos p\u00e9s, j\u00e1 pensando nos compromissos que me aguardavam na segunda-feira, pois lutamos o bom combate, no compromisso de seguir nossa miss\u00e3o de base para base, no fortalecimento da representatividade dos Servidores Municipais.<\/p>\n<p><u><strong><span style=\"background-color:#FFA07A\">CLARICE IN\u00caS MAINARDI<\/span><\/strong><\/u><br \/>\nPara quem participou dos movimentos pelas DIRETAS J\u00c1 em 1983, FORA COLLOR 1992, vivencio o FORA DILMA em 2016, estar presente no movimento OCUPA BRAS\u00cdLIA, no dia 24 de maio de 2017 deveria ser uma coroa\u00e7\u00e3o do direito a livre manifesta\u00e7\u00e3o, s\u00edmbolo democr\u00e1tico, mas infelizmente n\u00e3o foi assim. A forma truculenta como a pol\u00edcia atacou os manifestantes, mesmo tendo acompanhado as repress\u00f5es da pol\u00edcia de SP, do PR, do RJ e do RS nos \u00faltimos meses ainda assim fica dif\u00edcil entender o que ocorreu em Bras\u00edlia.<\/p>\n<p>Para que possamos aprofundar um pouco mais nossa an\u00e1lise do ocorrido, vamos tentar lembrar os momentos mais violentos das grandes manifesta\u00e7\u00f5es do passado. No governo Figueiredo, tivemos o triste caso do Rio Center, onde integrantes do ex\u00e9rcito, que n\u00e3o aceitavam a abertura democr\u00e1tica do pa\u00eds e, tentaram forjar um ataque terrorista que frustrou.<\/p>\n<p>No per\u00edodo do Fora Collor, o ent\u00e3o presidente tentou fazer uma manifesta\u00e7\u00e3o maior a seu favor que fracassou, mas pela dimens\u00e3o das manifesta\u00e7\u00f5es que ocorreram, baseadas no movimento estudantil, serviram como prova que o pa\u00eds valorizava a rec\u00e9m adquirida democracia.<\/p>\n<p>Nos movimentos FORA DILMA, a grandeza demonstrada pela ent\u00e3o presidente \u00e9 digna de respeito, pois considerando normal da democracia as manifesta\u00e7\u00f5es sua \u00fanica atitude foi declarar: \u201cPrefiro as vaias da democracia do que o sil\u00eancio opressor da ditadura\u201d.<\/p>\n<p>Ent\u00e3o o que leva o atual presidente reprimir de forma t\u00e3o violenta a manifesta\u00e7\u00e3o do dia 24, acredito eu, que estive l\u00e1 e presenciei os fatos de que ap\u00f3s o vazamento provando indiscutivelmente a participa\u00e7\u00e3o do Temer, A\u00e9cio, e demais apoiadores deste governo em diversos crimes, que deixaram o pa\u00eds estarrecido, esperavam uma manifesta\u00e7\u00e3o forte, mas n\u00e3o imaginavam que Bras\u00edlia seria ocupada por quase duzentos mil manifestantes, de todas as partes deste pa\u00eds, numa clara demonstra\u00e7\u00e3o de que a sociedade n\u00e3o aceita o projeto atual de governo, onde os trabalhadores s\u00e3o brutalmente atacados, e a multid\u00e3o pede FORA TEMER, Diretas j\u00e1, que todos poss\u00edveis ocupantes do cargo est\u00e3o atolados na corrup\u00e7\u00e3o juntamente com o Presidente. Governo este que por sinal j\u00e1 vem desde o dia que assumiu tentando criminalizar as lutas e as organiza\u00e7\u00f5es dos trabalhadores, quando se deparou com as milhares de pessoas usou de terror psicol\u00f3gico efetuando revistas, impedindo o povo de adentrar na pra\u00e7a carregando bandeiras ou faixas, isto certamente deixou um grupo de manifestantes enlouquecidos pois al\u00e9m de todos os direitos que est\u00e3o nos tirando, al\u00e9m de estarem rasgando nossa Constitui\u00e7\u00e3o de forma grotesca agora estavam tentando impedir o povo de entrar no lugar mais sagrado de nossa democracia. E conforme os meios de comunica\u00e7\u00e3o informaram um grupo de aproximadamente 20 pessoas mascaradas come\u00e7aram a jogar pedras nos policiais que formavam um cord\u00e3o de isolamento pr\u00f3ximo ao gramado do congresso e colocaram fogo em alguns objetos (http:\/\/agenciabrasil.ebc.com.br). E a\u00ed talvez por r\u00e1dio, n\u00e3o sei como foi t\u00e3o r\u00e1pida a a\u00e7\u00e3o de Temer, o bombardeio sobre os manifestantes iniciou, violento, cruel e desumano, pois o grupo de \u201cv\u00e2ndalos\u201d com certeza facilmente seriam dominados e retirados pela grande quantidade de Policiais que existiam no local, mas n\u00e3o, a inten\u00e7\u00e3o era amedrontar, massacrar os duzentos mil brasileiros que tiveram coragem de ir at\u00e9 l\u00e1 e dizer, basta de corrup\u00e7\u00e3o, basta de reformas, queremos eleger um novo congresso, pois este, n\u00e3o tem mais legitimidade nenhuma para aprovar, definir ou palpitar sobre qualquer coisa referente ao futuro de nossa na\u00e7\u00e3o.Para isso, usou covardemente drones e helic\u00f3pteros que lan\u00e7aram bombas de g\u00e1s lacrimog\u00eaneo sobre a popula\u00e7\u00e3o, mas esta bravamente resistiu por mais de quatro horas entoando seu desejo atrav\u00e9s de gritos de \u201cFORA TEMER\u201d.<br \/>\nPrecisamos repensar democracia neste pa\u00eds, pois no ano de 2016, 2017 foram muitos momento tr\u00e1gicos que vivenciamos, governadores determinando que a PM massacre, agrida a popula\u00e7\u00e3o que n\u00e3o aceita mais tanto desmando, tanta corrup\u00e7\u00e3o, tanta mentira, o momento \u00e9 cr\u00edtico, muito cr\u00edtico, pois vivenciamos um tempo em que Representantes eleito pelo povo, para exercer mandato pol\u00edtico fala com tranquilidade que o congresso n\u00e3o pode ficar a merc\u00ea da vontade popular, que justi\u00e7a do trabalho n\u00e3o deve nem existir, n\u00e3o \u00e9 de espantar que alguns brasileiros j\u00e1 n\u00e3o possuem mais a paci\u00eancia de ficar esperando pacificamente que esta m\u00e1fia que est\u00e1 no poder tenha um lapso de consci\u00eancia pol\u00edtica e recue neste massacre contra a Constitui\u00e7\u00e3o Federal e contra os trabalhadores deste pa\u00eds.<\/p>\n<p>O que vivi junto com meus companheiros que estiveram em Bras\u00edlia, foi extremamente forte e na volta em nossas comunidades tamb\u00e9m enfrentamos momentos dif\u00edceis, de desrespeito t\u00e3o violento e desproporcional quanto a viol\u00eancia sofrida em Bras\u00edlia, vindas de pessoas totalmente despreparadas e muitas vezes alimentadas pelo \u00f3dio plantado por este governo e alguns meios de comunica\u00e7\u00e3o contra os sindicalistas. Somos democr\u00e1ticos e aceitamos criticas fundamentadas, op\u00e7\u00f5es de vida e op\u00e7\u00f5es pol\u00edticas pois sempre s\u00e3o manifestadas e imunes da carga de maldade e grosseiria, devem ser fundamentadas em di\u00e1logo e pautadas no respeito a opini\u00e3o do outro, sem ofender a pessoa, pois somos com orgulho representantes de uma classe .<\/p>\n<p>E os trabalhadores ao longo de sua hist\u00f3ria foram forjados na luta,por isso frente a tudo o que vivenciamos, resistimos, nos fortalecemos nos la\u00e7os de amizade e fraternidade com os outros brasileiros presentes nesta busca de um pa\u00eds que respeite o trabalhador, os povos ind\u00edgenas, que n\u00e3o existam mais v\u00edtimas de latifundi\u00e1rios, que sejamos iguais perante a justi\u00e7a, que tenhamos todos direitos \u00e0 dignidade como preceitua nossa Constitui\u00e7\u00e3o. Estamos prontos para tantas quantas lutas forem necess\u00e1rias, nossa pr\u00f3xima meta ser\u00e1 a maior greve geral que este pa\u00eds j\u00e1 viu, s\u00f3 paramos quando nos forem garantidos os direitos j\u00e1 conquistados, e quando elei\u00e7\u00f5es DIRETAS E GERAIS renovem o rumo deste pa\u00eds.<\/p>\n","protected":false},"excerpt":{"rendered":"<p>IVONEI CLAUDIO F\u00c3O O Convite Logo ap\u00f3s a greve geral do dia 28 de Abril, as Centrais Sindicais, movimentos sociais, Confedera\u00e7\u00f5es, Federa\u00e7\u00f5es, Sindicatos e demais entidades representativas decidiram dar continuidade a pauta de lutas em defesa dos direitos dos trabalhadores, contra a Reforma Trabalhista e a Reforma da Previd\u00eancia. Al\u00e9m de intensificar a press\u00e3o contra [&hellip;]<\/p>\n","protected":false},"author":1,"featured_media":0,"comment_status":"closed","ping_status":"closed","sticky":false,"template":"","format":"standard","meta":{"_eb_attr":"","_uag_custom_page_level_css":"","fifu_image_url":"","fifu_image_alt":"","footnotes":""},"categories":[1],"tags":[32],"class_list":["post-1075","post","type-post","status-publish","format-standard","hentry","category-arquivadas","tag-null"],"yoast_head":"<!-- This site is optimized with the Yoast SEO plugin v27.1.1 - https:\/\/yoast.com\/product\/yoast-seo-wordpress\/ -->\n<title>&quot;OCUPA BRASILIA&quot; DEPOIMENTOS, EMO\u00c7\u00d5ES E MUITA LUTA - Federa\u00e7\u00e3o dos Municip\u00e1rios do Estado do Rio Grande do Sul<\/title>\n<meta name=\"robots\" content=\"index, follow, max-snippet:-1, max-image-preview:large, max-video-preview:-1\" \/>\n<link rel=\"canonical\" href=\"https:\/\/femergs.com.br\/wfe\/blog\/ocupa-brasilia-depoimentos-emocoes-e-muita-luta\/\" \/>\n<meta property=\"og:locale\" content=\"pt_BR\" \/>\n<meta property=\"og:type\" content=\"article\" \/>\n<meta property=\"og:title\" content=\"&quot;OCUPA BRASILIA&quot; DEPOIMENTOS, EMO\u00c7\u00d5ES E MUITA LUTA - Federa\u00e7\u00e3o dos Municip\u00e1rios do Estado do Rio Grande do Sul\" \/>\n<meta property=\"og:description\" content=\"IVONEI CLAUDIO F\u00c3O O Convite Logo ap\u00f3s a greve geral do dia 28 de Abril, as Centrais Sindicais, movimentos sociais, Confedera\u00e7\u00f5es, Federa\u00e7\u00f5es, Sindicatos e demais entidades representativas decidiram dar continuidade a pauta de lutas em defesa dos direitos dos trabalhadores, contra a Reforma Trabalhista e a Reforma da Previd\u00eancia. Al\u00e9m de intensificar a press\u00e3o contra [&hellip;]\" \/>\n<meta property=\"og:url\" content=\"https:\/\/femergs.com.br\/wfe\/blog\/ocupa-brasilia-depoimentos-emocoes-e-muita-luta\/\" \/>\n<meta property=\"og:site_name\" content=\"Federa\u00e7\u00e3o dos Municip\u00e1rios do Estado do Rio Grande do Sul\" \/>\n<meta property=\"article:publisher\" content=\"https:\/\/www.facebook.com\/profile.php?id=100057151733001\" \/>\n<meta property=\"article:published_time\" content=\"2017-06-03T22:33:44+00:00\" \/>\n<meta name=\"author\" content=\"adminfemergs\" \/>\n<meta name=\"twitter:card\" content=\"summary_large_image\" \/>\n<meta name=\"twitter:label1\" content=\"Escrito por\" \/>\n\t<meta name=\"twitter:data1\" content=\"adminfemergs\" \/>\n\t<meta name=\"twitter:label2\" content=\"Est. tempo de leitura\" \/>\n\t<meta name=\"twitter:data2\" content=\"25 minutos\" \/>\n<script type=\"application\/ld+json\" class=\"yoast-schema-graph\">{\"@context\":\"https:\/\/schema.org\",\"@graph\":[{\"@type\":\"Article\",\"@id\":\"https:\/\/femergs.com.br\/wfe\/blog\/ocupa-brasilia-depoimentos-emocoes-e-muita-luta\/#article\",\"isPartOf\":{\"@id\":\"https:\/\/femergs.com.br\/wfe\/blog\/ocupa-brasilia-depoimentos-emocoes-e-muita-luta\/\"},\"author\":{\"name\":\"adminfemergs\",\"@id\":\"https:\/\/femergs.com.br\/wfe\/#\/schema\/person\/f5558e6b5ffc044ee085016237dedb7f\"},\"headline\":\"&#8220;OCUPA BRASILIA&#8221; DEPOIMENTOS, EMO\u00c7\u00d5ES E MUITA LUTA\",\"datePublished\":\"2017-06-03T22:33:44+00:00\",\"mainEntityOfPage\":{\"@id\":\"https:\/\/femergs.com.br\/wfe\/blog\/ocupa-brasilia-depoimentos-emocoes-e-muita-luta\/\"},\"wordCount\":4984,\"publisher\":{\"@id\":\"https:\/\/femergs.com.br\/wfe\/#organization\"},\"keywords\":[\"NULL\"],\"articleSection\":[\"ARQUIVADAS\"],\"inLanguage\":\"pt-BR\"},{\"@type\":\"WebPage\",\"@id\":\"https:\/\/femergs.com.br\/wfe\/blog\/ocupa-brasilia-depoimentos-emocoes-e-muita-luta\/\",\"url\":\"https:\/\/femergs.com.br\/wfe\/blog\/ocupa-brasilia-depoimentos-emocoes-e-muita-luta\/\",\"name\":\"\\\"OCUPA BRASILIA\\\" DEPOIMENTOS, EMO\u00c7\u00d5ES E MUITA LUTA - Federa\u00e7\u00e3o dos Municip\u00e1rios do Estado do Rio Grande do Sul\",\"isPartOf\":{\"@id\":\"https:\/\/femergs.com.br\/wfe\/#website\"},\"datePublished\":\"2017-06-03T22:33:44+00:00\",\"breadcrumb\":{\"@id\":\"https:\/\/femergs.com.br\/wfe\/blog\/ocupa-brasilia-depoimentos-emocoes-e-muita-luta\/#breadcrumb\"},\"inLanguage\":\"pt-BR\",\"potentialAction\":[{\"@type\":\"ReadAction\",\"target\":[\"https:\/\/femergs.com.br\/wfe\/blog\/ocupa-brasilia-depoimentos-emocoes-e-muita-luta\/\"]}]},{\"@type\":\"BreadcrumbList\",\"@id\":\"https:\/\/femergs.com.br\/wfe\/blog\/ocupa-brasilia-depoimentos-emocoes-e-muita-luta\/#breadcrumb\",\"itemListElement\":[{\"@type\":\"ListItem\",\"position\":1,\"name\":\"In\u00edcio\",\"item\":\"https:\/\/femergs.com.br\/wfe\/\"},{\"@type\":\"ListItem\",\"position\":2,\"name\":\"&#8220;OCUPA BRASILIA&#8221; DEPOIMENTOS, EMO\u00c7\u00d5ES E MUITA LUTA\"}]},{\"@type\":\"WebSite\",\"@id\":\"https:\/\/femergs.com.br\/wfe\/#website\",\"url\":\"https:\/\/femergs.com.br\/wfe\/\",\"name\":\"FEMERGS\",\"description\":\"FEDERA\u00c7\u00c3O DOS MUNICIP\u00c1RIOS DO ESTADO DO RIO GRANDE DO SUL\",\"publisher\":{\"@id\":\"https:\/\/femergs.com.br\/wfe\/#organization\"},\"potentialAction\":[{\"@type\":\"SearchAction\",\"target\":{\"@type\":\"EntryPoint\",\"urlTemplate\":\"https:\/\/femergs.com.br\/wfe\/?s={search_term_string}\"},\"query-input\":{\"@type\":\"PropertyValueSpecification\",\"valueRequired\":true,\"valueName\":\"search_term_string\"}}],\"inLanguage\":\"pt-BR\"},{\"@type\":\"Organization\",\"@id\":\"https:\/\/femergs.com.br\/wfe\/#organization\",\"name\":\"FEMERGS\",\"url\":\"https:\/\/femergs.com.br\/wfe\/\",\"logo\":{\"@type\":\"ImageObject\",\"inLanguage\":\"pt-BR\",\"@id\":\"https:\/\/femergs.com.br\/wfe\/#\/schema\/logo\/image\/\",\"url\":\"https:\/\/femergs.com.br\/wfe\/wp-content\/uploads\/2025\/06\/logotipo.png\",\"contentUrl\":\"https:\/\/femergs.com.br\/wfe\/wp-content\/uploads\/2025\/06\/logotipo.png\",\"width\":500,\"height\":500,\"caption\":\"FEMERGS\"},\"image\":{\"@id\":\"https:\/\/femergs.com.br\/wfe\/#\/schema\/logo\/image\/\"},\"sameAs\":[\"https:\/\/www.facebook.com\/profile.php?id=100057151733001\",\"https:\/\/www.instagram.com\/femergs_rs\/\"]},{\"@type\":\"Person\",\"@id\":\"https:\/\/femergs.com.br\/wfe\/#\/schema\/person\/f5558e6b5ffc044ee085016237dedb7f\",\"name\":\"adminfemergs\",\"image\":{\"@type\":\"ImageObject\",\"inLanguage\":\"pt-BR\",\"@id\":\"https:\/\/femergs.com.br\/wfe\/#\/schema\/person\/image\/\",\"url\":\"https:\/\/secure.gravatar.com\/avatar\/398642fa557cdd524617ad9b31c938845f071aeb3448b9c0aeb29aefc495337b?s=96&d=mm&r=g\",\"contentUrl\":\"https:\/\/secure.gravatar.com\/avatar\/398642fa557cdd524617ad9b31c938845f071aeb3448b9c0aeb29aefc495337b?s=96&d=mm&r=g\",\"caption\":\"adminfemergs\"},\"sameAs\":[\"https:\/\/femergs.com.br\/wfe\"],\"url\":\"https:\/\/femergs.com.br\/wfe\/blog\/author\/adminfemergs\/\"}]}<\/script>\n<!-- \/ Yoast SEO plugin. -->","yoast_head_json":{"title":"\"OCUPA BRASILIA\" DEPOIMENTOS, EMO\u00c7\u00d5ES E MUITA LUTA - Federa\u00e7\u00e3o dos Municip\u00e1rios do Estado do Rio Grande do Sul","robots":{"index":"index","follow":"follow","max-snippet":"max-snippet:-1","max-image-preview":"max-image-preview:large","max-video-preview":"max-video-preview:-1"},"canonical":"https:\/\/femergs.com.br\/wfe\/blog\/ocupa-brasilia-depoimentos-emocoes-e-muita-luta\/","og_locale":"pt_BR","og_type":"article","og_title":"\"OCUPA BRASILIA\" DEPOIMENTOS, EMO\u00c7\u00d5ES E MUITA LUTA - Federa\u00e7\u00e3o dos Municip\u00e1rios do Estado do Rio Grande do Sul","og_description":"IVONEI CLAUDIO F\u00c3O O Convite Logo ap\u00f3s a greve geral do dia 28 de Abril, as Centrais Sindicais, movimentos sociais, Confedera\u00e7\u00f5es, Federa\u00e7\u00f5es, Sindicatos e demais entidades representativas decidiram dar continuidade a pauta de lutas em defesa dos direitos dos trabalhadores, contra a Reforma Trabalhista e a Reforma da Previd\u00eancia. Al\u00e9m de intensificar a press\u00e3o contra [&hellip;]","og_url":"https:\/\/femergs.com.br\/wfe\/blog\/ocupa-brasilia-depoimentos-emocoes-e-muita-luta\/","og_site_name":"Federa\u00e7\u00e3o dos Municip\u00e1rios do Estado do Rio Grande do Sul","article_publisher":"https:\/\/www.facebook.com\/profile.php?id=100057151733001","article_published_time":"2017-06-03T22:33:44+00:00","author":"adminfemergs","twitter_card":"summary_large_image","twitter_misc":{"Escrito por":"adminfemergs","Est. tempo de leitura":"25 minutos"},"schema":{"@context":"https:\/\/schema.org","@graph":[{"@type":"Article","@id":"https:\/\/femergs.com.br\/wfe\/blog\/ocupa-brasilia-depoimentos-emocoes-e-muita-luta\/#article","isPartOf":{"@id":"https:\/\/femergs.com.br\/wfe\/blog\/ocupa-brasilia-depoimentos-emocoes-e-muita-luta\/"},"author":{"name":"adminfemergs","@id":"https:\/\/femergs.com.br\/wfe\/#\/schema\/person\/f5558e6b5ffc044ee085016237dedb7f"},"headline":"&#8220;OCUPA BRASILIA&#8221; DEPOIMENTOS, EMO\u00c7\u00d5ES E MUITA LUTA","datePublished":"2017-06-03T22:33:44+00:00","mainEntityOfPage":{"@id":"https:\/\/femergs.com.br\/wfe\/blog\/ocupa-brasilia-depoimentos-emocoes-e-muita-luta\/"},"wordCount":4984,"publisher":{"@id":"https:\/\/femergs.com.br\/wfe\/#organization"},"keywords":["NULL"],"articleSection":["ARQUIVADAS"],"inLanguage":"pt-BR"},{"@type":"WebPage","@id":"https:\/\/femergs.com.br\/wfe\/blog\/ocupa-brasilia-depoimentos-emocoes-e-muita-luta\/","url":"https:\/\/femergs.com.br\/wfe\/blog\/ocupa-brasilia-depoimentos-emocoes-e-muita-luta\/","name":"\"OCUPA BRASILIA\" DEPOIMENTOS, EMO\u00c7\u00d5ES E MUITA LUTA - Federa\u00e7\u00e3o dos Municip\u00e1rios do Estado do Rio Grande do Sul","isPartOf":{"@id":"https:\/\/femergs.com.br\/wfe\/#website"},"datePublished":"2017-06-03T22:33:44+00:00","breadcrumb":{"@id":"https:\/\/femergs.com.br\/wfe\/blog\/ocupa-brasilia-depoimentos-emocoes-e-muita-luta\/#breadcrumb"},"inLanguage":"pt-BR","potentialAction":[{"@type":"ReadAction","target":["https:\/\/femergs.com.br\/wfe\/blog\/ocupa-brasilia-depoimentos-emocoes-e-muita-luta\/"]}]},{"@type":"BreadcrumbList","@id":"https:\/\/femergs.com.br\/wfe\/blog\/ocupa-brasilia-depoimentos-emocoes-e-muita-luta\/#breadcrumb","itemListElement":[{"@type":"ListItem","position":1,"name":"In\u00edcio","item":"https:\/\/femergs.com.br\/wfe\/"},{"@type":"ListItem","position":2,"name":"&#8220;OCUPA BRASILIA&#8221; DEPOIMENTOS, EMO\u00c7\u00d5ES E MUITA LUTA"}]},{"@type":"WebSite","@id":"https:\/\/femergs.com.br\/wfe\/#website","url":"https:\/\/femergs.com.br\/wfe\/","name":"FEMERGS","description":"FEDERA\u00c7\u00c3O DOS MUNICIP\u00c1RIOS DO ESTADO DO RIO GRANDE DO SUL","publisher":{"@id":"https:\/\/femergs.com.br\/wfe\/#organization"},"potentialAction":[{"@type":"SearchAction","target":{"@type":"EntryPoint","urlTemplate":"https:\/\/femergs.com.br\/wfe\/?s={search_term_string}"},"query-input":{"@type":"PropertyValueSpecification","valueRequired":true,"valueName":"search_term_string"}}],"inLanguage":"pt-BR"},{"@type":"Organization","@id":"https:\/\/femergs.com.br\/wfe\/#organization","name":"FEMERGS","url":"https:\/\/femergs.com.br\/wfe\/","logo":{"@type":"ImageObject","inLanguage":"pt-BR","@id":"https:\/\/femergs.com.br\/wfe\/#\/schema\/logo\/image\/","url":"https:\/\/femergs.com.br\/wfe\/wp-content\/uploads\/2025\/06\/logotipo.png","contentUrl":"https:\/\/femergs.com.br\/wfe\/wp-content\/uploads\/2025\/06\/logotipo.png","width":500,"height":500,"caption":"FEMERGS"},"image":{"@id":"https:\/\/femergs.com.br\/wfe\/#\/schema\/logo\/image\/"},"sameAs":["https:\/\/www.facebook.com\/profile.php?id=100057151733001","https:\/\/www.instagram.com\/femergs_rs\/"]},{"@type":"Person","@id":"https:\/\/femergs.com.br\/wfe\/#\/schema\/person\/f5558e6b5ffc044ee085016237dedb7f","name":"adminfemergs","image":{"@type":"ImageObject","inLanguage":"pt-BR","@id":"https:\/\/femergs.com.br\/wfe\/#\/schema\/person\/image\/","url":"https:\/\/secure.gravatar.com\/avatar\/398642fa557cdd524617ad9b31c938845f071aeb3448b9c0aeb29aefc495337b?s=96&d=mm&r=g","contentUrl":"https:\/\/secure.gravatar.com\/avatar\/398642fa557cdd524617ad9b31c938845f071aeb3448b9c0aeb29aefc495337b?s=96&d=mm&r=g","caption":"adminfemergs"},"sameAs":["https:\/\/femergs.com.br\/wfe"],"url":"https:\/\/femergs.com.br\/wfe\/blog\/author\/adminfemergs\/"}]}},"uagb_featured_image_src":{"full":false,"thumbnail":false,"medium":false,"medium_large":false,"large":false,"1536x1536":false,"2048x2048":false,"ultp_layout_landscape_large":false,"ultp_layout_landscape":false,"ultp_layout_portrait":false,"ultp_layout_square":false},"uagb_author_info":{"display_name":"adminfemergs","author_link":"https:\/\/femergs.com.br\/wfe\/blog\/author\/adminfemergs\/"},"uagb_comment_info":0,"uagb_excerpt":"IVONEI CLAUDIO F\u00c3O O Convite Logo ap\u00f3s a greve geral do dia 28 de Abril, as Centrais Sindicais, movimentos sociais, Confedera\u00e7\u00f5es, Federa\u00e7\u00f5es, Sindicatos e demais entidades representativas decidiram dar continuidade a pauta de lutas em defesa dos direitos dos trabalhadores, contra a Reforma Trabalhista e a Reforma da Previd\u00eancia. Al\u00e9m de intensificar a press\u00e3o contra&hellip;","_links":{"self":[{"href":"https:\/\/femergs.com.br\/wfe\/wp-json\/wp\/v2\/posts\/1075","targetHints":{"allow":["GET"]}}],"collection":[{"href":"https:\/\/femergs.com.br\/wfe\/wp-json\/wp\/v2\/posts"}],"about":[{"href":"https:\/\/femergs.com.br\/wfe\/wp-json\/wp\/v2\/types\/post"}],"author":[{"embeddable":true,"href":"https:\/\/femergs.com.br\/wfe\/wp-json\/wp\/v2\/users\/1"}],"replies":[{"embeddable":true,"href":"https:\/\/femergs.com.br\/wfe\/wp-json\/wp\/v2\/comments?post=1075"}],"version-history":[{"count":0,"href":"https:\/\/femergs.com.br\/wfe\/wp-json\/wp\/v2\/posts\/1075\/revisions"}],"wp:attachment":[{"href":"https:\/\/femergs.com.br\/wfe\/wp-json\/wp\/v2\/media?parent=1075"}],"wp:term":[{"taxonomy":"category","embeddable":true,"href":"https:\/\/femergs.com.br\/wfe\/wp-json\/wp\/v2\/categories?post=1075"},{"taxonomy":"post_tag","embeddable":true,"href":"https:\/\/femergs.com.br\/wfe\/wp-json\/wp\/v2\/tags?post=1075"}],"curies":[{"name":"wp","href":"https:\/\/api.w.org\/{rel}","templated":true}]}}