{"id":1077,"date":"2017-06-03T22:57:53","date_gmt":"2017-06-03T22:57:53","guid":{"rendered":"https:\/\/femergs.com.br\/wfe\/blog\/dr-mario-sergio-cortella-em-cachoeira-do-sul\/"},"modified":"2017-06-03T22:57:53","modified_gmt":"2017-06-03T22:57:53","slug":"dr-mario-sergio-cortella-em-cachoeira-do-sul","status":"publish","type":"post","link":"https:\/\/femergs.com.br\/wfe\/blog\/dr-mario-sergio-cortella-em-cachoeira-do-sul\/","title":{"rendered":"DR. MARIO SERGIO CORTELLA, em Cachoeira do Sul"},"content":{"rendered":"<p>O Sindicato dos Professores Municipais \u2013 SIPROM e Universidade Luterana do Brasil \u2013 ULBRA, Cachoeira do Sul, fazem parceria para trazer o palestrante DR. MARIO SERGIO CORTELLA, palestra sobre o tema: &#8220;\u00c9TICA, INDIV\u00cdDUO E SOCIEDADE&#8221;, no dia 25 de agosto de 2017, \u00e0s 19h, no Gin\u00e1sio da ULBRA &#8211; Rua Martinho Lutero, 301, Bairro Universit\u00e1rio, na cidade de Cachoeira do Sul\/RS. O credenciamento est\u00e1 previsto para \u00e0s 18h.<br \/>\nA Palestra ser\u00e1 de encerramento do XXII SIEduca &#8211; ULBRA e pr\u00e9-abertura da XII JORNADA NACIONAL DE EDUCA\u00c7\u00c3O do SIPROM.<br \/>\nQuem estiver escrito no SIEduca, j\u00e1 estar\u00e1 inclu\u00eddo na palestra. <br \/>\nQuem n\u00e3o for fazer o SIEduca e quiser participar da palestra, sendo s\u00f3cio do SIPROM pagar\u00e1 somente R$15,00 e n\u00e3o s\u00f3cio do SIPROM o valor de R$80,00 &#8211; conforme panfleto em anexo.<br \/>\nA clientela esperada ser\u00e1: Professores da educa\u00e7\u00e3o b\u00e1sica p\u00fablica e privada, acad\u00eamicos do ensino superior e comunidade. <br \/>\nOs representantes do SIPROM e da ULBRA est\u00e3o comemorando a parceria, pois \u00e9 a forma de trazer um grande palestrante para a comunidade cachoeirense, acreditam que s\u00e3o as parcerias que promovem o desenvolvimento e crescimento de uma comunidade. E se queremos fazer algo grande, importante e que nos traga orgulho, precisamos fazer parcerias. Alcan\u00e7ar o sucesso com um esfor\u00e7o coletivo \u00e9 muito mais prazeroso.<br \/>\n* Para trazer o palestrante o SIPROM e a ULBRA, ainda, contaram com o apoio da FEDERA\u00c7\u00c3O DOS MUNICIP\u00c1RIOS DO ESTADO DO RIO GRANDE DO SUL &#8211; FEMERGS, Secretaria Municipal de Educa\u00e7\u00e3o &#8211; SMEd e Prefeitura Municipal. <\/p>\n","protected":false},"excerpt":{"rendered":"<p>O Sindicato dos Professores Municipais \u2013 SIPROM e Universidade Luterana do Brasil \u2013 ULBRA, Cachoeira do Sul, fazem parceria para trazer o palestrante DR. MARIO SERGIO CORTELLA, palestra sobre o tema: &#8220;\u00c9TICA, INDIV\u00cdDUO E SOCIEDADE&#8221;, no dia 25 de agosto de 2017, \u00e0s 19h, no Gin\u00e1sio da ULBRA &#8211; Rua Martinho Lutero, 301, Bairro Universit\u00e1rio, [&hellip;]<\/p>\n","protected":false},"author":1,"featured_media":0,"comment_status":"closed","ping_status":"closed","sticky":false,"template":"","format":"standard","meta":{"_eb_attr":"","_uag_custom_page_level_css":"","fifu_image_url":"","fifu_image_alt":"","footnotes":""},"categories":[1],"tags":[32],"class_list":["post-1077","post","type-post","status-publish","format-standard","hentry","category-arquivadas","tag-null"],"yoast_head":"<!-- This site is optimized with the Yoast SEO plugin v27.1.1 - https:\/\/yoast.com\/product\/yoast-seo-wordpress\/ -->\n<title>DR. MARIO SERGIO CORTELLA, em Cachoeira do Sul - Federa\u00e7\u00e3o dos Municip\u00e1rios do Estado do Rio Grande do Sul<\/title>\n<meta name=\"robots\" content=\"index, follow, max-snippet:-1, max-image-preview:large, max-video-preview:-1\" \/>\n<link rel=\"canonical\" href=\"https:\/\/femergs.com.br\/wfe\/blog\/dr-mario-sergio-cortella-em-cachoeira-do-sul\/\" \/>\n<meta property=\"og:locale\" content=\"pt_BR\" \/>\n<meta property=\"og:type\" content=\"article\" \/>\n<meta property=\"og:title\" content=\"DR. MARIO SERGIO CORTELLA, em Cachoeira do Sul - Federa\u00e7\u00e3o dos Municip\u00e1rios do Estado do Rio Grande do Sul\" \/>\n<meta property=\"og:description\" content=\"O Sindicato dos Professores Municipais \u2013 SIPROM e Universidade Luterana do Brasil \u2013 ULBRA, Cachoeira do Sul, fazem parceria para trazer o palestrante DR. MARIO SERGIO CORTELLA, palestra sobre o tema: &#8220;\u00c9TICA, INDIV\u00cdDUO E SOCIEDADE&#8221;, no dia 25 de agosto de 2017, \u00e0s 19h, no Gin\u00e1sio da ULBRA &#8211; Rua Martinho Lutero, 301, Bairro Universit\u00e1rio, [&hellip;]\" \/>\n<meta property=\"og:url\" content=\"https:\/\/femergs.com.br\/wfe\/blog\/dr-mario-sergio-cortella-em-cachoeira-do-sul\/\" \/>\n<meta property=\"og:site_name\" content=\"Federa\u00e7\u00e3o dos Municip\u00e1rios do Estado do Rio Grande do Sul\" \/>\n<meta property=\"article:publisher\" content=\"https:\/\/www.facebook.com\/profile.php?id=100057151733001\" \/>\n<meta property=\"article:published_time\" content=\"2017-06-03T22:57:53+00:00\" \/>\n<meta name=\"author\" content=\"adminfemergs\" \/>\n<meta name=\"twitter:card\" content=\"summary_large_image\" \/>\n<meta name=\"twitter:label1\" content=\"Escrito por\" \/>\n\t<meta name=\"twitter:data1\" content=\"adminfemergs\" \/>\n\t<meta name=\"twitter:label2\" content=\"Est. tempo de leitura\" \/>\n\t<meta name=\"twitter:data2\" content=\"1 minuto\" \/>\n<script type=\"application\/ld+json\" class=\"yoast-schema-graph\">{\"@context\":\"https:\/\/schema.org\",\"@graph\":[{\"@type\":\"Article\",\"@id\":\"https:\/\/femergs.com.br\/wfe\/blog\/dr-mario-sergio-cortella-em-cachoeira-do-sul\/#article\",\"isPartOf\":{\"@id\":\"https:\/\/femergs.com.br\/wfe\/blog\/dr-mario-sergio-cortella-em-cachoeira-do-sul\/\"},\"author\":{\"name\":\"adminfemergs\",\"@id\":\"https:\/\/femergs.com.br\/wfe\/#\/schema\/person\/f5558e6b5ffc044ee085016237dedb7f\"},\"headline\":\"DR. MARIO SERGIO CORTELLA, em Cachoeira do Sul\",\"datePublished\":\"2017-06-03T22:57:53+00:00\",\"mainEntityOfPage\":{\"@id\":\"https:\/\/femergs.com.br\/wfe\/blog\/dr-mario-sergio-cortella-em-cachoeira-do-sul\/\"},\"wordCount\":270,\"publisher\":{\"@id\":\"https:\/\/femergs.com.br\/wfe\/#organization\"},\"keywords\":[\"NULL\"],\"articleSection\":[\"ARQUIVADAS\"],\"inLanguage\":\"pt-BR\"},{\"@type\":\"WebPage\",\"@id\":\"https:\/\/femergs.com.br\/wfe\/blog\/dr-mario-sergio-cortella-em-cachoeira-do-sul\/\",\"url\":\"https:\/\/femergs.com.br\/wfe\/blog\/dr-mario-sergio-cortella-em-cachoeira-do-sul\/\",\"name\":\"DR. MARIO SERGIO CORTELLA, em Cachoeira do Sul - Federa\u00e7\u00e3o dos Municip\u00e1rios do Estado do Rio Grande do Sul\",\"isPartOf\":{\"@id\":\"https:\/\/femergs.com.br\/wfe\/#website\"},\"datePublished\":\"2017-06-03T22:57:53+00:00\",\"breadcrumb\":{\"@id\":\"https:\/\/femergs.com.br\/wfe\/blog\/dr-mario-sergio-cortella-em-cachoeira-do-sul\/#breadcrumb\"},\"inLanguage\":\"pt-BR\",\"potentialAction\":[{\"@type\":\"ReadAction\",\"target\":[\"https:\/\/femergs.com.br\/wfe\/blog\/dr-mario-sergio-cortella-em-cachoeira-do-sul\/\"]}]},{\"@type\":\"BreadcrumbList\",\"@id\":\"https:\/\/femergs.com.br\/wfe\/blog\/dr-mario-sergio-cortella-em-cachoeira-do-sul\/#breadcrumb\",\"itemListElement\":[{\"@type\":\"ListItem\",\"position\":1,\"name\":\"In\u00edcio\",\"item\":\"https:\/\/femergs.com.br\/wfe\/\"},{\"@type\":\"ListItem\",\"position\":2,\"name\":\"DR. MARIO SERGIO CORTELLA, em Cachoeira do Sul\"}]},{\"@type\":\"WebSite\",\"@id\":\"https:\/\/femergs.com.br\/wfe\/#website\",\"url\":\"https:\/\/femergs.com.br\/wfe\/\",\"name\":\"FEMERGS\",\"description\":\"FEDERA\u00c7\u00c3O DOS MUNICIP\u00c1RIOS DO ESTADO DO RIO GRANDE DO SUL\",\"publisher\":{\"@id\":\"https:\/\/femergs.com.br\/wfe\/#organization\"},\"potentialAction\":[{\"@type\":\"SearchAction\",\"target\":{\"@type\":\"EntryPoint\",\"urlTemplate\":\"https:\/\/femergs.com.br\/wfe\/?s={search_term_string}\"},\"query-input\":{\"@type\":\"PropertyValueSpecification\",\"valueRequired\":true,\"valueName\":\"search_term_string\"}}],\"inLanguage\":\"pt-BR\"},{\"@type\":\"Organization\",\"@id\":\"https:\/\/femergs.com.br\/wfe\/#organization\",\"name\":\"FEMERGS\",\"url\":\"https:\/\/femergs.com.br\/wfe\/\",\"logo\":{\"@type\":\"ImageObject\",\"inLanguage\":\"pt-BR\",\"@id\":\"https:\/\/femergs.com.br\/wfe\/#\/schema\/logo\/image\/\",\"url\":\"https:\/\/femergs.com.br\/wfe\/wp-content\/uploads\/2025\/06\/logotipo.png\",\"contentUrl\":\"https:\/\/femergs.com.br\/wfe\/wp-content\/uploads\/2025\/06\/logotipo.png\",\"width\":500,\"height\":500,\"caption\":\"FEMERGS\"},\"image\":{\"@id\":\"https:\/\/femergs.com.br\/wfe\/#\/schema\/logo\/image\/\"},\"sameAs\":[\"https:\/\/www.facebook.com\/profile.php?id=100057151733001\",\"https:\/\/www.instagram.com\/femergs_rs\/\"]},{\"@type\":\"Person\",\"@id\":\"https:\/\/femergs.com.br\/wfe\/#\/schema\/person\/f5558e6b5ffc044ee085016237dedb7f\",\"name\":\"adminfemergs\",\"image\":{\"@type\":\"ImageObject\",\"inLanguage\":\"pt-BR\",\"@id\":\"https:\/\/femergs.com.br\/wfe\/#\/schema\/person\/image\/\",\"url\":\"https:\/\/secure.gravatar.com\/avatar\/398642fa557cdd524617ad9b31c938845f071aeb3448b9c0aeb29aefc495337b?s=96&d=mm&r=g\",\"contentUrl\":\"https:\/\/secure.gravatar.com\/avatar\/398642fa557cdd524617ad9b31c938845f071aeb3448b9c0aeb29aefc495337b?s=96&d=mm&r=g\",\"caption\":\"adminfemergs\"},\"sameAs\":[\"https:\/\/femergs.com.br\/wfe\"],\"url\":\"https:\/\/femergs.com.br\/wfe\/blog\/author\/adminfemergs\/\"}]}<\/script>\n<!-- \/ Yoast SEO plugin. -->","yoast_head_json":{"title":"DR. MARIO SERGIO CORTELLA, em Cachoeira do Sul - Federa\u00e7\u00e3o dos Municip\u00e1rios do Estado do Rio Grande do Sul","robots":{"index":"index","follow":"follow","max-snippet":"max-snippet:-1","max-image-preview":"max-image-preview:large","max-video-preview":"max-video-preview:-1"},"canonical":"https:\/\/femergs.com.br\/wfe\/blog\/dr-mario-sergio-cortella-em-cachoeira-do-sul\/","og_locale":"pt_BR","og_type":"article","og_title":"DR. MARIO SERGIO CORTELLA, em Cachoeira do Sul - Federa\u00e7\u00e3o dos Municip\u00e1rios do Estado do Rio Grande do Sul","og_description":"O Sindicato dos Professores Municipais \u2013 SIPROM e Universidade Luterana do Brasil \u2013 ULBRA, Cachoeira do Sul, fazem parceria para trazer o palestrante DR. MARIO SERGIO CORTELLA, palestra sobre o tema: &#8220;\u00c9TICA, INDIV\u00cdDUO E SOCIEDADE&#8221;, no dia 25 de agosto de 2017, \u00e0s 19h, no Gin\u00e1sio da ULBRA &#8211; Rua Martinho Lutero, 301, Bairro Universit\u00e1rio, [&hellip;]","og_url":"https:\/\/femergs.com.br\/wfe\/blog\/dr-mario-sergio-cortella-em-cachoeira-do-sul\/","og_site_name":"Federa\u00e7\u00e3o dos Municip\u00e1rios do Estado do Rio Grande do Sul","article_publisher":"https:\/\/www.facebook.com\/profile.php?id=100057151733001","article_published_time":"2017-06-03T22:57:53+00:00","author":"adminfemergs","twitter_card":"summary_large_image","twitter_misc":{"Escrito por":"adminfemergs","Est. tempo de leitura":"1 minuto"},"schema":{"@context":"https:\/\/schema.org","@graph":[{"@type":"Article","@id":"https:\/\/femergs.com.br\/wfe\/blog\/dr-mario-sergio-cortella-em-cachoeira-do-sul\/#article","isPartOf":{"@id":"https:\/\/femergs.com.br\/wfe\/blog\/dr-mario-sergio-cortella-em-cachoeira-do-sul\/"},"author":{"name":"adminfemergs","@id":"https:\/\/femergs.com.br\/wfe\/#\/schema\/person\/f5558e6b5ffc044ee085016237dedb7f"},"headline":"DR. MARIO SERGIO CORTELLA, em Cachoeira do Sul","datePublished":"2017-06-03T22:57:53+00:00","mainEntityOfPage":{"@id":"https:\/\/femergs.com.br\/wfe\/blog\/dr-mario-sergio-cortella-em-cachoeira-do-sul\/"},"wordCount":270,"publisher":{"@id":"https:\/\/femergs.com.br\/wfe\/#organization"},"keywords":["NULL"],"articleSection":["ARQUIVADAS"],"inLanguage":"pt-BR"},{"@type":"WebPage","@id":"https:\/\/femergs.com.br\/wfe\/blog\/dr-mario-sergio-cortella-em-cachoeira-do-sul\/","url":"https:\/\/femergs.com.br\/wfe\/blog\/dr-mario-sergio-cortella-em-cachoeira-do-sul\/","name":"DR. MARIO SERGIO CORTELLA, em Cachoeira do Sul - Federa\u00e7\u00e3o dos Municip\u00e1rios do Estado do Rio Grande do Sul","isPartOf":{"@id":"https:\/\/femergs.com.br\/wfe\/#website"},"datePublished":"2017-06-03T22:57:53+00:00","breadcrumb":{"@id":"https:\/\/femergs.com.br\/wfe\/blog\/dr-mario-sergio-cortella-em-cachoeira-do-sul\/#breadcrumb"},"inLanguage":"pt-BR","potentialAction":[{"@type":"ReadAction","target":["https:\/\/femergs.com.br\/wfe\/blog\/dr-mario-sergio-cortella-em-cachoeira-do-sul\/"]}]},{"@type":"BreadcrumbList","@id":"https:\/\/femergs.com.br\/wfe\/blog\/dr-mario-sergio-cortella-em-cachoeira-do-sul\/#breadcrumb","itemListElement":[{"@type":"ListItem","position":1,"name":"In\u00edcio","item":"https:\/\/femergs.com.br\/wfe\/"},{"@type":"ListItem","position":2,"name":"DR. MARIO SERGIO CORTELLA, em Cachoeira do Sul"}]},{"@type":"WebSite","@id":"https:\/\/femergs.com.br\/wfe\/#website","url":"https:\/\/femergs.com.br\/wfe\/","name":"FEMERGS","description":"FEDERA\u00c7\u00c3O DOS MUNICIP\u00c1RIOS DO ESTADO DO RIO GRANDE DO SUL","publisher":{"@id":"https:\/\/femergs.com.br\/wfe\/#organization"},"potentialAction":[{"@type":"SearchAction","target":{"@type":"EntryPoint","urlTemplate":"https:\/\/femergs.com.br\/wfe\/?s={search_term_string}"},"query-input":{"@type":"PropertyValueSpecification","valueRequired":true,"valueName":"search_term_string"}}],"inLanguage":"pt-BR"},{"@type":"Organization","@id":"https:\/\/femergs.com.br\/wfe\/#organization","name":"FEMERGS","url":"https:\/\/femergs.com.br\/wfe\/","logo":{"@type":"ImageObject","inLanguage":"pt-BR","@id":"https:\/\/femergs.com.br\/wfe\/#\/schema\/logo\/image\/","url":"https:\/\/femergs.com.br\/wfe\/wp-content\/uploads\/2025\/06\/logotipo.png","contentUrl":"https:\/\/femergs.com.br\/wfe\/wp-content\/uploads\/2025\/06\/logotipo.png","width":500,"height":500,"caption":"FEMERGS"},"image":{"@id":"https:\/\/femergs.com.br\/wfe\/#\/schema\/logo\/image\/"},"sameAs":["https:\/\/www.facebook.com\/profile.php?id=100057151733001","https:\/\/www.instagram.com\/femergs_rs\/"]},{"@type":"Person","@id":"https:\/\/femergs.com.br\/wfe\/#\/schema\/person\/f5558e6b5ffc044ee085016237dedb7f","name":"adminfemergs","image":{"@type":"ImageObject","inLanguage":"pt-BR","@id":"https:\/\/femergs.com.br\/wfe\/#\/schema\/person\/image\/","url":"https:\/\/secure.gravatar.com\/avatar\/398642fa557cdd524617ad9b31c938845f071aeb3448b9c0aeb29aefc495337b?s=96&d=mm&r=g","contentUrl":"https:\/\/secure.gravatar.com\/avatar\/398642fa557cdd524617ad9b31c938845f071aeb3448b9c0aeb29aefc495337b?s=96&d=mm&r=g","caption":"adminfemergs"},"sameAs":["https:\/\/femergs.com.br\/wfe"],"url":"https:\/\/femergs.com.br\/wfe\/blog\/author\/adminfemergs\/"}]}},"uagb_featured_image_src":{"full":false,"thumbnail":false,"medium":false,"medium_large":false,"large":false,"1536x1536":false,"2048x2048":false,"ultp_layout_landscape_large":false,"ultp_layout_landscape":false,"ultp_layout_portrait":false,"ultp_layout_square":false},"uagb_author_info":{"display_name":"adminfemergs","author_link":"https:\/\/femergs.com.br\/wfe\/blog\/author\/adminfemergs\/"},"uagb_comment_info":0,"uagb_excerpt":"O Sindicato dos Professores Municipais \u2013 SIPROM e Universidade Luterana do Brasil \u2013 ULBRA, Cachoeira do Sul, fazem parceria para trazer o palestrante DR. MARIO SERGIO CORTELLA, palestra sobre o tema: &#8220;\u00c9TICA, INDIV\u00cdDUO E SOCIEDADE&#8221;, no dia 25 de agosto de 2017, \u00e0s 19h, no Gin\u00e1sio da ULBRA &#8211; Rua Martinho Lutero, 301, Bairro Universit\u00e1rio,&hellip;","_links":{"self":[{"href":"https:\/\/femergs.com.br\/wfe\/wp-json\/wp\/v2\/posts\/1077","targetHints":{"allow":["GET"]}}],"collection":[{"href":"https:\/\/femergs.com.br\/wfe\/wp-json\/wp\/v2\/posts"}],"about":[{"href":"https:\/\/femergs.com.br\/wfe\/wp-json\/wp\/v2\/types\/post"}],"author":[{"embeddable":true,"href":"https:\/\/femergs.com.br\/wfe\/wp-json\/wp\/v2\/users\/1"}],"replies":[{"embeddable":true,"href":"https:\/\/femergs.com.br\/wfe\/wp-json\/wp\/v2\/comments?post=1077"}],"version-history":[{"count":0,"href":"https:\/\/femergs.com.br\/wfe\/wp-json\/wp\/v2\/posts\/1077\/revisions"}],"wp:attachment":[{"href":"https:\/\/femergs.com.br\/wfe\/wp-json\/wp\/v2\/media?parent=1077"}],"wp:term":[{"taxonomy":"category","embeddable":true,"href":"https:\/\/femergs.com.br\/wfe\/wp-json\/wp\/v2\/categories?post=1077"},{"taxonomy":"post_tag","embeddable":true,"href":"https:\/\/femergs.com.br\/wfe\/wp-json\/wp\/v2\/tags?post=1077"}],"curies":[{"name":"wp","href":"https:\/\/api.w.org\/{rel}","templated":true}]}}