{"id":1082,"date":"2017-06-20T09:30:40","date_gmt":"2017-06-20T09:30:40","guid":{"rendered":"https:\/\/femergs.com.br\/wfe\/blog\/greve-geral-eu-paro-30-de-junho\/"},"modified":"2017-06-20T09:30:40","modified_gmt":"2017-06-20T09:30:40","slug":"greve-geral-eu-paro-30-de-junho","status":"publish","type":"post","link":"https:\/\/femergs.com.br\/wfe\/blog\/greve-geral-eu-paro-30-de-junho\/","title":{"rendered":"GREVE GERAL &#8211; EU PARO! 30 DE JUNHO"},"content":{"rendered":"<p>A FEMERGS \u2013 FEDERA\u00c7\u00c3O DOS MUNICIP\u00c1RIOS DO ESTADO DO RIO GRANDE DO SUL vem se demonstrando como uma ferramenta de lutas para  os trabalhadores(as) do servi\u00e7o p\u00fablico municipal. A luta \u00e9 para que tenhamos um Servi\u00e7o P\u00fablico de Qualidade, com valoriza\u00e7\u00e3o e qualifica\u00e7\u00e3o dos trabalhadores(as).<br \/>\nA MARATONA DAS REFORMAS NEOLIBERAIS DO GOVERNO GOLPISTA CONTINUAM SUA TRAJET\u00d3RIA. Continua a tramita\u00e7\u00e3o da Reforma Trabalhista no Senado.   Os senadores que comp\u00f5em a Comiss\u00e3o de Assuntos Econ\u00f4micos &#8211; CAE do Senado envergonharam nossa Na\u00e7\u00e3o, aprovando por 14 votos contra 11, a \u00edntegra do projeto de desmonte da CLT encaminhado pela C\u00e2mara dos Deputados, alterando mais de 100 artigos da CLT.   <br \/>\nIGNORAM a grande mobiliza\u00e7\u00e3o do dia 28 de abril, a GREVE GERAL convocada por todas as centrais sindicais neste pa\u00eds. Da mesma forma a grande mobiliza\u00e7\u00e3o do dia 24 de maio \u201cOCUPA BRASILIA\u201d, eventos que a FEMERGS esteve ajudando na organiza\u00e7\u00e3o e se fez presente. Agora temos a nova convoca\u00e7\u00e3o de mais uma GREVE GERAL para o dia 30 de junho. Nos movimentos contra a retirada de direitos, precisamos e contamos  com ades\u00e3o de milhares e milhares de entidades, entre elas a OAB \u2013 Ordem dos Advogados do Brasil e a CNBB \u2013 Confedera\u00e7\u00e3o Nacional dos Bispos do Brasil que ajudam a criar a resist\u00eancia.  <br \/>\n Os Grandes Meios de Comunica\u00e7\u00e3o, a servi\u00e7o do Capital, continuam tentando passar o ide\u00e1rio do estado m\u00ednimo, a partir de um suposto \u201cAjuste Fiscal\u201d &#8211; capitaneado pelo governo Ileg\u00edtimo do Temer, numa afronta ao texto constitucional, em especial ao artigo 6\u00ba que trata dos direitos sociais. Neste momento precisamos acima de vis\u00f5es partid\u00e1rias trabalhar a unidade da Classe Trabalhadora, para conseguirmos barrar as maldades que est\u00e3o em curso contra os direitos dos trabalhadores. Problema para conseguirmos construir a unidade \u00e9 o (\u00f3dio classista) que se propagou contra o \u201cComunismo\u201d no passado, contra os \u201cSem Terra\u201d, contra o \u201cPartidos\u201d e agora contra os \u201cSindicatos\u201d onde se coloca para a sociedade por interm\u00e9dio dos meios de comunica\u00e7\u00e3o, os interesses dos Capitalistas. Precisamos parar para refletir, diante da exalta\u00e7\u00e3o dos \u00e2nimos, precisamos trazer a baila o contexto da \u00faltima Constituinte que resultou na Constitui\u00e7\u00e3o Federal de 1988, aonde tivemos uma vit\u00f3ria significativa da Classe Trabalhadora, e conseguimos incluir os direitos sociais na Carta Magna.<br \/>\n Esta disputa continua. Os ricos pensam apenas em um pa\u00eds rico na \u00f3tica deles &#8211; dos abastados. Mas o que foi vitorioso na CF de 1988, foi a vis\u00e3o de constru\u00e7\u00e3o de um pa\u00eds rico e justo, pois podemos citar o artigo 3\u00ba que traz entre os objetivos da na\u00e7\u00e3o a \u2018ERRADICA\u00c7\u00c3O DA POBREZA\u201d, portanto, traz a mensagem de uma Na\u00e7\u00e3o &#8211; que visa incluir todos(as) para viv\u00eancia efetiva da cidadania com observ\u00e2ncia dos direitos sociais.<br \/>\n Preocupante, a linha que est\u00e1 tentando se passar \u00e9 que estamos passando o pa\u00eds a limpo, mas na verdade estamos sendo mais uma vez enganados. O que est\u00e1 em curso no pa\u00eds \u00e9 uma suposta limpeza, para adequar os interesses do capital, e de forma incisiva tirar direitos hist\u00f3ricos da classe trabalhadora. Os epis\u00f3dios da Lava Jato, da JBS nos d\u00e3o uma impress\u00e3o de que estar\u00edamos passando o pa\u00eds a limpo, mas o que percebemos na pr\u00e1tica \u00e9 a continuidade do que estava encrostado no dia a dia no pa\u00eds a \u201ccorrup\u00e7\u00e3o\u201d. O Julgamento midi\u00e1tico no TSE com ares de \u201cironia\u201d do ministro Gilmar Mendes, e os demais epis\u00f3dios, servem para elucidar o \u201cfaz de conta\u201d que est\u00e1 acontecendo no Brasil, enquanto que tomam o \u201cleme\u201d da pol\u00edtica econ\u00f4mica e fiscal do pa\u00eds, e fazem os ajustes que a d\u00e9cadas tentavam e n\u00e3o conseguiam.<br \/>\nA FEMERGS, convoca a todos os seus sindicatos, para ajudarem na organiza\u00e7\u00e3o das mobiliza\u00e7\u00f5es para a GREVE GERAL dia 30 de junho. Somente com muita mobiliza\u00e7\u00e3o e enfrentamento conseguiremos barrar os pacotes de maldades que est\u00e3o em curso pela vis\u00e3o predominante do Estado M\u00ednimo, capitaneado pelo governo ILEG\u00cdTIMO do TEMER, em nome do suposto \u201cAJUSTE FISCAL\u201d.<\/p>\n","protected":false},"excerpt":{"rendered":"<p>A FEMERGS \u2013 FEDERA\u00c7\u00c3O DOS MUNICIP\u00c1RIOS DO ESTADO DO RIO GRANDE DO SUL vem se demonstrando como uma ferramenta de lutas para os trabalhadores(as) do servi\u00e7o p\u00fablico municipal. A luta \u00e9 para que tenhamos um Servi\u00e7o P\u00fablico de Qualidade, com valoriza\u00e7\u00e3o e qualifica\u00e7\u00e3o dos trabalhadores(as). A MARATONA DAS REFORMAS NEOLIBERAIS DO GOVERNO GOLPISTA CONTINUAM SUA [&hellip;]<\/p>\n","protected":false},"author":1,"featured_media":0,"comment_status":"closed","ping_status":"closed","sticky":false,"template":"","format":"standard","meta":{"_eb_attr":"","_uag_custom_page_level_css":"","fifu_image_url":"","fifu_image_alt":"","footnotes":""},"categories":[1],"tags":[32],"class_list":["post-1082","post","type-post","status-publish","format-standard","hentry","category-arquivadas","tag-null"],"yoast_head":"<!-- This site is optimized with the Yoast SEO plugin v27.1.1 - https:\/\/yoast.com\/product\/yoast-seo-wordpress\/ -->\n<title>GREVE GERAL - EU PARO! 30 DE JUNHO - Federa\u00e7\u00e3o dos Municip\u00e1rios do Estado do Rio Grande do Sul<\/title>\n<meta name=\"robots\" content=\"index, follow, max-snippet:-1, max-image-preview:large, max-video-preview:-1\" \/>\n<link rel=\"canonical\" href=\"https:\/\/femergs.com.br\/wfe\/blog\/greve-geral-eu-paro-30-de-junho\/\" \/>\n<meta property=\"og:locale\" content=\"pt_BR\" \/>\n<meta property=\"og:type\" content=\"article\" \/>\n<meta property=\"og:title\" content=\"GREVE GERAL - EU PARO! 30 DE JUNHO - Federa\u00e7\u00e3o dos Municip\u00e1rios do Estado do Rio Grande do Sul\" \/>\n<meta property=\"og:description\" content=\"A FEMERGS \u2013 FEDERA\u00c7\u00c3O DOS MUNICIP\u00c1RIOS DO ESTADO DO RIO GRANDE DO SUL vem se demonstrando como uma ferramenta de lutas para os trabalhadores(as) do servi\u00e7o p\u00fablico municipal. A luta \u00e9 para que tenhamos um Servi\u00e7o P\u00fablico de Qualidade, com valoriza\u00e7\u00e3o e qualifica\u00e7\u00e3o dos trabalhadores(as). A MARATONA DAS REFORMAS NEOLIBERAIS DO GOVERNO GOLPISTA CONTINUAM SUA [&hellip;]\" \/>\n<meta property=\"og:url\" content=\"https:\/\/femergs.com.br\/wfe\/blog\/greve-geral-eu-paro-30-de-junho\/\" \/>\n<meta property=\"og:site_name\" content=\"Federa\u00e7\u00e3o dos Municip\u00e1rios do Estado do Rio Grande do Sul\" \/>\n<meta property=\"article:publisher\" content=\"https:\/\/www.facebook.com\/profile.php?id=100057151733001\" \/>\n<meta property=\"article:published_time\" content=\"2017-06-20T09:30:40+00:00\" \/>\n<meta name=\"author\" content=\"adminfemergs\" \/>\n<meta name=\"twitter:card\" content=\"summary_large_image\" \/>\n<meta name=\"twitter:label1\" content=\"Escrito por\" \/>\n\t<meta name=\"twitter:data1\" content=\"adminfemergs\" \/>\n\t<meta name=\"twitter:label2\" content=\"Est. tempo de leitura\" \/>\n\t<meta name=\"twitter:data2\" content=\"4 minutos\" \/>\n<script type=\"application\/ld+json\" class=\"yoast-schema-graph\">{\"@context\":\"https:\/\/schema.org\",\"@graph\":[{\"@type\":\"Article\",\"@id\":\"https:\/\/femergs.com.br\/wfe\/blog\/greve-geral-eu-paro-30-de-junho\/#article\",\"isPartOf\":{\"@id\":\"https:\/\/femergs.com.br\/wfe\/blog\/greve-geral-eu-paro-30-de-junho\/\"},\"author\":{\"name\":\"adminfemergs\",\"@id\":\"https:\/\/femergs.com.br\/wfe\/#\/schema\/person\/f5558e6b5ffc044ee085016237dedb7f\"},\"headline\":\"GREVE GERAL &#8211; EU PARO! 30 DE JUNHO\",\"datePublished\":\"2017-06-20T09:30:40+00:00\",\"mainEntityOfPage\":{\"@id\":\"https:\/\/femergs.com.br\/wfe\/blog\/greve-geral-eu-paro-30-de-junho\/\"},\"wordCount\":709,\"publisher\":{\"@id\":\"https:\/\/femergs.com.br\/wfe\/#organization\"},\"keywords\":[\"NULL\"],\"articleSection\":[\"ARQUIVADAS\"],\"inLanguage\":\"pt-BR\"},{\"@type\":\"WebPage\",\"@id\":\"https:\/\/femergs.com.br\/wfe\/blog\/greve-geral-eu-paro-30-de-junho\/\",\"url\":\"https:\/\/femergs.com.br\/wfe\/blog\/greve-geral-eu-paro-30-de-junho\/\",\"name\":\"GREVE GERAL - EU PARO! 30 DE JUNHO - Federa\u00e7\u00e3o dos Municip\u00e1rios do Estado do Rio Grande do Sul\",\"isPartOf\":{\"@id\":\"https:\/\/femergs.com.br\/wfe\/#website\"},\"datePublished\":\"2017-06-20T09:30:40+00:00\",\"breadcrumb\":{\"@id\":\"https:\/\/femergs.com.br\/wfe\/blog\/greve-geral-eu-paro-30-de-junho\/#breadcrumb\"},\"inLanguage\":\"pt-BR\",\"potentialAction\":[{\"@type\":\"ReadAction\",\"target\":[\"https:\/\/femergs.com.br\/wfe\/blog\/greve-geral-eu-paro-30-de-junho\/\"]}]},{\"@type\":\"BreadcrumbList\",\"@id\":\"https:\/\/femergs.com.br\/wfe\/blog\/greve-geral-eu-paro-30-de-junho\/#breadcrumb\",\"itemListElement\":[{\"@type\":\"ListItem\",\"position\":1,\"name\":\"In\u00edcio\",\"item\":\"https:\/\/femergs.com.br\/wfe\/\"},{\"@type\":\"ListItem\",\"position\":2,\"name\":\"GREVE GERAL &#8211; EU PARO! 30 DE JUNHO\"}]},{\"@type\":\"WebSite\",\"@id\":\"https:\/\/femergs.com.br\/wfe\/#website\",\"url\":\"https:\/\/femergs.com.br\/wfe\/\",\"name\":\"FEMERGS\",\"description\":\"FEDERA\u00c7\u00c3O DOS MUNICIP\u00c1RIOS DO ESTADO DO RIO GRANDE DO SUL\",\"publisher\":{\"@id\":\"https:\/\/femergs.com.br\/wfe\/#organization\"},\"potentialAction\":[{\"@type\":\"SearchAction\",\"target\":{\"@type\":\"EntryPoint\",\"urlTemplate\":\"https:\/\/femergs.com.br\/wfe\/?s={search_term_string}\"},\"query-input\":{\"@type\":\"PropertyValueSpecification\",\"valueRequired\":true,\"valueName\":\"search_term_string\"}}],\"inLanguage\":\"pt-BR\"},{\"@type\":\"Organization\",\"@id\":\"https:\/\/femergs.com.br\/wfe\/#organization\",\"name\":\"FEMERGS\",\"url\":\"https:\/\/femergs.com.br\/wfe\/\",\"logo\":{\"@type\":\"ImageObject\",\"inLanguage\":\"pt-BR\",\"@id\":\"https:\/\/femergs.com.br\/wfe\/#\/schema\/logo\/image\/\",\"url\":\"https:\/\/femergs.com.br\/wfe\/wp-content\/uploads\/2025\/06\/logotipo.png\",\"contentUrl\":\"https:\/\/femergs.com.br\/wfe\/wp-content\/uploads\/2025\/06\/logotipo.png\",\"width\":500,\"height\":500,\"caption\":\"FEMERGS\"},\"image\":{\"@id\":\"https:\/\/femergs.com.br\/wfe\/#\/schema\/logo\/image\/\"},\"sameAs\":[\"https:\/\/www.facebook.com\/profile.php?id=100057151733001\",\"https:\/\/www.instagram.com\/femergs_rs\/\"]},{\"@type\":\"Person\",\"@id\":\"https:\/\/femergs.com.br\/wfe\/#\/schema\/person\/f5558e6b5ffc044ee085016237dedb7f\",\"name\":\"adminfemergs\",\"image\":{\"@type\":\"ImageObject\",\"inLanguage\":\"pt-BR\",\"@id\":\"https:\/\/femergs.com.br\/wfe\/#\/schema\/person\/image\/\",\"url\":\"https:\/\/secure.gravatar.com\/avatar\/398642fa557cdd524617ad9b31c938845f071aeb3448b9c0aeb29aefc495337b?s=96&d=mm&r=g\",\"contentUrl\":\"https:\/\/secure.gravatar.com\/avatar\/398642fa557cdd524617ad9b31c938845f071aeb3448b9c0aeb29aefc495337b?s=96&d=mm&r=g\",\"caption\":\"adminfemergs\"},\"sameAs\":[\"https:\/\/femergs.com.br\/wfe\"],\"url\":\"https:\/\/femergs.com.br\/wfe\/blog\/author\/adminfemergs\/\"}]}<\/script>\n<!-- \/ Yoast SEO plugin. -->","yoast_head_json":{"title":"GREVE GERAL - EU PARO! 30 DE JUNHO - Federa\u00e7\u00e3o dos Municip\u00e1rios do Estado do Rio Grande do Sul","robots":{"index":"index","follow":"follow","max-snippet":"max-snippet:-1","max-image-preview":"max-image-preview:large","max-video-preview":"max-video-preview:-1"},"canonical":"https:\/\/femergs.com.br\/wfe\/blog\/greve-geral-eu-paro-30-de-junho\/","og_locale":"pt_BR","og_type":"article","og_title":"GREVE GERAL - EU PARO! 30 DE JUNHO - Federa\u00e7\u00e3o dos Municip\u00e1rios do Estado do Rio Grande do Sul","og_description":"A FEMERGS \u2013 FEDERA\u00c7\u00c3O DOS MUNICIP\u00c1RIOS DO ESTADO DO RIO GRANDE DO SUL vem se demonstrando como uma ferramenta de lutas para os trabalhadores(as) do servi\u00e7o p\u00fablico municipal. A luta \u00e9 para que tenhamos um Servi\u00e7o P\u00fablico de Qualidade, com valoriza\u00e7\u00e3o e qualifica\u00e7\u00e3o dos trabalhadores(as). A MARATONA DAS REFORMAS NEOLIBERAIS DO GOVERNO GOLPISTA CONTINUAM SUA [&hellip;]","og_url":"https:\/\/femergs.com.br\/wfe\/blog\/greve-geral-eu-paro-30-de-junho\/","og_site_name":"Federa\u00e7\u00e3o dos Municip\u00e1rios do Estado do Rio Grande do Sul","article_publisher":"https:\/\/www.facebook.com\/profile.php?id=100057151733001","article_published_time":"2017-06-20T09:30:40+00:00","author":"adminfemergs","twitter_card":"summary_large_image","twitter_misc":{"Escrito por":"adminfemergs","Est. tempo de leitura":"4 minutos"},"schema":{"@context":"https:\/\/schema.org","@graph":[{"@type":"Article","@id":"https:\/\/femergs.com.br\/wfe\/blog\/greve-geral-eu-paro-30-de-junho\/#article","isPartOf":{"@id":"https:\/\/femergs.com.br\/wfe\/blog\/greve-geral-eu-paro-30-de-junho\/"},"author":{"name":"adminfemergs","@id":"https:\/\/femergs.com.br\/wfe\/#\/schema\/person\/f5558e6b5ffc044ee085016237dedb7f"},"headline":"GREVE GERAL &#8211; EU PARO! 30 DE JUNHO","datePublished":"2017-06-20T09:30:40+00:00","mainEntityOfPage":{"@id":"https:\/\/femergs.com.br\/wfe\/blog\/greve-geral-eu-paro-30-de-junho\/"},"wordCount":709,"publisher":{"@id":"https:\/\/femergs.com.br\/wfe\/#organization"},"keywords":["NULL"],"articleSection":["ARQUIVADAS"],"inLanguage":"pt-BR"},{"@type":"WebPage","@id":"https:\/\/femergs.com.br\/wfe\/blog\/greve-geral-eu-paro-30-de-junho\/","url":"https:\/\/femergs.com.br\/wfe\/blog\/greve-geral-eu-paro-30-de-junho\/","name":"GREVE GERAL - EU PARO! 30 DE JUNHO - Federa\u00e7\u00e3o dos Municip\u00e1rios do Estado do Rio Grande do Sul","isPartOf":{"@id":"https:\/\/femergs.com.br\/wfe\/#website"},"datePublished":"2017-06-20T09:30:40+00:00","breadcrumb":{"@id":"https:\/\/femergs.com.br\/wfe\/blog\/greve-geral-eu-paro-30-de-junho\/#breadcrumb"},"inLanguage":"pt-BR","potentialAction":[{"@type":"ReadAction","target":["https:\/\/femergs.com.br\/wfe\/blog\/greve-geral-eu-paro-30-de-junho\/"]}]},{"@type":"BreadcrumbList","@id":"https:\/\/femergs.com.br\/wfe\/blog\/greve-geral-eu-paro-30-de-junho\/#breadcrumb","itemListElement":[{"@type":"ListItem","position":1,"name":"In\u00edcio","item":"https:\/\/femergs.com.br\/wfe\/"},{"@type":"ListItem","position":2,"name":"GREVE GERAL &#8211; EU PARO! 30 DE JUNHO"}]},{"@type":"WebSite","@id":"https:\/\/femergs.com.br\/wfe\/#website","url":"https:\/\/femergs.com.br\/wfe\/","name":"FEMERGS","description":"FEDERA\u00c7\u00c3O DOS MUNICIP\u00c1RIOS DO ESTADO DO RIO GRANDE DO SUL","publisher":{"@id":"https:\/\/femergs.com.br\/wfe\/#organization"},"potentialAction":[{"@type":"SearchAction","target":{"@type":"EntryPoint","urlTemplate":"https:\/\/femergs.com.br\/wfe\/?s={search_term_string}"},"query-input":{"@type":"PropertyValueSpecification","valueRequired":true,"valueName":"search_term_string"}}],"inLanguage":"pt-BR"},{"@type":"Organization","@id":"https:\/\/femergs.com.br\/wfe\/#organization","name":"FEMERGS","url":"https:\/\/femergs.com.br\/wfe\/","logo":{"@type":"ImageObject","inLanguage":"pt-BR","@id":"https:\/\/femergs.com.br\/wfe\/#\/schema\/logo\/image\/","url":"https:\/\/femergs.com.br\/wfe\/wp-content\/uploads\/2025\/06\/logotipo.png","contentUrl":"https:\/\/femergs.com.br\/wfe\/wp-content\/uploads\/2025\/06\/logotipo.png","width":500,"height":500,"caption":"FEMERGS"},"image":{"@id":"https:\/\/femergs.com.br\/wfe\/#\/schema\/logo\/image\/"},"sameAs":["https:\/\/www.facebook.com\/profile.php?id=100057151733001","https:\/\/www.instagram.com\/femergs_rs\/"]},{"@type":"Person","@id":"https:\/\/femergs.com.br\/wfe\/#\/schema\/person\/f5558e6b5ffc044ee085016237dedb7f","name":"adminfemergs","image":{"@type":"ImageObject","inLanguage":"pt-BR","@id":"https:\/\/femergs.com.br\/wfe\/#\/schema\/person\/image\/","url":"https:\/\/secure.gravatar.com\/avatar\/398642fa557cdd524617ad9b31c938845f071aeb3448b9c0aeb29aefc495337b?s=96&d=mm&r=g","contentUrl":"https:\/\/secure.gravatar.com\/avatar\/398642fa557cdd524617ad9b31c938845f071aeb3448b9c0aeb29aefc495337b?s=96&d=mm&r=g","caption":"adminfemergs"},"sameAs":["https:\/\/femergs.com.br\/wfe"],"url":"https:\/\/femergs.com.br\/wfe\/blog\/author\/adminfemergs\/"}]}},"uagb_featured_image_src":{"full":false,"thumbnail":false,"medium":false,"medium_large":false,"large":false,"1536x1536":false,"2048x2048":false,"ultp_layout_landscape_large":false,"ultp_layout_landscape":false,"ultp_layout_portrait":false,"ultp_layout_square":false},"uagb_author_info":{"display_name":"adminfemergs","author_link":"https:\/\/femergs.com.br\/wfe\/blog\/author\/adminfemergs\/"},"uagb_comment_info":0,"uagb_excerpt":"A FEMERGS \u2013 FEDERA\u00c7\u00c3O DOS MUNICIP\u00c1RIOS DO ESTADO DO RIO GRANDE DO SUL vem se demonstrando como uma ferramenta de lutas para os trabalhadores(as) do servi\u00e7o p\u00fablico municipal. A luta \u00e9 para que tenhamos um Servi\u00e7o P\u00fablico de Qualidade, com valoriza\u00e7\u00e3o e qualifica\u00e7\u00e3o dos trabalhadores(as). A MARATONA DAS REFORMAS NEOLIBERAIS DO GOVERNO GOLPISTA CONTINUAM SUA&hellip;","_links":{"self":[{"href":"https:\/\/femergs.com.br\/wfe\/wp-json\/wp\/v2\/posts\/1082","targetHints":{"allow":["GET"]}}],"collection":[{"href":"https:\/\/femergs.com.br\/wfe\/wp-json\/wp\/v2\/posts"}],"about":[{"href":"https:\/\/femergs.com.br\/wfe\/wp-json\/wp\/v2\/types\/post"}],"author":[{"embeddable":true,"href":"https:\/\/femergs.com.br\/wfe\/wp-json\/wp\/v2\/users\/1"}],"replies":[{"embeddable":true,"href":"https:\/\/femergs.com.br\/wfe\/wp-json\/wp\/v2\/comments?post=1082"}],"version-history":[{"count":0,"href":"https:\/\/femergs.com.br\/wfe\/wp-json\/wp\/v2\/posts\/1082\/revisions"}],"wp:attachment":[{"href":"https:\/\/femergs.com.br\/wfe\/wp-json\/wp\/v2\/media?parent=1082"}],"wp:term":[{"taxonomy":"category","embeddable":true,"href":"https:\/\/femergs.com.br\/wfe\/wp-json\/wp\/v2\/categories?post=1082"},{"taxonomy":"post_tag","embeddable":true,"href":"https:\/\/femergs.com.br\/wfe\/wp-json\/wp\/v2\/tags?post=1082"}],"curies":[{"name":"wp","href":"https:\/\/api.w.org\/{rel}","templated":true}]}}