{"id":1086,"date":"2017-07-04T09:54:43","date_gmt":"2017-07-04T09:54:43","guid":{"rendered":"https:\/\/femergs.com.br\/wfe\/blog\/greve-geral-por-nenhum-direito-a-menos-sarandi\/"},"modified":"2017-07-04T09:54:43","modified_gmt":"2017-07-04T09:54:43","slug":"greve-geral-por-nenhum-direito-a-menos-sarandi","status":"publish","type":"post","link":"https:\/\/femergs.com.br\/wfe\/blog\/greve-geral-por-nenhum-direito-a-menos-sarandi\/","title":{"rendered":"\u201cGREVE GERAL POR NENHUM DIREITO A MENOS\u201d &#8211; SARANDI"},"content":{"rendered":"<div style=\"text-align:justify\">Inserida no movimento Greve Geral \u2013 \u201cPor nenhum direito a menos!\u201d ocorreu em Sarandi, no dia 30 de junho de 2017, com apoio da Federa\u00e7\u00e3o dos Municip\u00e1rios do Estado do Rio Grande do Sul e com a presen\u00e7a da Diretora de Imprensa e Comunica\u00e7\u00e3o &#8211; Lucinara Massolino, do Coordenador da Regional AMZOP \u2013 Ivonei Cl\u00e1udio F\u00e3o e do Coordenador Regional Planalto \u2013 Ant\u00f4nio Aires dos Santos, uma mobiliza\u00e7\u00e3o contra as reformas do governo federal, especialmente a trabalhista e previdenci\u00e1ria. Somente de Frederico Westphalen, representantes de 16 entidades participam das atividades.<br \/>\nNeste ato tivemos a participa\u00e7\u00e3o do  Deputado Federal Elvino Bohn Gass (PT\/RS), do  Deputado Federal Deonilso Mateus Marcon (PT-RS) e do Deputado Estadual Altemir Tortelli (PT-RS).<br \/>\nA programa\u00e7\u00e3o iniciou com a recep\u00e7\u00e3o das caravanas e concentra\u00e7\u00e3o em frente \u00e0 ag\u00eancia do INSS com marcha at\u00e9 a ag\u00eancia do Banco do Brasil, ap\u00f3s at\u00e9 o trevo principal, seguindo at\u00e9 o trevo secund\u00e1rio onde, h\u00e1 30 anos, Roseli Nunes, Lari Grosseli e Vitalvino More morreram em uma reivindica\u00e7\u00e3o por melhores condi\u00e7\u00f5es de vida no campo. Tamb\u00e9m foi colocada uma placa no local, em homenagem a estes trabalhadores, sendo que a m\u00edstica principal foi realizada a cargo de alunos da Escola da Fazendo Anoni.<br \/>\nAntecedendo a Greve as entidades encaminharam a todos uma carta convite de ades\u00e3o a este movimento:<br \/>\n<span style=\"background-color:#D3D3D3\">\u201cPassamos por um dos per\u00edodos mais importantes da hist\u00f3ria do nosso pa\u00eds, momento esse que exige de todas as pessoas, entidades, universidades, igrejas, movimentos sociais se colocarem em defesa e na luta pela garantia dos direitos dos mais pobres, das mulheres, da juventude, do povo brasileiro. Passamos por um golpe contra a democracia que agora se estende para os direitos do povo trabalhador brasileiro, que sempre foi explorado e agora assiste perplexo a trai\u00e7\u00e3o dos pr\u00f3prios governantes que ajudou a eleger para representarem a sua vontade.<\/span><br \/>\n<span style=\"background-color:#D3D3D3\">Desse modo, as organiza\u00e7\u00f5es representativas dos trabalhadores, sindicatos e movimento estudantil de Frederico Westphalen, reunidos no dia 26 de junho, reafirmam seu apoio \u00e0s greves e mobiliza\u00e7\u00f5es convocadas para o dia 30 de junho, de car\u00e1ter nacional, contra a reforma trabalhista em defesa dos direitos dos trabalhadores e contra a reforma da previd\u00eancia em defesa do direito ao acesso \u00e0 aposentadoria, pois n\u00e3o aceitamos a desculpa propagada pelo governo dizendo que existe d\u00e9ficit enquanto ocorre anualmente o saque sistem\u00e1tico de 30% na Desvincula\u00e7\u00e3o de Receita da Uni\u00e3o \u2013 DRU.<\/span><br \/>\n<span style=\"background-color:#D3D3D3\">Repudiamos a reforma trabalhista que est\u00e1 tramitando no Senado Federal (PLC38\/2017) porque ela rasga a CLT, amplia a precariza\u00e7\u00e3o do trabalho, condena o\/a trabalhador\/a atrav\u00e9s da terceiriza\u00e7\u00e3o irrestrita, fragiliza a sua organiza\u00e7\u00e3o, a negocia\u00e7\u00e3o coletiva, al\u00e9m de dificultar o acesso \u00e0 Justi\u00e7a do Trabalho. Al\u00e9m disso, a reforma da previd\u00eancia \u00e9 um ataque a aposentadoria, pois visa aumentar a idade m\u00ednima para se aposentar, bem como o tempo de contribui\u00e7\u00e3o para diversos segmentos de trabalhadores.<\/span><br \/>\n<span style=\"background-color:#D3D3D3\">Por isso, convidamos a todas e a todos, trabalhadores, funcion\u00e1rios p\u00fablicos, estudantes, juventude e toda a popula\u00e7\u00e3o a se somarem na GREVE GERAL do dia 30 de Junho, em Sarandi, onde faremos um grande ato regional, pautando a defesa dos direitos e a retomada do desenvolvimento soberano e inclusivo do pa\u00eds, pois acreditamos que a atual classe pol\u00edtica, em sua maioria enraizada na corrup\u00e7\u00e3o, n\u00e3o mais nos representa e n\u00e3o tem legitimidade para propor reformas constru\u00eddas sem a participa\u00e7\u00e3o popular, ambas capitaneadas por um Presidente que j\u00e1 deveria ter renunciado ao cargo, que usou em benef\u00edcio pr\u00f3prio e n\u00e3o soube honrar.<\/span><br \/>\n<span style=\"background-color:#D3D3D3\">Desta forma convocamos a comunidade frederiquense e regional, o com\u00e9rcio e a ind\u00fastria, as reparti\u00e7\u00f5es p\u00fablicas, prestadores de servi\u00e7os e demais segmentos para fecharem suas portas nesta sexta-feira, acompanhando este movimento que busca a n\u00edvel nacional dar um basta nesta onda de maldades que ir\u00e3o tamb\u00e9m prejudicar a economia, a seguran\u00e7a, a sa\u00fade e a educa\u00e7\u00e3o em todos os munic\u00edpios.\u201d<\/span><\/div>\n<div style=\"text-align:right\"><span style=\"background-color:#D3D3D3\">Frederico Westphalen, 27 de Junho de 2017.<\/span><\/div>\n<p>\nEntidades apoiadoras:<br \/>\n* Associa\u00e7\u00f5es Comunit\u00e1rias de Bairros<\/p>\n<div style=\"text-align:justify\">* SINDI\u00c1GUA\/RS<\/div>\n<p>* SINASEFE<br \/>\n* SINDISFRED<br \/>\n* DCE da UFSM<br \/>\n* DCE da URI<br \/>\n* DCE do IFFar<br \/>\n* DCE da UERGS<br \/>\n* Frente Brasil Popular<br \/>\n* Partido Democr\u00e1tico Trabalhista<br \/>\n* Partido dos Trabalhadores<br \/>\n* AMAPERGS<br \/>\n* CPERS<br \/>\n* FEMERGS<br \/>\n* SINPRO\/RS<br \/>\n* SINDBANC\u00c1RIOS<\/p>\n","protected":false},"excerpt":{"rendered":"<p>Inserida no movimento Greve Geral \u2013 \u201cPor nenhum direito a menos!\u201d ocorreu em Sarandi, no dia 30 de junho de 2017, com apoio da Federa\u00e7\u00e3o dos Municip\u00e1rios do Estado do Rio Grande do Sul e com a presen\u00e7a da Diretora de Imprensa e Comunica\u00e7\u00e3o &#8211; Lucinara Massolino, do Coordenador da Regional AMZOP \u2013 Ivonei Cl\u00e1udio [&hellip;]<\/p>\n","protected":false},"author":1,"featured_media":0,"comment_status":"closed","ping_status":"closed","sticky":false,"template":"","format":"standard","meta":{"_eb_attr":"","_uag_custom_page_level_css":"","fifu_image_url":"","fifu_image_alt":"","footnotes":""},"categories":[1],"tags":[32],"class_list":["post-1086","post","type-post","status-publish","format-standard","hentry","category-arquivadas","tag-null"],"yoast_head":"<!-- This site is optimized with the Yoast SEO plugin v27.1.1 - https:\/\/yoast.com\/product\/yoast-seo-wordpress\/ -->\n<title>\u201cGREVE GERAL POR NENHUM DIREITO A MENOS\u201d - SARANDI - Federa\u00e7\u00e3o dos Municip\u00e1rios do Estado do Rio Grande do Sul<\/title>\n<meta name=\"robots\" content=\"index, follow, max-snippet:-1, max-image-preview:large, max-video-preview:-1\" \/>\n<link rel=\"canonical\" href=\"https:\/\/femergs.com.br\/wfe\/blog\/greve-geral-por-nenhum-direito-a-menos-sarandi\/\" \/>\n<meta property=\"og:locale\" content=\"pt_BR\" \/>\n<meta property=\"og:type\" content=\"article\" \/>\n<meta property=\"og:title\" content=\"\u201cGREVE GERAL POR NENHUM DIREITO A MENOS\u201d - SARANDI - Federa\u00e7\u00e3o dos Municip\u00e1rios do Estado do Rio Grande do Sul\" \/>\n<meta property=\"og:description\" content=\"Inserida no movimento Greve Geral \u2013 \u201cPor nenhum direito a menos!\u201d ocorreu em Sarandi, no dia 30 de junho de 2017, com apoio da Federa\u00e7\u00e3o dos Municip\u00e1rios do Estado do Rio Grande do Sul e com a presen\u00e7a da Diretora de Imprensa e Comunica\u00e7\u00e3o &#8211; Lucinara Massolino, do Coordenador da Regional AMZOP \u2013 Ivonei Cl\u00e1udio [&hellip;]\" \/>\n<meta property=\"og:url\" content=\"https:\/\/femergs.com.br\/wfe\/blog\/greve-geral-por-nenhum-direito-a-menos-sarandi\/\" \/>\n<meta property=\"og:site_name\" content=\"Federa\u00e7\u00e3o dos Municip\u00e1rios do Estado do Rio Grande do Sul\" \/>\n<meta property=\"article:publisher\" content=\"https:\/\/www.facebook.com\/profile.php?id=100057151733001\" \/>\n<meta property=\"article:published_time\" content=\"2017-07-04T09:54:43+00:00\" \/>\n<meta name=\"author\" content=\"adminfemergs\" \/>\n<meta name=\"twitter:card\" content=\"summary_large_image\" \/>\n<meta name=\"twitter:label1\" content=\"Escrito por\" \/>\n\t<meta name=\"twitter:data1\" content=\"adminfemergs\" \/>\n\t<meta name=\"twitter:label2\" content=\"Est. tempo de leitura\" \/>\n\t<meta name=\"twitter:data2\" content=\"4 minutos\" \/>\n<script type=\"application\/ld+json\" class=\"yoast-schema-graph\">{\"@context\":\"https:\/\/schema.org\",\"@graph\":[{\"@type\":\"Article\",\"@id\":\"https:\/\/femergs.com.br\/wfe\/blog\/greve-geral-por-nenhum-direito-a-menos-sarandi\/#article\",\"isPartOf\":{\"@id\":\"https:\/\/femergs.com.br\/wfe\/blog\/greve-geral-por-nenhum-direito-a-menos-sarandi\/\"},\"author\":{\"name\":\"adminfemergs\",\"@id\":\"https:\/\/femergs.com.br\/wfe\/#\/schema\/person\/f5558e6b5ffc044ee085016237dedb7f\"},\"headline\":\"\u201cGREVE GERAL POR NENHUM DIREITO A MENOS\u201d &#8211; SARANDI\",\"datePublished\":\"2017-07-04T09:54:43+00:00\",\"mainEntityOfPage\":{\"@id\":\"https:\/\/femergs.com.br\/wfe\/blog\/greve-geral-por-nenhum-direito-a-menos-sarandi\/\"},\"wordCount\":743,\"publisher\":{\"@id\":\"https:\/\/femergs.com.br\/wfe\/#organization\"},\"keywords\":[\"NULL\"],\"articleSection\":[\"ARQUIVADAS\"],\"inLanguage\":\"pt-BR\"},{\"@type\":\"WebPage\",\"@id\":\"https:\/\/femergs.com.br\/wfe\/blog\/greve-geral-por-nenhum-direito-a-menos-sarandi\/\",\"url\":\"https:\/\/femergs.com.br\/wfe\/blog\/greve-geral-por-nenhum-direito-a-menos-sarandi\/\",\"name\":\"\u201cGREVE GERAL POR NENHUM DIREITO A MENOS\u201d - SARANDI - Federa\u00e7\u00e3o dos Municip\u00e1rios do Estado do Rio Grande do Sul\",\"isPartOf\":{\"@id\":\"https:\/\/femergs.com.br\/wfe\/#website\"},\"datePublished\":\"2017-07-04T09:54:43+00:00\",\"breadcrumb\":{\"@id\":\"https:\/\/femergs.com.br\/wfe\/blog\/greve-geral-por-nenhum-direito-a-menos-sarandi\/#breadcrumb\"},\"inLanguage\":\"pt-BR\",\"potentialAction\":[{\"@type\":\"ReadAction\",\"target\":[\"https:\/\/femergs.com.br\/wfe\/blog\/greve-geral-por-nenhum-direito-a-menos-sarandi\/\"]}]},{\"@type\":\"BreadcrumbList\",\"@id\":\"https:\/\/femergs.com.br\/wfe\/blog\/greve-geral-por-nenhum-direito-a-menos-sarandi\/#breadcrumb\",\"itemListElement\":[{\"@type\":\"ListItem\",\"position\":1,\"name\":\"In\u00edcio\",\"item\":\"https:\/\/femergs.com.br\/wfe\/\"},{\"@type\":\"ListItem\",\"position\":2,\"name\":\"\u201cGREVE GERAL POR NENHUM DIREITO A MENOS\u201d &#8211; SARANDI\"}]},{\"@type\":\"WebSite\",\"@id\":\"https:\/\/femergs.com.br\/wfe\/#website\",\"url\":\"https:\/\/femergs.com.br\/wfe\/\",\"name\":\"FEMERGS\",\"description\":\"FEDERA\u00c7\u00c3O DOS MUNICIP\u00c1RIOS DO ESTADO DO RIO GRANDE DO SUL\",\"publisher\":{\"@id\":\"https:\/\/femergs.com.br\/wfe\/#organization\"},\"potentialAction\":[{\"@type\":\"SearchAction\",\"target\":{\"@type\":\"EntryPoint\",\"urlTemplate\":\"https:\/\/femergs.com.br\/wfe\/?s={search_term_string}\"},\"query-input\":{\"@type\":\"PropertyValueSpecification\",\"valueRequired\":true,\"valueName\":\"search_term_string\"}}],\"inLanguage\":\"pt-BR\"},{\"@type\":\"Organization\",\"@id\":\"https:\/\/femergs.com.br\/wfe\/#organization\",\"name\":\"FEMERGS\",\"url\":\"https:\/\/femergs.com.br\/wfe\/\",\"logo\":{\"@type\":\"ImageObject\",\"inLanguage\":\"pt-BR\",\"@id\":\"https:\/\/femergs.com.br\/wfe\/#\/schema\/logo\/image\/\",\"url\":\"https:\/\/femergs.com.br\/wfe\/wp-content\/uploads\/2025\/06\/logotipo.png\",\"contentUrl\":\"https:\/\/femergs.com.br\/wfe\/wp-content\/uploads\/2025\/06\/logotipo.png\",\"width\":500,\"height\":500,\"caption\":\"FEMERGS\"},\"image\":{\"@id\":\"https:\/\/femergs.com.br\/wfe\/#\/schema\/logo\/image\/\"},\"sameAs\":[\"https:\/\/www.facebook.com\/profile.php?id=100057151733001\",\"https:\/\/www.instagram.com\/femergs_rs\/\"]},{\"@type\":\"Person\",\"@id\":\"https:\/\/femergs.com.br\/wfe\/#\/schema\/person\/f5558e6b5ffc044ee085016237dedb7f\",\"name\":\"adminfemergs\",\"image\":{\"@type\":\"ImageObject\",\"inLanguage\":\"pt-BR\",\"@id\":\"https:\/\/femergs.com.br\/wfe\/#\/schema\/person\/image\/\",\"url\":\"https:\/\/secure.gravatar.com\/avatar\/398642fa557cdd524617ad9b31c938845f071aeb3448b9c0aeb29aefc495337b?s=96&d=mm&r=g\",\"contentUrl\":\"https:\/\/secure.gravatar.com\/avatar\/398642fa557cdd524617ad9b31c938845f071aeb3448b9c0aeb29aefc495337b?s=96&d=mm&r=g\",\"caption\":\"adminfemergs\"},\"sameAs\":[\"https:\/\/femergs.com.br\/wfe\"],\"url\":\"https:\/\/femergs.com.br\/wfe\/blog\/author\/adminfemergs\/\"}]}<\/script>\n<!-- \/ Yoast SEO plugin. -->","yoast_head_json":{"title":"\u201cGREVE GERAL POR NENHUM DIREITO A MENOS\u201d - SARANDI - Federa\u00e7\u00e3o dos Municip\u00e1rios do Estado do Rio Grande do Sul","robots":{"index":"index","follow":"follow","max-snippet":"max-snippet:-1","max-image-preview":"max-image-preview:large","max-video-preview":"max-video-preview:-1"},"canonical":"https:\/\/femergs.com.br\/wfe\/blog\/greve-geral-por-nenhum-direito-a-menos-sarandi\/","og_locale":"pt_BR","og_type":"article","og_title":"\u201cGREVE GERAL POR NENHUM DIREITO A MENOS\u201d - SARANDI - Federa\u00e7\u00e3o dos Municip\u00e1rios do Estado do Rio Grande do Sul","og_description":"Inserida no movimento Greve Geral \u2013 \u201cPor nenhum direito a menos!\u201d ocorreu em Sarandi, no dia 30 de junho de 2017, com apoio da Federa\u00e7\u00e3o dos Municip\u00e1rios do Estado do Rio Grande do Sul e com a presen\u00e7a da Diretora de Imprensa e Comunica\u00e7\u00e3o &#8211; Lucinara Massolino, do Coordenador da Regional AMZOP \u2013 Ivonei Cl\u00e1udio [&hellip;]","og_url":"https:\/\/femergs.com.br\/wfe\/blog\/greve-geral-por-nenhum-direito-a-menos-sarandi\/","og_site_name":"Federa\u00e7\u00e3o dos Municip\u00e1rios do Estado do Rio Grande do Sul","article_publisher":"https:\/\/www.facebook.com\/profile.php?id=100057151733001","article_published_time":"2017-07-04T09:54:43+00:00","author":"adminfemergs","twitter_card":"summary_large_image","twitter_misc":{"Escrito por":"adminfemergs","Est. tempo de leitura":"4 minutos"},"schema":{"@context":"https:\/\/schema.org","@graph":[{"@type":"Article","@id":"https:\/\/femergs.com.br\/wfe\/blog\/greve-geral-por-nenhum-direito-a-menos-sarandi\/#article","isPartOf":{"@id":"https:\/\/femergs.com.br\/wfe\/blog\/greve-geral-por-nenhum-direito-a-menos-sarandi\/"},"author":{"name":"adminfemergs","@id":"https:\/\/femergs.com.br\/wfe\/#\/schema\/person\/f5558e6b5ffc044ee085016237dedb7f"},"headline":"\u201cGREVE GERAL POR NENHUM DIREITO A MENOS\u201d &#8211; SARANDI","datePublished":"2017-07-04T09:54:43+00:00","mainEntityOfPage":{"@id":"https:\/\/femergs.com.br\/wfe\/blog\/greve-geral-por-nenhum-direito-a-menos-sarandi\/"},"wordCount":743,"publisher":{"@id":"https:\/\/femergs.com.br\/wfe\/#organization"},"keywords":["NULL"],"articleSection":["ARQUIVADAS"],"inLanguage":"pt-BR"},{"@type":"WebPage","@id":"https:\/\/femergs.com.br\/wfe\/blog\/greve-geral-por-nenhum-direito-a-menos-sarandi\/","url":"https:\/\/femergs.com.br\/wfe\/blog\/greve-geral-por-nenhum-direito-a-menos-sarandi\/","name":"\u201cGREVE GERAL POR NENHUM DIREITO A MENOS\u201d - SARANDI - Federa\u00e7\u00e3o dos Municip\u00e1rios do Estado do Rio Grande do Sul","isPartOf":{"@id":"https:\/\/femergs.com.br\/wfe\/#website"},"datePublished":"2017-07-04T09:54:43+00:00","breadcrumb":{"@id":"https:\/\/femergs.com.br\/wfe\/blog\/greve-geral-por-nenhum-direito-a-menos-sarandi\/#breadcrumb"},"inLanguage":"pt-BR","potentialAction":[{"@type":"ReadAction","target":["https:\/\/femergs.com.br\/wfe\/blog\/greve-geral-por-nenhum-direito-a-menos-sarandi\/"]}]},{"@type":"BreadcrumbList","@id":"https:\/\/femergs.com.br\/wfe\/blog\/greve-geral-por-nenhum-direito-a-menos-sarandi\/#breadcrumb","itemListElement":[{"@type":"ListItem","position":1,"name":"In\u00edcio","item":"https:\/\/femergs.com.br\/wfe\/"},{"@type":"ListItem","position":2,"name":"\u201cGREVE GERAL POR NENHUM DIREITO A MENOS\u201d &#8211; SARANDI"}]},{"@type":"WebSite","@id":"https:\/\/femergs.com.br\/wfe\/#website","url":"https:\/\/femergs.com.br\/wfe\/","name":"FEMERGS","description":"FEDERA\u00c7\u00c3O DOS MUNICIP\u00c1RIOS DO ESTADO DO RIO GRANDE DO SUL","publisher":{"@id":"https:\/\/femergs.com.br\/wfe\/#organization"},"potentialAction":[{"@type":"SearchAction","target":{"@type":"EntryPoint","urlTemplate":"https:\/\/femergs.com.br\/wfe\/?s={search_term_string}"},"query-input":{"@type":"PropertyValueSpecification","valueRequired":true,"valueName":"search_term_string"}}],"inLanguage":"pt-BR"},{"@type":"Organization","@id":"https:\/\/femergs.com.br\/wfe\/#organization","name":"FEMERGS","url":"https:\/\/femergs.com.br\/wfe\/","logo":{"@type":"ImageObject","inLanguage":"pt-BR","@id":"https:\/\/femergs.com.br\/wfe\/#\/schema\/logo\/image\/","url":"https:\/\/femergs.com.br\/wfe\/wp-content\/uploads\/2025\/06\/logotipo.png","contentUrl":"https:\/\/femergs.com.br\/wfe\/wp-content\/uploads\/2025\/06\/logotipo.png","width":500,"height":500,"caption":"FEMERGS"},"image":{"@id":"https:\/\/femergs.com.br\/wfe\/#\/schema\/logo\/image\/"},"sameAs":["https:\/\/www.facebook.com\/profile.php?id=100057151733001","https:\/\/www.instagram.com\/femergs_rs\/"]},{"@type":"Person","@id":"https:\/\/femergs.com.br\/wfe\/#\/schema\/person\/f5558e6b5ffc044ee085016237dedb7f","name":"adminfemergs","image":{"@type":"ImageObject","inLanguage":"pt-BR","@id":"https:\/\/femergs.com.br\/wfe\/#\/schema\/person\/image\/","url":"https:\/\/secure.gravatar.com\/avatar\/398642fa557cdd524617ad9b31c938845f071aeb3448b9c0aeb29aefc495337b?s=96&d=mm&r=g","contentUrl":"https:\/\/secure.gravatar.com\/avatar\/398642fa557cdd524617ad9b31c938845f071aeb3448b9c0aeb29aefc495337b?s=96&d=mm&r=g","caption":"adminfemergs"},"sameAs":["https:\/\/femergs.com.br\/wfe"],"url":"https:\/\/femergs.com.br\/wfe\/blog\/author\/adminfemergs\/"}]}},"uagb_featured_image_src":{"full":false,"thumbnail":false,"medium":false,"medium_large":false,"large":false,"1536x1536":false,"2048x2048":false,"ultp_layout_landscape_large":false,"ultp_layout_landscape":false,"ultp_layout_portrait":false,"ultp_layout_square":false},"uagb_author_info":{"display_name":"adminfemergs","author_link":"https:\/\/femergs.com.br\/wfe\/blog\/author\/adminfemergs\/"},"uagb_comment_info":0,"uagb_excerpt":"Inserida no movimento Greve Geral \u2013 \u201cPor nenhum direito a menos!\u201d ocorreu em Sarandi, no dia 30 de junho de 2017, com apoio da Federa\u00e7\u00e3o dos Municip\u00e1rios do Estado do Rio Grande do Sul e com a presen\u00e7a da Diretora de Imprensa e Comunica\u00e7\u00e3o &#8211; Lucinara Massolino, do Coordenador da Regional AMZOP \u2013 Ivonei Cl\u00e1udio&hellip;","_links":{"self":[{"href":"https:\/\/femergs.com.br\/wfe\/wp-json\/wp\/v2\/posts\/1086","targetHints":{"allow":["GET"]}}],"collection":[{"href":"https:\/\/femergs.com.br\/wfe\/wp-json\/wp\/v2\/posts"}],"about":[{"href":"https:\/\/femergs.com.br\/wfe\/wp-json\/wp\/v2\/types\/post"}],"author":[{"embeddable":true,"href":"https:\/\/femergs.com.br\/wfe\/wp-json\/wp\/v2\/users\/1"}],"replies":[{"embeddable":true,"href":"https:\/\/femergs.com.br\/wfe\/wp-json\/wp\/v2\/comments?post=1086"}],"version-history":[{"count":0,"href":"https:\/\/femergs.com.br\/wfe\/wp-json\/wp\/v2\/posts\/1086\/revisions"}],"wp:attachment":[{"href":"https:\/\/femergs.com.br\/wfe\/wp-json\/wp\/v2\/media?parent=1086"}],"wp:term":[{"taxonomy":"category","embeddable":true,"href":"https:\/\/femergs.com.br\/wfe\/wp-json\/wp\/v2\/categories?post=1086"},{"taxonomy":"post_tag","embeddable":true,"href":"https:\/\/femergs.com.br\/wfe\/wp-json\/wp\/v2\/tags?post=1086"}],"curies":[{"name":"wp","href":"https:\/\/api.w.org\/{rel}","templated":true}]}}