{"id":1088,"date":"2017-07-08T14:50:06","date_gmt":"2017-07-08T14:50:06","guid":{"rendered":"https:\/\/femergs.com.br\/wfe\/blog\/eleicao-no-sindicato-dos-municiparios-de-barracao\/"},"modified":"2017-07-08T14:50:06","modified_gmt":"2017-07-08T14:50:06","slug":"eleicao-no-sindicato-dos-municiparios-de-barracao","status":"publish","type":"post","link":"https:\/\/femergs.com.br\/wfe\/blog\/eleicao-no-sindicato-dos-municiparios-de-barracao\/","title":{"rendered":"Elei\u00e7\u00e3o no sindicato dos Municip\u00e1rios de Barrac\u00e3o"},"content":{"rendered":"<p>\nNa \u00faltima quarta-feira, dia 05 de julho, na cidade de Barrac\u00e3o \/ RS, ocorreram as elei\u00e7\u00f5es para a renova\u00e7\u00e3o da diretoria, conselheiros e conselho fiscal do Sindicato dos Municip\u00e1rios de Barrac\u00e3o.<\/p>\n<p>A coleta de votos, iniciou \u00e0s 8h e se estendeu at\u00e9 \u00e0s 18h30. Ap\u00f3s uma grande Assembleia foi realizada, com presta\u00e7\u00e3o de contas e apresenta\u00e7\u00e3o dos resultados da elei\u00e7\u00e3o.<\/p>\n<p>Presentes a Assembleia, o Coordenador Regional da FEMERGS Sr. Alcir Osmar Gambeta, o Vice-secret\u00e1rio de Finan\u00e7as e Patrim\u00f4nio da FEMERGS, Sr. Alcir da Fonseca e do Vice-presidentes da FEMERGS Sr. Jos\u00e9 Bonif\u00e1cio Almada Martins. Em tempo, as documenta\u00e7\u00f5es referentes as elei\u00e7\u00f5es e o acompanhamento do processo eleitoral, foi realizado pelo Vice-secret\u00e1rio Geral da FEMERGS, Sr. Luciano dos Santos.<\/p>\n<p>Com aprova\u00e7\u00e3o dos associados de 96,83% dos votos v\u00e1lidos a Comiss\u00e3o eleitoral declarou eleita para o mandato compreendido entre 05\/07\/2017 \u00e0 04\/07\/2020 a Chapa \u00danica com a seguinte nominata:<\/p>\n<p>Presidente: HELDER ANDRADES CLAMER  <\/p>\n<p>\nVice-Presidente: EDENILSON MANOEL ABR\u00c3O TELES  <\/p>\n<p>\nSecret\u00e1ria : NOELI MARIA CHIOSSI  <\/p>\n<p>\nVice-Secret\u00e1ria: MARIA DION\u00c9IA PAULA DA ROSA  <\/p>\n<p>\nTesoureira: STHELA RIBEIRO DE MATOS<\/p>\n<p>Vice-Tesoureira: SUSANA SALETE DE OLIVIERA<\/p>\n<p> Membros do Conselho Geral:<\/p>\n<p> JO\u00c3O CESAR CARVALHO <\/p>\n<p>\n SALETE DE F\u00c1TIMA GIACOMELLI DO AMARAL  <\/p>\n<p>\nCLAUDIO DA COSTA RODRIGUES<\/p>\n<p> DELCI BEATRIZ GRAEFF  <\/p>\n<p>\nAD\u00c3O VALDINOR DA LUZ  <\/p>\n<p>\nConselho Fiscal \u2013 Titulares:<\/p>\n<p> ROSINHA JACY LEITE PERINETTO<\/p>\n<p> AGNALDO ROGERIO KELLERMANN LANDVOIGT<\/p>\n<p> EDILEUZA RODRIGUES DE MELO <\/p>\n<p>\n Conselho Fiscal \u2013 Suplentes:<\/p>\n<p> PAULO MARCOS DE SOUZA<\/p>\n<p> LUCIANE BRUSSO DE LIMA  <br \/>\nENIO LUIZ VARGAS DE OLIVEIRA<\/p>\n<p>A FEMERGS agradece ao acolhimento que seus Diretores receberam, reiteramos a disposi\u00e7\u00e3o de sempre estar ao lado dos Sindicatos de sua base e refor\u00e7amos o desejo de boa sorte a nova composi\u00e7\u00e3o da diretoria, que contem sempre com nosso apoio e trabalho.<\/p>\n","protected":false},"excerpt":{"rendered":"<p>Na \u00faltima quarta-feira, dia 05 de julho, na cidade de Barrac\u00e3o \/ RS, ocorreram as elei\u00e7\u00f5es para a renova\u00e7\u00e3o da diretoria, conselheiros e conselho fiscal do Sindicato dos Municip\u00e1rios de Barrac\u00e3o. A coleta de votos, iniciou \u00e0s 8h e se estendeu at\u00e9 \u00e0s 18h30. Ap\u00f3s uma grande Assembleia foi realizada, com presta\u00e7\u00e3o de contas e [&hellip;]<\/p>\n","protected":false},"author":1,"featured_media":0,"comment_status":"closed","ping_status":"closed","sticky":false,"template":"","format":"standard","meta":{"_eb_attr":"","_uag_custom_page_level_css":"","fifu_image_url":"","fifu_image_alt":"","footnotes":""},"categories":[1],"tags":[32],"class_list":["post-1088","post","type-post","status-publish","format-standard","hentry","category-arquivadas","tag-null"],"yoast_head":"<!-- This site is optimized with the Yoast SEO plugin v27.1.1 - https:\/\/yoast.com\/product\/yoast-seo-wordpress\/ -->\n<title>Elei\u00e7\u00e3o no sindicato dos Municip\u00e1rios de Barrac\u00e3o - Federa\u00e7\u00e3o dos Municip\u00e1rios do Estado do Rio Grande do Sul<\/title>\n<meta name=\"robots\" content=\"index, follow, max-snippet:-1, max-image-preview:large, max-video-preview:-1\" \/>\n<link rel=\"canonical\" href=\"https:\/\/femergs.com.br\/wfe\/blog\/eleicao-no-sindicato-dos-municiparios-de-barracao\/\" \/>\n<meta property=\"og:locale\" content=\"pt_BR\" \/>\n<meta property=\"og:type\" content=\"article\" \/>\n<meta property=\"og:title\" content=\"Elei\u00e7\u00e3o no sindicato dos Municip\u00e1rios de Barrac\u00e3o - Federa\u00e7\u00e3o dos Municip\u00e1rios do Estado do Rio Grande do Sul\" \/>\n<meta property=\"og:description\" content=\"Na \u00faltima quarta-feira, dia 05 de julho, na cidade de Barrac\u00e3o \/ RS, ocorreram as elei\u00e7\u00f5es para a renova\u00e7\u00e3o da diretoria, conselheiros e conselho fiscal do Sindicato dos Municip\u00e1rios de Barrac\u00e3o. A coleta de votos, iniciou \u00e0s 8h e se estendeu at\u00e9 \u00e0s 18h30. Ap\u00f3s uma grande Assembleia foi realizada, com presta\u00e7\u00e3o de contas e [&hellip;]\" \/>\n<meta property=\"og:url\" content=\"https:\/\/femergs.com.br\/wfe\/blog\/eleicao-no-sindicato-dos-municiparios-de-barracao\/\" \/>\n<meta property=\"og:site_name\" content=\"Federa\u00e7\u00e3o dos Municip\u00e1rios do Estado do Rio Grande do Sul\" \/>\n<meta property=\"article:publisher\" content=\"https:\/\/www.facebook.com\/profile.php?id=100057151733001\" \/>\n<meta property=\"article:published_time\" content=\"2017-07-08T14:50:06+00:00\" \/>\n<meta name=\"author\" content=\"adminfemergs\" \/>\n<meta name=\"twitter:card\" content=\"summary_large_image\" \/>\n<meta name=\"twitter:label1\" content=\"Escrito por\" \/>\n\t<meta name=\"twitter:data1\" content=\"adminfemergs\" \/>\n\t<meta name=\"twitter:label2\" content=\"Est. tempo de leitura\" \/>\n\t<meta name=\"twitter:data2\" content=\"1 minuto\" \/>\n<script type=\"application\/ld+json\" class=\"yoast-schema-graph\">{\"@context\":\"https:\/\/schema.org\",\"@graph\":[{\"@type\":\"Article\",\"@id\":\"https:\/\/femergs.com.br\/wfe\/blog\/eleicao-no-sindicato-dos-municiparios-de-barracao\/#article\",\"isPartOf\":{\"@id\":\"https:\/\/femergs.com.br\/wfe\/blog\/eleicao-no-sindicato-dos-municiparios-de-barracao\/\"},\"author\":{\"name\":\"adminfemergs\",\"@id\":\"https:\/\/femergs.com.br\/wfe\/#\/schema\/person\/f5558e6b5ffc044ee085016237dedb7f\"},\"headline\":\"Elei\u00e7\u00e3o no sindicato dos Municip\u00e1rios de Barrac\u00e3o\",\"datePublished\":\"2017-07-08T14:50:06+00:00\",\"mainEntityOfPage\":{\"@id\":\"https:\/\/femergs.com.br\/wfe\/blog\/eleicao-no-sindicato-dos-municiparios-de-barracao\/\"},\"wordCount\":306,\"publisher\":{\"@id\":\"https:\/\/femergs.com.br\/wfe\/#organization\"},\"keywords\":[\"NULL\"],\"articleSection\":[\"ARQUIVADAS\"],\"inLanguage\":\"pt-BR\"},{\"@type\":\"WebPage\",\"@id\":\"https:\/\/femergs.com.br\/wfe\/blog\/eleicao-no-sindicato-dos-municiparios-de-barracao\/\",\"url\":\"https:\/\/femergs.com.br\/wfe\/blog\/eleicao-no-sindicato-dos-municiparios-de-barracao\/\",\"name\":\"Elei\u00e7\u00e3o no sindicato dos Municip\u00e1rios de Barrac\u00e3o - Federa\u00e7\u00e3o dos Municip\u00e1rios do Estado do Rio Grande do Sul\",\"isPartOf\":{\"@id\":\"https:\/\/femergs.com.br\/wfe\/#website\"},\"datePublished\":\"2017-07-08T14:50:06+00:00\",\"breadcrumb\":{\"@id\":\"https:\/\/femergs.com.br\/wfe\/blog\/eleicao-no-sindicato-dos-municiparios-de-barracao\/#breadcrumb\"},\"inLanguage\":\"pt-BR\",\"potentialAction\":[{\"@type\":\"ReadAction\",\"target\":[\"https:\/\/femergs.com.br\/wfe\/blog\/eleicao-no-sindicato-dos-municiparios-de-barracao\/\"]}]},{\"@type\":\"BreadcrumbList\",\"@id\":\"https:\/\/femergs.com.br\/wfe\/blog\/eleicao-no-sindicato-dos-municiparios-de-barracao\/#breadcrumb\",\"itemListElement\":[{\"@type\":\"ListItem\",\"position\":1,\"name\":\"In\u00edcio\",\"item\":\"https:\/\/femergs.com.br\/wfe\/\"},{\"@type\":\"ListItem\",\"position\":2,\"name\":\"Elei\u00e7\u00e3o no sindicato dos Municip\u00e1rios de Barrac\u00e3o\"}]},{\"@type\":\"WebSite\",\"@id\":\"https:\/\/femergs.com.br\/wfe\/#website\",\"url\":\"https:\/\/femergs.com.br\/wfe\/\",\"name\":\"FEMERGS\",\"description\":\"FEDERA\u00c7\u00c3O DOS MUNICIP\u00c1RIOS DO ESTADO DO RIO GRANDE DO SUL\",\"publisher\":{\"@id\":\"https:\/\/femergs.com.br\/wfe\/#organization\"},\"potentialAction\":[{\"@type\":\"SearchAction\",\"target\":{\"@type\":\"EntryPoint\",\"urlTemplate\":\"https:\/\/femergs.com.br\/wfe\/?s={search_term_string}\"},\"query-input\":{\"@type\":\"PropertyValueSpecification\",\"valueRequired\":true,\"valueName\":\"search_term_string\"}}],\"inLanguage\":\"pt-BR\"},{\"@type\":\"Organization\",\"@id\":\"https:\/\/femergs.com.br\/wfe\/#organization\",\"name\":\"FEMERGS\",\"url\":\"https:\/\/femergs.com.br\/wfe\/\",\"logo\":{\"@type\":\"ImageObject\",\"inLanguage\":\"pt-BR\",\"@id\":\"https:\/\/femergs.com.br\/wfe\/#\/schema\/logo\/image\/\",\"url\":\"https:\/\/femergs.com.br\/wfe\/wp-content\/uploads\/2025\/06\/logotipo.png\",\"contentUrl\":\"https:\/\/femergs.com.br\/wfe\/wp-content\/uploads\/2025\/06\/logotipo.png\",\"width\":500,\"height\":500,\"caption\":\"FEMERGS\"},\"image\":{\"@id\":\"https:\/\/femergs.com.br\/wfe\/#\/schema\/logo\/image\/\"},\"sameAs\":[\"https:\/\/www.facebook.com\/profile.php?id=100057151733001\",\"https:\/\/www.instagram.com\/femergs_rs\/\"]},{\"@type\":\"Person\",\"@id\":\"https:\/\/femergs.com.br\/wfe\/#\/schema\/person\/f5558e6b5ffc044ee085016237dedb7f\",\"name\":\"adminfemergs\",\"image\":{\"@type\":\"ImageObject\",\"inLanguage\":\"pt-BR\",\"@id\":\"https:\/\/femergs.com.br\/wfe\/#\/schema\/person\/image\/\",\"url\":\"https:\/\/secure.gravatar.com\/avatar\/398642fa557cdd524617ad9b31c938845f071aeb3448b9c0aeb29aefc495337b?s=96&d=mm&r=g\",\"contentUrl\":\"https:\/\/secure.gravatar.com\/avatar\/398642fa557cdd524617ad9b31c938845f071aeb3448b9c0aeb29aefc495337b?s=96&d=mm&r=g\",\"caption\":\"adminfemergs\"},\"sameAs\":[\"https:\/\/femergs.com.br\/wfe\"],\"url\":\"https:\/\/femergs.com.br\/wfe\/blog\/author\/adminfemergs\/\"}]}<\/script>\n<!-- \/ Yoast SEO plugin. -->","yoast_head_json":{"title":"Elei\u00e7\u00e3o no sindicato dos Municip\u00e1rios de Barrac\u00e3o - Federa\u00e7\u00e3o dos Municip\u00e1rios do Estado do Rio Grande do Sul","robots":{"index":"index","follow":"follow","max-snippet":"max-snippet:-1","max-image-preview":"max-image-preview:large","max-video-preview":"max-video-preview:-1"},"canonical":"https:\/\/femergs.com.br\/wfe\/blog\/eleicao-no-sindicato-dos-municiparios-de-barracao\/","og_locale":"pt_BR","og_type":"article","og_title":"Elei\u00e7\u00e3o no sindicato dos Municip\u00e1rios de Barrac\u00e3o - Federa\u00e7\u00e3o dos Municip\u00e1rios do Estado do Rio Grande do Sul","og_description":"Na \u00faltima quarta-feira, dia 05 de julho, na cidade de Barrac\u00e3o \/ RS, ocorreram as elei\u00e7\u00f5es para a renova\u00e7\u00e3o da diretoria, conselheiros e conselho fiscal do Sindicato dos Municip\u00e1rios de Barrac\u00e3o. A coleta de votos, iniciou \u00e0s 8h e se estendeu at\u00e9 \u00e0s 18h30. Ap\u00f3s uma grande Assembleia foi realizada, com presta\u00e7\u00e3o de contas e [&hellip;]","og_url":"https:\/\/femergs.com.br\/wfe\/blog\/eleicao-no-sindicato-dos-municiparios-de-barracao\/","og_site_name":"Federa\u00e7\u00e3o dos Municip\u00e1rios do Estado do Rio Grande do Sul","article_publisher":"https:\/\/www.facebook.com\/profile.php?id=100057151733001","article_published_time":"2017-07-08T14:50:06+00:00","author":"adminfemergs","twitter_card":"summary_large_image","twitter_misc":{"Escrito por":"adminfemergs","Est. tempo de leitura":"1 minuto"},"schema":{"@context":"https:\/\/schema.org","@graph":[{"@type":"Article","@id":"https:\/\/femergs.com.br\/wfe\/blog\/eleicao-no-sindicato-dos-municiparios-de-barracao\/#article","isPartOf":{"@id":"https:\/\/femergs.com.br\/wfe\/blog\/eleicao-no-sindicato-dos-municiparios-de-barracao\/"},"author":{"name":"adminfemergs","@id":"https:\/\/femergs.com.br\/wfe\/#\/schema\/person\/f5558e6b5ffc044ee085016237dedb7f"},"headline":"Elei\u00e7\u00e3o no sindicato dos Municip\u00e1rios de Barrac\u00e3o","datePublished":"2017-07-08T14:50:06+00:00","mainEntityOfPage":{"@id":"https:\/\/femergs.com.br\/wfe\/blog\/eleicao-no-sindicato-dos-municiparios-de-barracao\/"},"wordCount":306,"publisher":{"@id":"https:\/\/femergs.com.br\/wfe\/#organization"},"keywords":["NULL"],"articleSection":["ARQUIVADAS"],"inLanguage":"pt-BR"},{"@type":"WebPage","@id":"https:\/\/femergs.com.br\/wfe\/blog\/eleicao-no-sindicato-dos-municiparios-de-barracao\/","url":"https:\/\/femergs.com.br\/wfe\/blog\/eleicao-no-sindicato-dos-municiparios-de-barracao\/","name":"Elei\u00e7\u00e3o no sindicato dos Municip\u00e1rios de Barrac\u00e3o - Federa\u00e7\u00e3o dos Municip\u00e1rios do Estado do Rio Grande do Sul","isPartOf":{"@id":"https:\/\/femergs.com.br\/wfe\/#website"},"datePublished":"2017-07-08T14:50:06+00:00","breadcrumb":{"@id":"https:\/\/femergs.com.br\/wfe\/blog\/eleicao-no-sindicato-dos-municiparios-de-barracao\/#breadcrumb"},"inLanguage":"pt-BR","potentialAction":[{"@type":"ReadAction","target":["https:\/\/femergs.com.br\/wfe\/blog\/eleicao-no-sindicato-dos-municiparios-de-barracao\/"]}]},{"@type":"BreadcrumbList","@id":"https:\/\/femergs.com.br\/wfe\/blog\/eleicao-no-sindicato-dos-municiparios-de-barracao\/#breadcrumb","itemListElement":[{"@type":"ListItem","position":1,"name":"In\u00edcio","item":"https:\/\/femergs.com.br\/wfe\/"},{"@type":"ListItem","position":2,"name":"Elei\u00e7\u00e3o no sindicato dos Municip\u00e1rios de Barrac\u00e3o"}]},{"@type":"WebSite","@id":"https:\/\/femergs.com.br\/wfe\/#website","url":"https:\/\/femergs.com.br\/wfe\/","name":"FEMERGS","description":"FEDERA\u00c7\u00c3O DOS MUNICIP\u00c1RIOS DO ESTADO DO RIO GRANDE DO SUL","publisher":{"@id":"https:\/\/femergs.com.br\/wfe\/#organization"},"potentialAction":[{"@type":"SearchAction","target":{"@type":"EntryPoint","urlTemplate":"https:\/\/femergs.com.br\/wfe\/?s={search_term_string}"},"query-input":{"@type":"PropertyValueSpecification","valueRequired":true,"valueName":"search_term_string"}}],"inLanguage":"pt-BR"},{"@type":"Organization","@id":"https:\/\/femergs.com.br\/wfe\/#organization","name":"FEMERGS","url":"https:\/\/femergs.com.br\/wfe\/","logo":{"@type":"ImageObject","inLanguage":"pt-BR","@id":"https:\/\/femergs.com.br\/wfe\/#\/schema\/logo\/image\/","url":"https:\/\/femergs.com.br\/wfe\/wp-content\/uploads\/2025\/06\/logotipo.png","contentUrl":"https:\/\/femergs.com.br\/wfe\/wp-content\/uploads\/2025\/06\/logotipo.png","width":500,"height":500,"caption":"FEMERGS"},"image":{"@id":"https:\/\/femergs.com.br\/wfe\/#\/schema\/logo\/image\/"},"sameAs":["https:\/\/www.facebook.com\/profile.php?id=100057151733001","https:\/\/www.instagram.com\/femergs_rs\/"]},{"@type":"Person","@id":"https:\/\/femergs.com.br\/wfe\/#\/schema\/person\/f5558e6b5ffc044ee085016237dedb7f","name":"adminfemergs","image":{"@type":"ImageObject","inLanguage":"pt-BR","@id":"https:\/\/femergs.com.br\/wfe\/#\/schema\/person\/image\/","url":"https:\/\/secure.gravatar.com\/avatar\/398642fa557cdd524617ad9b31c938845f071aeb3448b9c0aeb29aefc495337b?s=96&d=mm&r=g","contentUrl":"https:\/\/secure.gravatar.com\/avatar\/398642fa557cdd524617ad9b31c938845f071aeb3448b9c0aeb29aefc495337b?s=96&d=mm&r=g","caption":"adminfemergs"},"sameAs":["https:\/\/femergs.com.br\/wfe"],"url":"https:\/\/femergs.com.br\/wfe\/blog\/author\/adminfemergs\/"}]}},"uagb_featured_image_src":{"full":false,"thumbnail":false,"medium":false,"medium_large":false,"large":false,"1536x1536":false,"2048x2048":false,"ultp_layout_landscape_large":false,"ultp_layout_landscape":false,"ultp_layout_portrait":false,"ultp_layout_square":false},"uagb_author_info":{"display_name":"adminfemergs","author_link":"https:\/\/femergs.com.br\/wfe\/blog\/author\/adminfemergs\/"},"uagb_comment_info":0,"uagb_excerpt":"Na \u00faltima quarta-feira, dia 05 de julho, na cidade de Barrac\u00e3o \/ RS, ocorreram as elei\u00e7\u00f5es para a renova\u00e7\u00e3o da diretoria, conselheiros e conselho fiscal do Sindicato dos Municip\u00e1rios de Barrac\u00e3o. A coleta de votos, iniciou \u00e0s 8h e se estendeu at\u00e9 \u00e0s 18h30. Ap\u00f3s uma grande Assembleia foi realizada, com presta\u00e7\u00e3o de contas e&hellip;","_links":{"self":[{"href":"https:\/\/femergs.com.br\/wfe\/wp-json\/wp\/v2\/posts\/1088","targetHints":{"allow":["GET"]}}],"collection":[{"href":"https:\/\/femergs.com.br\/wfe\/wp-json\/wp\/v2\/posts"}],"about":[{"href":"https:\/\/femergs.com.br\/wfe\/wp-json\/wp\/v2\/types\/post"}],"author":[{"embeddable":true,"href":"https:\/\/femergs.com.br\/wfe\/wp-json\/wp\/v2\/users\/1"}],"replies":[{"embeddable":true,"href":"https:\/\/femergs.com.br\/wfe\/wp-json\/wp\/v2\/comments?post=1088"}],"version-history":[{"count":0,"href":"https:\/\/femergs.com.br\/wfe\/wp-json\/wp\/v2\/posts\/1088\/revisions"}],"wp:attachment":[{"href":"https:\/\/femergs.com.br\/wfe\/wp-json\/wp\/v2\/media?parent=1088"}],"wp:term":[{"taxonomy":"category","embeddable":true,"href":"https:\/\/femergs.com.br\/wfe\/wp-json\/wp\/v2\/categories?post=1088"},{"taxonomy":"post_tag","embeddable":true,"href":"https:\/\/femergs.com.br\/wfe\/wp-json\/wp\/v2\/tags?post=1088"}],"curies":[{"name":"wp","href":"https:\/\/api.w.org\/{rel}","templated":true}]}}