{"id":1090,"date":"2017-07-26T10:33:57","date_gmt":"2017-07-26T10:33:57","guid":{"rendered":"https:\/\/femergs.com.br\/wfe\/blog\/visitas-na-regional-grande-santa-rosa\/"},"modified":"2017-07-26T10:33:57","modified_gmt":"2017-07-26T10:33:57","slug":"visitas-na-regional-grande-santa-rosa","status":"publish","type":"post","link":"https:\/\/femergs.com.br\/wfe\/blog\/visitas-na-regional-grande-santa-rosa\/","title":{"rendered":"VISITAS NA REGIONAL GRANDE SANTA ROSA"},"content":{"rendered":"<p>\nEstiveram reunidos nos dias 17 e 19 de julho o Presidente da Femergs Sr.Vilson Jo\u00e3o Weber e o Coordenador em Exerc\u00edcio da Regional do Grande Santa Rosa Sr.R\u00f3bson Cristiano Kamm, para cumprir as metas da atual gest\u00e3o da Federa\u00e7\u00e3o de visitar todos os Sindicatos Filiados.<\/p>\n<p>Foram visitados os Sindicatos dos Municip\u00e1rios de Independ\u00eancia, Alegria, S\u00e3o Jos\u00e9 do Inhacor\u00e1, Boa Vista do Buric\u00e1, Horizontina, Doutor Mauricio Cardoso, Tucunduva, Novo Machado, Porto Mau\u00e1, Tuparandi, Tr\u00eas de Maio, Senador Salgado Filho, C\u00e2ndido Godo\u00ed, Campinas das Miss\u00f5es, Porto Lucena, Porto Vera Cruz, Alecrim, Santo Cristo e Santa Rosa, na ocasi\u00e3o foram distribu\u00eddos rel\u00f3gios, jornais, material das campanhas de lutas da Federa\u00e7\u00e3o entre outros assuntos pertinentes.<\/p>\n<p>Nas visitas feitas, o Presidente manifestou a preocupa\u00e7\u00e3o com o fim do Imposto Sindical de que a nossa luta n\u00e3o deve parar, devemos viabilizar outros meios e formas de continuar nossa luta, e mais que nunca nossas parcerias devem estar afinadas &#8220;por nenhum direito a menos&#8221;, perdemos umas batalhas mas a guerra est\u00e1 longe do seu termino.<\/p>\n<p>A Federa\u00e7\u00e3o busca novas parcerias para estar viabilizando seu sustento assim como dos Sindicatos, outras formas de recursos s\u00e3o necess\u00e1rias, pois a Federa\u00e7\u00e3o sempre viabilizou a devolu\u00e7\u00e3o dos 60% aos Sindicatos que n\u00e3o possu\u00edssem guia pr\u00f3pria, pois ela entende que este recurso n\u00e3o cabia a ela ficar retido.<\/p>\n<p>A Coordenadoria da Regional do Grande Santa Rosa, agradece ao Presidente pelo seu carinho, empenho e dedica\u00e7\u00e3o, uma vez em que voltamos a refor\u00e7ar nossos la\u00e7os de for\u00e7a e uni\u00e3o para com a Federa\u00e7\u00e3o, e que sempre estaremos do seu lado, seja nos bons e maus momentos que atravessamos nessa trajet\u00f3ria de lutas, deste cen\u00e1rio desolador de incertezas pol\u00edticas e econ\u00f4mica em que vivemos.<\/p>\n","protected":false},"excerpt":{"rendered":"<p>Estiveram reunidos nos dias 17 e 19 de julho o Presidente da Femergs Sr.Vilson Jo\u00e3o Weber e o Coordenador em Exerc\u00edcio da Regional do Grande Santa Rosa Sr.R\u00f3bson Cristiano Kamm, para cumprir as metas da atual gest\u00e3o da Federa\u00e7\u00e3o de visitar todos os Sindicatos Filiados. Foram visitados os Sindicatos dos Municip\u00e1rios de Independ\u00eancia, Alegria, S\u00e3o [&hellip;]<\/p>\n","protected":false},"author":1,"featured_media":0,"comment_status":"closed","ping_status":"closed","sticky":false,"template":"","format":"standard","meta":{"_eb_attr":"","_uag_custom_page_level_css":"","fifu_image_url":"","fifu_image_alt":"","footnotes":""},"categories":[1],"tags":[32],"class_list":["post-1090","post","type-post","status-publish","format-standard","hentry","category-arquivadas","tag-null"],"yoast_head":"<!-- This site is optimized with the Yoast SEO plugin v27.1.1 - https:\/\/yoast.com\/product\/yoast-seo-wordpress\/ -->\n<title>VISITAS NA REGIONAL GRANDE SANTA ROSA - Federa\u00e7\u00e3o dos Municip\u00e1rios do Estado do Rio Grande do Sul<\/title>\n<meta name=\"robots\" content=\"index, follow, max-snippet:-1, max-image-preview:large, max-video-preview:-1\" \/>\n<link rel=\"canonical\" href=\"https:\/\/femergs.com.br\/wfe\/blog\/visitas-na-regional-grande-santa-rosa\/\" \/>\n<meta property=\"og:locale\" content=\"pt_BR\" \/>\n<meta property=\"og:type\" content=\"article\" \/>\n<meta property=\"og:title\" content=\"VISITAS NA REGIONAL GRANDE SANTA ROSA - Federa\u00e7\u00e3o dos Municip\u00e1rios do Estado do Rio Grande do Sul\" \/>\n<meta property=\"og:description\" content=\"Estiveram reunidos nos dias 17 e 19 de julho o Presidente da Femergs Sr.Vilson Jo\u00e3o Weber e o Coordenador em Exerc\u00edcio da Regional do Grande Santa Rosa Sr.R\u00f3bson Cristiano Kamm, para cumprir as metas da atual gest\u00e3o da Federa\u00e7\u00e3o de visitar todos os Sindicatos Filiados. Foram visitados os Sindicatos dos Municip\u00e1rios de Independ\u00eancia, Alegria, S\u00e3o [&hellip;]\" \/>\n<meta property=\"og:url\" content=\"https:\/\/femergs.com.br\/wfe\/blog\/visitas-na-regional-grande-santa-rosa\/\" \/>\n<meta property=\"og:site_name\" content=\"Federa\u00e7\u00e3o dos Municip\u00e1rios do Estado do Rio Grande do Sul\" \/>\n<meta property=\"article:publisher\" content=\"https:\/\/www.facebook.com\/profile.php?id=100057151733001\" \/>\n<meta property=\"article:published_time\" content=\"2017-07-26T10:33:57+00:00\" \/>\n<meta name=\"author\" content=\"adminfemergs\" \/>\n<meta name=\"twitter:card\" content=\"summary_large_image\" \/>\n<meta name=\"twitter:label1\" content=\"Escrito por\" \/>\n\t<meta name=\"twitter:data1\" content=\"adminfemergs\" \/>\n\t<meta name=\"twitter:label2\" content=\"Est. tempo de leitura\" \/>\n\t<meta name=\"twitter:data2\" content=\"2 minutos\" \/>\n<script type=\"application\/ld+json\" class=\"yoast-schema-graph\">{\"@context\":\"https:\/\/schema.org\",\"@graph\":[{\"@type\":\"Article\",\"@id\":\"https:\/\/femergs.com.br\/wfe\/blog\/visitas-na-regional-grande-santa-rosa\/#article\",\"isPartOf\":{\"@id\":\"https:\/\/femergs.com.br\/wfe\/blog\/visitas-na-regional-grande-santa-rosa\/\"},\"author\":{\"name\":\"adminfemergs\",\"@id\":\"https:\/\/femergs.com.br\/wfe\/#\/schema\/person\/f5558e6b5ffc044ee085016237dedb7f\"},\"headline\":\"VISITAS NA REGIONAL GRANDE SANTA ROSA\",\"datePublished\":\"2017-07-26T10:33:57+00:00\",\"mainEntityOfPage\":{\"@id\":\"https:\/\/femergs.com.br\/wfe\/blog\/visitas-na-regional-grande-santa-rosa\/\"},\"wordCount\":321,\"publisher\":{\"@id\":\"https:\/\/femergs.com.br\/wfe\/#organization\"},\"keywords\":[\"NULL\"],\"articleSection\":[\"ARQUIVADAS\"],\"inLanguage\":\"pt-BR\"},{\"@type\":\"WebPage\",\"@id\":\"https:\/\/femergs.com.br\/wfe\/blog\/visitas-na-regional-grande-santa-rosa\/\",\"url\":\"https:\/\/femergs.com.br\/wfe\/blog\/visitas-na-regional-grande-santa-rosa\/\",\"name\":\"VISITAS NA REGIONAL GRANDE SANTA ROSA - Federa\u00e7\u00e3o dos Municip\u00e1rios do Estado do Rio Grande do Sul\",\"isPartOf\":{\"@id\":\"https:\/\/femergs.com.br\/wfe\/#website\"},\"datePublished\":\"2017-07-26T10:33:57+00:00\",\"breadcrumb\":{\"@id\":\"https:\/\/femergs.com.br\/wfe\/blog\/visitas-na-regional-grande-santa-rosa\/#breadcrumb\"},\"inLanguage\":\"pt-BR\",\"potentialAction\":[{\"@type\":\"ReadAction\",\"target\":[\"https:\/\/femergs.com.br\/wfe\/blog\/visitas-na-regional-grande-santa-rosa\/\"]}]},{\"@type\":\"BreadcrumbList\",\"@id\":\"https:\/\/femergs.com.br\/wfe\/blog\/visitas-na-regional-grande-santa-rosa\/#breadcrumb\",\"itemListElement\":[{\"@type\":\"ListItem\",\"position\":1,\"name\":\"In\u00edcio\",\"item\":\"https:\/\/femergs.com.br\/wfe\/\"},{\"@type\":\"ListItem\",\"position\":2,\"name\":\"VISITAS NA REGIONAL GRANDE SANTA ROSA\"}]},{\"@type\":\"WebSite\",\"@id\":\"https:\/\/femergs.com.br\/wfe\/#website\",\"url\":\"https:\/\/femergs.com.br\/wfe\/\",\"name\":\"FEMERGS\",\"description\":\"FEDERA\u00c7\u00c3O DOS MUNICIP\u00c1RIOS DO ESTADO DO RIO GRANDE DO SUL\",\"publisher\":{\"@id\":\"https:\/\/femergs.com.br\/wfe\/#organization\"},\"potentialAction\":[{\"@type\":\"SearchAction\",\"target\":{\"@type\":\"EntryPoint\",\"urlTemplate\":\"https:\/\/femergs.com.br\/wfe\/?s={search_term_string}\"},\"query-input\":{\"@type\":\"PropertyValueSpecification\",\"valueRequired\":true,\"valueName\":\"search_term_string\"}}],\"inLanguage\":\"pt-BR\"},{\"@type\":\"Organization\",\"@id\":\"https:\/\/femergs.com.br\/wfe\/#organization\",\"name\":\"FEMERGS\",\"url\":\"https:\/\/femergs.com.br\/wfe\/\",\"logo\":{\"@type\":\"ImageObject\",\"inLanguage\":\"pt-BR\",\"@id\":\"https:\/\/femergs.com.br\/wfe\/#\/schema\/logo\/image\/\",\"url\":\"https:\/\/femergs.com.br\/wfe\/wp-content\/uploads\/2025\/06\/logotipo.png\",\"contentUrl\":\"https:\/\/femergs.com.br\/wfe\/wp-content\/uploads\/2025\/06\/logotipo.png\",\"width\":500,\"height\":500,\"caption\":\"FEMERGS\"},\"image\":{\"@id\":\"https:\/\/femergs.com.br\/wfe\/#\/schema\/logo\/image\/\"},\"sameAs\":[\"https:\/\/www.facebook.com\/profile.php?id=100057151733001\",\"https:\/\/www.instagram.com\/femergs_rs\/\"]},{\"@type\":\"Person\",\"@id\":\"https:\/\/femergs.com.br\/wfe\/#\/schema\/person\/f5558e6b5ffc044ee085016237dedb7f\",\"name\":\"adminfemergs\",\"image\":{\"@type\":\"ImageObject\",\"inLanguage\":\"pt-BR\",\"@id\":\"https:\/\/femergs.com.br\/wfe\/#\/schema\/person\/image\/\",\"url\":\"https:\/\/secure.gravatar.com\/avatar\/398642fa557cdd524617ad9b31c938845f071aeb3448b9c0aeb29aefc495337b?s=96&d=mm&r=g\",\"contentUrl\":\"https:\/\/secure.gravatar.com\/avatar\/398642fa557cdd524617ad9b31c938845f071aeb3448b9c0aeb29aefc495337b?s=96&d=mm&r=g\",\"caption\":\"adminfemergs\"},\"sameAs\":[\"https:\/\/femergs.com.br\/wfe\"],\"url\":\"https:\/\/femergs.com.br\/wfe\/blog\/author\/adminfemergs\/\"}]}<\/script>\n<!-- \/ Yoast SEO plugin. -->","yoast_head_json":{"title":"VISITAS NA REGIONAL GRANDE SANTA ROSA - Federa\u00e7\u00e3o dos Municip\u00e1rios do Estado do Rio Grande do Sul","robots":{"index":"index","follow":"follow","max-snippet":"max-snippet:-1","max-image-preview":"max-image-preview:large","max-video-preview":"max-video-preview:-1"},"canonical":"https:\/\/femergs.com.br\/wfe\/blog\/visitas-na-regional-grande-santa-rosa\/","og_locale":"pt_BR","og_type":"article","og_title":"VISITAS NA REGIONAL GRANDE SANTA ROSA - Federa\u00e7\u00e3o dos Municip\u00e1rios do Estado do Rio Grande do Sul","og_description":"Estiveram reunidos nos dias 17 e 19 de julho o Presidente da Femergs Sr.Vilson Jo\u00e3o Weber e o Coordenador em Exerc\u00edcio da Regional do Grande Santa Rosa Sr.R\u00f3bson Cristiano Kamm, para cumprir as metas da atual gest\u00e3o da Federa\u00e7\u00e3o de visitar todos os Sindicatos Filiados. Foram visitados os Sindicatos dos Municip\u00e1rios de Independ\u00eancia, Alegria, S\u00e3o [&hellip;]","og_url":"https:\/\/femergs.com.br\/wfe\/blog\/visitas-na-regional-grande-santa-rosa\/","og_site_name":"Federa\u00e7\u00e3o dos Municip\u00e1rios do Estado do Rio Grande do Sul","article_publisher":"https:\/\/www.facebook.com\/profile.php?id=100057151733001","article_published_time":"2017-07-26T10:33:57+00:00","author":"adminfemergs","twitter_card":"summary_large_image","twitter_misc":{"Escrito por":"adminfemergs","Est. tempo de leitura":"2 minutos"},"schema":{"@context":"https:\/\/schema.org","@graph":[{"@type":"Article","@id":"https:\/\/femergs.com.br\/wfe\/blog\/visitas-na-regional-grande-santa-rosa\/#article","isPartOf":{"@id":"https:\/\/femergs.com.br\/wfe\/blog\/visitas-na-regional-grande-santa-rosa\/"},"author":{"name":"adminfemergs","@id":"https:\/\/femergs.com.br\/wfe\/#\/schema\/person\/f5558e6b5ffc044ee085016237dedb7f"},"headline":"VISITAS NA REGIONAL GRANDE SANTA ROSA","datePublished":"2017-07-26T10:33:57+00:00","mainEntityOfPage":{"@id":"https:\/\/femergs.com.br\/wfe\/blog\/visitas-na-regional-grande-santa-rosa\/"},"wordCount":321,"publisher":{"@id":"https:\/\/femergs.com.br\/wfe\/#organization"},"keywords":["NULL"],"articleSection":["ARQUIVADAS"],"inLanguage":"pt-BR"},{"@type":"WebPage","@id":"https:\/\/femergs.com.br\/wfe\/blog\/visitas-na-regional-grande-santa-rosa\/","url":"https:\/\/femergs.com.br\/wfe\/blog\/visitas-na-regional-grande-santa-rosa\/","name":"VISITAS NA REGIONAL GRANDE SANTA ROSA - Federa\u00e7\u00e3o dos Municip\u00e1rios do Estado do Rio Grande do Sul","isPartOf":{"@id":"https:\/\/femergs.com.br\/wfe\/#website"},"datePublished":"2017-07-26T10:33:57+00:00","breadcrumb":{"@id":"https:\/\/femergs.com.br\/wfe\/blog\/visitas-na-regional-grande-santa-rosa\/#breadcrumb"},"inLanguage":"pt-BR","potentialAction":[{"@type":"ReadAction","target":["https:\/\/femergs.com.br\/wfe\/blog\/visitas-na-regional-grande-santa-rosa\/"]}]},{"@type":"BreadcrumbList","@id":"https:\/\/femergs.com.br\/wfe\/blog\/visitas-na-regional-grande-santa-rosa\/#breadcrumb","itemListElement":[{"@type":"ListItem","position":1,"name":"In\u00edcio","item":"https:\/\/femergs.com.br\/wfe\/"},{"@type":"ListItem","position":2,"name":"VISITAS NA REGIONAL GRANDE SANTA ROSA"}]},{"@type":"WebSite","@id":"https:\/\/femergs.com.br\/wfe\/#website","url":"https:\/\/femergs.com.br\/wfe\/","name":"FEMERGS","description":"FEDERA\u00c7\u00c3O DOS MUNICIP\u00c1RIOS DO ESTADO DO RIO GRANDE DO SUL","publisher":{"@id":"https:\/\/femergs.com.br\/wfe\/#organization"},"potentialAction":[{"@type":"SearchAction","target":{"@type":"EntryPoint","urlTemplate":"https:\/\/femergs.com.br\/wfe\/?s={search_term_string}"},"query-input":{"@type":"PropertyValueSpecification","valueRequired":true,"valueName":"search_term_string"}}],"inLanguage":"pt-BR"},{"@type":"Organization","@id":"https:\/\/femergs.com.br\/wfe\/#organization","name":"FEMERGS","url":"https:\/\/femergs.com.br\/wfe\/","logo":{"@type":"ImageObject","inLanguage":"pt-BR","@id":"https:\/\/femergs.com.br\/wfe\/#\/schema\/logo\/image\/","url":"https:\/\/femergs.com.br\/wfe\/wp-content\/uploads\/2025\/06\/logotipo.png","contentUrl":"https:\/\/femergs.com.br\/wfe\/wp-content\/uploads\/2025\/06\/logotipo.png","width":500,"height":500,"caption":"FEMERGS"},"image":{"@id":"https:\/\/femergs.com.br\/wfe\/#\/schema\/logo\/image\/"},"sameAs":["https:\/\/www.facebook.com\/profile.php?id=100057151733001","https:\/\/www.instagram.com\/femergs_rs\/"]},{"@type":"Person","@id":"https:\/\/femergs.com.br\/wfe\/#\/schema\/person\/f5558e6b5ffc044ee085016237dedb7f","name":"adminfemergs","image":{"@type":"ImageObject","inLanguage":"pt-BR","@id":"https:\/\/femergs.com.br\/wfe\/#\/schema\/person\/image\/","url":"https:\/\/secure.gravatar.com\/avatar\/398642fa557cdd524617ad9b31c938845f071aeb3448b9c0aeb29aefc495337b?s=96&d=mm&r=g","contentUrl":"https:\/\/secure.gravatar.com\/avatar\/398642fa557cdd524617ad9b31c938845f071aeb3448b9c0aeb29aefc495337b?s=96&d=mm&r=g","caption":"adminfemergs"},"sameAs":["https:\/\/femergs.com.br\/wfe"],"url":"https:\/\/femergs.com.br\/wfe\/blog\/author\/adminfemergs\/"}]}},"uagb_featured_image_src":{"full":false,"thumbnail":false,"medium":false,"medium_large":false,"large":false,"1536x1536":false,"2048x2048":false,"ultp_layout_landscape_large":false,"ultp_layout_landscape":false,"ultp_layout_portrait":false,"ultp_layout_square":false},"uagb_author_info":{"display_name":"adminfemergs","author_link":"https:\/\/femergs.com.br\/wfe\/blog\/author\/adminfemergs\/"},"uagb_comment_info":0,"uagb_excerpt":"Estiveram reunidos nos dias 17 e 19 de julho o Presidente da Femergs Sr.Vilson Jo\u00e3o Weber e o Coordenador em Exerc\u00edcio da Regional do Grande Santa Rosa Sr.R\u00f3bson Cristiano Kamm, para cumprir as metas da atual gest\u00e3o da Federa\u00e7\u00e3o de visitar todos os Sindicatos Filiados. Foram visitados os Sindicatos dos Municip\u00e1rios de Independ\u00eancia, Alegria, S\u00e3o&hellip;","_links":{"self":[{"href":"https:\/\/femergs.com.br\/wfe\/wp-json\/wp\/v2\/posts\/1090","targetHints":{"allow":["GET"]}}],"collection":[{"href":"https:\/\/femergs.com.br\/wfe\/wp-json\/wp\/v2\/posts"}],"about":[{"href":"https:\/\/femergs.com.br\/wfe\/wp-json\/wp\/v2\/types\/post"}],"author":[{"embeddable":true,"href":"https:\/\/femergs.com.br\/wfe\/wp-json\/wp\/v2\/users\/1"}],"replies":[{"embeddable":true,"href":"https:\/\/femergs.com.br\/wfe\/wp-json\/wp\/v2\/comments?post=1090"}],"version-history":[{"count":0,"href":"https:\/\/femergs.com.br\/wfe\/wp-json\/wp\/v2\/posts\/1090\/revisions"}],"wp:attachment":[{"href":"https:\/\/femergs.com.br\/wfe\/wp-json\/wp\/v2\/media?parent=1090"}],"wp:term":[{"taxonomy":"category","embeddable":true,"href":"https:\/\/femergs.com.br\/wfe\/wp-json\/wp\/v2\/categories?post=1090"},{"taxonomy":"post_tag","embeddable":true,"href":"https:\/\/femergs.com.br\/wfe\/wp-json\/wp\/v2\/tags?post=1090"}],"curies":[{"name":"wp","href":"https:\/\/api.w.org\/{rel}","templated":true}]}}