{"id":1091,"date":"2017-07-26T10:49:28","date_gmt":"2017-07-26T10:49:28","guid":{"rendered":"https:\/\/femergs.com.br\/wfe\/blog\/comissao-de-municiparios-de-mariana-pimentel-e-recebida-na-famurs\/"},"modified":"2017-07-26T10:49:28","modified_gmt":"2017-07-26T10:49:28","slug":"comissao-de-municiparios-de-mariana-pimentel-e-recebida-na-famurs","status":"publish","type":"post","link":"https:\/\/femergs.com.br\/wfe\/blog\/comissao-de-municiparios-de-mariana-pimentel-e-recebida-na-famurs\/","title":{"rendered":"Comiss\u00e3o de Municip\u00e1rios de Mariana Pimentel \u00e9 recebida na FAMURS."},"content":{"rendered":"<p>\nO Sindicato dos Municip\u00e1rios de Mariana Pimentel desde o dia 18 de abril de 2017, vem tentando instalar a mesa de negocia\u00e7\u00e3o com a administra\u00e7\u00e3o municipal. Para complicar mais a quest\u00e3o, a exatos seis anos os trabalhadores municipais de Mariana Pimentel n\u00e3o recebem reajuste em seus sal\u00e1rios. N\u00e3o recebem nem a infla\u00e7\u00e3o do per\u00edodo (garantido pela Constitui\u00e7\u00e3o Federal, art 37), muito menos ganho real em seus vencimentos.<\/p>\n<p>Ap\u00f3s uma importante e marcante paralisa\u00e7\u00e3o dos municip\u00e1rios, o Sindicato da categoria deu mais importante passo na busca de seus direitos.<\/p>\n<p>Na \u00faltima ter\u00e7a feira, 18\/07, a comiss\u00e3o formada pelo SIMAPI, em conjunto com o vice secret\u00e1rio geral da FEMERGS Sr Luciano dos Santos, acompanhados do Vereador Luciano Ovalhe Nunes, estiveram na FAMURS &#8211; CNM. Na oportunidade, realizou-se audi\u00eancia com a assessoria Jur\u00eddica da FAMURS e com o Coordenador Geral da entidade, para esclarecimentos referentes a nossa causa. <\/p>\n<p>Ap\u00f3s, reuniram-se com o grupo o presidente da CNM, Sr. Paulo Ziulkoski e com o Coordenador Geral da FAMURS Sr. Luciano Machado, que ouviu nossas angustias e reclama\u00e7\u00f5es relativas a falta de di\u00e1logo com o atual gestor de nosso munic\u00edpio, estando sens\u00edvel a nossa causa e colocando-se a disposi\u00e7\u00e3o para nos auxiliar em busca de uma mesa de negocia\u00e7\u00e3o, visando encerrar o atual impasse.<\/p>\n<p>Luciano, representando a FEMERGS tamb\u00e9m &#8220;provocou&#8221; ao Coordenador Geral da FAMURS que pudesse ser efetivado pela FAMURS algum tipo de orienta\u00e7\u00e3o aos Prefeitos Municipais para que a mesa de negocia\u00e7\u00e3o fosse sempre respeitada, desta forma garantindo o direito a negocia\u00e7\u00e3o.<\/p>\n<p>FEMERGS sempre ao lado de sua base.<\/p>\n","protected":false},"excerpt":{"rendered":"<p>O Sindicato dos Municip\u00e1rios de Mariana Pimentel desde o dia 18 de abril de 2017, vem tentando instalar a mesa de negocia\u00e7\u00e3o com a administra\u00e7\u00e3o municipal. Para complicar mais a quest\u00e3o, a exatos seis anos os trabalhadores municipais de Mariana Pimentel n\u00e3o recebem reajuste em seus sal\u00e1rios. N\u00e3o recebem nem a infla\u00e7\u00e3o do per\u00edodo (garantido [&hellip;]<\/p>\n","protected":false},"author":1,"featured_media":0,"comment_status":"closed","ping_status":"closed","sticky":false,"template":"","format":"standard","meta":{"_eb_attr":"","_uag_custom_page_level_css":"","fifu_image_url":"","fifu_image_alt":"","footnotes":""},"categories":[1],"tags":[32],"class_list":["post-1091","post","type-post","status-publish","format-standard","hentry","category-arquivadas","tag-null"],"yoast_head":"<!-- This site is optimized with the Yoast SEO plugin v27.1.1 - https:\/\/yoast.com\/product\/yoast-seo-wordpress\/ -->\n<title>Comiss\u00e3o de Municip\u00e1rios de Mariana Pimentel \u00e9 recebida na FAMURS. - Federa\u00e7\u00e3o dos Municip\u00e1rios do Estado do Rio Grande do Sul<\/title>\n<meta name=\"robots\" content=\"index, follow, max-snippet:-1, max-image-preview:large, max-video-preview:-1\" \/>\n<link rel=\"canonical\" href=\"https:\/\/femergs.com.br\/wfe\/blog\/comissao-de-municiparios-de-mariana-pimentel-e-recebida-na-famurs\/\" \/>\n<meta property=\"og:locale\" content=\"pt_BR\" \/>\n<meta property=\"og:type\" content=\"article\" \/>\n<meta property=\"og:title\" content=\"Comiss\u00e3o de Municip\u00e1rios de Mariana Pimentel \u00e9 recebida na FAMURS. - Federa\u00e7\u00e3o dos Municip\u00e1rios do Estado do Rio Grande do Sul\" \/>\n<meta property=\"og:description\" content=\"O Sindicato dos Municip\u00e1rios de Mariana Pimentel desde o dia 18 de abril de 2017, vem tentando instalar a mesa de negocia\u00e7\u00e3o com a administra\u00e7\u00e3o municipal. Para complicar mais a quest\u00e3o, a exatos seis anos os trabalhadores municipais de Mariana Pimentel n\u00e3o recebem reajuste em seus sal\u00e1rios. N\u00e3o recebem nem a infla\u00e7\u00e3o do per\u00edodo (garantido [&hellip;]\" \/>\n<meta property=\"og:url\" content=\"https:\/\/femergs.com.br\/wfe\/blog\/comissao-de-municiparios-de-mariana-pimentel-e-recebida-na-famurs\/\" \/>\n<meta property=\"og:site_name\" content=\"Federa\u00e7\u00e3o dos Municip\u00e1rios do Estado do Rio Grande do Sul\" \/>\n<meta property=\"article:publisher\" content=\"https:\/\/www.facebook.com\/profile.php?id=100057151733001\" \/>\n<meta property=\"article:published_time\" content=\"2017-07-26T10:49:28+00:00\" \/>\n<meta name=\"author\" content=\"adminfemergs\" \/>\n<meta name=\"twitter:card\" content=\"summary_large_image\" \/>\n<meta name=\"twitter:label1\" content=\"Escrito por\" \/>\n\t<meta name=\"twitter:data1\" content=\"adminfemergs\" \/>\n\t<meta name=\"twitter:label2\" content=\"Est. tempo de leitura\" \/>\n\t<meta name=\"twitter:data2\" content=\"1 minuto\" \/>\n<script type=\"application\/ld+json\" class=\"yoast-schema-graph\">{\"@context\":\"https:\/\/schema.org\",\"@graph\":[{\"@type\":\"Article\",\"@id\":\"https:\/\/femergs.com.br\/wfe\/blog\/comissao-de-municiparios-de-mariana-pimentel-e-recebida-na-famurs\/#article\",\"isPartOf\":{\"@id\":\"https:\/\/femergs.com.br\/wfe\/blog\/comissao-de-municiparios-de-mariana-pimentel-e-recebida-na-famurs\/\"},\"author\":{\"name\":\"adminfemergs\",\"@id\":\"https:\/\/femergs.com.br\/wfe\/#\/schema\/person\/f5558e6b5ffc044ee085016237dedb7f\"},\"headline\":\"Comiss\u00e3o de Municip\u00e1rios de Mariana Pimentel \u00e9 recebida na FAMURS.\",\"datePublished\":\"2017-07-26T10:49:28+00:00\",\"mainEntityOfPage\":{\"@id\":\"https:\/\/femergs.com.br\/wfe\/blog\/comissao-de-municiparios-de-mariana-pimentel-e-recebida-na-famurs\/\"},\"wordCount\":292,\"publisher\":{\"@id\":\"https:\/\/femergs.com.br\/wfe\/#organization\"},\"keywords\":[\"NULL\"],\"articleSection\":[\"ARQUIVADAS\"],\"inLanguage\":\"pt-BR\"},{\"@type\":\"WebPage\",\"@id\":\"https:\/\/femergs.com.br\/wfe\/blog\/comissao-de-municiparios-de-mariana-pimentel-e-recebida-na-famurs\/\",\"url\":\"https:\/\/femergs.com.br\/wfe\/blog\/comissao-de-municiparios-de-mariana-pimentel-e-recebida-na-famurs\/\",\"name\":\"Comiss\u00e3o de Municip\u00e1rios de Mariana Pimentel \u00e9 recebida na FAMURS. - Federa\u00e7\u00e3o dos Municip\u00e1rios do Estado do Rio Grande do Sul\",\"isPartOf\":{\"@id\":\"https:\/\/femergs.com.br\/wfe\/#website\"},\"datePublished\":\"2017-07-26T10:49:28+00:00\",\"breadcrumb\":{\"@id\":\"https:\/\/femergs.com.br\/wfe\/blog\/comissao-de-municiparios-de-mariana-pimentel-e-recebida-na-famurs\/#breadcrumb\"},\"inLanguage\":\"pt-BR\",\"potentialAction\":[{\"@type\":\"ReadAction\",\"target\":[\"https:\/\/femergs.com.br\/wfe\/blog\/comissao-de-municiparios-de-mariana-pimentel-e-recebida-na-famurs\/\"]}]},{\"@type\":\"BreadcrumbList\",\"@id\":\"https:\/\/femergs.com.br\/wfe\/blog\/comissao-de-municiparios-de-mariana-pimentel-e-recebida-na-famurs\/#breadcrumb\",\"itemListElement\":[{\"@type\":\"ListItem\",\"position\":1,\"name\":\"In\u00edcio\",\"item\":\"https:\/\/femergs.com.br\/wfe\/\"},{\"@type\":\"ListItem\",\"position\":2,\"name\":\"Comiss\u00e3o de Municip\u00e1rios de Mariana Pimentel \u00e9 recebida na FAMURS.\"}]},{\"@type\":\"WebSite\",\"@id\":\"https:\/\/femergs.com.br\/wfe\/#website\",\"url\":\"https:\/\/femergs.com.br\/wfe\/\",\"name\":\"FEMERGS\",\"description\":\"FEDERA\u00c7\u00c3O DOS MUNICIP\u00c1RIOS DO ESTADO DO RIO GRANDE DO SUL\",\"publisher\":{\"@id\":\"https:\/\/femergs.com.br\/wfe\/#organization\"},\"potentialAction\":[{\"@type\":\"SearchAction\",\"target\":{\"@type\":\"EntryPoint\",\"urlTemplate\":\"https:\/\/femergs.com.br\/wfe\/?s={search_term_string}\"},\"query-input\":{\"@type\":\"PropertyValueSpecification\",\"valueRequired\":true,\"valueName\":\"search_term_string\"}}],\"inLanguage\":\"pt-BR\"},{\"@type\":\"Organization\",\"@id\":\"https:\/\/femergs.com.br\/wfe\/#organization\",\"name\":\"FEMERGS\",\"url\":\"https:\/\/femergs.com.br\/wfe\/\",\"logo\":{\"@type\":\"ImageObject\",\"inLanguage\":\"pt-BR\",\"@id\":\"https:\/\/femergs.com.br\/wfe\/#\/schema\/logo\/image\/\",\"url\":\"https:\/\/femergs.com.br\/wfe\/wp-content\/uploads\/2025\/06\/logotipo.png\",\"contentUrl\":\"https:\/\/femergs.com.br\/wfe\/wp-content\/uploads\/2025\/06\/logotipo.png\",\"width\":500,\"height\":500,\"caption\":\"FEMERGS\"},\"image\":{\"@id\":\"https:\/\/femergs.com.br\/wfe\/#\/schema\/logo\/image\/\"},\"sameAs\":[\"https:\/\/www.facebook.com\/profile.php?id=100057151733001\",\"https:\/\/www.instagram.com\/femergs_rs\/\"]},{\"@type\":\"Person\",\"@id\":\"https:\/\/femergs.com.br\/wfe\/#\/schema\/person\/f5558e6b5ffc044ee085016237dedb7f\",\"name\":\"adminfemergs\",\"image\":{\"@type\":\"ImageObject\",\"inLanguage\":\"pt-BR\",\"@id\":\"https:\/\/femergs.com.br\/wfe\/#\/schema\/person\/image\/\",\"url\":\"https:\/\/secure.gravatar.com\/avatar\/398642fa557cdd524617ad9b31c938845f071aeb3448b9c0aeb29aefc495337b?s=96&d=mm&r=g\",\"contentUrl\":\"https:\/\/secure.gravatar.com\/avatar\/398642fa557cdd524617ad9b31c938845f071aeb3448b9c0aeb29aefc495337b?s=96&d=mm&r=g\",\"caption\":\"adminfemergs\"},\"sameAs\":[\"https:\/\/femergs.com.br\/wfe\"],\"url\":\"https:\/\/femergs.com.br\/wfe\/blog\/author\/adminfemergs\/\"}]}<\/script>\n<!-- \/ Yoast SEO plugin. -->","yoast_head_json":{"title":"Comiss\u00e3o de Municip\u00e1rios de Mariana Pimentel \u00e9 recebida na FAMURS. - Federa\u00e7\u00e3o dos Municip\u00e1rios do Estado do Rio Grande do Sul","robots":{"index":"index","follow":"follow","max-snippet":"max-snippet:-1","max-image-preview":"max-image-preview:large","max-video-preview":"max-video-preview:-1"},"canonical":"https:\/\/femergs.com.br\/wfe\/blog\/comissao-de-municiparios-de-mariana-pimentel-e-recebida-na-famurs\/","og_locale":"pt_BR","og_type":"article","og_title":"Comiss\u00e3o de Municip\u00e1rios de Mariana Pimentel \u00e9 recebida na FAMURS. - Federa\u00e7\u00e3o dos Municip\u00e1rios do Estado do Rio Grande do Sul","og_description":"O Sindicato dos Municip\u00e1rios de Mariana Pimentel desde o dia 18 de abril de 2017, vem tentando instalar a mesa de negocia\u00e7\u00e3o com a administra\u00e7\u00e3o municipal. Para complicar mais a quest\u00e3o, a exatos seis anos os trabalhadores municipais de Mariana Pimentel n\u00e3o recebem reajuste em seus sal\u00e1rios. N\u00e3o recebem nem a infla\u00e7\u00e3o do per\u00edodo (garantido [&hellip;]","og_url":"https:\/\/femergs.com.br\/wfe\/blog\/comissao-de-municiparios-de-mariana-pimentel-e-recebida-na-famurs\/","og_site_name":"Federa\u00e7\u00e3o dos Municip\u00e1rios do Estado do Rio Grande do Sul","article_publisher":"https:\/\/www.facebook.com\/profile.php?id=100057151733001","article_published_time":"2017-07-26T10:49:28+00:00","author":"adminfemergs","twitter_card":"summary_large_image","twitter_misc":{"Escrito por":"adminfemergs","Est. tempo de leitura":"1 minuto"},"schema":{"@context":"https:\/\/schema.org","@graph":[{"@type":"Article","@id":"https:\/\/femergs.com.br\/wfe\/blog\/comissao-de-municiparios-de-mariana-pimentel-e-recebida-na-famurs\/#article","isPartOf":{"@id":"https:\/\/femergs.com.br\/wfe\/blog\/comissao-de-municiparios-de-mariana-pimentel-e-recebida-na-famurs\/"},"author":{"name":"adminfemergs","@id":"https:\/\/femergs.com.br\/wfe\/#\/schema\/person\/f5558e6b5ffc044ee085016237dedb7f"},"headline":"Comiss\u00e3o de Municip\u00e1rios de Mariana Pimentel \u00e9 recebida na FAMURS.","datePublished":"2017-07-26T10:49:28+00:00","mainEntityOfPage":{"@id":"https:\/\/femergs.com.br\/wfe\/blog\/comissao-de-municiparios-de-mariana-pimentel-e-recebida-na-famurs\/"},"wordCount":292,"publisher":{"@id":"https:\/\/femergs.com.br\/wfe\/#organization"},"keywords":["NULL"],"articleSection":["ARQUIVADAS"],"inLanguage":"pt-BR"},{"@type":"WebPage","@id":"https:\/\/femergs.com.br\/wfe\/blog\/comissao-de-municiparios-de-mariana-pimentel-e-recebida-na-famurs\/","url":"https:\/\/femergs.com.br\/wfe\/blog\/comissao-de-municiparios-de-mariana-pimentel-e-recebida-na-famurs\/","name":"Comiss\u00e3o de Municip\u00e1rios de Mariana Pimentel \u00e9 recebida na FAMURS. - Federa\u00e7\u00e3o dos Municip\u00e1rios do Estado do Rio Grande do Sul","isPartOf":{"@id":"https:\/\/femergs.com.br\/wfe\/#website"},"datePublished":"2017-07-26T10:49:28+00:00","breadcrumb":{"@id":"https:\/\/femergs.com.br\/wfe\/blog\/comissao-de-municiparios-de-mariana-pimentel-e-recebida-na-famurs\/#breadcrumb"},"inLanguage":"pt-BR","potentialAction":[{"@type":"ReadAction","target":["https:\/\/femergs.com.br\/wfe\/blog\/comissao-de-municiparios-de-mariana-pimentel-e-recebida-na-famurs\/"]}]},{"@type":"BreadcrumbList","@id":"https:\/\/femergs.com.br\/wfe\/blog\/comissao-de-municiparios-de-mariana-pimentel-e-recebida-na-famurs\/#breadcrumb","itemListElement":[{"@type":"ListItem","position":1,"name":"In\u00edcio","item":"https:\/\/femergs.com.br\/wfe\/"},{"@type":"ListItem","position":2,"name":"Comiss\u00e3o de Municip\u00e1rios de Mariana Pimentel \u00e9 recebida na FAMURS."}]},{"@type":"WebSite","@id":"https:\/\/femergs.com.br\/wfe\/#website","url":"https:\/\/femergs.com.br\/wfe\/","name":"FEMERGS","description":"FEDERA\u00c7\u00c3O DOS MUNICIP\u00c1RIOS DO ESTADO DO RIO GRANDE DO SUL","publisher":{"@id":"https:\/\/femergs.com.br\/wfe\/#organization"},"potentialAction":[{"@type":"SearchAction","target":{"@type":"EntryPoint","urlTemplate":"https:\/\/femergs.com.br\/wfe\/?s={search_term_string}"},"query-input":{"@type":"PropertyValueSpecification","valueRequired":true,"valueName":"search_term_string"}}],"inLanguage":"pt-BR"},{"@type":"Organization","@id":"https:\/\/femergs.com.br\/wfe\/#organization","name":"FEMERGS","url":"https:\/\/femergs.com.br\/wfe\/","logo":{"@type":"ImageObject","inLanguage":"pt-BR","@id":"https:\/\/femergs.com.br\/wfe\/#\/schema\/logo\/image\/","url":"https:\/\/femergs.com.br\/wfe\/wp-content\/uploads\/2025\/06\/logotipo.png","contentUrl":"https:\/\/femergs.com.br\/wfe\/wp-content\/uploads\/2025\/06\/logotipo.png","width":500,"height":500,"caption":"FEMERGS"},"image":{"@id":"https:\/\/femergs.com.br\/wfe\/#\/schema\/logo\/image\/"},"sameAs":["https:\/\/www.facebook.com\/profile.php?id=100057151733001","https:\/\/www.instagram.com\/femergs_rs\/"]},{"@type":"Person","@id":"https:\/\/femergs.com.br\/wfe\/#\/schema\/person\/f5558e6b5ffc044ee085016237dedb7f","name":"adminfemergs","image":{"@type":"ImageObject","inLanguage":"pt-BR","@id":"https:\/\/femergs.com.br\/wfe\/#\/schema\/person\/image\/","url":"https:\/\/secure.gravatar.com\/avatar\/398642fa557cdd524617ad9b31c938845f071aeb3448b9c0aeb29aefc495337b?s=96&d=mm&r=g","contentUrl":"https:\/\/secure.gravatar.com\/avatar\/398642fa557cdd524617ad9b31c938845f071aeb3448b9c0aeb29aefc495337b?s=96&d=mm&r=g","caption":"adminfemergs"},"sameAs":["https:\/\/femergs.com.br\/wfe"],"url":"https:\/\/femergs.com.br\/wfe\/blog\/author\/adminfemergs\/"}]}},"uagb_featured_image_src":{"full":false,"thumbnail":false,"medium":false,"medium_large":false,"large":false,"1536x1536":false,"2048x2048":false,"ultp_layout_landscape_large":false,"ultp_layout_landscape":false,"ultp_layout_portrait":false,"ultp_layout_square":false},"uagb_author_info":{"display_name":"adminfemergs","author_link":"https:\/\/femergs.com.br\/wfe\/blog\/author\/adminfemergs\/"},"uagb_comment_info":0,"uagb_excerpt":"O Sindicato dos Municip\u00e1rios de Mariana Pimentel desde o dia 18 de abril de 2017, vem tentando instalar a mesa de negocia\u00e7\u00e3o com a administra\u00e7\u00e3o municipal. Para complicar mais a quest\u00e3o, a exatos seis anos os trabalhadores municipais de Mariana Pimentel n\u00e3o recebem reajuste em seus sal\u00e1rios. N\u00e3o recebem nem a infla\u00e7\u00e3o do per\u00edodo (garantido&hellip;","_links":{"self":[{"href":"https:\/\/femergs.com.br\/wfe\/wp-json\/wp\/v2\/posts\/1091","targetHints":{"allow":["GET"]}}],"collection":[{"href":"https:\/\/femergs.com.br\/wfe\/wp-json\/wp\/v2\/posts"}],"about":[{"href":"https:\/\/femergs.com.br\/wfe\/wp-json\/wp\/v2\/types\/post"}],"author":[{"embeddable":true,"href":"https:\/\/femergs.com.br\/wfe\/wp-json\/wp\/v2\/users\/1"}],"replies":[{"embeddable":true,"href":"https:\/\/femergs.com.br\/wfe\/wp-json\/wp\/v2\/comments?post=1091"}],"version-history":[{"count":0,"href":"https:\/\/femergs.com.br\/wfe\/wp-json\/wp\/v2\/posts\/1091\/revisions"}],"wp:attachment":[{"href":"https:\/\/femergs.com.br\/wfe\/wp-json\/wp\/v2\/media?parent=1091"}],"wp:term":[{"taxonomy":"category","embeddable":true,"href":"https:\/\/femergs.com.br\/wfe\/wp-json\/wp\/v2\/categories?post=1091"},{"taxonomy":"post_tag","embeddable":true,"href":"https:\/\/femergs.com.br\/wfe\/wp-json\/wp\/v2\/tags?post=1091"}],"curies":[{"name":"wp","href":"https:\/\/api.w.org\/{rel}","templated":true}]}}