{"id":1095,"date":"2017-08-15T11:24:28","date_gmt":"2017-08-15T11:24:28","guid":{"rendered":"https:\/\/femergs.com.br\/wfe\/blog\/presidente-vilson-visita-a-regional-celeiro\/"},"modified":"2017-08-15T11:24:28","modified_gmt":"2017-08-15T11:24:28","slug":"presidente-vilson-visita-a-regional-celeiro","status":"publish","type":"post","link":"https:\/\/femergs.com.br\/wfe\/blog\/presidente-vilson-visita-a-regional-celeiro\/","title":{"rendered":"Presidente Vilson visita a Regional Celeiro"},"content":{"rendered":"<p>Nos dias 10 e 11 de Agosto o Presidente da Femergs Sr.Vilson Jo\u00e3o Weber, a diretora de forma\u00e7\u00e3o Clarice Mainardi e a Coordenadora da Regional Celeiro Sileia Corr\u00eaa Mewes, realizaram visitas nos sindicatos da regional para cumprir a meta da atual gest\u00e3o da Federa\u00e7\u00e3o de visitar todos os Sindicatos Filiados.<\/p>\n<p>Foram visitados os Sindicatos dos Municip\u00e1rios de Tr\u00eas passos, Esperan\u00e7a do Sul, Tiradentes do Sul, Bom Progresso, Humait\u00e1, Crissiumal, Sede Nova, Campo Novo, Miragua\u00ed, Braga, S\u00e3o Martinho, Inhacor\u00e1, S\u00e3o val\u00e9rio do Sul, Tenente Portela, na visita foram entregues, jornais, material das campanhas de lutas da Federa\u00e7\u00e3o, canetas e um rel\u00f3gio de parede personalizado.<\/p>\n<p>Durante as visitas, o Presidente ouviu de cada sindicato a avalia\u00e7\u00e3o sobre os trabalhos que a federa\u00e7\u00e3o vem desenvolvendo, tamb\u00e9m as demandas locais, o presidente manifestou a preocupa\u00e7\u00e3o com o fim do Imposto Sindical, mas salientou que a nossa luta n\u00e3o vai parar, vamos buscar outros meios e formas de continuar nossa luta, e mais que nunca lutarmos &#8220;por nenhum direito a menos&#8221;. Ap\u00f3s as visitas o presidente participou da reuni\u00e3o da regional Celeiro que acontece a cada dois meses.<\/p>\n<p>A Coordenadoria da Regional Celeiro, agradece a visita do presidente que vem a refor\u00e7ar nesse momento que vivemos de dificuldade a import\u00e2ncia de estarmos unidos, buscando defender o direito j\u00e1 conquistado anteriormente do servidor publico. N\u00e3o podemos admitir nenhum direito a menos.<\/p>\n","protected":false},"excerpt":{"rendered":"<p>Nos dias 10 e 11 de Agosto o Presidente da Femergs Sr.Vilson Jo\u00e3o Weber, a diretora de forma\u00e7\u00e3o Clarice Mainardi e a Coordenadora da Regional Celeiro Sileia Corr\u00eaa Mewes, realizaram visitas nos sindicatos da regional para cumprir a meta da atual gest\u00e3o da Federa\u00e7\u00e3o de visitar todos os Sindicatos Filiados. Foram visitados os Sindicatos dos [&hellip;]<\/p>\n","protected":false},"author":1,"featured_media":0,"comment_status":"closed","ping_status":"closed","sticky":false,"template":"","format":"standard","meta":{"_eb_attr":"","_uag_custom_page_level_css":"","fifu_image_url":"","fifu_image_alt":"","footnotes":""},"categories":[1],"tags":[32],"class_list":["post-1095","post","type-post","status-publish","format-standard","hentry","category-arquivadas","tag-null"],"yoast_head":"<!-- This site is optimized with the Yoast SEO plugin v27.1.1 - https:\/\/yoast.com\/product\/yoast-seo-wordpress\/ -->\n<title>Presidente Vilson visita a Regional Celeiro - Federa\u00e7\u00e3o dos Municip\u00e1rios do Estado do Rio Grande do Sul<\/title>\n<meta name=\"robots\" content=\"index, follow, max-snippet:-1, max-image-preview:large, max-video-preview:-1\" \/>\n<link rel=\"canonical\" href=\"https:\/\/femergs.com.br\/wfe\/blog\/presidente-vilson-visita-a-regional-celeiro\/\" \/>\n<meta property=\"og:locale\" content=\"pt_BR\" \/>\n<meta property=\"og:type\" content=\"article\" \/>\n<meta property=\"og:title\" content=\"Presidente Vilson visita a Regional Celeiro - Federa\u00e7\u00e3o dos Municip\u00e1rios do Estado do Rio Grande do Sul\" \/>\n<meta property=\"og:description\" content=\"Nos dias 10 e 11 de Agosto o Presidente da Femergs Sr.Vilson Jo\u00e3o Weber, a diretora de forma\u00e7\u00e3o Clarice Mainardi e a Coordenadora da Regional Celeiro Sileia Corr\u00eaa Mewes, realizaram visitas nos sindicatos da regional para cumprir a meta da atual gest\u00e3o da Federa\u00e7\u00e3o de visitar todos os Sindicatos Filiados. Foram visitados os Sindicatos dos [&hellip;]\" \/>\n<meta property=\"og:url\" content=\"https:\/\/femergs.com.br\/wfe\/blog\/presidente-vilson-visita-a-regional-celeiro\/\" \/>\n<meta property=\"og:site_name\" content=\"Federa\u00e7\u00e3o dos Municip\u00e1rios do Estado do Rio Grande do Sul\" \/>\n<meta property=\"article:publisher\" content=\"https:\/\/www.facebook.com\/profile.php?id=100057151733001\" \/>\n<meta property=\"article:published_time\" content=\"2017-08-15T11:24:28+00:00\" \/>\n<meta name=\"author\" content=\"adminfemergs\" \/>\n<meta name=\"twitter:card\" content=\"summary_large_image\" \/>\n<meta name=\"twitter:label1\" content=\"Escrito por\" \/>\n\t<meta name=\"twitter:data1\" content=\"adminfemergs\" \/>\n\t<meta name=\"twitter:label2\" content=\"Est. tempo de leitura\" \/>\n\t<meta name=\"twitter:data2\" content=\"1 minuto\" \/>\n<script type=\"application\/ld+json\" class=\"yoast-schema-graph\">{\"@context\":\"https:\/\/schema.org\",\"@graph\":[{\"@type\":\"Article\",\"@id\":\"https:\/\/femergs.com.br\/wfe\/blog\/presidente-vilson-visita-a-regional-celeiro\/#article\",\"isPartOf\":{\"@id\":\"https:\/\/femergs.com.br\/wfe\/blog\/presidente-vilson-visita-a-regional-celeiro\/\"},\"author\":{\"name\":\"adminfemergs\",\"@id\":\"https:\/\/femergs.com.br\/wfe\/#\/schema\/person\/f5558e6b5ffc044ee085016237dedb7f\"},\"headline\":\"Presidente Vilson visita a Regional Celeiro\",\"datePublished\":\"2017-08-15T11:24:28+00:00\",\"mainEntityOfPage\":{\"@id\":\"https:\/\/femergs.com.br\/wfe\/blog\/presidente-vilson-visita-a-regional-celeiro\/\"},\"wordCount\":253,\"publisher\":{\"@id\":\"https:\/\/femergs.com.br\/wfe\/#organization\"},\"keywords\":[\"NULL\"],\"articleSection\":[\"ARQUIVADAS\"],\"inLanguage\":\"pt-BR\"},{\"@type\":\"WebPage\",\"@id\":\"https:\/\/femergs.com.br\/wfe\/blog\/presidente-vilson-visita-a-regional-celeiro\/\",\"url\":\"https:\/\/femergs.com.br\/wfe\/blog\/presidente-vilson-visita-a-regional-celeiro\/\",\"name\":\"Presidente Vilson visita a Regional Celeiro - Federa\u00e7\u00e3o dos Municip\u00e1rios do Estado do Rio Grande do Sul\",\"isPartOf\":{\"@id\":\"https:\/\/femergs.com.br\/wfe\/#website\"},\"datePublished\":\"2017-08-15T11:24:28+00:00\",\"breadcrumb\":{\"@id\":\"https:\/\/femergs.com.br\/wfe\/blog\/presidente-vilson-visita-a-regional-celeiro\/#breadcrumb\"},\"inLanguage\":\"pt-BR\",\"potentialAction\":[{\"@type\":\"ReadAction\",\"target\":[\"https:\/\/femergs.com.br\/wfe\/blog\/presidente-vilson-visita-a-regional-celeiro\/\"]}]},{\"@type\":\"BreadcrumbList\",\"@id\":\"https:\/\/femergs.com.br\/wfe\/blog\/presidente-vilson-visita-a-regional-celeiro\/#breadcrumb\",\"itemListElement\":[{\"@type\":\"ListItem\",\"position\":1,\"name\":\"In\u00edcio\",\"item\":\"https:\/\/femergs.com.br\/wfe\/\"},{\"@type\":\"ListItem\",\"position\":2,\"name\":\"Presidente Vilson visita a Regional Celeiro\"}]},{\"@type\":\"WebSite\",\"@id\":\"https:\/\/femergs.com.br\/wfe\/#website\",\"url\":\"https:\/\/femergs.com.br\/wfe\/\",\"name\":\"FEMERGS\",\"description\":\"FEDERA\u00c7\u00c3O DOS MUNICIP\u00c1RIOS DO ESTADO DO RIO GRANDE DO SUL\",\"publisher\":{\"@id\":\"https:\/\/femergs.com.br\/wfe\/#organization\"},\"potentialAction\":[{\"@type\":\"SearchAction\",\"target\":{\"@type\":\"EntryPoint\",\"urlTemplate\":\"https:\/\/femergs.com.br\/wfe\/?s={search_term_string}\"},\"query-input\":{\"@type\":\"PropertyValueSpecification\",\"valueRequired\":true,\"valueName\":\"search_term_string\"}}],\"inLanguage\":\"pt-BR\"},{\"@type\":\"Organization\",\"@id\":\"https:\/\/femergs.com.br\/wfe\/#organization\",\"name\":\"FEMERGS\",\"url\":\"https:\/\/femergs.com.br\/wfe\/\",\"logo\":{\"@type\":\"ImageObject\",\"inLanguage\":\"pt-BR\",\"@id\":\"https:\/\/femergs.com.br\/wfe\/#\/schema\/logo\/image\/\",\"url\":\"https:\/\/femergs.com.br\/wfe\/wp-content\/uploads\/2025\/06\/logotipo.png\",\"contentUrl\":\"https:\/\/femergs.com.br\/wfe\/wp-content\/uploads\/2025\/06\/logotipo.png\",\"width\":500,\"height\":500,\"caption\":\"FEMERGS\"},\"image\":{\"@id\":\"https:\/\/femergs.com.br\/wfe\/#\/schema\/logo\/image\/\"},\"sameAs\":[\"https:\/\/www.facebook.com\/profile.php?id=100057151733001\",\"https:\/\/www.instagram.com\/femergs_rs\/\"]},{\"@type\":\"Person\",\"@id\":\"https:\/\/femergs.com.br\/wfe\/#\/schema\/person\/f5558e6b5ffc044ee085016237dedb7f\",\"name\":\"adminfemergs\",\"image\":{\"@type\":\"ImageObject\",\"inLanguage\":\"pt-BR\",\"@id\":\"https:\/\/femergs.com.br\/wfe\/#\/schema\/person\/image\/\",\"url\":\"https:\/\/secure.gravatar.com\/avatar\/398642fa557cdd524617ad9b31c938845f071aeb3448b9c0aeb29aefc495337b?s=96&d=mm&r=g\",\"contentUrl\":\"https:\/\/secure.gravatar.com\/avatar\/398642fa557cdd524617ad9b31c938845f071aeb3448b9c0aeb29aefc495337b?s=96&d=mm&r=g\",\"caption\":\"adminfemergs\"},\"sameAs\":[\"https:\/\/femergs.com.br\/wfe\"],\"url\":\"https:\/\/femergs.com.br\/wfe\/blog\/author\/adminfemergs\/\"}]}<\/script>\n<!-- \/ Yoast SEO plugin. -->","yoast_head_json":{"title":"Presidente Vilson visita a Regional Celeiro - Federa\u00e7\u00e3o dos Municip\u00e1rios do Estado do Rio Grande do Sul","robots":{"index":"index","follow":"follow","max-snippet":"max-snippet:-1","max-image-preview":"max-image-preview:large","max-video-preview":"max-video-preview:-1"},"canonical":"https:\/\/femergs.com.br\/wfe\/blog\/presidente-vilson-visita-a-regional-celeiro\/","og_locale":"pt_BR","og_type":"article","og_title":"Presidente Vilson visita a Regional Celeiro - Federa\u00e7\u00e3o dos Municip\u00e1rios do Estado do Rio Grande do Sul","og_description":"Nos dias 10 e 11 de Agosto o Presidente da Femergs Sr.Vilson Jo\u00e3o Weber, a diretora de forma\u00e7\u00e3o Clarice Mainardi e a Coordenadora da Regional Celeiro Sileia Corr\u00eaa Mewes, realizaram visitas nos sindicatos da regional para cumprir a meta da atual gest\u00e3o da Federa\u00e7\u00e3o de visitar todos os Sindicatos Filiados. Foram visitados os Sindicatos dos [&hellip;]","og_url":"https:\/\/femergs.com.br\/wfe\/blog\/presidente-vilson-visita-a-regional-celeiro\/","og_site_name":"Federa\u00e7\u00e3o dos Municip\u00e1rios do Estado do Rio Grande do Sul","article_publisher":"https:\/\/www.facebook.com\/profile.php?id=100057151733001","article_published_time":"2017-08-15T11:24:28+00:00","author":"adminfemergs","twitter_card":"summary_large_image","twitter_misc":{"Escrito por":"adminfemergs","Est. tempo de leitura":"1 minuto"},"schema":{"@context":"https:\/\/schema.org","@graph":[{"@type":"Article","@id":"https:\/\/femergs.com.br\/wfe\/blog\/presidente-vilson-visita-a-regional-celeiro\/#article","isPartOf":{"@id":"https:\/\/femergs.com.br\/wfe\/blog\/presidente-vilson-visita-a-regional-celeiro\/"},"author":{"name":"adminfemergs","@id":"https:\/\/femergs.com.br\/wfe\/#\/schema\/person\/f5558e6b5ffc044ee085016237dedb7f"},"headline":"Presidente Vilson visita a Regional Celeiro","datePublished":"2017-08-15T11:24:28+00:00","mainEntityOfPage":{"@id":"https:\/\/femergs.com.br\/wfe\/blog\/presidente-vilson-visita-a-regional-celeiro\/"},"wordCount":253,"publisher":{"@id":"https:\/\/femergs.com.br\/wfe\/#organization"},"keywords":["NULL"],"articleSection":["ARQUIVADAS"],"inLanguage":"pt-BR"},{"@type":"WebPage","@id":"https:\/\/femergs.com.br\/wfe\/blog\/presidente-vilson-visita-a-regional-celeiro\/","url":"https:\/\/femergs.com.br\/wfe\/blog\/presidente-vilson-visita-a-regional-celeiro\/","name":"Presidente Vilson visita a Regional Celeiro - Federa\u00e7\u00e3o dos Municip\u00e1rios do Estado do Rio Grande do Sul","isPartOf":{"@id":"https:\/\/femergs.com.br\/wfe\/#website"},"datePublished":"2017-08-15T11:24:28+00:00","breadcrumb":{"@id":"https:\/\/femergs.com.br\/wfe\/blog\/presidente-vilson-visita-a-regional-celeiro\/#breadcrumb"},"inLanguage":"pt-BR","potentialAction":[{"@type":"ReadAction","target":["https:\/\/femergs.com.br\/wfe\/blog\/presidente-vilson-visita-a-regional-celeiro\/"]}]},{"@type":"BreadcrumbList","@id":"https:\/\/femergs.com.br\/wfe\/blog\/presidente-vilson-visita-a-regional-celeiro\/#breadcrumb","itemListElement":[{"@type":"ListItem","position":1,"name":"In\u00edcio","item":"https:\/\/femergs.com.br\/wfe\/"},{"@type":"ListItem","position":2,"name":"Presidente Vilson visita a Regional Celeiro"}]},{"@type":"WebSite","@id":"https:\/\/femergs.com.br\/wfe\/#website","url":"https:\/\/femergs.com.br\/wfe\/","name":"FEMERGS","description":"FEDERA\u00c7\u00c3O DOS MUNICIP\u00c1RIOS DO ESTADO DO RIO GRANDE DO SUL","publisher":{"@id":"https:\/\/femergs.com.br\/wfe\/#organization"},"potentialAction":[{"@type":"SearchAction","target":{"@type":"EntryPoint","urlTemplate":"https:\/\/femergs.com.br\/wfe\/?s={search_term_string}"},"query-input":{"@type":"PropertyValueSpecification","valueRequired":true,"valueName":"search_term_string"}}],"inLanguage":"pt-BR"},{"@type":"Organization","@id":"https:\/\/femergs.com.br\/wfe\/#organization","name":"FEMERGS","url":"https:\/\/femergs.com.br\/wfe\/","logo":{"@type":"ImageObject","inLanguage":"pt-BR","@id":"https:\/\/femergs.com.br\/wfe\/#\/schema\/logo\/image\/","url":"https:\/\/femergs.com.br\/wfe\/wp-content\/uploads\/2025\/06\/logotipo.png","contentUrl":"https:\/\/femergs.com.br\/wfe\/wp-content\/uploads\/2025\/06\/logotipo.png","width":500,"height":500,"caption":"FEMERGS"},"image":{"@id":"https:\/\/femergs.com.br\/wfe\/#\/schema\/logo\/image\/"},"sameAs":["https:\/\/www.facebook.com\/profile.php?id=100057151733001","https:\/\/www.instagram.com\/femergs_rs\/"]},{"@type":"Person","@id":"https:\/\/femergs.com.br\/wfe\/#\/schema\/person\/f5558e6b5ffc044ee085016237dedb7f","name":"adminfemergs","image":{"@type":"ImageObject","inLanguage":"pt-BR","@id":"https:\/\/femergs.com.br\/wfe\/#\/schema\/person\/image\/","url":"https:\/\/secure.gravatar.com\/avatar\/398642fa557cdd524617ad9b31c938845f071aeb3448b9c0aeb29aefc495337b?s=96&d=mm&r=g","contentUrl":"https:\/\/secure.gravatar.com\/avatar\/398642fa557cdd524617ad9b31c938845f071aeb3448b9c0aeb29aefc495337b?s=96&d=mm&r=g","caption":"adminfemergs"},"sameAs":["https:\/\/femergs.com.br\/wfe"],"url":"https:\/\/femergs.com.br\/wfe\/blog\/author\/adminfemergs\/"}]}},"uagb_featured_image_src":{"full":false,"thumbnail":false,"medium":false,"medium_large":false,"large":false,"1536x1536":false,"2048x2048":false,"ultp_layout_landscape_large":false,"ultp_layout_landscape":false,"ultp_layout_portrait":false,"ultp_layout_square":false},"uagb_author_info":{"display_name":"adminfemergs","author_link":"https:\/\/femergs.com.br\/wfe\/blog\/author\/adminfemergs\/"},"uagb_comment_info":0,"uagb_excerpt":"Nos dias 10 e 11 de Agosto o Presidente da Femergs Sr.Vilson Jo\u00e3o Weber, a diretora de forma\u00e7\u00e3o Clarice Mainardi e a Coordenadora da Regional Celeiro Sileia Corr\u00eaa Mewes, realizaram visitas nos sindicatos da regional para cumprir a meta da atual gest\u00e3o da Federa\u00e7\u00e3o de visitar todos os Sindicatos Filiados. Foram visitados os Sindicatos dos&hellip;","_links":{"self":[{"href":"https:\/\/femergs.com.br\/wfe\/wp-json\/wp\/v2\/posts\/1095","targetHints":{"allow":["GET"]}}],"collection":[{"href":"https:\/\/femergs.com.br\/wfe\/wp-json\/wp\/v2\/posts"}],"about":[{"href":"https:\/\/femergs.com.br\/wfe\/wp-json\/wp\/v2\/types\/post"}],"author":[{"embeddable":true,"href":"https:\/\/femergs.com.br\/wfe\/wp-json\/wp\/v2\/users\/1"}],"replies":[{"embeddable":true,"href":"https:\/\/femergs.com.br\/wfe\/wp-json\/wp\/v2\/comments?post=1095"}],"version-history":[{"count":0,"href":"https:\/\/femergs.com.br\/wfe\/wp-json\/wp\/v2\/posts\/1095\/revisions"}],"wp:attachment":[{"href":"https:\/\/femergs.com.br\/wfe\/wp-json\/wp\/v2\/media?parent=1095"}],"wp:term":[{"taxonomy":"category","embeddable":true,"href":"https:\/\/femergs.com.br\/wfe\/wp-json\/wp\/v2\/categories?post=1095"},{"taxonomy":"post_tag","embeddable":true,"href":"https:\/\/femergs.com.br\/wfe\/wp-json\/wp\/v2\/tags?post=1095"}],"curies":[{"name":"wp","href":"https:\/\/api.w.org\/{rel}","templated":true}]}}