{"id":1096,"date":"2017-08-24T09:16:44","date_gmt":"2017-08-24T09:16:44","guid":{"rendered":"https:\/\/femergs.com.br\/wfe\/blog\/encontro-da-regional-grande-santa-rosa\/"},"modified":"2017-08-24T09:16:44","modified_gmt":"2017-08-24T09:16:44","slug":"encontro-da-regional-grande-santa-rosa","status":"publish","type":"post","link":"https:\/\/femergs.com.br\/wfe\/blog\/encontro-da-regional-grande-santa-rosa\/","title":{"rendered":"ENCONTRO DA REGIONAL GRANDE SANTA ROSA"},"content":{"rendered":"<p>Aconteceu uma reuni\u00e3o da Coordenadoria do Grande Santa Rosa, na qual esteve reunida para a 3\u00aa Reuni\u00e3o Ordin\u00e1ria no dia 18\/08 na Sede do Sindicato dos Municip\u00e1rios de Santa Rosa.<br \/>\nA Reuni\u00e3o teve as Presen\u00e7as Ilustres do Sr. Presidente Vilson Jo\u00e3o Weber e da Diretora de Educa\u00e7\u00e3o Iracema Fr\u00f6lich, a pauta teve a cargo do Vice-Coordenador Sr. R\u00f3bson Cristiano Kamm, que contou com a presen\u00e7a expressiva dos Sindicatos da Regional. Foram tratados assuntos de insuma import\u00e2ncia como mobiliza\u00e7\u00e3o dos Sindicatos, Federa\u00e7\u00e3o, Reformas, Imposto Sindical e Promo\u00e7\u00e3o de novas Parcerias como por exemplo a mostra do caso de neg\u00f3cios da Mercoplan.<\/p>\n<p>Assim como os Sindicatos demostram certas preocupa\u00e7\u00e3o que refletem os anseios de luta da Federa\u00e7\u00e3o, a Fam\u00edlia FEMERGS, recebe for\u00e7as para continuar sua luta, mesmo com as incertezas do futuro n\u00e3o muito distante em que enfrentaremos novos retrocessos atr\u00e1ves das reformas que nos foram impostas!<br \/>\nContinuaremos nossas Lutas de Base para Base!!<\/p>\n","protected":false},"excerpt":{"rendered":"<p>Aconteceu uma reuni\u00e3o da Coordenadoria do Grande Santa Rosa, na qual esteve reunida para a 3\u00aa Reuni\u00e3o Ordin\u00e1ria no dia 18\/08 na Sede do Sindicato dos Municip\u00e1rios de Santa Rosa. A Reuni\u00e3o teve as Presen\u00e7as Ilustres do Sr. Presidente Vilson Jo\u00e3o Weber e da Diretora de Educa\u00e7\u00e3o Iracema Fr\u00f6lich, a pauta teve a cargo do [&hellip;]<\/p>\n","protected":false},"author":1,"featured_media":0,"comment_status":"closed","ping_status":"closed","sticky":false,"template":"","format":"standard","meta":{"_eb_attr":"","_uag_custom_page_level_css":"","fifu_image_url":"","fifu_image_alt":"","footnotes":""},"categories":[1],"tags":[32],"class_list":["post-1096","post","type-post","status-publish","format-standard","hentry","category-arquivadas","tag-null"],"yoast_head":"<!-- This site is optimized with the Yoast SEO plugin v27.1.1 - https:\/\/yoast.com\/product\/yoast-seo-wordpress\/ -->\n<title>ENCONTRO DA REGIONAL GRANDE SANTA ROSA - Federa\u00e7\u00e3o dos Municip\u00e1rios do Estado do Rio Grande do Sul<\/title>\n<meta name=\"robots\" content=\"index, follow, max-snippet:-1, max-image-preview:large, max-video-preview:-1\" \/>\n<link rel=\"canonical\" href=\"https:\/\/femergs.com.br\/wfe\/blog\/encontro-da-regional-grande-santa-rosa\/\" \/>\n<meta property=\"og:locale\" content=\"pt_BR\" \/>\n<meta property=\"og:type\" content=\"article\" \/>\n<meta property=\"og:title\" content=\"ENCONTRO DA REGIONAL GRANDE SANTA ROSA - Federa\u00e7\u00e3o dos Municip\u00e1rios do Estado do Rio Grande do Sul\" \/>\n<meta property=\"og:description\" content=\"Aconteceu uma reuni\u00e3o da Coordenadoria do Grande Santa Rosa, na qual esteve reunida para a 3\u00aa Reuni\u00e3o Ordin\u00e1ria no dia 18\/08 na Sede do Sindicato dos Municip\u00e1rios de Santa Rosa. A Reuni\u00e3o teve as Presen\u00e7as Ilustres do Sr. Presidente Vilson Jo\u00e3o Weber e da Diretora de Educa\u00e7\u00e3o Iracema Fr\u00f6lich, a pauta teve a cargo do [&hellip;]\" \/>\n<meta property=\"og:url\" content=\"https:\/\/femergs.com.br\/wfe\/blog\/encontro-da-regional-grande-santa-rosa\/\" \/>\n<meta property=\"og:site_name\" content=\"Federa\u00e7\u00e3o dos Municip\u00e1rios do Estado do Rio Grande do Sul\" \/>\n<meta property=\"article:publisher\" content=\"https:\/\/www.facebook.com\/profile.php?id=100057151733001\" \/>\n<meta property=\"article:published_time\" content=\"2017-08-24T09:16:44+00:00\" \/>\n<meta name=\"author\" content=\"adminfemergs\" \/>\n<meta name=\"twitter:card\" content=\"summary_large_image\" \/>\n<meta name=\"twitter:label1\" content=\"Escrito por\" \/>\n\t<meta name=\"twitter:data1\" content=\"adminfemergs\" \/>\n\t<meta name=\"twitter:label2\" content=\"Est. tempo de leitura\" \/>\n\t<meta name=\"twitter:data2\" content=\"1 minuto\" \/>\n<script type=\"application\/ld+json\" class=\"yoast-schema-graph\">{\"@context\":\"https:\/\/schema.org\",\"@graph\":[{\"@type\":\"Article\",\"@id\":\"https:\/\/femergs.com.br\/wfe\/blog\/encontro-da-regional-grande-santa-rosa\/#article\",\"isPartOf\":{\"@id\":\"https:\/\/femergs.com.br\/wfe\/blog\/encontro-da-regional-grande-santa-rosa\/\"},\"author\":{\"name\":\"adminfemergs\",\"@id\":\"https:\/\/femergs.com.br\/wfe\/#\/schema\/person\/f5558e6b5ffc044ee085016237dedb7f\"},\"headline\":\"ENCONTRO DA REGIONAL GRANDE SANTA ROSA\",\"datePublished\":\"2017-08-24T09:16:44+00:00\",\"mainEntityOfPage\":{\"@id\":\"https:\/\/femergs.com.br\/wfe\/blog\/encontro-da-regional-grande-santa-rosa\/\"},\"wordCount\":178,\"publisher\":{\"@id\":\"https:\/\/femergs.com.br\/wfe\/#organization\"},\"keywords\":[\"NULL\"],\"articleSection\":[\"ARQUIVADAS\"],\"inLanguage\":\"pt-BR\"},{\"@type\":\"WebPage\",\"@id\":\"https:\/\/femergs.com.br\/wfe\/blog\/encontro-da-regional-grande-santa-rosa\/\",\"url\":\"https:\/\/femergs.com.br\/wfe\/blog\/encontro-da-regional-grande-santa-rosa\/\",\"name\":\"ENCONTRO DA REGIONAL GRANDE SANTA ROSA - Federa\u00e7\u00e3o dos Municip\u00e1rios do Estado do Rio Grande do Sul\",\"isPartOf\":{\"@id\":\"https:\/\/femergs.com.br\/wfe\/#website\"},\"datePublished\":\"2017-08-24T09:16:44+00:00\",\"breadcrumb\":{\"@id\":\"https:\/\/femergs.com.br\/wfe\/blog\/encontro-da-regional-grande-santa-rosa\/#breadcrumb\"},\"inLanguage\":\"pt-BR\",\"potentialAction\":[{\"@type\":\"ReadAction\",\"target\":[\"https:\/\/femergs.com.br\/wfe\/blog\/encontro-da-regional-grande-santa-rosa\/\"]}]},{\"@type\":\"BreadcrumbList\",\"@id\":\"https:\/\/femergs.com.br\/wfe\/blog\/encontro-da-regional-grande-santa-rosa\/#breadcrumb\",\"itemListElement\":[{\"@type\":\"ListItem\",\"position\":1,\"name\":\"In\u00edcio\",\"item\":\"https:\/\/femergs.com.br\/wfe\/\"},{\"@type\":\"ListItem\",\"position\":2,\"name\":\"ENCONTRO DA REGIONAL GRANDE SANTA ROSA\"}]},{\"@type\":\"WebSite\",\"@id\":\"https:\/\/femergs.com.br\/wfe\/#website\",\"url\":\"https:\/\/femergs.com.br\/wfe\/\",\"name\":\"FEMERGS\",\"description\":\"FEDERA\u00c7\u00c3O DOS MUNICIP\u00c1RIOS DO ESTADO DO RIO GRANDE DO SUL\",\"publisher\":{\"@id\":\"https:\/\/femergs.com.br\/wfe\/#organization\"},\"potentialAction\":[{\"@type\":\"SearchAction\",\"target\":{\"@type\":\"EntryPoint\",\"urlTemplate\":\"https:\/\/femergs.com.br\/wfe\/?s={search_term_string}\"},\"query-input\":{\"@type\":\"PropertyValueSpecification\",\"valueRequired\":true,\"valueName\":\"search_term_string\"}}],\"inLanguage\":\"pt-BR\"},{\"@type\":\"Organization\",\"@id\":\"https:\/\/femergs.com.br\/wfe\/#organization\",\"name\":\"FEMERGS\",\"url\":\"https:\/\/femergs.com.br\/wfe\/\",\"logo\":{\"@type\":\"ImageObject\",\"inLanguage\":\"pt-BR\",\"@id\":\"https:\/\/femergs.com.br\/wfe\/#\/schema\/logo\/image\/\",\"url\":\"https:\/\/femergs.com.br\/wfe\/wp-content\/uploads\/2025\/06\/logotipo.png\",\"contentUrl\":\"https:\/\/femergs.com.br\/wfe\/wp-content\/uploads\/2025\/06\/logotipo.png\",\"width\":500,\"height\":500,\"caption\":\"FEMERGS\"},\"image\":{\"@id\":\"https:\/\/femergs.com.br\/wfe\/#\/schema\/logo\/image\/\"},\"sameAs\":[\"https:\/\/www.facebook.com\/profile.php?id=100057151733001\",\"https:\/\/www.instagram.com\/femergs_rs\/\"]},{\"@type\":\"Person\",\"@id\":\"https:\/\/femergs.com.br\/wfe\/#\/schema\/person\/f5558e6b5ffc044ee085016237dedb7f\",\"name\":\"adminfemergs\",\"image\":{\"@type\":\"ImageObject\",\"inLanguage\":\"pt-BR\",\"@id\":\"https:\/\/femergs.com.br\/wfe\/#\/schema\/person\/image\/\",\"url\":\"https:\/\/secure.gravatar.com\/avatar\/398642fa557cdd524617ad9b31c938845f071aeb3448b9c0aeb29aefc495337b?s=96&d=mm&r=g\",\"contentUrl\":\"https:\/\/secure.gravatar.com\/avatar\/398642fa557cdd524617ad9b31c938845f071aeb3448b9c0aeb29aefc495337b?s=96&d=mm&r=g\",\"caption\":\"adminfemergs\"},\"sameAs\":[\"https:\/\/femergs.com.br\/wfe\"],\"url\":\"https:\/\/femergs.com.br\/wfe\/blog\/author\/adminfemergs\/\"}]}<\/script>\n<!-- \/ Yoast SEO plugin. -->","yoast_head_json":{"title":"ENCONTRO DA REGIONAL GRANDE SANTA ROSA - Federa\u00e7\u00e3o dos Municip\u00e1rios do Estado do Rio Grande do Sul","robots":{"index":"index","follow":"follow","max-snippet":"max-snippet:-1","max-image-preview":"max-image-preview:large","max-video-preview":"max-video-preview:-1"},"canonical":"https:\/\/femergs.com.br\/wfe\/blog\/encontro-da-regional-grande-santa-rosa\/","og_locale":"pt_BR","og_type":"article","og_title":"ENCONTRO DA REGIONAL GRANDE SANTA ROSA - Federa\u00e7\u00e3o dos Municip\u00e1rios do Estado do Rio Grande do Sul","og_description":"Aconteceu uma reuni\u00e3o da Coordenadoria do Grande Santa Rosa, na qual esteve reunida para a 3\u00aa Reuni\u00e3o Ordin\u00e1ria no dia 18\/08 na Sede do Sindicato dos Municip\u00e1rios de Santa Rosa. A Reuni\u00e3o teve as Presen\u00e7as Ilustres do Sr. Presidente Vilson Jo\u00e3o Weber e da Diretora de Educa\u00e7\u00e3o Iracema Fr\u00f6lich, a pauta teve a cargo do [&hellip;]","og_url":"https:\/\/femergs.com.br\/wfe\/blog\/encontro-da-regional-grande-santa-rosa\/","og_site_name":"Federa\u00e7\u00e3o dos Municip\u00e1rios do Estado do Rio Grande do Sul","article_publisher":"https:\/\/www.facebook.com\/profile.php?id=100057151733001","article_published_time":"2017-08-24T09:16:44+00:00","author":"adminfemergs","twitter_card":"summary_large_image","twitter_misc":{"Escrito por":"adminfemergs","Est. tempo de leitura":"1 minuto"},"schema":{"@context":"https:\/\/schema.org","@graph":[{"@type":"Article","@id":"https:\/\/femergs.com.br\/wfe\/blog\/encontro-da-regional-grande-santa-rosa\/#article","isPartOf":{"@id":"https:\/\/femergs.com.br\/wfe\/blog\/encontro-da-regional-grande-santa-rosa\/"},"author":{"name":"adminfemergs","@id":"https:\/\/femergs.com.br\/wfe\/#\/schema\/person\/f5558e6b5ffc044ee085016237dedb7f"},"headline":"ENCONTRO DA REGIONAL GRANDE SANTA ROSA","datePublished":"2017-08-24T09:16:44+00:00","mainEntityOfPage":{"@id":"https:\/\/femergs.com.br\/wfe\/blog\/encontro-da-regional-grande-santa-rosa\/"},"wordCount":178,"publisher":{"@id":"https:\/\/femergs.com.br\/wfe\/#organization"},"keywords":["NULL"],"articleSection":["ARQUIVADAS"],"inLanguage":"pt-BR"},{"@type":"WebPage","@id":"https:\/\/femergs.com.br\/wfe\/blog\/encontro-da-regional-grande-santa-rosa\/","url":"https:\/\/femergs.com.br\/wfe\/blog\/encontro-da-regional-grande-santa-rosa\/","name":"ENCONTRO DA REGIONAL GRANDE SANTA ROSA - Federa\u00e7\u00e3o dos Municip\u00e1rios do Estado do Rio Grande do Sul","isPartOf":{"@id":"https:\/\/femergs.com.br\/wfe\/#website"},"datePublished":"2017-08-24T09:16:44+00:00","breadcrumb":{"@id":"https:\/\/femergs.com.br\/wfe\/blog\/encontro-da-regional-grande-santa-rosa\/#breadcrumb"},"inLanguage":"pt-BR","potentialAction":[{"@type":"ReadAction","target":["https:\/\/femergs.com.br\/wfe\/blog\/encontro-da-regional-grande-santa-rosa\/"]}]},{"@type":"BreadcrumbList","@id":"https:\/\/femergs.com.br\/wfe\/blog\/encontro-da-regional-grande-santa-rosa\/#breadcrumb","itemListElement":[{"@type":"ListItem","position":1,"name":"In\u00edcio","item":"https:\/\/femergs.com.br\/wfe\/"},{"@type":"ListItem","position":2,"name":"ENCONTRO DA REGIONAL GRANDE SANTA ROSA"}]},{"@type":"WebSite","@id":"https:\/\/femergs.com.br\/wfe\/#website","url":"https:\/\/femergs.com.br\/wfe\/","name":"FEMERGS","description":"FEDERA\u00c7\u00c3O DOS MUNICIP\u00c1RIOS DO ESTADO DO RIO GRANDE DO SUL","publisher":{"@id":"https:\/\/femergs.com.br\/wfe\/#organization"},"potentialAction":[{"@type":"SearchAction","target":{"@type":"EntryPoint","urlTemplate":"https:\/\/femergs.com.br\/wfe\/?s={search_term_string}"},"query-input":{"@type":"PropertyValueSpecification","valueRequired":true,"valueName":"search_term_string"}}],"inLanguage":"pt-BR"},{"@type":"Organization","@id":"https:\/\/femergs.com.br\/wfe\/#organization","name":"FEMERGS","url":"https:\/\/femergs.com.br\/wfe\/","logo":{"@type":"ImageObject","inLanguage":"pt-BR","@id":"https:\/\/femergs.com.br\/wfe\/#\/schema\/logo\/image\/","url":"https:\/\/femergs.com.br\/wfe\/wp-content\/uploads\/2025\/06\/logotipo.png","contentUrl":"https:\/\/femergs.com.br\/wfe\/wp-content\/uploads\/2025\/06\/logotipo.png","width":500,"height":500,"caption":"FEMERGS"},"image":{"@id":"https:\/\/femergs.com.br\/wfe\/#\/schema\/logo\/image\/"},"sameAs":["https:\/\/www.facebook.com\/profile.php?id=100057151733001","https:\/\/www.instagram.com\/femergs_rs\/"]},{"@type":"Person","@id":"https:\/\/femergs.com.br\/wfe\/#\/schema\/person\/f5558e6b5ffc044ee085016237dedb7f","name":"adminfemergs","image":{"@type":"ImageObject","inLanguage":"pt-BR","@id":"https:\/\/femergs.com.br\/wfe\/#\/schema\/person\/image\/","url":"https:\/\/secure.gravatar.com\/avatar\/398642fa557cdd524617ad9b31c938845f071aeb3448b9c0aeb29aefc495337b?s=96&d=mm&r=g","contentUrl":"https:\/\/secure.gravatar.com\/avatar\/398642fa557cdd524617ad9b31c938845f071aeb3448b9c0aeb29aefc495337b?s=96&d=mm&r=g","caption":"adminfemergs"},"sameAs":["https:\/\/femergs.com.br\/wfe"],"url":"https:\/\/femergs.com.br\/wfe\/blog\/author\/adminfemergs\/"}]}},"uagb_featured_image_src":{"full":false,"thumbnail":false,"medium":false,"medium_large":false,"large":false,"1536x1536":false,"2048x2048":false,"ultp_layout_landscape_large":false,"ultp_layout_landscape":false,"ultp_layout_portrait":false,"ultp_layout_square":false},"uagb_author_info":{"display_name":"adminfemergs","author_link":"https:\/\/femergs.com.br\/wfe\/blog\/author\/adminfemergs\/"},"uagb_comment_info":0,"uagb_excerpt":"Aconteceu uma reuni\u00e3o da Coordenadoria do Grande Santa Rosa, na qual esteve reunida para a 3\u00aa Reuni\u00e3o Ordin\u00e1ria no dia 18\/08 na Sede do Sindicato dos Municip\u00e1rios de Santa Rosa. A Reuni\u00e3o teve as Presen\u00e7as Ilustres do Sr. Presidente Vilson Jo\u00e3o Weber e da Diretora de Educa\u00e7\u00e3o Iracema Fr\u00f6lich, a pauta teve a cargo do&hellip;","_links":{"self":[{"href":"https:\/\/femergs.com.br\/wfe\/wp-json\/wp\/v2\/posts\/1096","targetHints":{"allow":["GET"]}}],"collection":[{"href":"https:\/\/femergs.com.br\/wfe\/wp-json\/wp\/v2\/posts"}],"about":[{"href":"https:\/\/femergs.com.br\/wfe\/wp-json\/wp\/v2\/types\/post"}],"author":[{"embeddable":true,"href":"https:\/\/femergs.com.br\/wfe\/wp-json\/wp\/v2\/users\/1"}],"replies":[{"embeddable":true,"href":"https:\/\/femergs.com.br\/wfe\/wp-json\/wp\/v2\/comments?post=1096"}],"version-history":[{"count":0,"href":"https:\/\/femergs.com.br\/wfe\/wp-json\/wp\/v2\/posts\/1096\/revisions"}],"wp:attachment":[{"href":"https:\/\/femergs.com.br\/wfe\/wp-json\/wp\/v2\/media?parent=1096"}],"wp:term":[{"taxonomy":"category","embeddable":true,"href":"https:\/\/femergs.com.br\/wfe\/wp-json\/wp\/v2\/categories?post=1096"},{"taxonomy":"post_tag","embeddable":true,"href":"https:\/\/femergs.com.br\/wfe\/wp-json\/wp\/v2\/tags?post=1096"}],"curies":[{"name":"wp","href":"https:\/\/api.w.org\/{rel}","templated":true}]}}