{"id":1098,"date":"2017-08-28T10:45:57","date_gmt":"2017-08-28T10:45:57","guid":{"rendered":"https:\/\/femergs.com.br\/wfe\/blog\/reuniao-ampliada-movimenta-e-reorganiza-as-forcas\/"},"modified":"2017-08-28T10:45:57","modified_gmt":"2017-08-28T10:45:57","slug":"reuniao-ampliada-movimenta-e-reorganiza-as-forcas","status":"publish","type":"post","link":"https:\/\/femergs.com.br\/wfe\/blog\/reuniao-ampliada-movimenta-e-reorganiza-as-forcas\/","title":{"rendered":"Reuni\u00e3o Ampliada movimenta e reorganiza as for\u00e7as!"},"content":{"rendered":"<p>Durante o dia 25 de agosto, a Federa\u00e7\u00e3o dos Municip\u00e1rios do Estado do Rio Grande do Sul, estiveram reunidos no munic\u00edpio de Cachoeira do Sul, nas depend\u00eancias do Sindicato dos Professores Municipais de Cachoeira do Sul &#8211; Siprom. Na oportunidade estiveram convocados todos os membros da Diretoria, o Conselho dos Representantes, e o Conselho fiscal, para analise e debate de uma ampla pauta de conjuntura, trabalhos e de apontamentos que for\u00e3o feitos por todos.<br \/>\nA noite houve a presen\u00e7a de todos na Palestra do Professor Mario Sergio Cortella.<\/p>\n<p><span style=\"background-color:#AFEEEE\">REFLEX\u00d5ES E PROPOSTAS A PARTIR DE MARIO CORTELLA<\/span><\/p>\n<p>          No dia 25 de agosto a dire\u00e7\u00e3o e coordenadores da FEMERGS, buscando mais qualifica\u00e7\u00e3o para melhor atender os sindicatos filiados participou de uma palestra com o Dr. Professor Mario Sergio Cortella, <u>ETICA, INDIVIDUO E SOCIEDADE<\/u>, na cidade de Cachoeira do Sul, dentro da Programa\u00e7\u00e3o da XII Jornada Nacional de Educa\u00e7\u00e3o, promovida pelo Sindicato dos Professores Municipais de Cachoeira do Sul, com diversas parcerias, entre elas ULBRA e FEMERGS. Antes de tudo queremos parabenizar a diretoria do sindicato pela iniciativa. E n\u00f3s como dire\u00e7\u00e3o da FEMERGS, no compromisso que assumimos de fortalecer a base sindical de todos os filiados vamos repassar pontos importantes da palestra para que possamos juntos refletir e difundir conhecimento.<br \/>\n            Mario Sergio Cortella, doutor em filosofia, com uma obra vasta sobre assuntos pertinentes a nossa vida social traz sempre palavras que revigoram nossa vontade de lutar por um mundo mais justo para todos, e para multiplicarmos o conhecimento que tivemos o privil\u00e9gio de vivenciar neste dia, vamos tentar colocar dois pontos fundamentais em sua palestra que podem nos auxiliar em todos os dias de luta sindical.<br \/>\n               Ele nos convida a refletir  sobre a tarefa do poder, que deve ser servir, servir a uma fam\u00edlia, uma comunidade, um pa\u00eds, este poder vem  do politico, magistrado, servidor p\u00fablico, do pai ou m\u00e3e de fam\u00edlia, e quando for utilizado para servir a si mesmo, passa a ser um poder que n\u00e3o serve. Refletindo sobre isso podemos iniciar um importante questionamento sobre a conjuntura que estamos vivendo, fica claro que nossos politicos est\u00e3o usando o poder para se servir, portanto passam a n\u00e3o nos servir mais. E como representantes de milhares de servidores p\u00fablicos, n\u00f3s que estamos a frente dos sindicatos devemos nos policiar todos os dias, todas as horas para que nossa luta seja verdadeiramente usando o poder para servir nossa classe, e tamb\u00e9m para conscientizar o maior numero poss\u00edvel de pessoas dentro e fora do setor publico sobre esta importante coloca\u00e7\u00e3o do Professor Mario Cortela \u201c quem usa o poder para se servir, n\u00e3o nos serve mais&#8230;\u201d\u2019<br \/>\n            Na nossa fun\u00e7\u00e3o como sindicalistas ouvimos e cobramos muita sobre \u201cetica\u201d, o fil\u00f3sofo Mario Cortella nos prop\u00f5e um exerc\u00edcio de perguntas para que possamos compreender e nos policiar quanto a quest\u00e3o da \u00e9tica. \u201cNem tudo o que quero eu posso nem tudo que eu posso eu devo: e nem tudo que eu devo eu quero\u201d&#8230;. Importante isso no nosso dia a dia, no dia a dia daqueles que definem nosso futuro, pois certamente o mundo seria um lugar bem mais solidario e justo se antes de qualquer atitude pudessemos responder e efetivar verdadeiramente estas perguntas, eu quero, eu devo, eu posso. N\u00e3o somente nas nossas rela\u00e7\u00f5es de disputa com os gestores, mas tamb\u00e9m nas nossas rela\u00e7\u00f5es entre colegas de trabalho, de luta e tamb\u00e9m na nossa familia, pois quando acreditamos que um mundo melhor \u00e9 possivel, devemos ter uma participa\u00e7\u00e3o efetiva na constru\u00e7\u00e3o deste.<br \/>\n            E acima de tudo aprendemos naquele dia que o mais importante n\u00e3o \u00e9 ouvir, repetir, ou mostrar certificados de participa\u00e7\u00e3o em eventos como aquele, mas sim absorver o bom conhecimento e vivenciar. E Codo conhecimento adquirido s\u00f3 tem valor se for repassado para o maior n\u00famero possivel de pessoas, estamos incentivando a todos nossos colegas municiparios que ou\u00e7am, assistam e leiam as obras deste filosofo como uma fonte de aprendizado. E  hoje gra\u00e7as a internet fica muito mais f\u00e1cil nos qualificarmos e fortalecermos pois o acesso via YOUTBE \u00e9 fac\u00edlimo, promova com seus sindicatos momentos de reflex\u00e3o, de estudo em conjunto, pois sabemos que a conjuntura atual \u00e9 preocupante, podemos dizer que \u00e9 apavorante, mas ela n\u00e3o pode, n\u00e3o deve nos deixar sem esperan\u00e7as, com medo, muito pelo contr\u00e1rio deve ser motiva\u00e7\u00e3o para que busquemos nos fortalecer e nos preparar muito mais para enfrentar e avan\u00e7ar apesar dela.<\/p>\n<p>\nClarice In\u00eas Mainardi<br \/>\nSec. de Forma\u00e7\u00e3o &#8211; FEMERGS<\/p>\n","protected":false},"excerpt":{"rendered":"<p>Durante o dia 25 de agosto, a Federa\u00e7\u00e3o dos Municip\u00e1rios do Estado do Rio Grande do Sul, estiveram reunidos no munic\u00edpio de Cachoeira do Sul, nas depend\u00eancias do Sindicato dos Professores Municipais de Cachoeira do Sul &#8211; Siprom. Na oportunidade estiveram convocados todos os membros da Diretoria, o Conselho dos Representantes, e o Conselho fiscal, [&hellip;]<\/p>\n","protected":false},"author":1,"featured_media":0,"comment_status":"closed","ping_status":"closed","sticky":false,"template":"","format":"standard","meta":{"_eb_attr":"","_uag_custom_page_level_css":"","fifu_image_url":"","fifu_image_alt":"","footnotes":""},"categories":[1],"tags":[32],"class_list":["post-1098","post","type-post","status-publish","format-standard","hentry","category-arquivadas","tag-null"],"yoast_head":"<!-- This site is optimized with the Yoast SEO plugin v27.1.1 - https:\/\/yoast.com\/product\/yoast-seo-wordpress\/ -->\n<title>Reuni\u00e3o Ampliada movimenta e reorganiza as for\u00e7as! - Federa\u00e7\u00e3o dos Municip\u00e1rios do Estado do Rio Grande do Sul<\/title>\n<meta name=\"robots\" content=\"index, follow, max-snippet:-1, max-image-preview:large, max-video-preview:-1\" \/>\n<link rel=\"canonical\" href=\"https:\/\/femergs.com.br\/wfe\/blog\/reuniao-ampliada-movimenta-e-reorganiza-as-forcas\/\" \/>\n<meta property=\"og:locale\" content=\"pt_BR\" \/>\n<meta property=\"og:type\" content=\"article\" \/>\n<meta property=\"og:title\" content=\"Reuni\u00e3o Ampliada movimenta e reorganiza as for\u00e7as! - Federa\u00e7\u00e3o dos Municip\u00e1rios do Estado do Rio Grande do Sul\" \/>\n<meta property=\"og:description\" content=\"Durante o dia 25 de agosto, a Federa\u00e7\u00e3o dos Municip\u00e1rios do Estado do Rio Grande do Sul, estiveram reunidos no munic\u00edpio de Cachoeira do Sul, nas depend\u00eancias do Sindicato dos Professores Municipais de Cachoeira do Sul &#8211; Siprom. Na oportunidade estiveram convocados todos os membros da Diretoria, o Conselho dos Representantes, e o Conselho fiscal, [&hellip;]\" \/>\n<meta property=\"og:url\" content=\"https:\/\/femergs.com.br\/wfe\/blog\/reuniao-ampliada-movimenta-e-reorganiza-as-forcas\/\" \/>\n<meta property=\"og:site_name\" content=\"Federa\u00e7\u00e3o dos Municip\u00e1rios do Estado do Rio Grande do Sul\" \/>\n<meta property=\"article:publisher\" content=\"https:\/\/www.facebook.com\/profile.php?id=100057151733001\" \/>\n<meta property=\"article:published_time\" content=\"2017-08-28T10:45:57+00:00\" \/>\n<meta name=\"author\" content=\"adminfemergs\" \/>\n<meta name=\"twitter:card\" content=\"summary_large_image\" \/>\n<meta name=\"twitter:label1\" content=\"Escrito por\" \/>\n\t<meta name=\"twitter:data1\" content=\"adminfemergs\" \/>\n\t<meta name=\"twitter:label2\" content=\"Est. tempo de leitura\" \/>\n\t<meta name=\"twitter:data2\" content=\"4 minutos\" \/>\n<script type=\"application\/ld+json\" class=\"yoast-schema-graph\">{\"@context\":\"https:\/\/schema.org\",\"@graph\":[{\"@type\":\"Article\",\"@id\":\"https:\/\/femergs.com.br\/wfe\/blog\/reuniao-ampliada-movimenta-e-reorganiza-as-forcas\/#article\",\"isPartOf\":{\"@id\":\"https:\/\/femergs.com.br\/wfe\/blog\/reuniao-ampliada-movimenta-e-reorganiza-as-forcas\/\"},\"author\":{\"name\":\"adminfemergs\",\"@id\":\"https:\/\/femergs.com.br\/wfe\/#\/schema\/person\/f5558e6b5ffc044ee085016237dedb7f\"},\"headline\":\"Reuni\u00e3o Ampliada movimenta e reorganiza as for\u00e7as!\",\"datePublished\":\"2017-08-28T10:45:57+00:00\",\"mainEntityOfPage\":{\"@id\":\"https:\/\/femergs.com.br\/wfe\/blog\/reuniao-ampliada-movimenta-e-reorganiza-as-forcas\/\"},\"wordCount\":790,\"publisher\":{\"@id\":\"https:\/\/femergs.com.br\/wfe\/#organization\"},\"keywords\":[\"NULL\"],\"articleSection\":[\"ARQUIVADAS\"],\"inLanguage\":\"pt-BR\"},{\"@type\":\"WebPage\",\"@id\":\"https:\/\/femergs.com.br\/wfe\/blog\/reuniao-ampliada-movimenta-e-reorganiza-as-forcas\/\",\"url\":\"https:\/\/femergs.com.br\/wfe\/blog\/reuniao-ampliada-movimenta-e-reorganiza-as-forcas\/\",\"name\":\"Reuni\u00e3o Ampliada movimenta e reorganiza as for\u00e7as! - Federa\u00e7\u00e3o dos Municip\u00e1rios do Estado do Rio Grande do Sul\",\"isPartOf\":{\"@id\":\"https:\/\/femergs.com.br\/wfe\/#website\"},\"datePublished\":\"2017-08-28T10:45:57+00:00\",\"breadcrumb\":{\"@id\":\"https:\/\/femergs.com.br\/wfe\/blog\/reuniao-ampliada-movimenta-e-reorganiza-as-forcas\/#breadcrumb\"},\"inLanguage\":\"pt-BR\",\"potentialAction\":[{\"@type\":\"ReadAction\",\"target\":[\"https:\/\/femergs.com.br\/wfe\/blog\/reuniao-ampliada-movimenta-e-reorganiza-as-forcas\/\"]}]},{\"@type\":\"BreadcrumbList\",\"@id\":\"https:\/\/femergs.com.br\/wfe\/blog\/reuniao-ampliada-movimenta-e-reorganiza-as-forcas\/#breadcrumb\",\"itemListElement\":[{\"@type\":\"ListItem\",\"position\":1,\"name\":\"In\u00edcio\",\"item\":\"https:\/\/femergs.com.br\/wfe\/\"},{\"@type\":\"ListItem\",\"position\":2,\"name\":\"Reuni\u00e3o Ampliada movimenta e reorganiza as for\u00e7as!\"}]},{\"@type\":\"WebSite\",\"@id\":\"https:\/\/femergs.com.br\/wfe\/#website\",\"url\":\"https:\/\/femergs.com.br\/wfe\/\",\"name\":\"FEMERGS\",\"description\":\"FEDERA\u00c7\u00c3O DOS MUNICIP\u00c1RIOS DO ESTADO DO RIO GRANDE DO SUL\",\"publisher\":{\"@id\":\"https:\/\/femergs.com.br\/wfe\/#organization\"},\"potentialAction\":[{\"@type\":\"SearchAction\",\"target\":{\"@type\":\"EntryPoint\",\"urlTemplate\":\"https:\/\/femergs.com.br\/wfe\/?s={search_term_string}\"},\"query-input\":{\"@type\":\"PropertyValueSpecification\",\"valueRequired\":true,\"valueName\":\"search_term_string\"}}],\"inLanguage\":\"pt-BR\"},{\"@type\":\"Organization\",\"@id\":\"https:\/\/femergs.com.br\/wfe\/#organization\",\"name\":\"FEMERGS\",\"url\":\"https:\/\/femergs.com.br\/wfe\/\",\"logo\":{\"@type\":\"ImageObject\",\"inLanguage\":\"pt-BR\",\"@id\":\"https:\/\/femergs.com.br\/wfe\/#\/schema\/logo\/image\/\",\"url\":\"https:\/\/femergs.com.br\/wfe\/wp-content\/uploads\/2025\/06\/logotipo.png\",\"contentUrl\":\"https:\/\/femergs.com.br\/wfe\/wp-content\/uploads\/2025\/06\/logotipo.png\",\"width\":500,\"height\":500,\"caption\":\"FEMERGS\"},\"image\":{\"@id\":\"https:\/\/femergs.com.br\/wfe\/#\/schema\/logo\/image\/\"},\"sameAs\":[\"https:\/\/www.facebook.com\/profile.php?id=100057151733001\",\"https:\/\/www.instagram.com\/femergs_rs\/\"]},{\"@type\":\"Person\",\"@id\":\"https:\/\/femergs.com.br\/wfe\/#\/schema\/person\/f5558e6b5ffc044ee085016237dedb7f\",\"name\":\"adminfemergs\",\"image\":{\"@type\":\"ImageObject\",\"inLanguage\":\"pt-BR\",\"@id\":\"https:\/\/femergs.com.br\/wfe\/#\/schema\/person\/image\/\",\"url\":\"https:\/\/secure.gravatar.com\/avatar\/398642fa557cdd524617ad9b31c938845f071aeb3448b9c0aeb29aefc495337b?s=96&d=mm&r=g\",\"contentUrl\":\"https:\/\/secure.gravatar.com\/avatar\/398642fa557cdd524617ad9b31c938845f071aeb3448b9c0aeb29aefc495337b?s=96&d=mm&r=g\",\"caption\":\"adminfemergs\"},\"sameAs\":[\"https:\/\/femergs.com.br\/wfe\"],\"url\":\"https:\/\/femergs.com.br\/wfe\/blog\/author\/adminfemergs\/\"}]}<\/script>\n<!-- \/ Yoast SEO plugin. -->","yoast_head_json":{"title":"Reuni\u00e3o Ampliada movimenta e reorganiza as for\u00e7as! - Federa\u00e7\u00e3o dos Municip\u00e1rios do Estado do Rio Grande do Sul","robots":{"index":"index","follow":"follow","max-snippet":"max-snippet:-1","max-image-preview":"max-image-preview:large","max-video-preview":"max-video-preview:-1"},"canonical":"https:\/\/femergs.com.br\/wfe\/blog\/reuniao-ampliada-movimenta-e-reorganiza-as-forcas\/","og_locale":"pt_BR","og_type":"article","og_title":"Reuni\u00e3o Ampliada movimenta e reorganiza as for\u00e7as! - Federa\u00e7\u00e3o dos Municip\u00e1rios do Estado do Rio Grande do Sul","og_description":"Durante o dia 25 de agosto, a Federa\u00e7\u00e3o dos Municip\u00e1rios do Estado do Rio Grande do Sul, estiveram reunidos no munic\u00edpio de Cachoeira do Sul, nas depend\u00eancias do Sindicato dos Professores Municipais de Cachoeira do Sul &#8211; Siprom. Na oportunidade estiveram convocados todos os membros da Diretoria, o Conselho dos Representantes, e o Conselho fiscal, [&hellip;]","og_url":"https:\/\/femergs.com.br\/wfe\/blog\/reuniao-ampliada-movimenta-e-reorganiza-as-forcas\/","og_site_name":"Federa\u00e7\u00e3o dos Municip\u00e1rios do Estado do Rio Grande do Sul","article_publisher":"https:\/\/www.facebook.com\/profile.php?id=100057151733001","article_published_time":"2017-08-28T10:45:57+00:00","author":"adminfemergs","twitter_card":"summary_large_image","twitter_misc":{"Escrito por":"adminfemergs","Est. tempo de leitura":"4 minutos"},"schema":{"@context":"https:\/\/schema.org","@graph":[{"@type":"Article","@id":"https:\/\/femergs.com.br\/wfe\/blog\/reuniao-ampliada-movimenta-e-reorganiza-as-forcas\/#article","isPartOf":{"@id":"https:\/\/femergs.com.br\/wfe\/blog\/reuniao-ampliada-movimenta-e-reorganiza-as-forcas\/"},"author":{"name":"adminfemergs","@id":"https:\/\/femergs.com.br\/wfe\/#\/schema\/person\/f5558e6b5ffc044ee085016237dedb7f"},"headline":"Reuni\u00e3o Ampliada movimenta e reorganiza as for\u00e7as!","datePublished":"2017-08-28T10:45:57+00:00","mainEntityOfPage":{"@id":"https:\/\/femergs.com.br\/wfe\/blog\/reuniao-ampliada-movimenta-e-reorganiza-as-forcas\/"},"wordCount":790,"publisher":{"@id":"https:\/\/femergs.com.br\/wfe\/#organization"},"keywords":["NULL"],"articleSection":["ARQUIVADAS"],"inLanguage":"pt-BR"},{"@type":"WebPage","@id":"https:\/\/femergs.com.br\/wfe\/blog\/reuniao-ampliada-movimenta-e-reorganiza-as-forcas\/","url":"https:\/\/femergs.com.br\/wfe\/blog\/reuniao-ampliada-movimenta-e-reorganiza-as-forcas\/","name":"Reuni\u00e3o Ampliada movimenta e reorganiza as for\u00e7as! - Federa\u00e7\u00e3o dos Municip\u00e1rios do Estado do Rio Grande do Sul","isPartOf":{"@id":"https:\/\/femergs.com.br\/wfe\/#website"},"datePublished":"2017-08-28T10:45:57+00:00","breadcrumb":{"@id":"https:\/\/femergs.com.br\/wfe\/blog\/reuniao-ampliada-movimenta-e-reorganiza-as-forcas\/#breadcrumb"},"inLanguage":"pt-BR","potentialAction":[{"@type":"ReadAction","target":["https:\/\/femergs.com.br\/wfe\/blog\/reuniao-ampliada-movimenta-e-reorganiza-as-forcas\/"]}]},{"@type":"BreadcrumbList","@id":"https:\/\/femergs.com.br\/wfe\/blog\/reuniao-ampliada-movimenta-e-reorganiza-as-forcas\/#breadcrumb","itemListElement":[{"@type":"ListItem","position":1,"name":"In\u00edcio","item":"https:\/\/femergs.com.br\/wfe\/"},{"@type":"ListItem","position":2,"name":"Reuni\u00e3o Ampliada movimenta e reorganiza as for\u00e7as!"}]},{"@type":"WebSite","@id":"https:\/\/femergs.com.br\/wfe\/#website","url":"https:\/\/femergs.com.br\/wfe\/","name":"FEMERGS","description":"FEDERA\u00c7\u00c3O DOS MUNICIP\u00c1RIOS DO ESTADO DO RIO GRANDE DO SUL","publisher":{"@id":"https:\/\/femergs.com.br\/wfe\/#organization"},"potentialAction":[{"@type":"SearchAction","target":{"@type":"EntryPoint","urlTemplate":"https:\/\/femergs.com.br\/wfe\/?s={search_term_string}"},"query-input":{"@type":"PropertyValueSpecification","valueRequired":true,"valueName":"search_term_string"}}],"inLanguage":"pt-BR"},{"@type":"Organization","@id":"https:\/\/femergs.com.br\/wfe\/#organization","name":"FEMERGS","url":"https:\/\/femergs.com.br\/wfe\/","logo":{"@type":"ImageObject","inLanguage":"pt-BR","@id":"https:\/\/femergs.com.br\/wfe\/#\/schema\/logo\/image\/","url":"https:\/\/femergs.com.br\/wfe\/wp-content\/uploads\/2025\/06\/logotipo.png","contentUrl":"https:\/\/femergs.com.br\/wfe\/wp-content\/uploads\/2025\/06\/logotipo.png","width":500,"height":500,"caption":"FEMERGS"},"image":{"@id":"https:\/\/femergs.com.br\/wfe\/#\/schema\/logo\/image\/"},"sameAs":["https:\/\/www.facebook.com\/profile.php?id=100057151733001","https:\/\/www.instagram.com\/femergs_rs\/"]},{"@type":"Person","@id":"https:\/\/femergs.com.br\/wfe\/#\/schema\/person\/f5558e6b5ffc044ee085016237dedb7f","name":"adminfemergs","image":{"@type":"ImageObject","inLanguage":"pt-BR","@id":"https:\/\/femergs.com.br\/wfe\/#\/schema\/person\/image\/","url":"https:\/\/secure.gravatar.com\/avatar\/398642fa557cdd524617ad9b31c938845f071aeb3448b9c0aeb29aefc495337b?s=96&d=mm&r=g","contentUrl":"https:\/\/secure.gravatar.com\/avatar\/398642fa557cdd524617ad9b31c938845f071aeb3448b9c0aeb29aefc495337b?s=96&d=mm&r=g","caption":"adminfemergs"},"sameAs":["https:\/\/femergs.com.br\/wfe"],"url":"https:\/\/femergs.com.br\/wfe\/blog\/author\/adminfemergs\/"}]}},"uagb_featured_image_src":{"full":false,"thumbnail":false,"medium":false,"medium_large":false,"large":false,"1536x1536":false,"2048x2048":false,"ultp_layout_landscape_large":false,"ultp_layout_landscape":false,"ultp_layout_portrait":false,"ultp_layout_square":false},"uagb_author_info":{"display_name":"adminfemergs","author_link":"https:\/\/femergs.com.br\/wfe\/blog\/author\/adminfemergs\/"},"uagb_comment_info":0,"uagb_excerpt":"Durante o dia 25 de agosto, a Federa\u00e7\u00e3o dos Municip\u00e1rios do Estado do Rio Grande do Sul, estiveram reunidos no munic\u00edpio de Cachoeira do Sul, nas depend\u00eancias do Sindicato dos Professores Municipais de Cachoeira do Sul &#8211; Siprom. Na oportunidade estiveram convocados todos os membros da Diretoria, o Conselho dos Representantes, e o Conselho fiscal,&hellip;","_links":{"self":[{"href":"https:\/\/femergs.com.br\/wfe\/wp-json\/wp\/v2\/posts\/1098","targetHints":{"allow":["GET"]}}],"collection":[{"href":"https:\/\/femergs.com.br\/wfe\/wp-json\/wp\/v2\/posts"}],"about":[{"href":"https:\/\/femergs.com.br\/wfe\/wp-json\/wp\/v2\/types\/post"}],"author":[{"embeddable":true,"href":"https:\/\/femergs.com.br\/wfe\/wp-json\/wp\/v2\/users\/1"}],"replies":[{"embeddable":true,"href":"https:\/\/femergs.com.br\/wfe\/wp-json\/wp\/v2\/comments?post=1098"}],"version-history":[{"count":0,"href":"https:\/\/femergs.com.br\/wfe\/wp-json\/wp\/v2\/posts\/1098\/revisions"}],"wp:attachment":[{"href":"https:\/\/femergs.com.br\/wfe\/wp-json\/wp\/v2\/media?parent=1098"}],"wp:term":[{"taxonomy":"category","embeddable":true,"href":"https:\/\/femergs.com.br\/wfe\/wp-json\/wp\/v2\/categories?post=1098"},{"taxonomy":"post_tag","embeddable":true,"href":"https:\/\/femergs.com.br\/wfe\/wp-json\/wp\/v2\/tags?post=1098"}],"curies":[{"name":"wp","href":"https:\/\/api.w.org\/{rel}","templated":true}]}}