{"id":1100,"date":"2017-09-11T11:12:39","date_gmt":"2017-09-11T11:12:39","guid":{"rendered":"https:\/\/femergs.com.br\/wfe\/blog\/femergs-luta-por-um-novo-pacto-federativo-movimentobolo\/"},"modified":"2017-09-11T11:12:39","modified_gmt":"2017-09-11T11:12:39","slug":"femergs-luta-por-um-novo-pacto-federativo-movimentobolo","status":"publish","type":"post","link":"https:\/\/femergs.com.br\/wfe\/blog\/femergs-luta-por-um-novo-pacto-federativo-movimentobolo\/","title":{"rendered":"FEMERGS LUTA POR UM NOVO PACTO FEDERATIVO &#8211; #MovimentoBolo"},"content":{"rendered":"<div style=\"text-align: justify;\">                   A FEMERGS \u2013 FEDERA\u00c7\u00c3O DOS MUNICIP\u00c1RIOS DO ESTADO DO RIO GRANDE DO SUL apoia os movimentos que buscam uma distribui\u00e7\u00e3o mais justa dos tributos no Brasil. Nos manifestamos publicamente a favor do \u201cMOVIMENTO DO BOLO\u201d encabe\u00e7ado pela FAMURS &#8211; que visava conseguir pactuar de forma mais justa a distribui\u00e7\u00e3o dos impostos entre os entes federados.<br \/>\n                  \u00c9 inadmiss\u00edvel a concentra\u00e7\u00e3o que se faz na esfera federal enquanto que os munic\u00edpios vivem minguada mente com o que lhes \u00e9 destinado. Reiteramos que na d\u00e9cada de 90 os munic\u00edpios tinham 18% do Bolo Tribut\u00e1rio, e l\u00e1 t\u00ednhamos em torno de 2,8 milh\u00f5es de trabalhadores(as) no servi\u00e7o p\u00fablico municipal. Agora j\u00e1 ultrapassamos o n\u00famero de 5,5 milh\u00f5es de trabalhadores(as), e temos somente mais algo em torno de 15% do Bolo Tribut\u00e1rio, ou seja, dobramos o n\u00famero de trabalhadores a partir das demandas que foram empurradas pela Uni\u00e3o e os Estados para os munic\u00edpios, por\u00e9m os recursos n\u00e3o acompanharam este aumento de servi\u00e7os.<\/div>\n<div style=\"text-align: justify;\">            Igualmente estamos muito preocupados com o momento que o pa\u00eds est\u00e1 vivendo. Como federa\u00e7\u00e3o\/sindicatos estamos no meio de um \u201cturbilh\u00e3o\u201d neste pa\u00eds Brasil em Crise. Agora a m\u00eddia, o governo, as grandes empresas est\u00e3o dando a culpa da crise para os sindicatos, aos servidores p\u00fablicos. No meio disso precisamos nos questionar. Que tipo de crise estamos vivenciando: De identidade? Financeira? \u00c9tica? Ambiental?<\/div>\n<div style=\"text-align: justify;\">                     Sinceramente falar em crise sem termos a clareza sobre a nossa identidade, na verdade nos leva a origem da pr\u00f3pria crise. Quem n\u00f3s somos? Qual a cidade que vivemos? Qual o Estado que vivemos? Qual o pa\u00eds que vivemos? Precisamos nos dar conta de que somos cidad\u00e3os, e como tais, com deveres e direitos previstos em termos constitucionais. Como compreendermos que a grande maioria da popula\u00e7\u00e3o nem conhece seus deveres e conhece pouco os seus direitos. Se efetivamente conhec\u00eassemos a Constitui\u00e7\u00e3o de 1988, jamais concordar\u00edamos com o que est\u00e1 acontecendo no Brasil.<br \/>\n                 O conjunto de inciativas, deste governo Ileg\u00edtimo, que tomou o poder no Brasil, rasga os chamados direitos sociais, rasga a conquista hist\u00f3rica da CLT (Consolida\u00e7\u00e3o das Leis Trabalhistas) e agora vem com a iniciativa de reformar a previd\u00eancia visando tirar este direito de muitos, pois com a idade que est\u00e1 sendo colocada, 9 estados brasileiros praticamente n\u00e3o ter\u00e3o aposentados, pois a expectativa de vida \u00e9 menor. Sim estamos em crise de identidade, se n\u00e3o, seria imposs\u00edvel compreender a movimenta\u00e7\u00e3o  \u201cverde\/amarelo\u201d nos anos de 2013 pedindo um basta para a corrup\u00e7\u00e3o, enquanto agora vivemos a retirada de muitos direitos, continuam as manchetes de corrup\u00e7\u00e3o diariamente, por\u00e9m o povo com pouca rea\u00e7\u00e3o. A\u00ed nos vem a cabe\u00e7a, que nada acontece por acaso. Vamos ter os que fazem a leitura de que os movimentos fortes em 2013\/14 dos \u201cverde\/amarelo\u201d foram financiados pelos capitalistas internacionais e pelos grandes empres\u00e1rios ligados a FIESP. A Crise financeira realmente atinge em cheio as camadas mais pobres desse pa\u00eds. Nos atropelaram, rasgando os direitos sociais, congelando por 20 anos os recursos para as \u00e1reas sociais e o sal\u00e1rio m\u00ednimo.                     Rasgaram a CLT com a reforma trabalhista, e com a aprova\u00e7\u00e3o da terceiriza\u00e7\u00e3o em todos os n\u00edveis. Igualmente deram um golpe muito duro na previd\u00eancia, pois a terceiriza\u00e7\u00e3o levar\u00e1 para informalidade milh\u00f5es e milh\u00f5es de trabalhadores(as), prejudicando tamb\u00e9m os Regimes Pr\u00f3prios de Previd\u00eancia, institu\u00eddos em grande n\u00famero de munic\u00edpios.<br \/>\n             O que deveria reger o pa\u00eds s\u00e3o os objetivos constitucionais. Na verdade o texto constitucional, foi atropelado, e rasgaram-se os direitos sociais previstos. Ao que tudo parece, n\u00e3o se tem projeto de pa\u00eds, se tem sim um projeto para colocar mais nas m\u00e3os de quem muito tem. Ou seja, a situa\u00e7\u00e3o financeira n\u00e3o melhorar\u00e1 com governo neoliberal, por uma raz\u00e3o simples, voltou a se promover a concentra\u00e7\u00e3o de renda.   A renda nas m\u00e3os dos que pouco tem, automaticamente entre em circula\u00e7\u00e3o novamente, fazendo girar o motor da economia. A quest\u00e3o tribut\u00e1ria neste pa\u00eds tremendamente injusta, \u00e9 regressiva e est\u00e1 fundamentada na sua maioria no consumo e n\u00e3o na taxa\u00e7\u00e3o das fortunas, das grandes rendas. Por outro lado, a n\u00edvel de pa\u00eds se perdoa bilh\u00f5es para grandes empresas, n\u00e3o se combate a sonega\u00e7\u00e3o, N\u00e3o se faz auditoria da d\u00edvida sangrando quase metade do or\u00e7amento para pagamento de juros e encargos da mesma&#8230; enfim, se escolheu os trabalhadores(as) para pagar o pre\u00e7o.<br \/>\n                    Crise \u00e9tica\/ambiental. Talvez o decreto sobre \u00e1rea de preserva\u00e7\u00e3o da Amaz\u00f4nia nos acorda, e nos traga a realidade, de que tudo est\u00e1 se fazendo neste governo, para entregar o controle das \u00e1reas estrat\u00e9gicas para o \u201cKapital\u201d. \u00c9 inadmiss\u00edvel o que est\u00e1 em curso no pa\u00eds. Mas esta acontecendo pela jun\u00e7\u00e3o das crises, identidade\/financeira\/\u00e9tica\/ambiental, pois parece que nada atinge efetivamente o povo. A rea\u00e7\u00e3o a tudo que est\u00e1 acontecendo \u00e9 p\u00edfia, talvez por que o que domina as rela\u00e7\u00f5es entre a maioria das pessoas, \u00e9 a de ter vantagens particulares.<br \/>\n                     Inferimos, que os munic\u00edpios v\u00e3o ser duplamente prejudicados, pois hoje s\u00e3o respons\u00e1veis pela maioria dos servi\u00e7os p\u00fablicos, e seguindo nesta realidade de aumento da pobreza, necessariamente vai ser nos munic\u00edpios a maior procura por servi\u00e7os p\u00fablicos, enquanto nos deparamos com o congelamento de recursos impostos pela EC 95.<br \/>\n                    Precisamos reagir.<br \/>\n                    Estamos na luta.<br \/>\n                    \u201cNENHUM DIREITO A MENOS\u201d.<\/p>\n<p>\nSanto \u00c2ngelo, 11 de setembro de 2017<\/div>\n","protected":false},"excerpt":{"rendered":"<p>A FEMERGS \u2013 FEDERA\u00c7\u00c3O DOS MUNICIP\u00c1RIOS DO ESTADO DO RIO GRANDE DO SUL apoia os movimentos que buscam uma distribui\u00e7\u00e3o mais justa dos tributos no Brasil. Nos manifestamos publicamente a favor do \u201cMOVIMENTO DO BOLO\u201d encabe\u00e7ado pela FAMURS &#8211; que visava conseguir pactuar de forma mais justa a distribui\u00e7\u00e3o dos impostos entre os entes federados. [&hellip;]<\/p>\n","protected":false},"author":1,"featured_media":0,"comment_status":"closed","ping_status":"closed","sticky":false,"template":"","format":"standard","meta":{"_eb_attr":"","_uag_custom_page_level_css":"","fifu_image_url":"","fifu_image_alt":"","footnotes":""},"categories":[1],"tags":[32],"class_list":["post-1100","post","type-post","status-publish","format-standard","hentry","category-arquivadas","tag-null"],"yoast_head":"<!-- This site is optimized with the Yoast SEO plugin v27.1.1 - https:\/\/yoast.com\/product\/yoast-seo-wordpress\/ -->\n<title>FEMERGS LUTA POR UM NOVO PACTO FEDERATIVO - #MovimentoBolo - Federa\u00e7\u00e3o dos Municip\u00e1rios do Estado do Rio Grande do Sul<\/title>\n<meta name=\"robots\" content=\"index, follow, max-snippet:-1, max-image-preview:large, max-video-preview:-1\" \/>\n<link rel=\"canonical\" href=\"https:\/\/femergs.com.br\/wfe\/blog\/femergs-luta-por-um-novo-pacto-federativo-movimentobolo\/\" \/>\n<meta property=\"og:locale\" content=\"pt_BR\" \/>\n<meta property=\"og:type\" content=\"article\" \/>\n<meta property=\"og:title\" content=\"FEMERGS LUTA POR UM NOVO PACTO FEDERATIVO - #MovimentoBolo - Federa\u00e7\u00e3o dos Municip\u00e1rios do Estado do Rio Grande do Sul\" \/>\n<meta property=\"og:description\" content=\"A FEMERGS \u2013 FEDERA\u00c7\u00c3O DOS MUNICIP\u00c1RIOS DO ESTADO DO RIO GRANDE DO SUL apoia os movimentos que buscam uma distribui\u00e7\u00e3o mais justa dos tributos no Brasil. Nos manifestamos publicamente a favor do \u201cMOVIMENTO DO BOLO\u201d encabe\u00e7ado pela FAMURS &#8211; que visava conseguir pactuar de forma mais justa a distribui\u00e7\u00e3o dos impostos entre os entes federados. [&hellip;]\" \/>\n<meta property=\"og:url\" content=\"https:\/\/femergs.com.br\/wfe\/blog\/femergs-luta-por-um-novo-pacto-federativo-movimentobolo\/\" \/>\n<meta property=\"og:site_name\" content=\"Federa\u00e7\u00e3o dos Municip\u00e1rios do Estado do Rio Grande do Sul\" \/>\n<meta property=\"article:publisher\" content=\"https:\/\/www.facebook.com\/profile.php?id=100057151733001\" \/>\n<meta property=\"article:published_time\" content=\"2017-09-11T11:12:39+00:00\" \/>\n<meta name=\"author\" content=\"adminfemergs\" \/>\n<meta name=\"twitter:card\" content=\"summary_large_image\" \/>\n<meta name=\"twitter:label1\" content=\"Escrito por\" \/>\n\t<meta name=\"twitter:data1\" content=\"adminfemergs\" \/>\n\t<meta name=\"twitter:label2\" content=\"Est. tempo de leitura\" \/>\n\t<meta name=\"twitter:data2\" content=\"5 minutos\" \/>\n<script type=\"application\/ld+json\" class=\"yoast-schema-graph\">{\"@context\":\"https:\/\/schema.org\",\"@graph\":[{\"@type\":\"Article\",\"@id\":\"https:\/\/femergs.com.br\/wfe\/blog\/femergs-luta-por-um-novo-pacto-federativo-movimentobolo\/#article\",\"isPartOf\":{\"@id\":\"https:\/\/femergs.com.br\/wfe\/blog\/femergs-luta-por-um-novo-pacto-federativo-movimentobolo\/\"},\"author\":{\"name\":\"adminfemergs\",\"@id\":\"https:\/\/femergs.com.br\/wfe\/#\/schema\/person\/f5558e6b5ffc044ee085016237dedb7f\"},\"headline\":\"FEMERGS LUTA POR UM NOVO PACTO FEDERATIVO &#8211; #MovimentoBolo\",\"datePublished\":\"2017-09-11T11:12:39+00:00\",\"mainEntityOfPage\":{\"@id\":\"https:\/\/femergs.com.br\/wfe\/blog\/femergs-luta-por-um-novo-pacto-federativo-movimentobolo\/\"},\"wordCount\":967,\"publisher\":{\"@id\":\"https:\/\/femergs.com.br\/wfe\/#organization\"},\"keywords\":[\"NULL\"],\"articleSection\":[\"ARQUIVADAS\"],\"inLanguage\":\"pt-BR\"},{\"@type\":\"WebPage\",\"@id\":\"https:\/\/femergs.com.br\/wfe\/blog\/femergs-luta-por-um-novo-pacto-federativo-movimentobolo\/\",\"url\":\"https:\/\/femergs.com.br\/wfe\/blog\/femergs-luta-por-um-novo-pacto-federativo-movimentobolo\/\",\"name\":\"FEMERGS LUTA POR UM NOVO PACTO FEDERATIVO - #MovimentoBolo - Federa\u00e7\u00e3o dos Municip\u00e1rios do Estado do Rio Grande do Sul\",\"isPartOf\":{\"@id\":\"https:\/\/femergs.com.br\/wfe\/#website\"},\"datePublished\":\"2017-09-11T11:12:39+00:00\",\"breadcrumb\":{\"@id\":\"https:\/\/femergs.com.br\/wfe\/blog\/femergs-luta-por-um-novo-pacto-federativo-movimentobolo\/#breadcrumb\"},\"inLanguage\":\"pt-BR\",\"potentialAction\":[{\"@type\":\"ReadAction\",\"target\":[\"https:\/\/femergs.com.br\/wfe\/blog\/femergs-luta-por-um-novo-pacto-federativo-movimentobolo\/\"]}]},{\"@type\":\"BreadcrumbList\",\"@id\":\"https:\/\/femergs.com.br\/wfe\/blog\/femergs-luta-por-um-novo-pacto-federativo-movimentobolo\/#breadcrumb\",\"itemListElement\":[{\"@type\":\"ListItem\",\"position\":1,\"name\":\"In\u00edcio\",\"item\":\"https:\/\/femergs.com.br\/wfe\/\"},{\"@type\":\"ListItem\",\"position\":2,\"name\":\"FEMERGS LUTA POR UM NOVO PACTO FEDERATIVO &#8211; #MovimentoBolo\"}]},{\"@type\":\"WebSite\",\"@id\":\"https:\/\/femergs.com.br\/wfe\/#website\",\"url\":\"https:\/\/femergs.com.br\/wfe\/\",\"name\":\"FEMERGS\",\"description\":\"FEDERA\u00c7\u00c3O DOS MUNICIP\u00c1RIOS DO ESTADO DO RIO GRANDE DO SUL\",\"publisher\":{\"@id\":\"https:\/\/femergs.com.br\/wfe\/#organization\"},\"potentialAction\":[{\"@type\":\"SearchAction\",\"target\":{\"@type\":\"EntryPoint\",\"urlTemplate\":\"https:\/\/femergs.com.br\/wfe\/?s={search_term_string}\"},\"query-input\":{\"@type\":\"PropertyValueSpecification\",\"valueRequired\":true,\"valueName\":\"search_term_string\"}}],\"inLanguage\":\"pt-BR\"},{\"@type\":\"Organization\",\"@id\":\"https:\/\/femergs.com.br\/wfe\/#organization\",\"name\":\"FEMERGS\",\"url\":\"https:\/\/femergs.com.br\/wfe\/\",\"logo\":{\"@type\":\"ImageObject\",\"inLanguage\":\"pt-BR\",\"@id\":\"https:\/\/femergs.com.br\/wfe\/#\/schema\/logo\/image\/\",\"url\":\"https:\/\/femergs.com.br\/wfe\/wp-content\/uploads\/2025\/06\/logotipo.png\",\"contentUrl\":\"https:\/\/femergs.com.br\/wfe\/wp-content\/uploads\/2025\/06\/logotipo.png\",\"width\":500,\"height\":500,\"caption\":\"FEMERGS\"},\"image\":{\"@id\":\"https:\/\/femergs.com.br\/wfe\/#\/schema\/logo\/image\/\"},\"sameAs\":[\"https:\/\/www.facebook.com\/profile.php?id=100057151733001\",\"https:\/\/www.instagram.com\/femergs_rs\/\"]},{\"@type\":\"Person\",\"@id\":\"https:\/\/femergs.com.br\/wfe\/#\/schema\/person\/f5558e6b5ffc044ee085016237dedb7f\",\"name\":\"adminfemergs\",\"image\":{\"@type\":\"ImageObject\",\"inLanguage\":\"pt-BR\",\"@id\":\"https:\/\/femergs.com.br\/wfe\/#\/schema\/person\/image\/\",\"url\":\"https:\/\/secure.gravatar.com\/avatar\/398642fa557cdd524617ad9b31c938845f071aeb3448b9c0aeb29aefc495337b?s=96&d=mm&r=g\",\"contentUrl\":\"https:\/\/secure.gravatar.com\/avatar\/398642fa557cdd524617ad9b31c938845f071aeb3448b9c0aeb29aefc495337b?s=96&d=mm&r=g\",\"caption\":\"adminfemergs\"},\"sameAs\":[\"https:\/\/femergs.com.br\/wfe\"],\"url\":\"https:\/\/femergs.com.br\/wfe\/blog\/author\/adminfemergs\/\"}]}<\/script>\n<!-- \/ Yoast SEO plugin. -->","yoast_head_json":{"title":"FEMERGS LUTA POR UM NOVO PACTO FEDERATIVO - #MovimentoBolo - Federa\u00e7\u00e3o dos Municip\u00e1rios do Estado do Rio Grande do Sul","robots":{"index":"index","follow":"follow","max-snippet":"max-snippet:-1","max-image-preview":"max-image-preview:large","max-video-preview":"max-video-preview:-1"},"canonical":"https:\/\/femergs.com.br\/wfe\/blog\/femergs-luta-por-um-novo-pacto-federativo-movimentobolo\/","og_locale":"pt_BR","og_type":"article","og_title":"FEMERGS LUTA POR UM NOVO PACTO FEDERATIVO - #MovimentoBolo - Federa\u00e7\u00e3o dos Municip\u00e1rios do Estado do Rio Grande do Sul","og_description":"A FEMERGS \u2013 FEDERA\u00c7\u00c3O DOS MUNICIP\u00c1RIOS DO ESTADO DO RIO GRANDE DO SUL apoia os movimentos que buscam uma distribui\u00e7\u00e3o mais justa dos tributos no Brasil. Nos manifestamos publicamente a favor do \u201cMOVIMENTO DO BOLO\u201d encabe\u00e7ado pela FAMURS &#8211; que visava conseguir pactuar de forma mais justa a distribui\u00e7\u00e3o dos impostos entre os entes federados. [&hellip;]","og_url":"https:\/\/femergs.com.br\/wfe\/blog\/femergs-luta-por-um-novo-pacto-federativo-movimentobolo\/","og_site_name":"Federa\u00e7\u00e3o dos Municip\u00e1rios do Estado do Rio Grande do Sul","article_publisher":"https:\/\/www.facebook.com\/profile.php?id=100057151733001","article_published_time":"2017-09-11T11:12:39+00:00","author":"adminfemergs","twitter_card":"summary_large_image","twitter_misc":{"Escrito por":"adminfemergs","Est. tempo de leitura":"5 minutos"},"schema":{"@context":"https:\/\/schema.org","@graph":[{"@type":"Article","@id":"https:\/\/femergs.com.br\/wfe\/blog\/femergs-luta-por-um-novo-pacto-federativo-movimentobolo\/#article","isPartOf":{"@id":"https:\/\/femergs.com.br\/wfe\/blog\/femergs-luta-por-um-novo-pacto-federativo-movimentobolo\/"},"author":{"name":"adminfemergs","@id":"https:\/\/femergs.com.br\/wfe\/#\/schema\/person\/f5558e6b5ffc044ee085016237dedb7f"},"headline":"FEMERGS LUTA POR UM NOVO PACTO FEDERATIVO &#8211; #MovimentoBolo","datePublished":"2017-09-11T11:12:39+00:00","mainEntityOfPage":{"@id":"https:\/\/femergs.com.br\/wfe\/blog\/femergs-luta-por-um-novo-pacto-federativo-movimentobolo\/"},"wordCount":967,"publisher":{"@id":"https:\/\/femergs.com.br\/wfe\/#organization"},"keywords":["NULL"],"articleSection":["ARQUIVADAS"],"inLanguage":"pt-BR"},{"@type":"WebPage","@id":"https:\/\/femergs.com.br\/wfe\/blog\/femergs-luta-por-um-novo-pacto-federativo-movimentobolo\/","url":"https:\/\/femergs.com.br\/wfe\/blog\/femergs-luta-por-um-novo-pacto-federativo-movimentobolo\/","name":"FEMERGS LUTA POR UM NOVO PACTO FEDERATIVO - #MovimentoBolo - Federa\u00e7\u00e3o dos Municip\u00e1rios do Estado do Rio Grande do Sul","isPartOf":{"@id":"https:\/\/femergs.com.br\/wfe\/#website"},"datePublished":"2017-09-11T11:12:39+00:00","breadcrumb":{"@id":"https:\/\/femergs.com.br\/wfe\/blog\/femergs-luta-por-um-novo-pacto-federativo-movimentobolo\/#breadcrumb"},"inLanguage":"pt-BR","potentialAction":[{"@type":"ReadAction","target":["https:\/\/femergs.com.br\/wfe\/blog\/femergs-luta-por-um-novo-pacto-federativo-movimentobolo\/"]}]},{"@type":"BreadcrumbList","@id":"https:\/\/femergs.com.br\/wfe\/blog\/femergs-luta-por-um-novo-pacto-federativo-movimentobolo\/#breadcrumb","itemListElement":[{"@type":"ListItem","position":1,"name":"In\u00edcio","item":"https:\/\/femergs.com.br\/wfe\/"},{"@type":"ListItem","position":2,"name":"FEMERGS LUTA POR UM NOVO PACTO FEDERATIVO &#8211; #MovimentoBolo"}]},{"@type":"WebSite","@id":"https:\/\/femergs.com.br\/wfe\/#website","url":"https:\/\/femergs.com.br\/wfe\/","name":"FEMERGS","description":"FEDERA\u00c7\u00c3O DOS MUNICIP\u00c1RIOS DO ESTADO DO RIO GRANDE DO SUL","publisher":{"@id":"https:\/\/femergs.com.br\/wfe\/#organization"},"potentialAction":[{"@type":"SearchAction","target":{"@type":"EntryPoint","urlTemplate":"https:\/\/femergs.com.br\/wfe\/?s={search_term_string}"},"query-input":{"@type":"PropertyValueSpecification","valueRequired":true,"valueName":"search_term_string"}}],"inLanguage":"pt-BR"},{"@type":"Organization","@id":"https:\/\/femergs.com.br\/wfe\/#organization","name":"FEMERGS","url":"https:\/\/femergs.com.br\/wfe\/","logo":{"@type":"ImageObject","inLanguage":"pt-BR","@id":"https:\/\/femergs.com.br\/wfe\/#\/schema\/logo\/image\/","url":"https:\/\/femergs.com.br\/wfe\/wp-content\/uploads\/2025\/06\/logotipo.png","contentUrl":"https:\/\/femergs.com.br\/wfe\/wp-content\/uploads\/2025\/06\/logotipo.png","width":500,"height":500,"caption":"FEMERGS"},"image":{"@id":"https:\/\/femergs.com.br\/wfe\/#\/schema\/logo\/image\/"},"sameAs":["https:\/\/www.facebook.com\/profile.php?id=100057151733001","https:\/\/www.instagram.com\/femergs_rs\/"]},{"@type":"Person","@id":"https:\/\/femergs.com.br\/wfe\/#\/schema\/person\/f5558e6b5ffc044ee085016237dedb7f","name":"adminfemergs","image":{"@type":"ImageObject","inLanguage":"pt-BR","@id":"https:\/\/femergs.com.br\/wfe\/#\/schema\/person\/image\/","url":"https:\/\/secure.gravatar.com\/avatar\/398642fa557cdd524617ad9b31c938845f071aeb3448b9c0aeb29aefc495337b?s=96&d=mm&r=g","contentUrl":"https:\/\/secure.gravatar.com\/avatar\/398642fa557cdd524617ad9b31c938845f071aeb3448b9c0aeb29aefc495337b?s=96&d=mm&r=g","caption":"adminfemergs"},"sameAs":["https:\/\/femergs.com.br\/wfe"],"url":"https:\/\/femergs.com.br\/wfe\/blog\/author\/adminfemergs\/"}]}},"uagb_featured_image_src":{"full":false,"thumbnail":false,"medium":false,"medium_large":false,"large":false,"1536x1536":false,"2048x2048":false,"ultp_layout_landscape_large":false,"ultp_layout_landscape":false,"ultp_layout_portrait":false,"ultp_layout_square":false},"uagb_author_info":{"display_name":"adminfemergs","author_link":"https:\/\/femergs.com.br\/wfe\/blog\/author\/adminfemergs\/"},"uagb_comment_info":0,"uagb_excerpt":"A FEMERGS \u2013 FEDERA\u00c7\u00c3O DOS MUNICIP\u00c1RIOS DO ESTADO DO RIO GRANDE DO SUL apoia os movimentos que buscam uma distribui\u00e7\u00e3o mais justa dos tributos no Brasil. Nos manifestamos publicamente a favor do \u201cMOVIMENTO DO BOLO\u201d encabe\u00e7ado pela FAMURS &#8211; que visava conseguir pactuar de forma mais justa a distribui\u00e7\u00e3o dos impostos entre os entes federados.&hellip;","_links":{"self":[{"href":"https:\/\/femergs.com.br\/wfe\/wp-json\/wp\/v2\/posts\/1100","targetHints":{"allow":["GET"]}}],"collection":[{"href":"https:\/\/femergs.com.br\/wfe\/wp-json\/wp\/v2\/posts"}],"about":[{"href":"https:\/\/femergs.com.br\/wfe\/wp-json\/wp\/v2\/types\/post"}],"author":[{"embeddable":true,"href":"https:\/\/femergs.com.br\/wfe\/wp-json\/wp\/v2\/users\/1"}],"replies":[{"embeddable":true,"href":"https:\/\/femergs.com.br\/wfe\/wp-json\/wp\/v2\/comments?post=1100"}],"version-history":[{"count":0,"href":"https:\/\/femergs.com.br\/wfe\/wp-json\/wp\/v2\/posts\/1100\/revisions"}],"wp:attachment":[{"href":"https:\/\/femergs.com.br\/wfe\/wp-json\/wp\/v2\/media?parent=1100"}],"wp:term":[{"taxonomy":"category","embeddable":true,"href":"https:\/\/femergs.com.br\/wfe\/wp-json\/wp\/v2\/categories?post=1100"},{"taxonomy":"post_tag","embeddable":true,"href":"https:\/\/femergs.com.br\/wfe\/wp-json\/wp\/v2\/tags?post=1100"}],"curies":[{"name":"wp","href":"https:\/\/api.w.org\/{rel}","templated":true}]}}