{"id":1101,"date":"2017-09-12T14:04:04","date_gmt":"2017-09-12T14:04:04","guid":{"rendered":"https:\/\/femergs.com.br\/wfe\/blog\/nota-de-solidariedade-da-femergs-aos-trabalhadores-e-trabalhadoras-do-servico-publico-estadual\/"},"modified":"2017-09-12T14:04:04","modified_gmt":"2017-09-12T14:04:04","slug":"nota-de-solidariedade-da-femergs-aos-trabalhadores-e-trabalhadoras-do-servico-publico-estadual","status":"publish","type":"post","link":"https:\/\/femergs.com.br\/wfe\/blog\/nota-de-solidariedade-da-femergs-aos-trabalhadores-e-trabalhadoras-do-servico-publico-estadual\/","title":{"rendered":"NOTA DE SOLIDARIEDADE DA FEMERGS AOS TRABALHADORES E TRABALHADORAS DO SERVI\u00c7O P\u00daBLICO ESTADUAL"},"content":{"rendered":"<p>A <strong>FEMERGS \u2013 FEDERA\u00c7\u00c3O DOS MUNICIP\u00c1RIOS DO ESTADO DO RIO GRANDE DO SUL<\/strong> vem por meio desta nota p\u00fablica, neste dia 12 de Setembro de 2017, se solidarizar com todos os trabalhadores e trabalhadoras do Servi\u00e7o P\u00fablico Estadual, pelo reiterado desrespeito do Governador Sartori em n\u00e3o pagar os sal\u00e1rios em dia do conjunto dos trabalhadores(as).<br \/>\nN\u00e3o podemos aceitar que o Governo Estadual aceite a submiss\u00e3o imposta pelo Presidente Temer, sem questionar os juros de uma d\u00edvida que j\u00e1 foi paga, sem exigir a compensa\u00e7\u00e3o dos preju\u00edzos que nosso estado teve com a Lei Kandir, ao mesmo tempo em que se mostra totalmente ineficiente em melhorar as fontes de arrecada\u00e7\u00e3o, deixando de arrecadar mais de 3 bilh\u00f5es de ICMS, mas tamb\u00e9m pelas benesses como isen\u00e7\u00f5es para os empres\u00e1rios, bem como, pelo pouco combate a sonega\u00e7\u00e3o que est\u00e1 em curso.<br \/>\n                Imperioso nos posicionarmos contra o PL 148 (que limita a ced\u00eancia de servidores para os sindicatos) e as PECs que atacam os direitos dos servidores p\u00fablicos, institucionalizando o parcelamento dos sal\u00e1rios, acabando com a licen\u00e7a pr\u00eamio, implantando o fracionamento do 13\u00ba sal\u00e1rio, extinguindo o adicional por tempo de servi\u00e7o e dando continuidade aos ataques no patrim\u00f4nio ga\u00facho com o fantasma das privatiza\u00e7\u00f5es.<br \/>\n                A FEMERGS, com respaldo de todos os trabalhadores e trabalhadoras municipais, tem como miss\u00e3o a luta pelas classes, a defesa pelos direitos e a valoriza\u00e7\u00e3o dos servidores p\u00fablicos, sendo que a uni\u00e3o neste momento fr\u00e1gil \u00e9 a forma mais eficaz de bater de frente com nossos gestores. Toda luta \u00e9 v\u00e1lida, toda a conscientiza\u00e7\u00e3o \u00e9 uma ferramenta mais do que ben\u00e9fica.<br \/>\n                Hoje a luta est\u00e1 l\u00e1, mas logo bater\u00e1 em nossas portas!<br \/>\nBOA LUTA A TODOS.<br \/>\nNENHUM DIREITO A MENOS.<\/p>\n","protected":false},"excerpt":{"rendered":"<p>A FEMERGS \u2013 FEDERA\u00c7\u00c3O DOS MUNICIP\u00c1RIOS DO ESTADO DO RIO GRANDE DO SUL vem por meio desta nota p\u00fablica, neste dia 12 de Setembro de 2017, se solidarizar com todos os trabalhadores e trabalhadoras do Servi\u00e7o P\u00fablico Estadual, pelo reiterado desrespeito do Governador Sartori em n\u00e3o pagar os sal\u00e1rios em dia do conjunto dos trabalhadores(as). [&hellip;]<\/p>\n","protected":false},"author":1,"featured_media":0,"comment_status":"closed","ping_status":"closed","sticky":false,"template":"","format":"standard","meta":{"_eb_attr":"","_uag_custom_page_level_css":"","fifu_image_url":"","fifu_image_alt":"","footnotes":""},"categories":[1],"tags":[32],"class_list":["post-1101","post","type-post","status-publish","format-standard","hentry","category-arquivadas","tag-null"],"yoast_head":"<!-- This site is optimized with the Yoast SEO plugin v27.1.1 - https:\/\/yoast.com\/product\/yoast-seo-wordpress\/ -->\n<title>NOTA DE SOLIDARIEDADE DA FEMERGS AOS TRABALHADORES E TRABALHADORAS DO SERVI\u00c7O P\u00daBLICO ESTADUAL - Federa\u00e7\u00e3o dos Municip\u00e1rios do Estado do Rio Grande do Sul<\/title>\n<meta name=\"robots\" content=\"index, follow, max-snippet:-1, max-image-preview:large, max-video-preview:-1\" \/>\n<link rel=\"canonical\" href=\"https:\/\/femergs.com.br\/wfe\/blog\/nota-de-solidariedade-da-femergs-aos-trabalhadores-e-trabalhadoras-do-servico-publico-estadual\/\" \/>\n<meta property=\"og:locale\" content=\"pt_BR\" \/>\n<meta property=\"og:type\" content=\"article\" \/>\n<meta property=\"og:title\" content=\"NOTA DE SOLIDARIEDADE DA FEMERGS AOS TRABALHADORES E TRABALHADORAS DO SERVI\u00c7O P\u00daBLICO ESTADUAL - Federa\u00e7\u00e3o dos Municip\u00e1rios do Estado do Rio Grande do Sul\" \/>\n<meta property=\"og:description\" content=\"A FEMERGS \u2013 FEDERA\u00c7\u00c3O DOS MUNICIP\u00c1RIOS DO ESTADO DO RIO GRANDE DO SUL vem por meio desta nota p\u00fablica, neste dia 12 de Setembro de 2017, se solidarizar com todos os trabalhadores e trabalhadoras do Servi\u00e7o P\u00fablico Estadual, pelo reiterado desrespeito do Governador Sartori em n\u00e3o pagar os sal\u00e1rios em dia do conjunto dos trabalhadores(as). [&hellip;]\" \/>\n<meta property=\"og:url\" content=\"https:\/\/femergs.com.br\/wfe\/blog\/nota-de-solidariedade-da-femergs-aos-trabalhadores-e-trabalhadoras-do-servico-publico-estadual\/\" \/>\n<meta property=\"og:site_name\" content=\"Federa\u00e7\u00e3o dos Municip\u00e1rios do Estado do Rio Grande do Sul\" \/>\n<meta property=\"article:publisher\" content=\"https:\/\/www.facebook.com\/profile.php?id=100057151733001\" \/>\n<meta property=\"article:published_time\" content=\"2017-09-12T14:04:04+00:00\" \/>\n<meta name=\"author\" content=\"adminfemergs\" \/>\n<meta name=\"twitter:card\" content=\"summary_large_image\" \/>\n<meta name=\"twitter:label1\" content=\"Escrito por\" \/>\n\t<meta name=\"twitter:data1\" content=\"adminfemergs\" \/>\n\t<meta name=\"twitter:label2\" content=\"Est. tempo de leitura\" \/>\n\t<meta name=\"twitter:data2\" content=\"2 minutos\" \/>\n<script type=\"application\/ld+json\" class=\"yoast-schema-graph\">{\"@context\":\"https:\/\/schema.org\",\"@graph\":[{\"@type\":\"Article\",\"@id\":\"https:\/\/femergs.com.br\/wfe\/blog\/nota-de-solidariedade-da-femergs-aos-trabalhadores-e-trabalhadoras-do-servico-publico-estadual\/#article\",\"isPartOf\":{\"@id\":\"https:\/\/femergs.com.br\/wfe\/blog\/nota-de-solidariedade-da-femergs-aos-trabalhadores-e-trabalhadoras-do-servico-publico-estadual\/\"},\"author\":{\"name\":\"adminfemergs\",\"@id\":\"https:\/\/femergs.com.br\/wfe\/#\/schema\/person\/f5558e6b5ffc044ee085016237dedb7f\"},\"headline\":\"NOTA DE SOLIDARIEDADE DA FEMERGS AOS TRABALHADORES E TRABALHADORAS DO SERVI\u00c7O P\u00daBLICO ESTADUAL\",\"datePublished\":\"2017-09-12T14:04:04+00:00\",\"mainEntityOfPage\":{\"@id\":\"https:\/\/femergs.com.br\/wfe\/blog\/nota-de-solidariedade-da-femergs-aos-trabalhadores-e-trabalhadoras-do-servico-publico-estadual\/\"},\"wordCount\":323,\"publisher\":{\"@id\":\"https:\/\/femergs.com.br\/wfe\/#organization\"},\"keywords\":[\"NULL\"],\"articleSection\":[\"ARQUIVADAS\"],\"inLanguage\":\"pt-BR\"},{\"@type\":\"WebPage\",\"@id\":\"https:\/\/femergs.com.br\/wfe\/blog\/nota-de-solidariedade-da-femergs-aos-trabalhadores-e-trabalhadoras-do-servico-publico-estadual\/\",\"url\":\"https:\/\/femergs.com.br\/wfe\/blog\/nota-de-solidariedade-da-femergs-aos-trabalhadores-e-trabalhadoras-do-servico-publico-estadual\/\",\"name\":\"NOTA DE SOLIDARIEDADE DA FEMERGS AOS TRABALHADORES E TRABALHADORAS DO SERVI\u00c7O P\u00daBLICO ESTADUAL - Federa\u00e7\u00e3o dos Municip\u00e1rios do Estado do Rio Grande do Sul\",\"isPartOf\":{\"@id\":\"https:\/\/femergs.com.br\/wfe\/#website\"},\"datePublished\":\"2017-09-12T14:04:04+00:00\",\"breadcrumb\":{\"@id\":\"https:\/\/femergs.com.br\/wfe\/blog\/nota-de-solidariedade-da-femergs-aos-trabalhadores-e-trabalhadoras-do-servico-publico-estadual\/#breadcrumb\"},\"inLanguage\":\"pt-BR\",\"potentialAction\":[{\"@type\":\"ReadAction\",\"target\":[\"https:\/\/femergs.com.br\/wfe\/blog\/nota-de-solidariedade-da-femergs-aos-trabalhadores-e-trabalhadoras-do-servico-publico-estadual\/\"]}]},{\"@type\":\"BreadcrumbList\",\"@id\":\"https:\/\/femergs.com.br\/wfe\/blog\/nota-de-solidariedade-da-femergs-aos-trabalhadores-e-trabalhadoras-do-servico-publico-estadual\/#breadcrumb\",\"itemListElement\":[{\"@type\":\"ListItem\",\"position\":1,\"name\":\"In\u00edcio\",\"item\":\"https:\/\/femergs.com.br\/wfe\/\"},{\"@type\":\"ListItem\",\"position\":2,\"name\":\"NOTA DE SOLIDARIEDADE DA FEMERGS AOS TRABALHADORES E TRABALHADORAS DO SERVI\u00c7O P\u00daBLICO ESTADUAL\"}]},{\"@type\":\"WebSite\",\"@id\":\"https:\/\/femergs.com.br\/wfe\/#website\",\"url\":\"https:\/\/femergs.com.br\/wfe\/\",\"name\":\"FEMERGS\",\"description\":\"FEDERA\u00c7\u00c3O DOS MUNICIP\u00c1RIOS DO ESTADO DO RIO GRANDE DO SUL\",\"publisher\":{\"@id\":\"https:\/\/femergs.com.br\/wfe\/#organization\"},\"potentialAction\":[{\"@type\":\"SearchAction\",\"target\":{\"@type\":\"EntryPoint\",\"urlTemplate\":\"https:\/\/femergs.com.br\/wfe\/?s={search_term_string}\"},\"query-input\":{\"@type\":\"PropertyValueSpecification\",\"valueRequired\":true,\"valueName\":\"search_term_string\"}}],\"inLanguage\":\"pt-BR\"},{\"@type\":\"Organization\",\"@id\":\"https:\/\/femergs.com.br\/wfe\/#organization\",\"name\":\"FEMERGS\",\"url\":\"https:\/\/femergs.com.br\/wfe\/\",\"logo\":{\"@type\":\"ImageObject\",\"inLanguage\":\"pt-BR\",\"@id\":\"https:\/\/femergs.com.br\/wfe\/#\/schema\/logo\/image\/\",\"url\":\"https:\/\/femergs.com.br\/wfe\/wp-content\/uploads\/2025\/06\/logotipo.png\",\"contentUrl\":\"https:\/\/femergs.com.br\/wfe\/wp-content\/uploads\/2025\/06\/logotipo.png\",\"width\":500,\"height\":500,\"caption\":\"FEMERGS\"},\"image\":{\"@id\":\"https:\/\/femergs.com.br\/wfe\/#\/schema\/logo\/image\/\"},\"sameAs\":[\"https:\/\/www.facebook.com\/profile.php?id=100057151733001\",\"https:\/\/www.instagram.com\/femergs_rs\/\"]},{\"@type\":\"Person\",\"@id\":\"https:\/\/femergs.com.br\/wfe\/#\/schema\/person\/f5558e6b5ffc044ee085016237dedb7f\",\"name\":\"adminfemergs\",\"image\":{\"@type\":\"ImageObject\",\"inLanguage\":\"pt-BR\",\"@id\":\"https:\/\/femergs.com.br\/wfe\/#\/schema\/person\/image\/\",\"url\":\"https:\/\/secure.gravatar.com\/avatar\/398642fa557cdd524617ad9b31c938845f071aeb3448b9c0aeb29aefc495337b?s=96&d=mm&r=g\",\"contentUrl\":\"https:\/\/secure.gravatar.com\/avatar\/398642fa557cdd524617ad9b31c938845f071aeb3448b9c0aeb29aefc495337b?s=96&d=mm&r=g\",\"caption\":\"adminfemergs\"},\"sameAs\":[\"https:\/\/femergs.com.br\/wfe\"],\"url\":\"https:\/\/femergs.com.br\/wfe\/blog\/author\/adminfemergs\/\"}]}<\/script>\n<!-- \/ Yoast SEO plugin. -->","yoast_head_json":{"title":"NOTA DE SOLIDARIEDADE DA FEMERGS AOS TRABALHADORES E TRABALHADORAS DO SERVI\u00c7O P\u00daBLICO ESTADUAL - Federa\u00e7\u00e3o dos Municip\u00e1rios do Estado do Rio Grande do Sul","robots":{"index":"index","follow":"follow","max-snippet":"max-snippet:-1","max-image-preview":"max-image-preview:large","max-video-preview":"max-video-preview:-1"},"canonical":"https:\/\/femergs.com.br\/wfe\/blog\/nota-de-solidariedade-da-femergs-aos-trabalhadores-e-trabalhadoras-do-servico-publico-estadual\/","og_locale":"pt_BR","og_type":"article","og_title":"NOTA DE SOLIDARIEDADE DA FEMERGS AOS TRABALHADORES E TRABALHADORAS DO SERVI\u00c7O P\u00daBLICO ESTADUAL - Federa\u00e7\u00e3o dos Municip\u00e1rios do Estado do Rio Grande do Sul","og_description":"A FEMERGS \u2013 FEDERA\u00c7\u00c3O DOS MUNICIP\u00c1RIOS DO ESTADO DO RIO GRANDE DO SUL vem por meio desta nota p\u00fablica, neste dia 12 de Setembro de 2017, se solidarizar com todos os trabalhadores e trabalhadoras do Servi\u00e7o P\u00fablico Estadual, pelo reiterado desrespeito do Governador Sartori em n\u00e3o pagar os sal\u00e1rios em dia do conjunto dos trabalhadores(as). [&hellip;]","og_url":"https:\/\/femergs.com.br\/wfe\/blog\/nota-de-solidariedade-da-femergs-aos-trabalhadores-e-trabalhadoras-do-servico-publico-estadual\/","og_site_name":"Federa\u00e7\u00e3o dos Municip\u00e1rios do Estado do Rio Grande do Sul","article_publisher":"https:\/\/www.facebook.com\/profile.php?id=100057151733001","article_published_time":"2017-09-12T14:04:04+00:00","author":"adminfemergs","twitter_card":"summary_large_image","twitter_misc":{"Escrito por":"adminfemergs","Est. tempo de leitura":"2 minutos"},"schema":{"@context":"https:\/\/schema.org","@graph":[{"@type":"Article","@id":"https:\/\/femergs.com.br\/wfe\/blog\/nota-de-solidariedade-da-femergs-aos-trabalhadores-e-trabalhadoras-do-servico-publico-estadual\/#article","isPartOf":{"@id":"https:\/\/femergs.com.br\/wfe\/blog\/nota-de-solidariedade-da-femergs-aos-trabalhadores-e-trabalhadoras-do-servico-publico-estadual\/"},"author":{"name":"adminfemergs","@id":"https:\/\/femergs.com.br\/wfe\/#\/schema\/person\/f5558e6b5ffc044ee085016237dedb7f"},"headline":"NOTA DE SOLIDARIEDADE DA FEMERGS AOS TRABALHADORES E TRABALHADORAS DO SERVI\u00c7O P\u00daBLICO ESTADUAL","datePublished":"2017-09-12T14:04:04+00:00","mainEntityOfPage":{"@id":"https:\/\/femergs.com.br\/wfe\/blog\/nota-de-solidariedade-da-femergs-aos-trabalhadores-e-trabalhadoras-do-servico-publico-estadual\/"},"wordCount":323,"publisher":{"@id":"https:\/\/femergs.com.br\/wfe\/#organization"},"keywords":["NULL"],"articleSection":["ARQUIVADAS"],"inLanguage":"pt-BR"},{"@type":"WebPage","@id":"https:\/\/femergs.com.br\/wfe\/blog\/nota-de-solidariedade-da-femergs-aos-trabalhadores-e-trabalhadoras-do-servico-publico-estadual\/","url":"https:\/\/femergs.com.br\/wfe\/blog\/nota-de-solidariedade-da-femergs-aos-trabalhadores-e-trabalhadoras-do-servico-publico-estadual\/","name":"NOTA DE SOLIDARIEDADE DA FEMERGS AOS TRABALHADORES E TRABALHADORAS DO SERVI\u00c7O P\u00daBLICO ESTADUAL - Federa\u00e7\u00e3o dos Municip\u00e1rios do Estado do Rio Grande do Sul","isPartOf":{"@id":"https:\/\/femergs.com.br\/wfe\/#website"},"datePublished":"2017-09-12T14:04:04+00:00","breadcrumb":{"@id":"https:\/\/femergs.com.br\/wfe\/blog\/nota-de-solidariedade-da-femergs-aos-trabalhadores-e-trabalhadoras-do-servico-publico-estadual\/#breadcrumb"},"inLanguage":"pt-BR","potentialAction":[{"@type":"ReadAction","target":["https:\/\/femergs.com.br\/wfe\/blog\/nota-de-solidariedade-da-femergs-aos-trabalhadores-e-trabalhadoras-do-servico-publico-estadual\/"]}]},{"@type":"BreadcrumbList","@id":"https:\/\/femergs.com.br\/wfe\/blog\/nota-de-solidariedade-da-femergs-aos-trabalhadores-e-trabalhadoras-do-servico-publico-estadual\/#breadcrumb","itemListElement":[{"@type":"ListItem","position":1,"name":"In\u00edcio","item":"https:\/\/femergs.com.br\/wfe\/"},{"@type":"ListItem","position":2,"name":"NOTA DE SOLIDARIEDADE DA FEMERGS AOS TRABALHADORES E TRABALHADORAS DO SERVI\u00c7O P\u00daBLICO ESTADUAL"}]},{"@type":"WebSite","@id":"https:\/\/femergs.com.br\/wfe\/#website","url":"https:\/\/femergs.com.br\/wfe\/","name":"FEMERGS","description":"FEDERA\u00c7\u00c3O DOS MUNICIP\u00c1RIOS DO ESTADO DO RIO GRANDE DO SUL","publisher":{"@id":"https:\/\/femergs.com.br\/wfe\/#organization"},"potentialAction":[{"@type":"SearchAction","target":{"@type":"EntryPoint","urlTemplate":"https:\/\/femergs.com.br\/wfe\/?s={search_term_string}"},"query-input":{"@type":"PropertyValueSpecification","valueRequired":true,"valueName":"search_term_string"}}],"inLanguage":"pt-BR"},{"@type":"Organization","@id":"https:\/\/femergs.com.br\/wfe\/#organization","name":"FEMERGS","url":"https:\/\/femergs.com.br\/wfe\/","logo":{"@type":"ImageObject","inLanguage":"pt-BR","@id":"https:\/\/femergs.com.br\/wfe\/#\/schema\/logo\/image\/","url":"https:\/\/femergs.com.br\/wfe\/wp-content\/uploads\/2025\/06\/logotipo.png","contentUrl":"https:\/\/femergs.com.br\/wfe\/wp-content\/uploads\/2025\/06\/logotipo.png","width":500,"height":500,"caption":"FEMERGS"},"image":{"@id":"https:\/\/femergs.com.br\/wfe\/#\/schema\/logo\/image\/"},"sameAs":["https:\/\/www.facebook.com\/profile.php?id=100057151733001","https:\/\/www.instagram.com\/femergs_rs\/"]},{"@type":"Person","@id":"https:\/\/femergs.com.br\/wfe\/#\/schema\/person\/f5558e6b5ffc044ee085016237dedb7f","name":"adminfemergs","image":{"@type":"ImageObject","inLanguage":"pt-BR","@id":"https:\/\/femergs.com.br\/wfe\/#\/schema\/person\/image\/","url":"https:\/\/secure.gravatar.com\/avatar\/398642fa557cdd524617ad9b31c938845f071aeb3448b9c0aeb29aefc495337b?s=96&d=mm&r=g","contentUrl":"https:\/\/secure.gravatar.com\/avatar\/398642fa557cdd524617ad9b31c938845f071aeb3448b9c0aeb29aefc495337b?s=96&d=mm&r=g","caption":"adminfemergs"},"sameAs":["https:\/\/femergs.com.br\/wfe"],"url":"https:\/\/femergs.com.br\/wfe\/blog\/author\/adminfemergs\/"}]}},"uagb_featured_image_src":{"full":false,"thumbnail":false,"medium":false,"medium_large":false,"large":false,"1536x1536":false,"2048x2048":false,"ultp_layout_landscape_large":false,"ultp_layout_landscape":false,"ultp_layout_portrait":false,"ultp_layout_square":false},"uagb_author_info":{"display_name":"adminfemergs","author_link":"https:\/\/femergs.com.br\/wfe\/blog\/author\/adminfemergs\/"},"uagb_comment_info":0,"uagb_excerpt":"A FEMERGS \u2013 FEDERA\u00c7\u00c3O DOS MUNICIP\u00c1RIOS DO ESTADO DO RIO GRANDE DO SUL vem por meio desta nota p\u00fablica, neste dia 12 de Setembro de 2017, se solidarizar com todos os trabalhadores e trabalhadoras do Servi\u00e7o P\u00fablico Estadual, pelo reiterado desrespeito do Governador Sartori em n\u00e3o pagar os sal\u00e1rios em dia do conjunto dos trabalhadores(as).&hellip;","_links":{"self":[{"href":"https:\/\/femergs.com.br\/wfe\/wp-json\/wp\/v2\/posts\/1101","targetHints":{"allow":["GET"]}}],"collection":[{"href":"https:\/\/femergs.com.br\/wfe\/wp-json\/wp\/v2\/posts"}],"about":[{"href":"https:\/\/femergs.com.br\/wfe\/wp-json\/wp\/v2\/types\/post"}],"author":[{"embeddable":true,"href":"https:\/\/femergs.com.br\/wfe\/wp-json\/wp\/v2\/users\/1"}],"replies":[{"embeddable":true,"href":"https:\/\/femergs.com.br\/wfe\/wp-json\/wp\/v2\/comments?post=1101"}],"version-history":[{"count":0,"href":"https:\/\/femergs.com.br\/wfe\/wp-json\/wp\/v2\/posts\/1101\/revisions"}],"wp:attachment":[{"href":"https:\/\/femergs.com.br\/wfe\/wp-json\/wp\/v2\/media?parent=1101"}],"wp:term":[{"taxonomy":"category","embeddable":true,"href":"https:\/\/femergs.com.br\/wfe\/wp-json\/wp\/v2\/categories?post=1101"},{"taxonomy":"post_tag","embeddable":true,"href":"https:\/\/femergs.com.br\/wfe\/wp-json\/wp\/v2\/tags?post=1101"}],"curies":[{"name":"wp","href":"https:\/\/api.w.org\/{rel}","templated":true}]}}