{"id":1102,"date":"2017-09-12T15:12:11","date_gmt":"2017-09-12T15:12:11","guid":{"rendered":"https:\/\/femergs.com.br\/wfe\/blog\/presidente-vilson-em-defesa-do-servidor-publico-municipal-de-santa-rosa-e-horizontina\/"},"modified":"2017-09-12T15:12:11","modified_gmt":"2017-09-12T15:12:11","slug":"presidente-vilson-em-defesa-do-servidor-publico-municipal-de-santa-rosa-e-horizontina","status":"publish","type":"post","link":"https:\/\/femergs.com.br\/wfe\/blog\/presidente-vilson-em-defesa-do-servidor-publico-municipal-de-santa-rosa-e-horizontina\/","title":{"rendered":"PRESIDENTE VILSON EM DEFESA DO SERVIDOR P\u00daBLICO MUNICIPAL DE SANTA ROSA E HORIZONTINA"},"content":{"rendered":"<p>Durante o dia 11 de setembro de 2017, o Presidente da Federa\u00e7\u00e3o dos Municip\u00e1rios do Estado do Rio Grande do Sul &#8211; FEMERGS, esteve juntamente com o Coordenador da Regional Grande Santa Rosa, R\u00f3bson Cristiano Kamm, para di\u00e1logo e organiza\u00e7\u00e3o no Munic\u00edpio de  Santa Rosa, onde na parte da tarde estiveram reunidos numa mesa de negocia\u00e7\u00f5es com o Sr. Presidente dos Municip\u00e1rios de Santa Rosa, Jo\u00e3o Carlos (Padilha), o Prefeito Sr. Alcides Vicini e o J\u00faridico da Prefeitura Municipal, afim de tratar da reposi\u00e7\u00e3o salarial e o fim do recebimento de vale-alimenta\u00e7\u00e3o aos aposentados do Munic\u00edpio, sendo que a maioria recebia com o vale a import\u00e2ncia de at\u00e9 um sal\u00e1rio minimo como complemento.<\/p>\n<p>J\u00e1 a noite no Munic\u00edpio de Horizontina, estiveram reunidos na C\u00e2mara Municipal de Vereadores, juntamente com o Presidente dos Municip\u00e1rios Sr. Garcia, a servidora Elmeralda alem de diversos outros servidores municipais.<br \/>\nO Presidente da FEMERGS utilizando o espa\u00e7o da tribuna livre, destacou que este sempre foi um munic\u00edpio que colabora e \u00e9 parceiro dos Servidores, da Federa\u00e7\u00e3o tanto a n\u00edvel de Coordenadoria Regional, assim como na Dire\u00e7\u00e3o, no qual teve um grande papel o Sr. Alcides (Alcir) Bobatto.<br \/>\nNa oportunidade falou sobre a valoriza\u00e7\u00e3o do trabalho do servidor p\u00fablico, e destacou da import\u00e2ncia destes para com os mun\u00edcipes, defendendo os direitos retirados dos servidores municipais neste ano, leis estas aprovadas por todos legisladores presentes, sendo que o que chama aten\u00e7\u00e3o, \u00e9 a situa\u00e7\u00e3o de um vereador que votou a favor e ap\u00f3s entrou com uma a\u00e7\u00e3o p\u00fablica alegando inconstitucionalidade, pedindo por meio de liminar a suspen\u00e7\u00e3o do projeto que beneficiava em torno de 400 servidores aproximadamente, com a altera\u00e7\u00e3o de padr\u00f5es e vencimentos.<br \/>\nO Presidente ressaltou as lutas da Federa\u00e7\u00e3o por nenhum direito a menos, no cen\u00e1rio pol\u00edtico atual onde o estado \u00e9 o minimo de direito.<\/p>\n","protected":false},"excerpt":{"rendered":"<p>Durante o dia 11 de setembro de 2017, o Presidente da Federa\u00e7\u00e3o dos Municip\u00e1rios do Estado do Rio Grande do Sul &#8211; FEMERGS, esteve juntamente com o Coordenador da Regional Grande Santa Rosa, R\u00f3bson Cristiano Kamm, para di\u00e1logo e organiza\u00e7\u00e3o no Munic\u00edpio de Santa Rosa, onde na parte da tarde estiveram reunidos numa mesa de [&hellip;]<\/p>\n","protected":false},"author":1,"featured_media":0,"comment_status":"closed","ping_status":"closed","sticky":false,"template":"","format":"standard","meta":{"_eb_attr":"","_uag_custom_page_level_css":"","fifu_image_url":"","fifu_image_alt":"","footnotes":""},"categories":[1],"tags":[32],"class_list":["post-1102","post","type-post","status-publish","format-standard","hentry","category-arquivadas","tag-null"],"yoast_head":"<!-- This site is optimized with the Yoast SEO plugin v27.1.1 - https:\/\/yoast.com\/product\/yoast-seo-wordpress\/ -->\n<title>PRESIDENTE VILSON EM DEFESA DO SERVIDOR P\u00daBLICO MUNICIPAL DE SANTA ROSA E HORIZONTINA - Federa\u00e7\u00e3o dos Municip\u00e1rios do Estado do Rio Grande do Sul<\/title>\n<meta name=\"robots\" content=\"index, follow, max-snippet:-1, max-image-preview:large, max-video-preview:-1\" \/>\n<link rel=\"canonical\" href=\"https:\/\/femergs.com.br\/wfe\/blog\/presidente-vilson-em-defesa-do-servidor-publico-municipal-de-santa-rosa-e-horizontina\/\" \/>\n<meta property=\"og:locale\" content=\"pt_BR\" \/>\n<meta property=\"og:type\" content=\"article\" \/>\n<meta property=\"og:title\" content=\"PRESIDENTE VILSON EM DEFESA DO SERVIDOR P\u00daBLICO MUNICIPAL DE SANTA ROSA E HORIZONTINA - Federa\u00e7\u00e3o dos Municip\u00e1rios do Estado do Rio Grande do Sul\" \/>\n<meta property=\"og:description\" content=\"Durante o dia 11 de setembro de 2017, o Presidente da Federa\u00e7\u00e3o dos Municip\u00e1rios do Estado do Rio Grande do Sul &#8211; FEMERGS, esteve juntamente com o Coordenador da Regional Grande Santa Rosa, R\u00f3bson Cristiano Kamm, para di\u00e1logo e organiza\u00e7\u00e3o no Munic\u00edpio de Santa Rosa, onde na parte da tarde estiveram reunidos numa mesa de [&hellip;]\" \/>\n<meta property=\"og:url\" content=\"https:\/\/femergs.com.br\/wfe\/blog\/presidente-vilson-em-defesa-do-servidor-publico-municipal-de-santa-rosa-e-horizontina\/\" \/>\n<meta property=\"og:site_name\" content=\"Federa\u00e7\u00e3o dos Municip\u00e1rios do Estado do Rio Grande do Sul\" \/>\n<meta property=\"article:publisher\" content=\"https:\/\/www.facebook.com\/profile.php?id=100057151733001\" \/>\n<meta property=\"article:published_time\" content=\"2017-09-12T15:12:11+00:00\" \/>\n<meta name=\"author\" content=\"adminfemergs\" \/>\n<meta name=\"twitter:card\" content=\"summary_large_image\" \/>\n<meta name=\"twitter:label1\" content=\"Escrito por\" \/>\n\t<meta name=\"twitter:data1\" content=\"adminfemergs\" \/>\n\t<meta name=\"twitter:label2\" content=\"Est. tempo de leitura\" \/>\n\t<meta name=\"twitter:data2\" content=\"2 minutos\" \/>\n<script type=\"application\/ld+json\" class=\"yoast-schema-graph\">{\"@context\":\"https:\/\/schema.org\",\"@graph\":[{\"@type\":\"Article\",\"@id\":\"https:\/\/femergs.com.br\/wfe\/blog\/presidente-vilson-em-defesa-do-servidor-publico-municipal-de-santa-rosa-e-horizontina\/#article\",\"isPartOf\":{\"@id\":\"https:\/\/femergs.com.br\/wfe\/blog\/presidente-vilson-em-defesa-do-servidor-publico-municipal-de-santa-rosa-e-horizontina\/\"},\"author\":{\"name\":\"adminfemergs\",\"@id\":\"https:\/\/femergs.com.br\/wfe\/#\/schema\/person\/f5558e6b5ffc044ee085016237dedb7f\"},\"headline\":\"PRESIDENTE VILSON EM DEFESA DO SERVIDOR P\u00daBLICO MUNICIPAL DE SANTA ROSA E HORIZONTINA\",\"datePublished\":\"2017-09-12T15:12:11+00:00\",\"mainEntityOfPage\":{\"@id\":\"https:\/\/femergs.com.br\/wfe\/blog\/presidente-vilson-em-defesa-do-servidor-publico-municipal-de-santa-rosa-e-horizontina\/\"},\"wordCount\":346,\"publisher\":{\"@id\":\"https:\/\/femergs.com.br\/wfe\/#organization\"},\"keywords\":[\"NULL\"],\"articleSection\":[\"ARQUIVADAS\"],\"inLanguage\":\"pt-BR\"},{\"@type\":\"WebPage\",\"@id\":\"https:\/\/femergs.com.br\/wfe\/blog\/presidente-vilson-em-defesa-do-servidor-publico-municipal-de-santa-rosa-e-horizontina\/\",\"url\":\"https:\/\/femergs.com.br\/wfe\/blog\/presidente-vilson-em-defesa-do-servidor-publico-municipal-de-santa-rosa-e-horizontina\/\",\"name\":\"PRESIDENTE VILSON EM DEFESA DO SERVIDOR P\u00daBLICO MUNICIPAL DE SANTA ROSA E HORIZONTINA - Federa\u00e7\u00e3o dos Municip\u00e1rios do Estado do Rio Grande do Sul\",\"isPartOf\":{\"@id\":\"https:\/\/femergs.com.br\/wfe\/#website\"},\"datePublished\":\"2017-09-12T15:12:11+00:00\",\"breadcrumb\":{\"@id\":\"https:\/\/femergs.com.br\/wfe\/blog\/presidente-vilson-em-defesa-do-servidor-publico-municipal-de-santa-rosa-e-horizontina\/#breadcrumb\"},\"inLanguage\":\"pt-BR\",\"potentialAction\":[{\"@type\":\"ReadAction\",\"target\":[\"https:\/\/femergs.com.br\/wfe\/blog\/presidente-vilson-em-defesa-do-servidor-publico-municipal-de-santa-rosa-e-horizontina\/\"]}]},{\"@type\":\"BreadcrumbList\",\"@id\":\"https:\/\/femergs.com.br\/wfe\/blog\/presidente-vilson-em-defesa-do-servidor-publico-municipal-de-santa-rosa-e-horizontina\/#breadcrumb\",\"itemListElement\":[{\"@type\":\"ListItem\",\"position\":1,\"name\":\"In\u00edcio\",\"item\":\"https:\/\/femergs.com.br\/wfe\/\"},{\"@type\":\"ListItem\",\"position\":2,\"name\":\"PRESIDENTE VILSON EM DEFESA DO SERVIDOR P\u00daBLICO MUNICIPAL DE SANTA ROSA E HORIZONTINA\"}]},{\"@type\":\"WebSite\",\"@id\":\"https:\/\/femergs.com.br\/wfe\/#website\",\"url\":\"https:\/\/femergs.com.br\/wfe\/\",\"name\":\"FEMERGS\",\"description\":\"FEDERA\u00c7\u00c3O DOS MUNICIP\u00c1RIOS DO ESTADO DO RIO GRANDE DO SUL\",\"publisher\":{\"@id\":\"https:\/\/femergs.com.br\/wfe\/#organization\"},\"potentialAction\":[{\"@type\":\"SearchAction\",\"target\":{\"@type\":\"EntryPoint\",\"urlTemplate\":\"https:\/\/femergs.com.br\/wfe\/?s={search_term_string}\"},\"query-input\":{\"@type\":\"PropertyValueSpecification\",\"valueRequired\":true,\"valueName\":\"search_term_string\"}}],\"inLanguage\":\"pt-BR\"},{\"@type\":\"Organization\",\"@id\":\"https:\/\/femergs.com.br\/wfe\/#organization\",\"name\":\"FEMERGS\",\"url\":\"https:\/\/femergs.com.br\/wfe\/\",\"logo\":{\"@type\":\"ImageObject\",\"inLanguage\":\"pt-BR\",\"@id\":\"https:\/\/femergs.com.br\/wfe\/#\/schema\/logo\/image\/\",\"url\":\"https:\/\/femergs.com.br\/wfe\/wp-content\/uploads\/2025\/06\/logotipo.png\",\"contentUrl\":\"https:\/\/femergs.com.br\/wfe\/wp-content\/uploads\/2025\/06\/logotipo.png\",\"width\":500,\"height\":500,\"caption\":\"FEMERGS\"},\"image\":{\"@id\":\"https:\/\/femergs.com.br\/wfe\/#\/schema\/logo\/image\/\"},\"sameAs\":[\"https:\/\/www.facebook.com\/profile.php?id=100057151733001\",\"https:\/\/www.instagram.com\/femergs_rs\/\"]},{\"@type\":\"Person\",\"@id\":\"https:\/\/femergs.com.br\/wfe\/#\/schema\/person\/f5558e6b5ffc044ee085016237dedb7f\",\"name\":\"adminfemergs\",\"image\":{\"@type\":\"ImageObject\",\"inLanguage\":\"pt-BR\",\"@id\":\"https:\/\/femergs.com.br\/wfe\/#\/schema\/person\/image\/\",\"url\":\"https:\/\/secure.gravatar.com\/avatar\/398642fa557cdd524617ad9b31c938845f071aeb3448b9c0aeb29aefc495337b?s=96&d=mm&r=g\",\"contentUrl\":\"https:\/\/secure.gravatar.com\/avatar\/398642fa557cdd524617ad9b31c938845f071aeb3448b9c0aeb29aefc495337b?s=96&d=mm&r=g\",\"caption\":\"adminfemergs\"},\"sameAs\":[\"https:\/\/femergs.com.br\/wfe\"],\"url\":\"https:\/\/femergs.com.br\/wfe\/blog\/author\/adminfemergs\/\"}]}<\/script>\n<!-- \/ Yoast SEO plugin. -->","yoast_head_json":{"title":"PRESIDENTE VILSON EM DEFESA DO SERVIDOR P\u00daBLICO MUNICIPAL DE SANTA ROSA E HORIZONTINA - Federa\u00e7\u00e3o dos Municip\u00e1rios do Estado do Rio Grande do Sul","robots":{"index":"index","follow":"follow","max-snippet":"max-snippet:-1","max-image-preview":"max-image-preview:large","max-video-preview":"max-video-preview:-1"},"canonical":"https:\/\/femergs.com.br\/wfe\/blog\/presidente-vilson-em-defesa-do-servidor-publico-municipal-de-santa-rosa-e-horizontina\/","og_locale":"pt_BR","og_type":"article","og_title":"PRESIDENTE VILSON EM DEFESA DO SERVIDOR P\u00daBLICO MUNICIPAL DE SANTA ROSA E HORIZONTINA - Federa\u00e7\u00e3o dos Municip\u00e1rios do Estado do Rio Grande do Sul","og_description":"Durante o dia 11 de setembro de 2017, o Presidente da Federa\u00e7\u00e3o dos Municip\u00e1rios do Estado do Rio Grande do Sul &#8211; FEMERGS, esteve juntamente com o Coordenador da Regional Grande Santa Rosa, R\u00f3bson Cristiano Kamm, para di\u00e1logo e organiza\u00e7\u00e3o no Munic\u00edpio de Santa Rosa, onde na parte da tarde estiveram reunidos numa mesa de [&hellip;]","og_url":"https:\/\/femergs.com.br\/wfe\/blog\/presidente-vilson-em-defesa-do-servidor-publico-municipal-de-santa-rosa-e-horizontina\/","og_site_name":"Federa\u00e7\u00e3o dos Municip\u00e1rios do Estado do Rio Grande do Sul","article_publisher":"https:\/\/www.facebook.com\/profile.php?id=100057151733001","article_published_time":"2017-09-12T15:12:11+00:00","author":"adminfemergs","twitter_card":"summary_large_image","twitter_misc":{"Escrito por":"adminfemergs","Est. tempo de leitura":"2 minutos"},"schema":{"@context":"https:\/\/schema.org","@graph":[{"@type":"Article","@id":"https:\/\/femergs.com.br\/wfe\/blog\/presidente-vilson-em-defesa-do-servidor-publico-municipal-de-santa-rosa-e-horizontina\/#article","isPartOf":{"@id":"https:\/\/femergs.com.br\/wfe\/blog\/presidente-vilson-em-defesa-do-servidor-publico-municipal-de-santa-rosa-e-horizontina\/"},"author":{"name":"adminfemergs","@id":"https:\/\/femergs.com.br\/wfe\/#\/schema\/person\/f5558e6b5ffc044ee085016237dedb7f"},"headline":"PRESIDENTE VILSON EM DEFESA DO SERVIDOR P\u00daBLICO MUNICIPAL DE SANTA ROSA E HORIZONTINA","datePublished":"2017-09-12T15:12:11+00:00","mainEntityOfPage":{"@id":"https:\/\/femergs.com.br\/wfe\/blog\/presidente-vilson-em-defesa-do-servidor-publico-municipal-de-santa-rosa-e-horizontina\/"},"wordCount":346,"publisher":{"@id":"https:\/\/femergs.com.br\/wfe\/#organization"},"keywords":["NULL"],"articleSection":["ARQUIVADAS"],"inLanguage":"pt-BR"},{"@type":"WebPage","@id":"https:\/\/femergs.com.br\/wfe\/blog\/presidente-vilson-em-defesa-do-servidor-publico-municipal-de-santa-rosa-e-horizontina\/","url":"https:\/\/femergs.com.br\/wfe\/blog\/presidente-vilson-em-defesa-do-servidor-publico-municipal-de-santa-rosa-e-horizontina\/","name":"PRESIDENTE VILSON EM DEFESA DO SERVIDOR P\u00daBLICO MUNICIPAL DE SANTA ROSA E HORIZONTINA - Federa\u00e7\u00e3o dos Municip\u00e1rios do Estado do Rio Grande do Sul","isPartOf":{"@id":"https:\/\/femergs.com.br\/wfe\/#website"},"datePublished":"2017-09-12T15:12:11+00:00","breadcrumb":{"@id":"https:\/\/femergs.com.br\/wfe\/blog\/presidente-vilson-em-defesa-do-servidor-publico-municipal-de-santa-rosa-e-horizontina\/#breadcrumb"},"inLanguage":"pt-BR","potentialAction":[{"@type":"ReadAction","target":["https:\/\/femergs.com.br\/wfe\/blog\/presidente-vilson-em-defesa-do-servidor-publico-municipal-de-santa-rosa-e-horizontina\/"]}]},{"@type":"BreadcrumbList","@id":"https:\/\/femergs.com.br\/wfe\/blog\/presidente-vilson-em-defesa-do-servidor-publico-municipal-de-santa-rosa-e-horizontina\/#breadcrumb","itemListElement":[{"@type":"ListItem","position":1,"name":"In\u00edcio","item":"https:\/\/femergs.com.br\/wfe\/"},{"@type":"ListItem","position":2,"name":"PRESIDENTE VILSON EM DEFESA DO SERVIDOR P\u00daBLICO MUNICIPAL DE SANTA ROSA E HORIZONTINA"}]},{"@type":"WebSite","@id":"https:\/\/femergs.com.br\/wfe\/#website","url":"https:\/\/femergs.com.br\/wfe\/","name":"FEMERGS","description":"FEDERA\u00c7\u00c3O DOS MUNICIP\u00c1RIOS DO ESTADO DO RIO GRANDE DO SUL","publisher":{"@id":"https:\/\/femergs.com.br\/wfe\/#organization"},"potentialAction":[{"@type":"SearchAction","target":{"@type":"EntryPoint","urlTemplate":"https:\/\/femergs.com.br\/wfe\/?s={search_term_string}"},"query-input":{"@type":"PropertyValueSpecification","valueRequired":true,"valueName":"search_term_string"}}],"inLanguage":"pt-BR"},{"@type":"Organization","@id":"https:\/\/femergs.com.br\/wfe\/#organization","name":"FEMERGS","url":"https:\/\/femergs.com.br\/wfe\/","logo":{"@type":"ImageObject","inLanguage":"pt-BR","@id":"https:\/\/femergs.com.br\/wfe\/#\/schema\/logo\/image\/","url":"https:\/\/femergs.com.br\/wfe\/wp-content\/uploads\/2025\/06\/logotipo.png","contentUrl":"https:\/\/femergs.com.br\/wfe\/wp-content\/uploads\/2025\/06\/logotipo.png","width":500,"height":500,"caption":"FEMERGS"},"image":{"@id":"https:\/\/femergs.com.br\/wfe\/#\/schema\/logo\/image\/"},"sameAs":["https:\/\/www.facebook.com\/profile.php?id=100057151733001","https:\/\/www.instagram.com\/femergs_rs\/"]},{"@type":"Person","@id":"https:\/\/femergs.com.br\/wfe\/#\/schema\/person\/f5558e6b5ffc044ee085016237dedb7f","name":"adminfemergs","image":{"@type":"ImageObject","inLanguage":"pt-BR","@id":"https:\/\/femergs.com.br\/wfe\/#\/schema\/person\/image\/","url":"https:\/\/secure.gravatar.com\/avatar\/398642fa557cdd524617ad9b31c938845f071aeb3448b9c0aeb29aefc495337b?s=96&d=mm&r=g","contentUrl":"https:\/\/secure.gravatar.com\/avatar\/398642fa557cdd524617ad9b31c938845f071aeb3448b9c0aeb29aefc495337b?s=96&d=mm&r=g","caption":"adminfemergs"},"sameAs":["https:\/\/femergs.com.br\/wfe"],"url":"https:\/\/femergs.com.br\/wfe\/blog\/author\/adminfemergs\/"}]}},"uagb_featured_image_src":{"full":false,"thumbnail":false,"medium":false,"medium_large":false,"large":false,"1536x1536":false,"2048x2048":false,"ultp_layout_landscape_large":false,"ultp_layout_landscape":false,"ultp_layout_portrait":false,"ultp_layout_square":false},"uagb_author_info":{"display_name":"adminfemergs","author_link":"https:\/\/femergs.com.br\/wfe\/blog\/author\/adminfemergs\/"},"uagb_comment_info":0,"uagb_excerpt":"Durante o dia 11 de setembro de 2017, o Presidente da Federa\u00e7\u00e3o dos Municip\u00e1rios do Estado do Rio Grande do Sul &#8211; FEMERGS, esteve juntamente com o Coordenador da Regional Grande Santa Rosa, R\u00f3bson Cristiano Kamm, para di\u00e1logo e organiza\u00e7\u00e3o no Munic\u00edpio de Santa Rosa, onde na parte da tarde estiveram reunidos numa mesa de&hellip;","_links":{"self":[{"href":"https:\/\/femergs.com.br\/wfe\/wp-json\/wp\/v2\/posts\/1102","targetHints":{"allow":["GET"]}}],"collection":[{"href":"https:\/\/femergs.com.br\/wfe\/wp-json\/wp\/v2\/posts"}],"about":[{"href":"https:\/\/femergs.com.br\/wfe\/wp-json\/wp\/v2\/types\/post"}],"author":[{"embeddable":true,"href":"https:\/\/femergs.com.br\/wfe\/wp-json\/wp\/v2\/users\/1"}],"replies":[{"embeddable":true,"href":"https:\/\/femergs.com.br\/wfe\/wp-json\/wp\/v2\/comments?post=1102"}],"version-history":[{"count":0,"href":"https:\/\/femergs.com.br\/wfe\/wp-json\/wp\/v2\/posts\/1102\/revisions"}],"wp:attachment":[{"href":"https:\/\/femergs.com.br\/wfe\/wp-json\/wp\/v2\/media?parent=1102"}],"wp:term":[{"taxonomy":"category","embeddable":true,"href":"https:\/\/femergs.com.br\/wfe\/wp-json\/wp\/v2\/categories?post=1102"},{"taxonomy":"post_tag","embeddable":true,"href":"https:\/\/femergs.com.br\/wfe\/wp-json\/wp\/v2\/tags?post=1102"}],"curies":[{"name":"wp","href":"https:\/\/api.w.org\/{rel}","templated":true}]}}