{"id":1104,"date":"2017-09-22T14:40:49","date_gmt":"2017-09-22T14:40:49","guid":{"rendered":"https:\/\/femergs.com.br\/wfe\/blog\/ato-unificado-apoio-aos-servidores-estaduais-do-estado-do-rio-grande-do-sul\/"},"modified":"2017-09-22T14:40:49","modified_gmt":"2017-09-22T14:40:49","slug":"ato-unificado-apoio-aos-servidores-estaduais-do-estado-do-rio-grande-do-sul","status":"publish","type":"post","link":"https:\/\/femergs.com.br\/wfe\/blog\/ato-unificado-apoio-aos-servidores-estaduais-do-estado-do-rio-grande-do-sul\/","title":{"rendered":"ATO UNIFICADO &#8211; APOIO AOS SERVIDORES ESTADUAIS DO ESTADO DO RIO GRANDE DO SUL"},"content":{"rendered":"<p>A Federa\u00e7\u00e3o dos Municip\u00e1rios do Estado do Rio Grande do Sul \u2013 FEMERGS, vem a p\u00fablico demonstrar apoio irrestrito a todos os trabalhadores e trabalhadoras do Servi\u00e7o P\u00fablico Estadual, contra as sucessivas tentativas do Governo Sartori em retirar direitos hist\u00f3ricos do funcionalismo, como o adicional de tempo de servi\u00e7o, a licen\u00e7a pr\u00eamio, o pagamento integral dos sal\u00e1rios em dia, o fracionamento do 13\u00ba sal\u00e1rio e a limita\u00e7\u00e3o da representatividade sindical.<br \/>\nDesta forma, buscando a unicidade entre os Servidores de ambos os segmentos e categorias a n\u00edvel de Rio Grande do Sul, a FEMERGS convoca todos os seus Sindicatos filiados para participarem do grande Ato promovido pelo Movimento Unificado dos Servidores Estaduais \u2013 MUS, o qual se realizar\u00e1 no pr\u00f3ximo dia 29 de Setembro, no Largo Gl\u00eanio Peres em Porto Alegre, com in\u00edcio as 13:30 horas.<br \/>\nNeste momento decisivo de nossa hist\u00f3ria, precisamos sim nos tornarmos coadjuvantes nesta batalha, pois n\u00e3o temos d\u00favidas que as maldades previstas no Pacote do Sartori ir\u00e3o nos atingir direta e indiretamente nos munic\u00edpios, dificultando ainda mais a vida da classe trabalhadora, j\u00e1 t\u00e3o castigada pelos desmandos de gestores mal-intencionados que ir\u00e3o buscar argumentos a n\u00edvel estadual para nos atingir tamb\u00e9m aqui na base, nessa pol\u00edtica de desmonte e desvaloriza\u00e7\u00e3o dos servi\u00e7os p\u00fablicos.&#8221;<\/p>\n<div style=\"text-align:center\">\n<strong>MUS \u2013 MOVIMENTO UNIFICADO DE SERVIDORES P\u00daBLICOS<\/strong><\/div>\n<div>Fessergs<\/div>\n<div>Amapergs Sindicato<br \/>\nCPERS\/Sindicato<br \/>\nSEMAPI RS<br \/>\nSintergs<br \/>\nSindicato dos T\u00e9cnicos Cient\u00edficos do RS<br \/>\nSindiGeral<br \/>\nSindipericias-RS<br \/>\nSindissama Saude<br \/>\nSINDIPE<br \/>\nSindispge\/RS<br \/>\nUgeirm &#8211; Sindicato dos Agentes<br \/>\nAOFERGS<br \/>\nSINDICIVIS\/BM<br \/>\nSISDAER<br \/>\nSinfers<br \/>\nSINDET RS<br \/>\nCeape\/tcers<br \/>\nSindicaixa<br \/>\nSindicato &#8211; NCST<br \/>\nNova Central<br \/>\nCGTB &#8211; Central Geral dos Trabalhadores do Brasil<\/div>\n","protected":false},"excerpt":{"rendered":"<p>A Federa\u00e7\u00e3o dos Municip\u00e1rios do Estado do Rio Grande do Sul \u2013 FEMERGS, vem a p\u00fablico demonstrar apoio irrestrito a todos os trabalhadores e trabalhadoras do Servi\u00e7o P\u00fablico Estadual, contra as sucessivas tentativas do Governo Sartori em retirar direitos hist\u00f3ricos do funcionalismo, como o adicional de tempo de servi\u00e7o, a licen\u00e7a pr\u00eamio, o pagamento integral [&hellip;]<\/p>\n","protected":false},"author":1,"featured_media":0,"comment_status":"closed","ping_status":"closed","sticky":false,"template":"","format":"standard","meta":{"_eb_attr":"","_uag_custom_page_level_css":"","fifu_image_url":"","fifu_image_alt":"","footnotes":""},"categories":[1],"tags":[32],"class_list":["post-1104","post","type-post","status-publish","format-standard","hentry","category-arquivadas","tag-null"],"yoast_head":"<!-- This site is optimized with the Yoast SEO plugin v27.1.1 - https:\/\/yoast.com\/product\/yoast-seo-wordpress\/ -->\n<title>ATO UNIFICADO - APOIO AOS SERVIDORES ESTADUAIS DO ESTADO DO RIO GRANDE DO SUL - Federa\u00e7\u00e3o dos Municip\u00e1rios do Estado do Rio Grande do Sul<\/title>\n<meta name=\"robots\" content=\"index, follow, max-snippet:-1, max-image-preview:large, max-video-preview:-1\" \/>\n<link rel=\"canonical\" href=\"https:\/\/femergs.com.br\/wfe\/blog\/ato-unificado-apoio-aos-servidores-estaduais-do-estado-do-rio-grande-do-sul\/\" \/>\n<meta property=\"og:locale\" content=\"pt_BR\" \/>\n<meta property=\"og:type\" content=\"article\" \/>\n<meta property=\"og:title\" content=\"ATO UNIFICADO - APOIO AOS SERVIDORES ESTADUAIS DO ESTADO DO RIO GRANDE DO SUL - Federa\u00e7\u00e3o dos Municip\u00e1rios do Estado do Rio Grande do Sul\" \/>\n<meta property=\"og:description\" content=\"A Federa\u00e7\u00e3o dos Municip\u00e1rios do Estado do Rio Grande do Sul \u2013 FEMERGS, vem a p\u00fablico demonstrar apoio irrestrito a todos os trabalhadores e trabalhadoras do Servi\u00e7o P\u00fablico Estadual, contra as sucessivas tentativas do Governo Sartori em retirar direitos hist\u00f3ricos do funcionalismo, como o adicional de tempo de servi\u00e7o, a licen\u00e7a pr\u00eamio, o pagamento integral [&hellip;]\" \/>\n<meta property=\"og:url\" content=\"https:\/\/femergs.com.br\/wfe\/blog\/ato-unificado-apoio-aos-servidores-estaduais-do-estado-do-rio-grande-do-sul\/\" \/>\n<meta property=\"og:site_name\" content=\"Federa\u00e7\u00e3o dos Municip\u00e1rios do Estado do Rio Grande do Sul\" \/>\n<meta property=\"article:publisher\" content=\"https:\/\/www.facebook.com\/profile.php?id=100057151733001\" \/>\n<meta property=\"article:published_time\" content=\"2017-09-22T14:40:49+00:00\" \/>\n<meta name=\"author\" content=\"adminfemergs\" \/>\n<meta name=\"twitter:card\" content=\"summary_large_image\" \/>\n<meta name=\"twitter:label1\" content=\"Escrito por\" \/>\n\t<meta name=\"twitter:data1\" content=\"adminfemergs\" \/>\n\t<meta name=\"twitter:label2\" content=\"Est. tempo de leitura\" \/>\n\t<meta name=\"twitter:data2\" content=\"1 minuto\" \/>\n<script type=\"application\/ld+json\" class=\"yoast-schema-graph\">{\"@context\":\"https:\/\/schema.org\",\"@graph\":[{\"@type\":\"Article\",\"@id\":\"https:\/\/femergs.com.br\/wfe\/blog\/ato-unificado-apoio-aos-servidores-estaduais-do-estado-do-rio-grande-do-sul\/#article\",\"isPartOf\":{\"@id\":\"https:\/\/femergs.com.br\/wfe\/blog\/ato-unificado-apoio-aos-servidores-estaduais-do-estado-do-rio-grande-do-sul\/\"},\"author\":{\"name\":\"adminfemergs\",\"@id\":\"https:\/\/femergs.com.br\/wfe\/#\/schema\/person\/f5558e6b5ffc044ee085016237dedb7f\"},\"headline\":\"ATO UNIFICADO &#8211; APOIO AOS SERVIDORES ESTADUAIS DO ESTADO DO RIO GRANDE DO SUL\",\"datePublished\":\"2017-09-22T14:40:49+00:00\",\"mainEntityOfPage\":{\"@id\":\"https:\/\/femergs.com.br\/wfe\/blog\/ato-unificado-apoio-aos-servidores-estaduais-do-estado-do-rio-grande-do-sul\/\"},\"wordCount\":303,\"publisher\":{\"@id\":\"https:\/\/femergs.com.br\/wfe\/#organization\"},\"keywords\":[\"NULL\"],\"articleSection\":[\"ARQUIVADAS\"],\"inLanguage\":\"pt-BR\"},{\"@type\":\"WebPage\",\"@id\":\"https:\/\/femergs.com.br\/wfe\/blog\/ato-unificado-apoio-aos-servidores-estaduais-do-estado-do-rio-grande-do-sul\/\",\"url\":\"https:\/\/femergs.com.br\/wfe\/blog\/ato-unificado-apoio-aos-servidores-estaduais-do-estado-do-rio-grande-do-sul\/\",\"name\":\"ATO UNIFICADO - APOIO AOS SERVIDORES ESTADUAIS DO ESTADO DO RIO GRANDE DO SUL - Federa\u00e7\u00e3o dos Municip\u00e1rios do Estado do Rio Grande do Sul\",\"isPartOf\":{\"@id\":\"https:\/\/femergs.com.br\/wfe\/#website\"},\"datePublished\":\"2017-09-22T14:40:49+00:00\",\"breadcrumb\":{\"@id\":\"https:\/\/femergs.com.br\/wfe\/blog\/ato-unificado-apoio-aos-servidores-estaduais-do-estado-do-rio-grande-do-sul\/#breadcrumb\"},\"inLanguage\":\"pt-BR\",\"potentialAction\":[{\"@type\":\"ReadAction\",\"target\":[\"https:\/\/femergs.com.br\/wfe\/blog\/ato-unificado-apoio-aos-servidores-estaduais-do-estado-do-rio-grande-do-sul\/\"]}]},{\"@type\":\"BreadcrumbList\",\"@id\":\"https:\/\/femergs.com.br\/wfe\/blog\/ato-unificado-apoio-aos-servidores-estaduais-do-estado-do-rio-grande-do-sul\/#breadcrumb\",\"itemListElement\":[{\"@type\":\"ListItem\",\"position\":1,\"name\":\"In\u00edcio\",\"item\":\"https:\/\/femergs.com.br\/wfe\/\"},{\"@type\":\"ListItem\",\"position\":2,\"name\":\"ATO UNIFICADO &#8211; APOIO AOS SERVIDORES ESTADUAIS DO ESTADO DO RIO GRANDE DO SUL\"}]},{\"@type\":\"WebSite\",\"@id\":\"https:\/\/femergs.com.br\/wfe\/#website\",\"url\":\"https:\/\/femergs.com.br\/wfe\/\",\"name\":\"FEMERGS\",\"description\":\"FEDERA\u00c7\u00c3O DOS MUNICIP\u00c1RIOS DO ESTADO DO RIO GRANDE DO SUL\",\"publisher\":{\"@id\":\"https:\/\/femergs.com.br\/wfe\/#organization\"},\"potentialAction\":[{\"@type\":\"SearchAction\",\"target\":{\"@type\":\"EntryPoint\",\"urlTemplate\":\"https:\/\/femergs.com.br\/wfe\/?s={search_term_string}\"},\"query-input\":{\"@type\":\"PropertyValueSpecification\",\"valueRequired\":true,\"valueName\":\"search_term_string\"}}],\"inLanguage\":\"pt-BR\"},{\"@type\":\"Organization\",\"@id\":\"https:\/\/femergs.com.br\/wfe\/#organization\",\"name\":\"FEMERGS\",\"url\":\"https:\/\/femergs.com.br\/wfe\/\",\"logo\":{\"@type\":\"ImageObject\",\"inLanguage\":\"pt-BR\",\"@id\":\"https:\/\/femergs.com.br\/wfe\/#\/schema\/logo\/image\/\",\"url\":\"https:\/\/femergs.com.br\/wfe\/wp-content\/uploads\/2025\/06\/logotipo.png\",\"contentUrl\":\"https:\/\/femergs.com.br\/wfe\/wp-content\/uploads\/2025\/06\/logotipo.png\",\"width\":500,\"height\":500,\"caption\":\"FEMERGS\"},\"image\":{\"@id\":\"https:\/\/femergs.com.br\/wfe\/#\/schema\/logo\/image\/\"},\"sameAs\":[\"https:\/\/www.facebook.com\/profile.php?id=100057151733001\",\"https:\/\/www.instagram.com\/femergs_rs\/\"]},{\"@type\":\"Person\",\"@id\":\"https:\/\/femergs.com.br\/wfe\/#\/schema\/person\/f5558e6b5ffc044ee085016237dedb7f\",\"name\":\"adminfemergs\",\"image\":{\"@type\":\"ImageObject\",\"inLanguage\":\"pt-BR\",\"@id\":\"https:\/\/femergs.com.br\/wfe\/#\/schema\/person\/image\/\",\"url\":\"https:\/\/secure.gravatar.com\/avatar\/398642fa557cdd524617ad9b31c938845f071aeb3448b9c0aeb29aefc495337b?s=96&d=mm&r=g\",\"contentUrl\":\"https:\/\/secure.gravatar.com\/avatar\/398642fa557cdd524617ad9b31c938845f071aeb3448b9c0aeb29aefc495337b?s=96&d=mm&r=g\",\"caption\":\"adminfemergs\"},\"sameAs\":[\"https:\/\/femergs.com.br\/wfe\"],\"url\":\"https:\/\/femergs.com.br\/wfe\/blog\/author\/adminfemergs\/\"}]}<\/script>\n<!-- \/ Yoast SEO plugin. -->","yoast_head_json":{"title":"ATO UNIFICADO - APOIO AOS SERVIDORES ESTADUAIS DO ESTADO DO RIO GRANDE DO SUL - Federa\u00e7\u00e3o dos Municip\u00e1rios do Estado do Rio Grande do Sul","robots":{"index":"index","follow":"follow","max-snippet":"max-snippet:-1","max-image-preview":"max-image-preview:large","max-video-preview":"max-video-preview:-1"},"canonical":"https:\/\/femergs.com.br\/wfe\/blog\/ato-unificado-apoio-aos-servidores-estaduais-do-estado-do-rio-grande-do-sul\/","og_locale":"pt_BR","og_type":"article","og_title":"ATO UNIFICADO - APOIO AOS SERVIDORES ESTADUAIS DO ESTADO DO RIO GRANDE DO SUL - Federa\u00e7\u00e3o dos Municip\u00e1rios do Estado do Rio Grande do Sul","og_description":"A Federa\u00e7\u00e3o dos Municip\u00e1rios do Estado do Rio Grande do Sul \u2013 FEMERGS, vem a p\u00fablico demonstrar apoio irrestrito a todos os trabalhadores e trabalhadoras do Servi\u00e7o P\u00fablico Estadual, contra as sucessivas tentativas do Governo Sartori em retirar direitos hist\u00f3ricos do funcionalismo, como o adicional de tempo de servi\u00e7o, a licen\u00e7a pr\u00eamio, o pagamento integral [&hellip;]","og_url":"https:\/\/femergs.com.br\/wfe\/blog\/ato-unificado-apoio-aos-servidores-estaduais-do-estado-do-rio-grande-do-sul\/","og_site_name":"Federa\u00e7\u00e3o dos Municip\u00e1rios do Estado do Rio Grande do Sul","article_publisher":"https:\/\/www.facebook.com\/profile.php?id=100057151733001","article_published_time":"2017-09-22T14:40:49+00:00","author":"adminfemergs","twitter_card":"summary_large_image","twitter_misc":{"Escrito por":"adminfemergs","Est. tempo de leitura":"1 minuto"},"schema":{"@context":"https:\/\/schema.org","@graph":[{"@type":"Article","@id":"https:\/\/femergs.com.br\/wfe\/blog\/ato-unificado-apoio-aos-servidores-estaduais-do-estado-do-rio-grande-do-sul\/#article","isPartOf":{"@id":"https:\/\/femergs.com.br\/wfe\/blog\/ato-unificado-apoio-aos-servidores-estaduais-do-estado-do-rio-grande-do-sul\/"},"author":{"name":"adminfemergs","@id":"https:\/\/femergs.com.br\/wfe\/#\/schema\/person\/f5558e6b5ffc044ee085016237dedb7f"},"headline":"ATO UNIFICADO &#8211; APOIO AOS SERVIDORES ESTADUAIS DO ESTADO DO RIO GRANDE DO SUL","datePublished":"2017-09-22T14:40:49+00:00","mainEntityOfPage":{"@id":"https:\/\/femergs.com.br\/wfe\/blog\/ato-unificado-apoio-aos-servidores-estaduais-do-estado-do-rio-grande-do-sul\/"},"wordCount":303,"publisher":{"@id":"https:\/\/femergs.com.br\/wfe\/#organization"},"keywords":["NULL"],"articleSection":["ARQUIVADAS"],"inLanguage":"pt-BR"},{"@type":"WebPage","@id":"https:\/\/femergs.com.br\/wfe\/blog\/ato-unificado-apoio-aos-servidores-estaduais-do-estado-do-rio-grande-do-sul\/","url":"https:\/\/femergs.com.br\/wfe\/blog\/ato-unificado-apoio-aos-servidores-estaduais-do-estado-do-rio-grande-do-sul\/","name":"ATO UNIFICADO - APOIO AOS SERVIDORES ESTADUAIS DO ESTADO DO RIO GRANDE DO SUL - Federa\u00e7\u00e3o dos Municip\u00e1rios do Estado do Rio Grande do Sul","isPartOf":{"@id":"https:\/\/femergs.com.br\/wfe\/#website"},"datePublished":"2017-09-22T14:40:49+00:00","breadcrumb":{"@id":"https:\/\/femergs.com.br\/wfe\/blog\/ato-unificado-apoio-aos-servidores-estaduais-do-estado-do-rio-grande-do-sul\/#breadcrumb"},"inLanguage":"pt-BR","potentialAction":[{"@type":"ReadAction","target":["https:\/\/femergs.com.br\/wfe\/blog\/ato-unificado-apoio-aos-servidores-estaduais-do-estado-do-rio-grande-do-sul\/"]}]},{"@type":"BreadcrumbList","@id":"https:\/\/femergs.com.br\/wfe\/blog\/ato-unificado-apoio-aos-servidores-estaduais-do-estado-do-rio-grande-do-sul\/#breadcrumb","itemListElement":[{"@type":"ListItem","position":1,"name":"In\u00edcio","item":"https:\/\/femergs.com.br\/wfe\/"},{"@type":"ListItem","position":2,"name":"ATO UNIFICADO &#8211; APOIO AOS SERVIDORES ESTADUAIS DO ESTADO DO RIO GRANDE DO SUL"}]},{"@type":"WebSite","@id":"https:\/\/femergs.com.br\/wfe\/#website","url":"https:\/\/femergs.com.br\/wfe\/","name":"FEMERGS","description":"FEDERA\u00c7\u00c3O DOS MUNICIP\u00c1RIOS DO ESTADO DO RIO GRANDE DO SUL","publisher":{"@id":"https:\/\/femergs.com.br\/wfe\/#organization"},"potentialAction":[{"@type":"SearchAction","target":{"@type":"EntryPoint","urlTemplate":"https:\/\/femergs.com.br\/wfe\/?s={search_term_string}"},"query-input":{"@type":"PropertyValueSpecification","valueRequired":true,"valueName":"search_term_string"}}],"inLanguage":"pt-BR"},{"@type":"Organization","@id":"https:\/\/femergs.com.br\/wfe\/#organization","name":"FEMERGS","url":"https:\/\/femergs.com.br\/wfe\/","logo":{"@type":"ImageObject","inLanguage":"pt-BR","@id":"https:\/\/femergs.com.br\/wfe\/#\/schema\/logo\/image\/","url":"https:\/\/femergs.com.br\/wfe\/wp-content\/uploads\/2025\/06\/logotipo.png","contentUrl":"https:\/\/femergs.com.br\/wfe\/wp-content\/uploads\/2025\/06\/logotipo.png","width":500,"height":500,"caption":"FEMERGS"},"image":{"@id":"https:\/\/femergs.com.br\/wfe\/#\/schema\/logo\/image\/"},"sameAs":["https:\/\/www.facebook.com\/profile.php?id=100057151733001","https:\/\/www.instagram.com\/femergs_rs\/"]},{"@type":"Person","@id":"https:\/\/femergs.com.br\/wfe\/#\/schema\/person\/f5558e6b5ffc044ee085016237dedb7f","name":"adminfemergs","image":{"@type":"ImageObject","inLanguage":"pt-BR","@id":"https:\/\/femergs.com.br\/wfe\/#\/schema\/person\/image\/","url":"https:\/\/secure.gravatar.com\/avatar\/398642fa557cdd524617ad9b31c938845f071aeb3448b9c0aeb29aefc495337b?s=96&d=mm&r=g","contentUrl":"https:\/\/secure.gravatar.com\/avatar\/398642fa557cdd524617ad9b31c938845f071aeb3448b9c0aeb29aefc495337b?s=96&d=mm&r=g","caption":"adminfemergs"},"sameAs":["https:\/\/femergs.com.br\/wfe"],"url":"https:\/\/femergs.com.br\/wfe\/blog\/author\/adminfemergs\/"}]}},"uagb_featured_image_src":{"full":false,"thumbnail":false,"medium":false,"medium_large":false,"large":false,"1536x1536":false,"2048x2048":false,"ultp_layout_landscape_large":false,"ultp_layout_landscape":false,"ultp_layout_portrait":false,"ultp_layout_square":false},"uagb_author_info":{"display_name":"adminfemergs","author_link":"https:\/\/femergs.com.br\/wfe\/blog\/author\/adminfemergs\/"},"uagb_comment_info":0,"uagb_excerpt":"A Federa\u00e7\u00e3o dos Municip\u00e1rios do Estado do Rio Grande do Sul \u2013 FEMERGS, vem a p\u00fablico demonstrar apoio irrestrito a todos os trabalhadores e trabalhadoras do Servi\u00e7o P\u00fablico Estadual, contra as sucessivas tentativas do Governo Sartori em retirar direitos hist\u00f3ricos do funcionalismo, como o adicional de tempo de servi\u00e7o, a licen\u00e7a pr\u00eamio, o pagamento integral&hellip;","_links":{"self":[{"href":"https:\/\/femergs.com.br\/wfe\/wp-json\/wp\/v2\/posts\/1104","targetHints":{"allow":["GET"]}}],"collection":[{"href":"https:\/\/femergs.com.br\/wfe\/wp-json\/wp\/v2\/posts"}],"about":[{"href":"https:\/\/femergs.com.br\/wfe\/wp-json\/wp\/v2\/types\/post"}],"author":[{"embeddable":true,"href":"https:\/\/femergs.com.br\/wfe\/wp-json\/wp\/v2\/users\/1"}],"replies":[{"embeddable":true,"href":"https:\/\/femergs.com.br\/wfe\/wp-json\/wp\/v2\/comments?post=1104"}],"version-history":[{"count":0,"href":"https:\/\/femergs.com.br\/wfe\/wp-json\/wp\/v2\/posts\/1104\/revisions"}],"wp:attachment":[{"href":"https:\/\/femergs.com.br\/wfe\/wp-json\/wp\/v2\/media?parent=1104"}],"wp:term":[{"taxonomy":"category","embeddable":true,"href":"https:\/\/femergs.com.br\/wfe\/wp-json\/wp\/v2\/categories?post=1104"},{"taxonomy":"post_tag","embeddable":true,"href":"https:\/\/femergs.com.br\/wfe\/wp-json\/wp\/v2\/tags?post=1104"}],"curies":[{"name":"wp","href":"https:\/\/api.w.org\/{rel}","templated":true}]}}