{"id":1105,"date":"2017-09-22T15:08:28","date_gmt":"2017-09-22T15:08:28","guid":{"rendered":"https:\/\/femergs.com.br\/wfe\/blog\/abaixo-assinado-pela-revogacao-da-reforma-trabalhista\/"},"modified":"2017-09-22T15:08:28","modified_gmt":"2017-09-22T15:08:28","slug":"abaixo-assinado-pela-revogacao-da-reforma-trabalhista","status":"publish","type":"post","link":"https:\/\/femergs.com.br\/wfe\/blog\/abaixo-assinado-pela-revogacao-da-reforma-trabalhista\/","title":{"rendered":"Abaixo Assinado &#8211; Pela revoga\u00e7\u00e3o da Reforma Trabalhista"},"content":{"rendered":"<p>IMPRIMA SEU ABAIXO ASSINADO AQUI:<br \/>\n<a href=\"http:\/\/www.femergs.com.br\/documento\/4\/abaixo-assinado-reforma-trabalhista\" target=\"_blank\">http:\/\/www.femergs.com.br\/documento\/4\/abaixo-assinado-reforma-trabalhista<\/a><\/p>\n<p>\n\u00c0 ORGANIZA\u00c7\u00c3O INTERNACIONAL DO TRABALHO &#8211; OIT<br \/>\n\u00c0 COMISS\u00c3O DE DIREITOS HUMANOS DA ORGANIZA\u00c7\u00c3O DAS NA\u00c7\u00d5ES UNIDAS \u2013 ONU<br \/>\n\u00c0 COMISS\u00c3O DE DIRETOS HUMANOS DA ORGANIZA\u00c7\u00c3O DOS ESTADOS AMERICANOS \u2013 OEA Prezados senhores,<\/p>\n<div style=\"text-align:justify\">O Governo e o Congresso Nacional da Rep\u00fablica Federativa do Brasil acabam de aprovar a Lei n. 13.467, de 13 de julho de 2017, com vasta e ampla revoga\u00e7\u00e3o de direitos trabalhistas, que permite reduzir sal\u00e1rios, aumentar a jornada de trabalho sem compensa\u00e7\u00e3o ou pagamento de horas extras e sem levar em conta capacidades f\u00edsicas e mentais; retirar direitos integrais a f\u00e9rias, 13\u00ba. sal\u00e1rio, aviso pr\u00e9vio, participa\u00e7\u00e3o nos lucros; trabalho de gestantes e lactantes em locais insalubres; n\u00e3o observar normas de sa\u00fade e seguran\u00e7a; condi\u00e7\u00f5es antissociais para o trabalho intermitente; terceiriza\u00e7\u00e3o da m\u00e3o de obra ampla, at\u00e9 para atividades fins; substitui os sindicatos por comiss\u00f5es de empresa e os retira das rescis\u00f5es; estimula fraudes na rela\u00e7\u00e3o de trabalho atrav\u00e9s de trabalhadores aut\u00f4nomos falsos e pessoas jur\u00eddicas an\u00f4malas.<br \/>\nTudo a ser feito por negocia\u00e7\u00e3o individual e coletiva, que passa a prevalecer sobre a lei. Abre caminhos para violar Conven\u00e7\u00f5es da OIT que valorizam negocia\u00e7\u00f5es coletivas para conquista e n\u00e3o rebaixamentos de direitos.<br \/>\nAmesquinha o papel das entidades sindicais, dificultando suas a\u00e7\u00f5es na busca de novos direitos.<br \/>\nSubstitui os sindicatos por comiss\u00f5es de empresas e os retira das rescis\u00f5es.<br \/>\nAfronta a autonomia e a compet\u00eancia da Justi\u00e7a do Trabalho na aprecia\u00e7\u00e3o dos conflitos nas rela\u00e7\u00f5es de trabalho e aumenta custos judiciais.<br \/>\nN\u00e3o se atendeu \u00e0s recomenda\u00e7\u00f5es e determina\u00e7\u00f5es b\u00e1sicas da OIT, especialmente as do Conv\u00eanio 144: n\u00e3o houve consulta tripartite pr\u00e9via entre o Governo, empregados e empregadores sobre o projeto de lei, nem se buscou acordo pr\u00e9vio entre eles, mesmo afetando-se a negocia\u00e7\u00e3o coletiva e as condi\u00e7\u00f5es de emprego.<br \/>\nOs Conv\u00eanios 98, 151 e 154 estabelecem que as negocia\u00e7\u00f5es coletivas e individuais devem objetivar direitos para al\u00e9m do estabelecido na legisla\u00e7\u00e3o, n\u00e3o para deixar de aplicar a legisla\u00e7\u00e3o trabalhista, como recomendou o relat\u00f3rio do Comit\u00ea de Peritos em Aplica\u00e7\u00e3o de Conven\u00e7\u00f5es e Recomenda\u00e7\u00f5es da OIT, em fevereiro \u00faltimo. A lei fere essas garantias, desrespeita e afronta a Constitui\u00e7\u00e3o brasileira. N\u00e3o pode o Brasil estabelecer lei que rebaixe a aplica\u00e7\u00e3o dos acordos da OIT, firmados e adotados pelo Brasil.<br \/>\nA Declara\u00e7\u00e3o Universal dos Direitos Humanos da ONU, que obriga o Brasil, estipula em seu art. 23 \u2013 item 3 que \u00e9 direito de todo trabalhador remunera\u00e7\u00e3o equitativa e satisfat\u00f3ria \u00e0 exist\u00eancia e dignidade humana. O Protocolo Adicional \u00e0 Conven\u00e7\u00e3o Americana sobre Direitos Humanos em Mat\u00e9ria de Direitos Econ\u00f4micos, Sociais e Culturais, o chamado Protocolo de San Salvador, igualmente obriga o Brasil com a manuten\u00e7\u00e3o dos direitos trabalhistas (art. 7 e 8).<br \/>\nAPELAMOS a Vossas Senhorias que tomem medidas visando a levar o Governo brasileiro e o Congresso Nacional a rever esta Lei n. 13.467, t\u00e3o in\u00edqua e violadora dos direitos dos trabalhadores brasileiros.<\/div>\n<div style=\"text-align:center\">\n<p><u>F\u00f3rum Sindical mobiliza para ampliar press\u00e3o nas bases contra reformas<\/u>\n <\/div>\n<div style=\"text-align:justify\"><sup>Fonte: http:\/\/www.agenciasindical.com.br\/lermais_materias.php?cd_materias=7534&#038;friurl=_-Forum-Sindical-mobiliza-para-ampliar-pressao-nas-bases-contra-reformas-_<\/sup><\/p>\n<p>Do come\u00e7o de setembro at\u00e9 o dia 10 de novembro, o F\u00f3rum Sindical dos Trabalhadores (FST) ampliar\u00e1 o leque de a\u00e7\u00f5es contra as maldades das reformas trabalhista e sindical de Temer.<\/p>\n<p>Nesta ter\u00e7a (5), o F\u00f3rum, que agrega 22 Confedera\u00e7\u00f5es, reuniu em Bras\u00edlia 71 entidades, al\u00e9m do Dieese, Diap, OAB e Anamatra, para definir a\u00e7\u00f5es conjuntas. Al\u00e9m da mobiliza\u00e7\u00e3o sindical e das a\u00e7\u00f5es com outras entidades, o FST, segundo seu coordenador, Artur Bueno de Camargo, atua no \u00e2mbito da OIT &#8211; Organiza\u00e7\u00e3o Internacional do Trabalho.<\/p>\n<p>Dia 28 de agosto, dirigentes do FST entregaram em Genebra, na Su\u00ed\u00e7a, ao diretor-geral da OIT, Guy Ryder, documento apontando que a reforma desrespeita Conven\u00e7\u00f5es das quais o Brasil \u00e9 signat\u00e1rio \u2013 98, 154 e 155. O pr\u00f3ximo passo \u00e9 reunir-se com o representante da OIT no Brasil, Peter Poschen.<\/p>\n<p>Base &#8211; Para Artur, que tamb\u00e9m preside a Confedera\u00e7\u00e3o Nacional dos Trabalhadores na Alimenta\u00e7\u00e3o (CNTA Afins), \u00e9 preciso aumentar a press\u00e3o da base trabalhadora.<\/p>\n<p>\u201cTodas as a\u00e7\u00f5es que fizemos at\u00e9 agora s\u00e3o importantes. Mas nossa orienta\u00e7\u00e3o \u00e9 ir pra base, esclarecer o trabalhador a respeito do impacto violento da reforma, da perda de direitos\u201d, afirma. \u201cA press\u00e3o mais forte ser\u00e1 essa, com as bases conscientes e mobilizadas\u201d, argumenta Artur em entrevista \u00e0 R\u00e1dio Web Ag\u00eancia Sindical.<\/p>\n<p>CNBB &#8211; O F\u00f3rum, que j\u00e1 est\u00e1 fazendo abaixo-assinado para tornar nula a lei trabalhista de Temer, deve se reunir em breve com a coordena\u00e7\u00e3o da Confer\u00eancia Nacional dos Bispos do Brasil. De acordo com Artur Bueno de Camargo, j\u00e1 houve um primeiro encontro. Ele diz: \u201cAgora, queremos fazer uma reuni\u00e3o mais ampla, para tratar de a\u00e7\u00f5es no campo sindical e tamb\u00e9m na quest\u00e3o dos direitos sociais e humanos\u201d.<\/p>\n<p>Metal\u00fargicos &#8211; Embora tenha ato j\u00e1 agendado para Rond\u00f4nia, o FST dever\u00e1 participar do protesto metal\u00fargico, na manh\u00e3 de 14 de setembro, como forma de engrossar as fileiras do movimento Brasil Metal\u00fargico, coordenado por Sindicatos, Federa\u00e7\u00f5es e Confedera\u00e7\u00f5es filiadas \u00e0 For\u00e7a Sindical, CUT, UGT, CTB, Intersindical e CSP-Conlutas.<\/p><\/div>\n","protected":false},"excerpt":{"rendered":"<p>IMPRIMA SEU ABAIXO ASSINADO AQUI: http:\/\/www.femergs.com.br\/documento\/4\/abaixo-assinado-reforma-trabalhista \u00c0 ORGANIZA\u00c7\u00c3O INTERNACIONAL DO TRABALHO &#8211; OIT \u00c0 COMISS\u00c3O DE DIREITOS HUMANOS DA ORGANIZA\u00c7\u00c3O DAS NA\u00c7\u00d5ES UNIDAS \u2013 ONU \u00c0 COMISS\u00c3O DE DIRETOS HUMANOS DA ORGANIZA\u00c7\u00c3O DOS ESTADOS AMERICANOS \u2013 OEA Prezados senhores, O Governo e o Congresso Nacional da Rep\u00fablica Federativa do Brasil acabam de aprovar a Lei [&hellip;]<\/p>\n","protected":false},"author":1,"featured_media":0,"comment_status":"closed","ping_status":"closed","sticky":false,"template":"","format":"standard","meta":{"_eb_attr":"","_uag_custom_page_level_css":"","fifu_image_url":"","fifu_image_alt":"","footnotes":""},"categories":[1],"tags":[32],"class_list":["post-1105","post","type-post","status-publish","format-standard","hentry","category-arquivadas","tag-null"],"yoast_head":"<!-- This site is optimized with the Yoast SEO plugin v27.1.1 - https:\/\/yoast.com\/product\/yoast-seo-wordpress\/ -->\n<title>Abaixo Assinado - Pela revoga\u00e7\u00e3o da Reforma Trabalhista - Federa\u00e7\u00e3o dos Municip\u00e1rios do Estado do Rio Grande do Sul<\/title>\n<meta name=\"robots\" content=\"index, follow, max-snippet:-1, max-image-preview:large, max-video-preview:-1\" \/>\n<link rel=\"canonical\" href=\"https:\/\/femergs.com.br\/wfe\/blog\/abaixo-assinado-pela-revogacao-da-reforma-trabalhista\/\" \/>\n<meta property=\"og:locale\" content=\"pt_BR\" \/>\n<meta property=\"og:type\" content=\"article\" \/>\n<meta property=\"og:title\" content=\"Abaixo Assinado - Pela revoga\u00e7\u00e3o da Reforma Trabalhista - Federa\u00e7\u00e3o dos Municip\u00e1rios do Estado do Rio Grande do Sul\" \/>\n<meta property=\"og:description\" content=\"IMPRIMA SEU ABAIXO ASSINADO AQUI: http:\/\/www.femergs.com.br\/documento\/4\/abaixo-assinado-reforma-trabalhista \u00c0 ORGANIZA\u00c7\u00c3O INTERNACIONAL DO TRABALHO &#8211; OIT \u00c0 COMISS\u00c3O DE DIREITOS HUMANOS DA ORGANIZA\u00c7\u00c3O DAS NA\u00c7\u00d5ES UNIDAS \u2013 ONU \u00c0 COMISS\u00c3O DE DIRETOS HUMANOS DA ORGANIZA\u00c7\u00c3O DOS ESTADOS AMERICANOS \u2013 OEA Prezados senhores, O Governo e o Congresso Nacional da Rep\u00fablica Federativa do Brasil acabam de aprovar a Lei [&hellip;]\" \/>\n<meta property=\"og:url\" content=\"https:\/\/femergs.com.br\/wfe\/blog\/abaixo-assinado-pela-revogacao-da-reforma-trabalhista\/\" \/>\n<meta property=\"og:site_name\" content=\"Federa\u00e7\u00e3o dos Municip\u00e1rios do Estado do Rio Grande do Sul\" \/>\n<meta property=\"article:publisher\" content=\"https:\/\/www.facebook.com\/profile.php?id=100057151733001\" \/>\n<meta property=\"article:published_time\" content=\"2017-09-22T15:08:28+00:00\" \/>\n<meta name=\"author\" content=\"adminfemergs\" \/>\n<meta name=\"twitter:card\" content=\"summary_large_image\" \/>\n<meta name=\"twitter:label1\" content=\"Escrito por\" \/>\n\t<meta name=\"twitter:data1\" content=\"adminfemergs\" \/>\n\t<meta name=\"twitter:label2\" content=\"Est. tempo de leitura\" \/>\n\t<meta name=\"twitter:data2\" content=\"5 minutos\" \/>\n<script type=\"application\/ld+json\" class=\"yoast-schema-graph\">{\"@context\":\"https:\/\/schema.org\",\"@graph\":[{\"@type\":\"Article\",\"@id\":\"https:\/\/femergs.com.br\/wfe\/blog\/abaixo-assinado-pela-revogacao-da-reforma-trabalhista\/#article\",\"isPartOf\":{\"@id\":\"https:\/\/femergs.com.br\/wfe\/blog\/abaixo-assinado-pela-revogacao-da-reforma-trabalhista\/\"},\"author\":{\"name\":\"adminfemergs\",\"@id\":\"https:\/\/femergs.com.br\/wfe\/#\/schema\/person\/f5558e6b5ffc044ee085016237dedb7f\"},\"headline\":\"Abaixo Assinado &#8211; Pela revoga\u00e7\u00e3o da Reforma Trabalhista\",\"datePublished\":\"2017-09-22T15:08:28+00:00\",\"mainEntityOfPage\":{\"@id\":\"https:\/\/femergs.com.br\/wfe\/blog\/abaixo-assinado-pela-revogacao-da-reforma-trabalhista\/\"},\"wordCount\":922,\"publisher\":{\"@id\":\"https:\/\/femergs.com.br\/wfe\/#organization\"},\"keywords\":[\"NULL\"],\"articleSection\":[\"ARQUIVADAS\"],\"inLanguage\":\"pt-BR\"},{\"@type\":\"WebPage\",\"@id\":\"https:\/\/femergs.com.br\/wfe\/blog\/abaixo-assinado-pela-revogacao-da-reforma-trabalhista\/\",\"url\":\"https:\/\/femergs.com.br\/wfe\/blog\/abaixo-assinado-pela-revogacao-da-reforma-trabalhista\/\",\"name\":\"Abaixo Assinado - Pela revoga\u00e7\u00e3o da Reforma Trabalhista - Federa\u00e7\u00e3o dos Municip\u00e1rios do Estado do Rio Grande do Sul\",\"isPartOf\":{\"@id\":\"https:\/\/femergs.com.br\/wfe\/#website\"},\"datePublished\":\"2017-09-22T15:08:28+00:00\",\"breadcrumb\":{\"@id\":\"https:\/\/femergs.com.br\/wfe\/blog\/abaixo-assinado-pela-revogacao-da-reforma-trabalhista\/#breadcrumb\"},\"inLanguage\":\"pt-BR\",\"potentialAction\":[{\"@type\":\"ReadAction\",\"target\":[\"https:\/\/femergs.com.br\/wfe\/blog\/abaixo-assinado-pela-revogacao-da-reforma-trabalhista\/\"]}]},{\"@type\":\"BreadcrumbList\",\"@id\":\"https:\/\/femergs.com.br\/wfe\/blog\/abaixo-assinado-pela-revogacao-da-reforma-trabalhista\/#breadcrumb\",\"itemListElement\":[{\"@type\":\"ListItem\",\"position\":1,\"name\":\"In\u00edcio\",\"item\":\"https:\/\/femergs.com.br\/wfe\/\"},{\"@type\":\"ListItem\",\"position\":2,\"name\":\"Abaixo Assinado &#8211; Pela revoga\u00e7\u00e3o da Reforma Trabalhista\"}]},{\"@type\":\"WebSite\",\"@id\":\"https:\/\/femergs.com.br\/wfe\/#website\",\"url\":\"https:\/\/femergs.com.br\/wfe\/\",\"name\":\"FEMERGS\",\"description\":\"FEDERA\u00c7\u00c3O DOS MUNICIP\u00c1RIOS DO ESTADO DO RIO GRANDE DO SUL\",\"publisher\":{\"@id\":\"https:\/\/femergs.com.br\/wfe\/#organization\"},\"potentialAction\":[{\"@type\":\"SearchAction\",\"target\":{\"@type\":\"EntryPoint\",\"urlTemplate\":\"https:\/\/femergs.com.br\/wfe\/?s={search_term_string}\"},\"query-input\":{\"@type\":\"PropertyValueSpecification\",\"valueRequired\":true,\"valueName\":\"search_term_string\"}}],\"inLanguage\":\"pt-BR\"},{\"@type\":\"Organization\",\"@id\":\"https:\/\/femergs.com.br\/wfe\/#organization\",\"name\":\"FEMERGS\",\"url\":\"https:\/\/femergs.com.br\/wfe\/\",\"logo\":{\"@type\":\"ImageObject\",\"inLanguage\":\"pt-BR\",\"@id\":\"https:\/\/femergs.com.br\/wfe\/#\/schema\/logo\/image\/\",\"url\":\"https:\/\/femergs.com.br\/wfe\/wp-content\/uploads\/2025\/06\/logotipo.png\",\"contentUrl\":\"https:\/\/femergs.com.br\/wfe\/wp-content\/uploads\/2025\/06\/logotipo.png\",\"width\":500,\"height\":500,\"caption\":\"FEMERGS\"},\"image\":{\"@id\":\"https:\/\/femergs.com.br\/wfe\/#\/schema\/logo\/image\/\"},\"sameAs\":[\"https:\/\/www.facebook.com\/profile.php?id=100057151733001\",\"https:\/\/www.instagram.com\/femergs_rs\/\"]},{\"@type\":\"Person\",\"@id\":\"https:\/\/femergs.com.br\/wfe\/#\/schema\/person\/f5558e6b5ffc044ee085016237dedb7f\",\"name\":\"adminfemergs\",\"image\":{\"@type\":\"ImageObject\",\"inLanguage\":\"pt-BR\",\"@id\":\"https:\/\/femergs.com.br\/wfe\/#\/schema\/person\/image\/\",\"url\":\"https:\/\/secure.gravatar.com\/avatar\/398642fa557cdd524617ad9b31c938845f071aeb3448b9c0aeb29aefc495337b?s=96&d=mm&r=g\",\"contentUrl\":\"https:\/\/secure.gravatar.com\/avatar\/398642fa557cdd524617ad9b31c938845f071aeb3448b9c0aeb29aefc495337b?s=96&d=mm&r=g\",\"caption\":\"adminfemergs\"},\"sameAs\":[\"https:\/\/femergs.com.br\/wfe\"],\"url\":\"https:\/\/femergs.com.br\/wfe\/blog\/author\/adminfemergs\/\"}]}<\/script>\n<!-- \/ Yoast SEO plugin. -->","yoast_head_json":{"title":"Abaixo Assinado - Pela revoga\u00e7\u00e3o da Reforma Trabalhista - Federa\u00e7\u00e3o dos Municip\u00e1rios do Estado do Rio Grande do Sul","robots":{"index":"index","follow":"follow","max-snippet":"max-snippet:-1","max-image-preview":"max-image-preview:large","max-video-preview":"max-video-preview:-1"},"canonical":"https:\/\/femergs.com.br\/wfe\/blog\/abaixo-assinado-pela-revogacao-da-reforma-trabalhista\/","og_locale":"pt_BR","og_type":"article","og_title":"Abaixo Assinado - Pela revoga\u00e7\u00e3o da Reforma Trabalhista - Federa\u00e7\u00e3o dos Municip\u00e1rios do Estado do Rio Grande do Sul","og_description":"IMPRIMA SEU ABAIXO ASSINADO AQUI: http:\/\/www.femergs.com.br\/documento\/4\/abaixo-assinado-reforma-trabalhista \u00c0 ORGANIZA\u00c7\u00c3O INTERNACIONAL DO TRABALHO &#8211; OIT \u00c0 COMISS\u00c3O DE DIREITOS HUMANOS DA ORGANIZA\u00c7\u00c3O DAS NA\u00c7\u00d5ES UNIDAS \u2013 ONU \u00c0 COMISS\u00c3O DE DIRETOS HUMANOS DA ORGANIZA\u00c7\u00c3O DOS ESTADOS AMERICANOS \u2013 OEA Prezados senhores, O Governo e o Congresso Nacional da Rep\u00fablica Federativa do Brasil acabam de aprovar a Lei [&hellip;]","og_url":"https:\/\/femergs.com.br\/wfe\/blog\/abaixo-assinado-pela-revogacao-da-reforma-trabalhista\/","og_site_name":"Federa\u00e7\u00e3o dos Municip\u00e1rios do Estado do Rio Grande do Sul","article_publisher":"https:\/\/www.facebook.com\/profile.php?id=100057151733001","article_published_time":"2017-09-22T15:08:28+00:00","author":"adminfemergs","twitter_card":"summary_large_image","twitter_misc":{"Escrito por":"adminfemergs","Est. tempo de leitura":"5 minutos"},"schema":{"@context":"https:\/\/schema.org","@graph":[{"@type":"Article","@id":"https:\/\/femergs.com.br\/wfe\/blog\/abaixo-assinado-pela-revogacao-da-reforma-trabalhista\/#article","isPartOf":{"@id":"https:\/\/femergs.com.br\/wfe\/blog\/abaixo-assinado-pela-revogacao-da-reforma-trabalhista\/"},"author":{"name":"adminfemergs","@id":"https:\/\/femergs.com.br\/wfe\/#\/schema\/person\/f5558e6b5ffc044ee085016237dedb7f"},"headline":"Abaixo Assinado &#8211; Pela revoga\u00e7\u00e3o da Reforma Trabalhista","datePublished":"2017-09-22T15:08:28+00:00","mainEntityOfPage":{"@id":"https:\/\/femergs.com.br\/wfe\/blog\/abaixo-assinado-pela-revogacao-da-reforma-trabalhista\/"},"wordCount":922,"publisher":{"@id":"https:\/\/femergs.com.br\/wfe\/#organization"},"keywords":["NULL"],"articleSection":["ARQUIVADAS"],"inLanguage":"pt-BR"},{"@type":"WebPage","@id":"https:\/\/femergs.com.br\/wfe\/blog\/abaixo-assinado-pela-revogacao-da-reforma-trabalhista\/","url":"https:\/\/femergs.com.br\/wfe\/blog\/abaixo-assinado-pela-revogacao-da-reforma-trabalhista\/","name":"Abaixo Assinado - Pela revoga\u00e7\u00e3o da Reforma Trabalhista - Federa\u00e7\u00e3o dos Municip\u00e1rios do Estado do Rio Grande do Sul","isPartOf":{"@id":"https:\/\/femergs.com.br\/wfe\/#website"},"datePublished":"2017-09-22T15:08:28+00:00","breadcrumb":{"@id":"https:\/\/femergs.com.br\/wfe\/blog\/abaixo-assinado-pela-revogacao-da-reforma-trabalhista\/#breadcrumb"},"inLanguage":"pt-BR","potentialAction":[{"@type":"ReadAction","target":["https:\/\/femergs.com.br\/wfe\/blog\/abaixo-assinado-pela-revogacao-da-reforma-trabalhista\/"]}]},{"@type":"BreadcrumbList","@id":"https:\/\/femergs.com.br\/wfe\/blog\/abaixo-assinado-pela-revogacao-da-reforma-trabalhista\/#breadcrumb","itemListElement":[{"@type":"ListItem","position":1,"name":"In\u00edcio","item":"https:\/\/femergs.com.br\/wfe\/"},{"@type":"ListItem","position":2,"name":"Abaixo Assinado &#8211; Pela revoga\u00e7\u00e3o da Reforma Trabalhista"}]},{"@type":"WebSite","@id":"https:\/\/femergs.com.br\/wfe\/#website","url":"https:\/\/femergs.com.br\/wfe\/","name":"FEMERGS","description":"FEDERA\u00c7\u00c3O DOS MUNICIP\u00c1RIOS DO ESTADO DO RIO GRANDE DO SUL","publisher":{"@id":"https:\/\/femergs.com.br\/wfe\/#organization"},"potentialAction":[{"@type":"SearchAction","target":{"@type":"EntryPoint","urlTemplate":"https:\/\/femergs.com.br\/wfe\/?s={search_term_string}"},"query-input":{"@type":"PropertyValueSpecification","valueRequired":true,"valueName":"search_term_string"}}],"inLanguage":"pt-BR"},{"@type":"Organization","@id":"https:\/\/femergs.com.br\/wfe\/#organization","name":"FEMERGS","url":"https:\/\/femergs.com.br\/wfe\/","logo":{"@type":"ImageObject","inLanguage":"pt-BR","@id":"https:\/\/femergs.com.br\/wfe\/#\/schema\/logo\/image\/","url":"https:\/\/femergs.com.br\/wfe\/wp-content\/uploads\/2025\/06\/logotipo.png","contentUrl":"https:\/\/femergs.com.br\/wfe\/wp-content\/uploads\/2025\/06\/logotipo.png","width":500,"height":500,"caption":"FEMERGS"},"image":{"@id":"https:\/\/femergs.com.br\/wfe\/#\/schema\/logo\/image\/"},"sameAs":["https:\/\/www.facebook.com\/profile.php?id=100057151733001","https:\/\/www.instagram.com\/femergs_rs\/"]},{"@type":"Person","@id":"https:\/\/femergs.com.br\/wfe\/#\/schema\/person\/f5558e6b5ffc044ee085016237dedb7f","name":"adminfemergs","image":{"@type":"ImageObject","inLanguage":"pt-BR","@id":"https:\/\/femergs.com.br\/wfe\/#\/schema\/person\/image\/","url":"https:\/\/secure.gravatar.com\/avatar\/398642fa557cdd524617ad9b31c938845f071aeb3448b9c0aeb29aefc495337b?s=96&d=mm&r=g","contentUrl":"https:\/\/secure.gravatar.com\/avatar\/398642fa557cdd524617ad9b31c938845f071aeb3448b9c0aeb29aefc495337b?s=96&d=mm&r=g","caption":"adminfemergs"},"sameAs":["https:\/\/femergs.com.br\/wfe"],"url":"https:\/\/femergs.com.br\/wfe\/blog\/author\/adminfemergs\/"}]}},"uagb_featured_image_src":{"full":false,"thumbnail":false,"medium":false,"medium_large":false,"large":false,"1536x1536":false,"2048x2048":false,"ultp_layout_landscape_large":false,"ultp_layout_landscape":false,"ultp_layout_portrait":false,"ultp_layout_square":false},"uagb_author_info":{"display_name":"adminfemergs","author_link":"https:\/\/femergs.com.br\/wfe\/blog\/author\/adminfemergs\/"},"uagb_comment_info":0,"uagb_excerpt":"IMPRIMA SEU ABAIXO ASSINADO AQUI: http:\/\/www.femergs.com.br\/documento\/4\/abaixo-assinado-reforma-trabalhista \u00c0 ORGANIZA\u00c7\u00c3O INTERNACIONAL DO TRABALHO &#8211; OIT \u00c0 COMISS\u00c3O DE DIREITOS HUMANOS DA ORGANIZA\u00c7\u00c3O DAS NA\u00c7\u00d5ES UNIDAS \u2013 ONU \u00c0 COMISS\u00c3O DE DIRETOS HUMANOS DA ORGANIZA\u00c7\u00c3O DOS ESTADOS AMERICANOS \u2013 OEA Prezados senhores, O Governo e o Congresso Nacional da Rep\u00fablica Federativa do Brasil acabam de aprovar a Lei&hellip;","_links":{"self":[{"href":"https:\/\/femergs.com.br\/wfe\/wp-json\/wp\/v2\/posts\/1105","targetHints":{"allow":["GET"]}}],"collection":[{"href":"https:\/\/femergs.com.br\/wfe\/wp-json\/wp\/v2\/posts"}],"about":[{"href":"https:\/\/femergs.com.br\/wfe\/wp-json\/wp\/v2\/types\/post"}],"author":[{"embeddable":true,"href":"https:\/\/femergs.com.br\/wfe\/wp-json\/wp\/v2\/users\/1"}],"replies":[{"embeddable":true,"href":"https:\/\/femergs.com.br\/wfe\/wp-json\/wp\/v2\/comments?post=1105"}],"version-history":[{"count":0,"href":"https:\/\/femergs.com.br\/wfe\/wp-json\/wp\/v2\/posts\/1105\/revisions"}],"wp:attachment":[{"href":"https:\/\/femergs.com.br\/wfe\/wp-json\/wp\/v2\/media?parent=1105"}],"wp:term":[{"taxonomy":"category","embeddable":true,"href":"https:\/\/femergs.com.br\/wfe\/wp-json\/wp\/v2\/categories?post=1105"},{"taxonomy":"post_tag","embeddable":true,"href":"https:\/\/femergs.com.br\/wfe\/wp-json\/wp\/v2\/tags?post=1105"}],"curies":[{"name":"wp","href":"https:\/\/api.w.org\/{rel}","templated":true}]}}