{"id":1106,"date":"2017-09-27T16:01:34","date_gmt":"2017-09-27T16:01:34","guid":{"rendered":"https:\/\/femergs.com.br\/wfe\/blog\/setembro-amarelo-prevenir-o-suicidio-e-necessario\/"},"modified":"2017-09-27T16:01:34","modified_gmt":"2017-09-27T16:01:34","slug":"setembro-amarelo-prevenir-o-suicidio-e-necessario","status":"publish","type":"post","link":"https:\/\/femergs.com.br\/wfe\/blog\/setembro-amarelo-prevenir-o-suicidio-e-necessario\/","title":{"rendered":"SETEMBRO AMARELO \u2013 PREVENIR O SUIC\u00cdDIO \u00c9 NECESS\u00c1RIO"},"content":{"rendered":"<div style=\"text-align: center;\"><span style=\"background-color:#FFFF00\">HIST\u00d3RIA:<\/span><\/div>\n<div style=\"text-align:justify\">Iniciado no Brasil pelo CVV (Centro de Valoriza\u00e7\u00e3o da Vida), CFM (Conselho Federal de Medicina)e ABP (Associa\u00e7\u00e3o Brasileira de Psiquiatria), o Setembro Amarelo realizou as primeiras atividades em 2015 concentradas em Bras\u00edlia. Mundialmente, o IASP \u2013 Associa\u00e7\u00e3o Internacional para Preven\u00e7\u00e3o do Suic\u00eddio estimula a divulga\u00e7\u00e3o da causa, vinculado ao dia 10 do mesmo m\u00eas no qual se comemora o Dia Mundial de Preven\u00e7\u00e3o do Suic\u00eddio.<br \/>\nO CVV \u2013 Centro de Valoriza\u00e7\u00e3o da Vida \u00e9 uma entidade sem fins lucrativos que atua gratuitamente na preven\u00e7\u00e3o do suic\u00eddio desde 1962.<\/div>\n<div style=\"text-align:center\"><img decoding=\"async\" src=\"data:image\/gif;base64,R0lGODlhAQABAIAAAAAAAP\/\/\/ywAAAAAAQABAAACAUwAOw==\" fifu-lazy=\"1\" fifu-data-sizes=\"auto\" fifu-data-srcset=\"\/Im4g3nsN0t1cia\/geral\/images\/suicidio-01.jpg?w=75&resize=75&ssl=1 75w, \/Im4g3nsN0t1cia\/geral\/images\/suicidio-01.jpg?w=100&resize=100&ssl=1 100w, \/Im4g3nsN0t1cia\/geral\/images\/suicidio-01.jpg?w=150&resize=150&ssl=1 150w, \/Im4g3nsN0t1cia\/geral\/images\/suicidio-01.jpg?w=240&resize=240&ssl=1 240w, \/Im4g3nsN0t1cia\/geral\/images\/suicidio-01.jpg?w=320&resize=320&ssl=1 320w, \/Im4g3nsN0t1cia\/geral\/images\/suicidio-01.jpg?w=500&resize=500&ssl=1 500w, \/Im4g3nsN0t1cia\/geral\/images\/suicidio-01.jpg?w=640&resize=640&ssl=1 640w, \/Im4g3nsN0t1cia\/geral\/images\/suicidio-01.jpg?w=800&resize=800&ssl=1 800w, \/Im4g3nsN0t1cia\/geral\/images\/suicidio-01.jpg?w=1024&resize=1024&ssl=1 1024w, \/Im4g3nsN0t1cia\/geral\/images\/suicidio-01.jpg?w=1280&resize=1280&ssl=1 1280w, \/Im4g3nsN0t1cia\/geral\/images\/suicidio-01.jpg?w=1600&resize=1600&ssl=1 1600w\" alt=\"\" fifu-data-src=\"\/Im4g3nsN0t1cia\/geral\/images\/suicidio-01.jpg\" style=\"height:67px; width:100px\" \/><\/div>\n<p>\n<span style=\"background-color:#FFFF00\">OS DADOS:<\/span><\/p>\n<div style=\"text-align:justify\">O n\u00famero de mortes por suic\u00eddios no Brasil aumentou 12% em quatro anos. Em 2015, foram 11.736 notifica\u00e7\u00f5es ante 10.490 registradas em 2011, segundo dados do Minist\u00e9rio da Sa\u00fade.<br \/>\nA diretora do departamento de Doen\u00e7as e Agravos N\u00e3o Transmiss\u00edveis, F\u00e1tima Marinho, atribui em parte os indicadores \u00e0 melhora nos registros e ao aumento da popula\u00e7\u00e3o, mas reconhece que o avan\u00e7o do problema no Pa\u00eds \u00e9 um fato que precisa ser combatido. &#8220;Assumimos na Organiza\u00e7\u00e3o Mundial da Sa\u00fade o compromisso de reduzir em 10% o n\u00famero de casos at\u00e9 2020.<br \/>\nPara alcan\u00e7ar essa meta, precisamos agir de forma r\u00e1pida e, sobretudo, nas \u00e1reas que indicam maior risco&#8221;, afirmou F\u00e1tima. Entre as medidas que dever\u00e3o ser colocadas em pr\u00e1tica est\u00e1 o aumento de Centros de Aten\u00e7\u00e3o Psicossocial em regi\u00f5es onde os \u00edndices de suic\u00eddio s\u00e3o considerados mais altos e melhora dos fluxos de servi\u00e7os de sa\u00fade para preven\u00e7\u00e3o do problema.<br \/>\nAl\u00e9m disso, novos estudos dever\u00e3o ser realizados para identificar as poss\u00edveis causas para o aumento de casos em determinadas regi\u00f5es do Pa\u00eds e a\u00e7\u00f5es espec\u00edficas para popula\u00e7\u00f5es ind\u00edgenas, onde casos tamb\u00e9m ocorrem com maior frequ\u00eancia. Um dos fatos que mais chamam a aten\u00e7\u00e3o dos t\u00e9cnicos do Minist\u00e9rio da Sa\u00fade \u00e9 a concentra\u00e7\u00e3o de registros de suic\u00eddios em algumas \u00e1reas do Pa\u00eds. A Regi\u00e3o Sul apresenta 23% dos casos, embora responda por 14% da popula\u00e7\u00e3o brasileira. No Sudeste, regi\u00e3o que concentra 42% da popula\u00e7\u00e3o, foram registrados 38% dos suic\u00eddios registrados no Pa\u00eds.<br \/>\nO Rio Grande do Sul \u00e9 acompanhado pelo Minist\u00e9rio da Sa\u00fade h\u00e1 10 anos. H\u00e1 fortes ind\u00edcios de que o problema possa estar relacionado \u00e0 cultura do fumo e aos agrot\u00f3xicos usados nas lavouras. &#8220;Pesticidas com mangan\u00eas aumentam o risco de provocar danos ao sistema nervoso central&#8221;, observa F\u00e1tima. Para ela, essa rela\u00e7\u00e3o precisa ser acompanhada de perto. &#8220;Al\u00e9m do suic\u00eddio, a a\u00e7\u00e3o do pesticida est\u00e1 associada a outros agravos, que tamb\u00e9m precisam ser avaliados, como c\u00e2ncer e m\u00e1s-forma\u00e7\u00f5es cong\u00eanitas.<br \/>\nEsse assunto precisa estar na agenda.&#8221; Pelos dados coletados pelo Minist\u00e9rio da Sa\u00fade, est\u00e3o no Estado tr\u00eas das quatro cidades com piores indicadores de suic\u00eddio. O munic\u00edpio de Forquetinha \u00e9 o que apresenta a pior taxa de suic\u00eddio no Pa\u00eds. S\u00e3o 78,7 casos a cada 100 mil habitantes. A n\u00edvel de compara\u00e7\u00e3o, a taxa de mortalidade nacional \u00e9 de 5,7 a cada 100 mil. Em segundo lugar, vem Taipas do Tocantins, com 57 casos por 100 mil. Travesseiro, no Rio Grande do Sul, vem em terceiro lugar, com 55,8 casos por 100 mil; e Andr\u00e9 da Rocha, tamb\u00e9m no Rio Grande do Sul, com 52,4. Tamb\u00e9m s\u00e3o consideradas de risco regi\u00f5es do Piau\u00ed e a divisa entre S\u00e3o Paulo e Minas.<br \/>\nO Minist\u00e9rio da Sa\u00fade prepara-se agora para investigar as causas do maior risco nessas duas \u00e1reas. Falha no atendimento Dados de Boletim Epidemiol\u00f3gico lan\u00e7ado nesta quinta-feira deixam claro problemas de atendimento. Das mortes por suic\u00eddio entre 2011 e 2016, 31,3% ocorreram entre mulheres que j\u00e1 haviam tentado outras vezes. No grupo masculino, o porcentual \u00e9 menor, mas tamb\u00e9m expressivo: 26,4%. \u201cAqui n\u00f3s percebemos a falha. N\u00e3o agimos para evitar uma segunda tentativa&#8221;, alerta F\u00e1tima. No caso das mulheres, a maior parte das tentativas de suic\u00eddio est\u00e1 relacionada \u00e0 viol\u00eancia intradomiciliar. &#8220;Os n\u00fameros refor\u00e7am a necessidade de trabalharmos na preven\u00e7\u00e3o contra a viol\u00eancia, uma causa importante para a mortalidade feminina: seja o feminic\u00eddio, seja o suic\u00eddio.&#8221;<br \/>\nDas tentativas de suic\u00eddio registradas no Pa\u00eds no per\u00edodo entre 2011-2016, 69% ocorreram entre mulheres. Quando se analisam os n\u00fameros de morte provocadas por suic\u00eddio, no entanto, a situa\u00e7\u00e3o se inverte: 21% ocorreram entre mulheres e 79%, entre homens. Tamb\u00e9m preocupa o Minist\u00e9rio da Sa\u00fade o avan\u00e7o do suic\u00eddio entre jovens. Essa \u00e9 a quarta causa de morte de brasileiros entre 15 a 29 anos.<br \/>\nNo mundo, o suic\u00eddio \u00e9 a segunda causa entre essa popula\u00e7\u00e3o. Isso n\u00e3o significa, no entanto, que o Brasil esteja em uma situa\u00e7\u00e3o melhor. Na avalia\u00e7\u00e3o da coordenadora, se dados de mortes por outras causas de viol\u00eancia fossem menores, o problema do suic\u00eddio entre jovens estaria mais evidente. &#8220;Isso mostra a necessidade de termos a\u00e7\u00f5es espec\u00edficas para essa popula\u00e7\u00e3o.&#8221; O boletim indica, por exemplo, um crescimento de mortes por suic\u00eddio na faixa entre 10 a 19 anos de 2011 a 2015. Os casos subiram de 782 para 893.<\/p>\n<p><span style=\"background-color:#FFFF00\">FALHA NO ATENDIMENTO:<\/span><\/div>\n<div style=\"text-align:justify\">Dados de Boletim Epidemiol\u00f3gico lan\u00e7ado nesta quinta-feira deixam claro problemas de atendimento. Das mortes por suic\u00eddio entre 2011 e 2016, 31,3% ocorreram entre mulheres que j\u00e1 haviam tentado outras vezes. No grupo masculino, o porcentual \u00e9 menor, mas tamb\u00e9m expressivo: 26,4%. \u201cAqui n\u00f3s percebemos a falha. N\u00e3o agimos para evitar uma segunda tentativa&#8221;, alerta F\u00e1tima. No caso das mulheres, a maior parte das tentativas de suic\u00eddio est\u00e1 relacionada \u00e0 viol\u00eancia intradomiciliar. &#8220;Os n\u00fameros refor\u00e7am a necessidade de trabalharmos na preven\u00e7\u00e3o contra a viol\u00eancia, uma causa importante para a mortalidade feminina: seja o feminic\u00eddio, seja o suic\u00eddio.&#8221; Das tentativas de suic\u00eddio registradas no Pa\u00eds no per\u00edodo entre 2011-2016, 69% ocorreram entre mulheres. Quando se analisam os n\u00fameros de morte provocadas por suic\u00eddio, no entanto, a situa\u00e7\u00e3o se inverte: 21% ocorreram entre mulheres e 79%, entre homens. Tamb\u00e9m preocupa o Minist\u00e9rio da Sa\u00fade o avan\u00e7o do suic\u00eddio entre jovens. Essa \u00e9 a quarta causa de morte de brasileiros entre 15 a 29 anos. No mundo, o suic\u00eddio \u00e9 a segunda causa entre essa popula\u00e7\u00e3o. Isso n\u00e3o significa, no entanto, que o Brasil esteja em uma situa\u00e7\u00e3o melhor. Na avalia\u00e7\u00e3o da coordenadora, se dados de mortes por outras causas de viol\u00eancia fossem menores, o problema do suic\u00eddio entre jovens estaria mais evidente. &#8220;Isso mostra a necessidade de termos a\u00e7\u00f5es espec\u00edficas para essa popula\u00e7\u00e3o.&#8221; O boletim indica, por exemplo, um crescimento de mortes por suic\u00eddio na faixa entre 10 a 19 anos de 2011 a 2015. Os casos subiram de 782 para 893. Informa\u00e7\u00f5es do Estad\u00e3o Conte\u00fado. &#8211; Jornal do Com\u00e9rcio (http:\/\/jcrs.uol.com.br\/_conteudo\/2017\/09\/geral\/586685-suicidios-aumentam-12-em-quatro-anos-e-cidades-gauchas-ponteiam-ranking-nacional.html)<\/div>\n<div style=\"text-align: center;\"><img decoding=\"async\" src=\"data:image\/gif;base64,R0lGODlhAQABAIAAAAAAAP\/\/\/ywAAAAAAQABAAACAUwAOw==\" fifu-lazy=\"1\" fifu-data-sizes=\"auto\" fifu-data-srcset=\"\/Im4g3nsN0t1cia\/geral\/images\/suicidio-dest.jpg?w=75&resize=75&ssl=1 75w, \/Im4g3nsN0t1cia\/geral\/images\/suicidio-dest.jpg?w=100&resize=100&ssl=1 100w, \/Im4g3nsN0t1cia\/geral\/images\/suicidio-dest.jpg?w=150&resize=150&ssl=1 150w, \/Im4g3nsN0t1cia\/geral\/images\/suicidio-dest.jpg?w=240&resize=240&ssl=1 240w, \/Im4g3nsN0t1cia\/geral\/images\/suicidio-dest.jpg?w=320&resize=320&ssl=1 320w, \/Im4g3nsN0t1cia\/geral\/images\/suicidio-dest.jpg?w=500&resize=500&ssl=1 500w, \/Im4g3nsN0t1cia\/geral\/images\/suicidio-dest.jpg?w=640&resize=640&ssl=1 640w, \/Im4g3nsN0t1cia\/geral\/images\/suicidio-dest.jpg?w=800&resize=800&ssl=1 800w, \/Im4g3nsN0t1cia\/geral\/images\/suicidio-dest.jpg?w=1024&resize=1024&ssl=1 1024w, \/Im4g3nsN0t1cia\/geral\/images\/suicidio-dest.jpg?w=1280&resize=1280&ssl=1 1280w, \/Im4g3nsN0t1cia\/geral\/images\/suicidio-dest.jpg?w=1600&resize=1600&ssl=1 1600w\" alt=\"\" fifu-data-src=\"\/Im4g3nsN0t1cia\/geral\/images\/suicidio-dest.jpg\" style=\"width:200px\" \/><\/div>\n<p><span style=\"background-color:#FFFF00\">Dados e Apresenta\u00e7\u00e3o &#8211; Minist\u00e9rio da Sa\u00fade<\/span><br \/>\n<a href=\"http:\/\/portalarquivos.saude.gov.br\/images\/pdf\/2017\/setembro\/21\/Coletiva-suicidio-21-09.pdf\">http:\/\/portalarquivos.saude.gov.br\/images\/pdf\/2017\/setembro\/21\/Coletiva-suicidio-21-09.pdf<\/a><\/p>\n","protected":false},"excerpt":{"rendered":"<p>HIST\u00d3RIA: Iniciado no Brasil pelo CVV (Centro de Valoriza\u00e7\u00e3o da Vida), CFM (Conselho Federal de Medicina)e ABP (Associa\u00e7\u00e3o Brasileira de Psiquiatria), o Setembro Amarelo realizou as primeiras atividades em 2015 concentradas em Bras\u00edlia. Mundialmente, o IASP \u2013 Associa\u00e7\u00e3o Internacional para Preven\u00e7\u00e3o do Suic\u00eddio estimula a divulga\u00e7\u00e3o da causa, vinculado ao dia 10 do mesmo m\u00eas [&hellip;]<\/p>\n","protected":false},"author":1,"featured_media":0,"comment_status":"closed","ping_status":"closed","sticky":false,"template":"","format":"standard","meta":{"_eb_attr":"","_uag_custom_page_level_css":"","fifu_image_url":"","fifu_image_alt":"","footnotes":""},"categories":[1],"tags":[32],"class_list":["post-1106","post","type-post","status-publish","format-standard","hentry","category-arquivadas","tag-null"],"yoast_head":"<!-- This site is optimized with the Yoast SEO plugin v27.1.1 - https:\/\/yoast.com\/product\/yoast-seo-wordpress\/ -->\n<title>SETEMBRO AMARELO \u2013 PREVENIR O SUIC\u00cdDIO \u00c9 NECESS\u00c1RIO - Federa\u00e7\u00e3o dos Municip\u00e1rios do Estado do Rio Grande do Sul<\/title>\n<meta name=\"robots\" content=\"index, follow, max-snippet:-1, max-image-preview:large, max-video-preview:-1\" \/>\n<link rel=\"canonical\" href=\"https:\/\/femergs.com.br\/wfe\/blog\/setembro-amarelo-prevenir-o-suicidio-e-necessario\/\" \/>\n<meta property=\"og:locale\" content=\"pt_BR\" \/>\n<meta property=\"og:type\" content=\"article\" \/>\n<meta property=\"og:title\" content=\"SETEMBRO AMARELO \u2013 PREVENIR O SUIC\u00cdDIO \u00c9 NECESS\u00c1RIO - Federa\u00e7\u00e3o dos Municip\u00e1rios do Estado do Rio Grande do Sul\" \/>\n<meta property=\"og:description\" content=\"HIST\u00d3RIA: Iniciado no Brasil pelo CVV (Centro de Valoriza\u00e7\u00e3o da Vida), CFM (Conselho Federal de Medicina)e ABP (Associa\u00e7\u00e3o Brasileira de Psiquiatria), o Setembro Amarelo realizou as primeiras atividades em 2015 concentradas em Bras\u00edlia. Mundialmente, o IASP \u2013 Associa\u00e7\u00e3o Internacional para Preven\u00e7\u00e3o do Suic\u00eddio estimula a divulga\u00e7\u00e3o da causa, vinculado ao dia 10 do mesmo m\u00eas [&hellip;]\" \/>\n<meta property=\"og:url\" content=\"https:\/\/femergs.com.br\/wfe\/blog\/setembro-amarelo-prevenir-o-suicidio-e-necessario\/\" \/>\n<meta property=\"og:site_name\" content=\"Federa\u00e7\u00e3o dos Municip\u00e1rios do Estado do Rio Grande do Sul\" \/>\n<meta property=\"article:publisher\" content=\"https:\/\/www.facebook.com\/profile.php?id=100057151733001\" \/>\n<meta property=\"article:published_time\" content=\"2017-09-27T16:01:34+00:00\" \/>\n<meta name=\"author\" content=\"adminfemergs\" \/>\n<meta name=\"twitter:card\" content=\"summary_large_image\" \/>\n<meta name=\"twitter:label1\" content=\"Escrito por\" \/>\n\t<meta name=\"twitter:data1\" content=\"adminfemergs\" \/>\n\t<meta name=\"twitter:label2\" content=\"Est. tempo de leitura\" \/>\n\t<meta name=\"twitter:data2\" content=\"6 minutos\" \/>\n<script type=\"application\/ld+json\" class=\"yoast-schema-graph\">{\"@context\":\"https:\/\/schema.org\",\"@graph\":[{\"@type\":\"Article\",\"@id\":\"https:\/\/femergs.com.br\/wfe\/blog\/setembro-amarelo-prevenir-o-suicidio-e-necessario\/#article\",\"isPartOf\":{\"@id\":\"https:\/\/femergs.com.br\/wfe\/blog\/setembro-amarelo-prevenir-o-suicidio-e-necessario\/\"},\"author\":{\"name\":\"adminfemergs\",\"@id\":\"https:\/\/femergs.com.br\/wfe\/#\/schema\/person\/f5558e6b5ffc044ee085016237dedb7f\"},\"headline\":\"SETEMBRO AMARELO \u2013 PREVENIR O SUIC\u00cdDIO \u00c9 NECESS\u00c1RIO\",\"datePublished\":\"2017-09-27T16:01:34+00:00\",\"mainEntityOfPage\":{\"@id\":\"https:\/\/femergs.com.br\/wfe\/blog\/setembro-amarelo-prevenir-o-suicidio-e-necessario\/\"},\"wordCount\":1203,\"publisher\":{\"@id\":\"https:\/\/femergs.com.br\/wfe\/#organization\"},\"keywords\":[\"NULL\"],\"articleSection\":[\"ARQUIVADAS\"],\"inLanguage\":\"pt-BR\"},{\"@type\":\"WebPage\",\"@id\":\"https:\/\/femergs.com.br\/wfe\/blog\/setembro-amarelo-prevenir-o-suicidio-e-necessario\/\",\"url\":\"https:\/\/femergs.com.br\/wfe\/blog\/setembro-amarelo-prevenir-o-suicidio-e-necessario\/\",\"name\":\"SETEMBRO AMARELO \u2013 PREVENIR O SUIC\u00cdDIO \u00c9 NECESS\u00c1RIO - Federa\u00e7\u00e3o dos Municip\u00e1rios do Estado do Rio Grande do Sul\",\"isPartOf\":{\"@id\":\"https:\/\/femergs.com.br\/wfe\/#website\"},\"datePublished\":\"2017-09-27T16:01:34+00:00\",\"breadcrumb\":{\"@id\":\"https:\/\/femergs.com.br\/wfe\/blog\/setembro-amarelo-prevenir-o-suicidio-e-necessario\/#breadcrumb\"},\"inLanguage\":\"pt-BR\",\"potentialAction\":[{\"@type\":\"ReadAction\",\"target\":[\"https:\/\/femergs.com.br\/wfe\/blog\/setembro-amarelo-prevenir-o-suicidio-e-necessario\/\"]}]},{\"@type\":\"BreadcrumbList\",\"@id\":\"https:\/\/femergs.com.br\/wfe\/blog\/setembro-amarelo-prevenir-o-suicidio-e-necessario\/#breadcrumb\",\"itemListElement\":[{\"@type\":\"ListItem\",\"position\":1,\"name\":\"In\u00edcio\",\"item\":\"https:\/\/femergs.com.br\/wfe\/\"},{\"@type\":\"ListItem\",\"position\":2,\"name\":\"SETEMBRO AMARELO \u2013 PREVENIR O SUIC\u00cdDIO \u00c9 NECESS\u00c1RIO\"}]},{\"@type\":\"WebSite\",\"@id\":\"https:\/\/femergs.com.br\/wfe\/#website\",\"url\":\"https:\/\/femergs.com.br\/wfe\/\",\"name\":\"FEMERGS\",\"description\":\"FEDERA\u00c7\u00c3O DOS MUNICIP\u00c1RIOS DO ESTADO DO RIO GRANDE DO SUL\",\"publisher\":{\"@id\":\"https:\/\/femergs.com.br\/wfe\/#organization\"},\"potentialAction\":[{\"@type\":\"SearchAction\",\"target\":{\"@type\":\"EntryPoint\",\"urlTemplate\":\"https:\/\/femergs.com.br\/wfe\/?s={search_term_string}\"},\"query-input\":{\"@type\":\"PropertyValueSpecification\",\"valueRequired\":true,\"valueName\":\"search_term_string\"}}],\"inLanguage\":\"pt-BR\"},{\"@type\":\"Organization\",\"@id\":\"https:\/\/femergs.com.br\/wfe\/#organization\",\"name\":\"FEMERGS\",\"url\":\"https:\/\/femergs.com.br\/wfe\/\",\"logo\":{\"@type\":\"ImageObject\",\"inLanguage\":\"pt-BR\",\"@id\":\"https:\/\/femergs.com.br\/wfe\/#\/schema\/logo\/image\/\",\"url\":\"https:\/\/femergs.com.br\/wfe\/wp-content\/uploads\/2025\/06\/logotipo.png\",\"contentUrl\":\"https:\/\/femergs.com.br\/wfe\/wp-content\/uploads\/2025\/06\/logotipo.png\",\"width\":500,\"height\":500,\"caption\":\"FEMERGS\"},\"image\":{\"@id\":\"https:\/\/femergs.com.br\/wfe\/#\/schema\/logo\/image\/\"},\"sameAs\":[\"https:\/\/www.facebook.com\/profile.php?id=100057151733001\",\"https:\/\/www.instagram.com\/femergs_rs\/\"]},{\"@type\":\"Person\",\"@id\":\"https:\/\/femergs.com.br\/wfe\/#\/schema\/person\/f5558e6b5ffc044ee085016237dedb7f\",\"name\":\"adminfemergs\",\"image\":{\"@type\":\"ImageObject\",\"inLanguage\":\"pt-BR\",\"@id\":\"https:\/\/femergs.com.br\/wfe\/#\/schema\/person\/image\/\",\"url\":\"https:\/\/secure.gravatar.com\/avatar\/398642fa557cdd524617ad9b31c938845f071aeb3448b9c0aeb29aefc495337b?s=96&d=mm&r=g\",\"contentUrl\":\"https:\/\/secure.gravatar.com\/avatar\/398642fa557cdd524617ad9b31c938845f071aeb3448b9c0aeb29aefc495337b?s=96&d=mm&r=g\",\"caption\":\"adminfemergs\"},\"sameAs\":[\"https:\/\/femergs.com.br\/wfe\"],\"url\":\"https:\/\/femergs.com.br\/wfe\/blog\/author\/adminfemergs\/\"}]}<\/script>\n<!-- \/ Yoast SEO plugin. -->","yoast_head_json":{"title":"SETEMBRO AMARELO \u2013 PREVENIR O SUIC\u00cdDIO \u00c9 NECESS\u00c1RIO - Federa\u00e7\u00e3o dos Municip\u00e1rios do Estado do Rio Grande do Sul","robots":{"index":"index","follow":"follow","max-snippet":"max-snippet:-1","max-image-preview":"max-image-preview:large","max-video-preview":"max-video-preview:-1"},"canonical":"https:\/\/femergs.com.br\/wfe\/blog\/setembro-amarelo-prevenir-o-suicidio-e-necessario\/","og_locale":"pt_BR","og_type":"article","og_title":"SETEMBRO AMARELO \u2013 PREVENIR O SUIC\u00cdDIO \u00c9 NECESS\u00c1RIO - Federa\u00e7\u00e3o dos Municip\u00e1rios do Estado do Rio Grande do Sul","og_description":"HIST\u00d3RIA: Iniciado no Brasil pelo CVV (Centro de Valoriza\u00e7\u00e3o da Vida), CFM (Conselho Federal de Medicina)e ABP (Associa\u00e7\u00e3o Brasileira de Psiquiatria), o Setembro Amarelo realizou as primeiras atividades em 2015 concentradas em Bras\u00edlia. Mundialmente, o IASP \u2013 Associa\u00e7\u00e3o Internacional para Preven\u00e7\u00e3o do Suic\u00eddio estimula a divulga\u00e7\u00e3o da causa, vinculado ao dia 10 do mesmo m\u00eas [&hellip;]","og_url":"https:\/\/femergs.com.br\/wfe\/blog\/setembro-amarelo-prevenir-o-suicidio-e-necessario\/","og_site_name":"Federa\u00e7\u00e3o dos Municip\u00e1rios do Estado do Rio Grande do Sul","article_publisher":"https:\/\/www.facebook.com\/profile.php?id=100057151733001","article_published_time":"2017-09-27T16:01:34+00:00","author":"adminfemergs","twitter_card":"summary_large_image","twitter_misc":{"Escrito por":"adminfemergs","Est. tempo de leitura":"6 minutos"},"schema":{"@context":"https:\/\/schema.org","@graph":[{"@type":"Article","@id":"https:\/\/femergs.com.br\/wfe\/blog\/setembro-amarelo-prevenir-o-suicidio-e-necessario\/#article","isPartOf":{"@id":"https:\/\/femergs.com.br\/wfe\/blog\/setembro-amarelo-prevenir-o-suicidio-e-necessario\/"},"author":{"name":"adminfemergs","@id":"https:\/\/femergs.com.br\/wfe\/#\/schema\/person\/f5558e6b5ffc044ee085016237dedb7f"},"headline":"SETEMBRO AMARELO \u2013 PREVENIR O SUIC\u00cdDIO \u00c9 NECESS\u00c1RIO","datePublished":"2017-09-27T16:01:34+00:00","mainEntityOfPage":{"@id":"https:\/\/femergs.com.br\/wfe\/blog\/setembro-amarelo-prevenir-o-suicidio-e-necessario\/"},"wordCount":1203,"publisher":{"@id":"https:\/\/femergs.com.br\/wfe\/#organization"},"keywords":["NULL"],"articleSection":["ARQUIVADAS"],"inLanguage":"pt-BR"},{"@type":"WebPage","@id":"https:\/\/femergs.com.br\/wfe\/blog\/setembro-amarelo-prevenir-o-suicidio-e-necessario\/","url":"https:\/\/femergs.com.br\/wfe\/blog\/setembro-amarelo-prevenir-o-suicidio-e-necessario\/","name":"SETEMBRO AMARELO \u2013 PREVENIR O SUIC\u00cdDIO \u00c9 NECESS\u00c1RIO - Federa\u00e7\u00e3o dos Municip\u00e1rios do Estado do Rio Grande do Sul","isPartOf":{"@id":"https:\/\/femergs.com.br\/wfe\/#website"},"datePublished":"2017-09-27T16:01:34+00:00","breadcrumb":{"@id":"https:\/\/femergs.com.br\/wfe\/blog\/setembro-amarelo-prevenir-o-suicidio-e-necessario\/#breadcrumb"},"inLanguage":"pt-BR","potentialAction":[{"@type":"ReadAction","target":["https:\/\/femergs.com.br\/wfe\/blog\/setembro-amarelo-prevenir-o-suicidio-e-necessario\/"]}]},{"@type":"BreadcrumbList","@id":"https:\/\/femergs.com.br\/wfe\/blog\/setembro-amarelo-prevenir-o-suicidio-e-necessario\/#breadcrumb","itemListElement":[{"@type":"ListItem","position":1,"name":"In\u00edcio","item":"https:\/\/femergs.com.br\/wfe\/"},{"@type":"ListItem","position":2,"name":"SETEMBRO AMARELO \u2013 PREVENIR O SUIC\u00cdDIO \u00c9 NECESS\u00c1RIO"}]},{"@type":"WebSite","@id":"https:\/\/femergs.com.br\/wfe\/#website","url":"https:\/\/femergs.com.br\/wfe\/","name":"FEMERGS","description":"FEDERA\u00c7\u00c3O DOS MUNICIP\u00c1RIOS DO ESTADO DO RIO GRANDE DO SUL","publisher":{"@id":"https:\/\/femergs.com.br\/wfe\/#organization"},"potentialAction":[{"@type":"SearchAction","target":{"@type":"EntryPoint","urlTemplate":"https:\/\/femergs.com.br\/wfe\/?s={search_term_string}"},"query-input":{"@type":"PropertyValueSpecification","valueRequired":true,"valueName":"search_term_string"}}],"inLanguage":"pt-BR"},{"@type":"Organization","@id":"https:\/\/femergs.com.br\/wfe\/#organization","name":"FEMERGS","url":"https:\/\/femergs.com.br\/wfe\/","logo":{"@type":"ImageObject","inLanguage":"pt-BR","@id":"https:\/\/femergs.com.br\/wfe\/#\/schema\/logo\/image\/","url":"https:\/\/femergs.com.br\/wfe\/wp-content\/uploads\/2025\/06\/logotipo.png","contentUrl":"https:\/\/femergs.com.br\/wfe\/wp-content\/uploads\/2025\/06\/logotipo.png","width":500,"height":500,"caption":"FEMERGS"},"image":{"@id":"https:\/\/femergs.com.br\/wfe\/#\/schema\/logo\/image\/"},"sameAs":["https:\/\/www.facebook.com\/profile.php?id=100057151733001","https:\/\/www.instagram.com\/femergs_rs\/"]},{"@type":"Person","@id":"https:\/\/femergs.com.br\/wfe\/#\/schema\/person\/f5558e6b5ffc044ee085016237dedb7f","name":"adminfemergs","image":{"@type":"ImageObject","inLanguage":"pt-BR","@id":"https:\/\/femergs.com.br\/wfe\/#\/schema\/person\/image\/","url":"https:\/\/secure.gravatar.com\/avatar\/398642fa557cdd524617ad9b31c938845f071aeb3448b9c0aeb29aefc495337b?s=96&d=mm&r=g","contentUrl":"https:\/\/secure.gravatar.com\/avatar\/398642fa557cdd524617ad9b31c938845f071aeb3448b9c0aeb29aefc495337b?s=96&d=mm&r=g","caption":"adminfemergs"},"sameAs":["https:\/\/femergs.com.br\/wfe"],"url":"https:\/\/femergs.com.br\/wfe\/blog\/author\/adminfemergs\/"}]}},"uagb_featured_image_src":{"full":false,"thumbnail":false,"medium":false,"medium_large":false,"large":false,"1536x1536":false,"2048x2048":false,"ultp_layout_landscape_large":false,"ultp_layout_landscape":false,"ultp_layout_portrait":false,"ultp_layout_square":false},"uagb_author_info":{"display_name":"adminfemergs","author_link":"https:\/\/femergs.com.br\/wfe\/blog\/author\/adminfemergs\/"},"uagb_comment_info":0,"uagb_excerpt":"HIST\u00d3RIA: Iniciado no Brasil pelo CVV (Centro de Valoriza\u00e7\u00e3o da Vida), CFM (Conselho Federal de Medicina)e ABP (Associa\u00e7\u00e3o Brasileira de Psiquiatria), o Setembro Amarelo realizou as primeiras atividades em 2015 concentradas em Bras\u00edlia. Mundialmente, o IASP \u2013 Associa\u00e7\u00e3o Internacional para Preven\u00e7\u00e3o do Suic\u00eddio estimula a divulga\u00e7\u00e3o da causa, vinculado ao dia 10 do mesmo m\u00eas&hellip;","_links":{"self":[{"href":"https:\/\/femergs.com.br\/wfe\/wp-json\/wp\/v2\/posts\/1106","targetHints":{"allow":["GET"]}}],"collection":[{"href":"https:\/\/femergs.com.br\/wfe\/wp-json\/wp\/v2\/posts"}],"about":[{"href":"https:\/\/femergs.com.br\/wfe\/wp-json\/wp\/v2\/types\/post"}],"author":[{"embeddable":true,"href":"https:\/\/femergs.com.br\/wfe\/wp-json\/wp\/v2\/users\/1"}],"replies":[{"embeddable":true,"href":"https:\/\/femergs.com.br\/wfe\/wp-json\/wp\/v2\/comments?post=1106"}],"version-history":[{"count":0,"href":"https:\/\/femergs.com.br\/wfe\/wp-json\/wp\/v2\/posts\/1106\/revisions"}],"wp:attachment":[{"href":"https:\/\/femergs.com.br\/wfe\/wp-json\/wp\/v2\/media?parent=1106"}],"wp:term":[{"taxonomy":"category","embeddable":true,"href":"https:\/\/femergs.com.br\/wfe\/wp-json\/wp\/v2\/categories?post=1106"},{"taxonomy":"post_tag","embeddable":true,"href":"https:\/\/femergs.com.br\/wfe\/wp-json\/wp\/v2\/tags?post=1106"}],"curies":[{"name":"wp","href":"https:\/\/api.w.org\/{rel}","templated":true}]}}