{"id":1109,"date":"2017-10-06T12:24:53","date_gmt":"2017-10-06T12:24:53","guid":{"rendered":"https:\/\/femergs.com.br\/wfe\/blog\/reflexao-necessaria-maldades-contra-os-trabalhadores-continuam\/"},"modified":"2017-10-06T12:24:53","modified_gmt":"2017-10-06T12:24:53","slug":"reflexao-necessaria-maldades-contra-os-trabalhadores-continuam","status":"publish","type":"post","link":"https:\/\/femergs.com.br\/wfe\/blog\/reflexao-necessaria-maldades-contra-os-trabalhadores-continuam\/","title":{"rendered":"REFLEX\u00c3O NECESS\u00c1RIA &#8211; MALDADES CONTRA OS TRABALHADORES CONTINUAM"},"content":{"rendered":"<p>\nSenador LASIER MARTINS \u00e9 o autor do substitutivo que retira a estabilidade dos servidores p\u00fablicos. Por nove votos a quatro e depois de quase duas horas de debates, a Comiss\u00e3o de Constitui\u00e7\u00e3o e Justi\u00e7a (CCJ) do Senado aprovou, no dia 4 de outubro, o substitutivo do relator Lasier Martins (PSD-RS) ao projeto de lei (PLS 116\/2017 \u2013 Complementar) da senadora Maria do Carmo Alves (DEM-SE) que acaba com a estabilidade dos servidores p\u00fablicos municipais, estaduais e federais. <br \/>\nAntes de ser encaminhada ao Plen\u00e1rio do Senado, o substitutivo, que prev\u00ea a avalia\u00e7\u00e3o anual do servidor por uma comiss\u00e3o e autoriza a demiss\u00e3o &#8220;por insufici\u00eancia de desempenho&#8221;, ser\u00e1 submetido \u00e0 aprecia\u00e7\u00e3o de tr\u00eas comiss\u00f5es t\u00e9cnicas da Casa &#8211; Assuntos Sociais, Direitos Humanos, e Transpar\u00eancia e Governan\u00e7a. Se for aprovada em definitivo, a mat\u00e9ria acabar\u00e1 com a estabilidade do servidor p\u00fablico concursado. Sob o pretexto de n\u00e3o alcan\u00e7ar bom desempenho nas avalia\u00e7\u00f5es de produtividade e qualidade, servidores poder\u00e3o ser demitidos, inclusive aqueles cuja &#8220;insufici\u00eancia de desempenho&#8221; esteja relacionada a problemas de sa\u00fade e psicossociais.<br \/>\nNecess\u00e1rio fazermos a reflex\u00e3o e o debate com toda a sociedade. Na verdade desde a Emenda Constitucional n\u00ba 19 n\u00f3s j\u00e1 temos a previs\u00e3o de demiss\u00e3o de servidores colocados em termos de legisla\u00e7\u00e3o. A Lei 8.112 j\u00e1 permite a demiss\u00e3o de servidor que n\u00e3o desempenhar bem suas fun\u00e7\u00f5es. A inclus\u00e3o de crit\u00e9rios \u2013 subjetivos para considera\u00e7\u00e3o de \u201cmal desempenho\u201d na verdade aparece como mais uma forma do projeto neoliberal (kapital\/empresas privadas) mostrar as suas garras e querer se apropriar de servi\u00e7os que hoje s\u00e3o prestados por servidores p\u00fablicos concursados, e que com a \u201cDeforma\u201d Trabalhista a tend\u00eancia \u00e9 que sejam preenchidos por terceirizados.<br \/>\nA possibilidade de voltarmos aos tempos antes da CF de 1988 estar\u00e3o dadas. A  utiliza\u00e7\u00e3o de crit\u00e9rios subjetivos, permitir\u00e3o que o administrador, descarte servidores que em tese s\u00e3o bons, mas que se contrap\u00f5e em termos de ideologia pol\u00edtica. Com certeza, teremos as pr\u00e1ticas de ass\u00e9dio moral no servi\u00e7o p\u00fablico aumentando, o que necessariamente acarretar\u00e1 menos qualidade nos servi\u00e7os prestados.<br \/>\nNa verdade no Brasil temos um Governo ILEG\u00cdTIMO, que est\u00e1 a servi\u00e7o do \u201cMERCADO\u201d para introduzir mudan\u00e7as que s\u00e3o verdadeiro \u2018GOLPE\u201d contra os direitos da Classe Trabalhadora conquistados ao longo dos anos. Come\u00e7a com o aumento da DRU \u2013 Desvincula\u00e7\u00e3o das Receitas da Uni\u00e3o para 30%, ou seja, o governo TEMER tira 30% de todos os recursos das \u00e1reas sociais da sa\u00fade, da assist\u00eancia&#8230; para conseguir emplacar o discurso da falta de recursos e com ele, passar a EC n\u00ba 95 que congelou os recursos das \u00e1reas de educa\u00e7\u00e3o, sa\u00fade, assist\u00eancia e previd\u00eancia, por 20 anos, com apoio decisivo da m\u00eddia. Em seguida, passa a DEFORMA trabalhista, que rasga a CLT quando coloca o negociado acima do legislado e legaliza a terceiriza\u00e7\u00e3o em todos os n\u00edveis.<br \/>\nNeste momento, embora os integrantes do governo federal atolados em den\u00fancias de corrup\u00e7\u00e3o, continuam com o aval do mercado e do congresso corrupto, e da m\u00eddia, para continuar na trajet\u00f3ria de maldades. Por um lado o ataque aos servidores p\u00fablicos, querendo tirar a estabilidade, para abrir as porteiras para a demiss\u00e3o, visando dar as fatias de servi\u00e7os essenciais para a popula\u00e7\u00e3o para a iniciativa privada poder lucrar, ou seja, mesmo na educa\u00e7\u00e3o e na sa\u00fade, somente ser\u00e1 atendido quem puder pagar.<br \/>\n Para conseguir emplacar estas maldades, contam com apoio massivo da m\u00eddia que tenta colocar que os servi\u00e7os p\u00fablicos do Brasil s\u00e3o de m\u00e1 qualidade, e que temos muitos servidores. As duas premissas que levantam s\u00e3o facilmente derrubadas, por\u00e9m precisamos nos mobilizar. No caso de servi\u00e7os p\u00fablicos de m\u00e1 qualidade, \u00e9 um chav\u00e3o, que precisa ser enfrentado, pois temos que analisar que s\u00e3o prestados por servidores em muitos casos mau remunerados, e com locais de trabalho sem condi\u00e7\u00f5es. Mas chama aten\u00e7\u00e3o, que por exemplo o Hospital Concei\u00e7\u00e3o de Porto Alegre que \u00e9 100% SUS \u2013 tem avalia\u00e7\u00e3o positiva que chega a  quase 100% dos usu\u00e1rios, e a grande maioria na hora que pode se expressar, avaliou como Bom e \u00d3timo os servi\u00e7os prestados. A outra premissa que levantam, de que no Brasil tem muitos servidores, \u00e9 mais uma mentira que tentam colocar para emplacar as maldades, pois enquanto que no Brasil temos uma m\u00e9dia de 12% dos trabalhadores no servi\u00e7o p\u00fablico na Europa esta m\u00e9dia est\u00e1 em 21%, e em dois pa\u00edses, Dinamarca e Noruega, temos 35% dos trabalhadores dos pa\u00edses, trabalhando no servi\u00e7o p\u00fablico conforme pesquisa da OCDE\/OXFAM.<br \/>\nImportante igualmente analisarmos, que a iniciativa privada que abocanhou a telefonia, que \u00e9 colocada como a grande \u201cj\u00f3ia\u201d que passou o telefone para todos(as), na verdade hoje \u00e9 a \u00e1rea que temos o maior n\u00famero de queixas no PROCON. E important\u00edssimo registrarmos, que as TELES tiveram o perd\u00e3o de R$ 25 bilh\u00f5es que deviam para o governo, o que desmonta o argumento de que a iniciativa privada \u00e9 a solu\u00e7\u00e3o.<br \/>\nA Federa\u00e7\u00e3o se posiciona abertamente contra as pol\u00edticas entreguistas e privatistas dos governos Federal, Estadual e Municipais. N\u00e3o aceitamos a venda da Eletrobr\u00e1s e da Petrobr\u00e1s. Somos contr\u00e1rios a entrega do Pr\u00e9-sal, das riquezas naturais da Amaz\u00f4nia, das \u00e1guas&#8230; N\u00e3o aceitamos a venda das empresas p\u00fablicas do RS.<br \/>\n            A FEMERGS tem como sua maior bandeira de luta o Servi\u00e7o P\u00fablico de Qualidade, pois compreendemos que estes s\u00e3o essenciais para que grande parcela da popula\u00e7\u00e3o consiga o m\u00ednimo de dignidade a partir do desenvolvimento de pol\u00edticas p\u00fablicas de inclus\u00e3o, que est\u00e3o previstas constitucionalmente, para conseguirmos como na\u00e7\u00e3o, dar conta do teor do artigo 6\u00ba da CF 1988 \u2013 direitos sociais.<br \/>\n            REPUDIAMOS atitudes, e nos envergonhamos do Senador Lasier,  ga\u00facho por ser o porta voz desta barbaridade para cima dos trabalhadores(as) do servi\u00e7o p\u00fablico, querendo impor metas, prazos, produtos e avalia\u00e7\u00f5es, como se o fim do servi\u00e7o p\u00fablico fosse produ\u00e7\u00e3o de uma mercadoria. Queremos aqui registrar, de que terminar com a estabilidade, em pouco tempo trar\u00e1 muitos problemas que resultar\u00e3o em demandas judiciais e a precariza\u00e7\u00e3o dos servi\u00e7os p\u00fablicos e consequente falta de atendimento a popula\u00e7\u00e3o que mais precisa.<\/p>\n","protected":false},"excerpt":{"rendered":"<p>Senador LASIER MARTINS \u00e9 o autor do substitutivo que retira a estabilidade dos servidores p\u00fablicos. Por nove votos a quatro e depois de quase duas horas de debates, a Comiss\u00e3o de Constitui\u00e7\u00e3o e Justi\u00e7a (CCJ) do Senado aprovou, no dia 4 de outubro, o substitutivo do relator Lasier Martins (PSD-RS) ao projeto de lei (PLS [&hellip;]<\/p>\n","protected":false},"author":1,"featured_media":0,"comment_status":"closed","ping_status":"closed","sticky":false,"template":"","format":"standard","meta":{"_eb_attr":"","_uag_custom_page_level_css":"","fifu_image_url":"","fifu_image_alt":"","footnotes":""},"categories":[1],"tags":[32],"class_list":["post-1109","post","type-post","status-publish","format-standard","hentry","category-arquivadas","tag-null"],"yoast_head":"<!-- This site is optimized with the Yoast SEO plugin v27.1.1 - https:\/\/yoast.com\/product\/yoast-seo-wordpress\/ -->\n<title>REFLEX\u00c3O NECESS\u00c1RIA - MALDADES CONTRA OS TRABALHADORES CONTINUAM - Federa\u00e7\u00e3o dos Municip\u00e1rios do Estado do Rio Grande do Sul<\/title>\n<meta name=\"robots\" content=\"index, follow, max-snippet:-1, max-image-preview:large, max-video-preview:-1\" \/>\n<link rel=\"canonical\" href=\"https:\/\/femergs.com.br\/wfe\/blog\/reflexao-necessaria-maldades-contra-os-trabalhadores-continuam\/\" \/>\n<meta property=\"og:locale\" content=\"pt_BR\" \/>\n<meta property=\"og:type\" content=\"article\" \/>\n<meta property=\"og:title\" content=\"REFLEX\u00c3O NECESS\u00c1RIA - MALDADES CONTRA OS TRABALHADORES CONTINUAM - Federa\u00e7\u00e3o dos Municip\u00e1rios do Estado do Rio Grande do Sul\" \/>\n<meta property=\"og:description\" content=\"Senador LASIER MARTINS \u00e9 o autor do substitutivo que retira a estabilidade dos servidores p\u00fablicos. Por nove votos a quatro e depois de quase duas horas de debates, a Comiss\u00e3o de Constitui\u00e7\u00e3o e Justi\u00e7a (CCJ) do Senado aprovou, no dia 4 de outubro, o substitutivo do relator Lasier Martins (PSD-RS) ao projeto de lei (PLS [&hellip;]\" \/>\n<meta property=\"og:url\" content=\"https:\/\/femergs.com.br\/wfe\/blog\/reflexao-necessaria-maldades-contra-os-trabalhadores-continuam\/\" \/>\n<meta property=\"og:site_name\" content=\"Federa\u00e7\u00e3o dos Municip\u00e1rios do Estado do Rio Grande do Sul\" \/>\n<meta property=\"article:publisher\" content=\"https:\/\/www.facebook.com\/profile.php?id=100057151733001\" \/>\n<meta property=\"article:published_time\" content=\"2017-10-06T12:24:53+00:00\" \/>\n<meta name=\"author\" content=\"adminfemergs\" \/>\n<meta name=\"twitter:card\" content=\"summary_large_image\" \/>\n<meta name=\"twitter:label1\" content=\"Escrito por\" \/>\n\t<meta name=\"twitter:data1\" content=\"adminfemergs\" \/>\n\t<meta name=\"twitter:label2\" content=\"Est. tempo de leitura\" \/>\n\t<meta name=\"twitter:data2\" content=\"5 minutos\" \/>\n<script type=\"application\/ld+json\" class=\"yoast-schema-graph\">{\"@context\":\"https:\/\/schema.org\",\"@graph\":[{\"@type\":\"Article\",\"@id\":\"https:\/\/femergs.com.br\/wfe\/blog\/reflexao-necessaria-maldades-contra-os-trabalhadores-continuam\/#article\",\"isPartOf\":{\"@id\":\"https:\/\/femergs.com.br\/wfe\/blog\/reflexao-necessaria-maldades-contra-os-trabalhadores-continuam\/\"},\"author\":{\"name\":\"adminfemergs\",\"@id\":\"https:\/\/femergs.com.br\/wfe\/#\/schema\/person\/f5558e6b5ffc044ee085016237dedb7f\"},\"headline\":\"REFLEX\u00c3O NECESS\u00c1RIA &#8211; MALDADES CONTRA OS TRABALHADORES CONTINUAM\",\"datePublished\":\"2017-10-06T12:24:53+00:00\",\"mainEntityOfPage\":{\"@id\":\"https:\/\/femergs.com.br\/wfe\/blog\/reflexao-necessaria-maldades-contra-os-trabalhadores-continuam\/\"},\"wordCount\":1108,\"publisher\":{\"@id\":\"https:\/\/femergs.com.br\/wfe\/#organization\"},\"keywords\":[\"NULL\"],\"articleSection\":[\"ARQUIVADAS\"],\"inLanguage\":\"pt-BR\"},{\"@type\":\"WebPage\",\"@id\":\"https:\/\/femergs.com.br\/wfe\/blog\/reflexao-necessaria-maldades-contra-os-trabalhadores-continuam\/\",\"url\":\"https:\/\/femergs.com.br\/wfe\/blog\/reflexao-necessaria-maldades-contra-os-trabalhadores-continuam\/\",\"name\":\"REFLEX\u00c3O NECESS\u00c1RIA - MALDADES CONTRA OS TRABALHADORES CONTINUAM - Federa\u00e7\u00e3o dos Municip\u00e1rios do Estado do Rio Grande do Sul\",\"isPartOf\":{\"@id\":\"https:\/\/femergs.com.br\/wfe\/#website\"},\"datePublished\":\"2017-10-06T12:24:53+00:00\",\"breadcrumb\":{\"@id\":\"https:\/\/femergs.com.br\/wfe\/blog\/reflexao-necessaria-maldades-contra-os-trabalhadores-continuam\/#breadcrumb\"},\"inLanguage\":\"pt-BR\",\"potentialAction\":[{\"@type\":\"ReadAction\",\"target\":[\"https:\/\/femergs.com.br\/wfe\/blog\/reflexao-necessaria-maldades-contra-os-trabalhadores-continuam\/\"]}]},{\"@type\":\"BreadcrumbList\",\"@id\":\"https:\/\/femergs.com.br\/wfe\/blog\/reflexao-necessaria-maldades-contra-os-trabalhadores-continuam\/#breadcrumb\",\"itemListElement\":[{\"@type\":\"ListItem\",\"position\":1,\"name\":\"In\u00edcio\",\"item\":\"https:\/\/femergs.com.br\/wfe\/\"},{\"@type\":\"ListItem\",\"position\":2,\"name\":\"REFLEX\u00c3O NECESS\u00c1RIA &#8211; MALDADES CONTRA OS TRABALHADORES CONTINUAM\"}]},{\"@type\":\"WebSite\",\"@id\":\"https:\/\/femergs.com.br\/wfe\/#website\",\"url\":\"https:\/\/femergs.com.br\/wfe\/\",\"name\":\"FEMERGS\",\"description\":\"FEDERA\u00c7\u00c3O DOS MUNICIP\u00c1RIOS DO ESTADO DO RIO GRANDE DO SUL\",\"publisher\":{\"@id\":\"https:\/\/femergs.com.br\/wfe\/#organization\"},\"potentialAction\":[{\"@type\":\"SearchAction\",\"target\":{\"@type\":\"EntryPoint\",\"urlTemplate\":\"https:\/\/femergs.com.br\/wfe\/?s={search_term_string}\"},\"query-input\":{\"@type\":\"PropertyValueSpecification\",\"valueRequired\":true,\"valueName\":\"search_term_string\"}}],\"inLanguage\":\"pt-BR\"},{\"@type\":\"Organization\",\"@id\":\"https:\/\/femergs.com.br\/wfe\/#organization\",\"name\":\"FEMERGS\",\"url\":\"https:\/\/femergs.com.br\/wfe\/\",\"logo\":{\"@type\":\"ImageObject\",\"inLanguage\":\"pt-BR\",\"@id\":\"https:\/\/femergs.com.br\/wfe\/#\/schema\/logo\/image\/\",\"url\":\"https:\/\/femergs.com.br\/wfe\/wp-content\/uploads\/2025\/06\/logotipo.png\",\"contentUrl\":\"https:\/\/femergs.com.br\/wfe\/wp-content\/uploads\/2025\/06\/logotipo.png\",\"width\":500,\"height\":500,\"caption\":\"FEMERGS\"},\"image\":{\"@id\":\"https:\/\/femergs.com.br\/wfe\/#\/schema\/logo\/image\/\"},\"sameAs\":[\"https:\/\/www.facebook.com\/profile.php?id=100057151733001\",\"https:\/\/www.instagram.com\/femergs_rs\/\"]},{\"@type\":\"Person\",\"@id\":\"https:\/\/femergs.com.br\/wfe\/#\/schema\/person\/f5558e6b5ffc044ee085016237dedb7f\",\"name\":\"adminfemergs\",\"image\":{\"@type\":\"ImageObject\",\"inLanguage\":\"pt-BR\",\"@id\":\"https:\/\/femergs.com.br\/wfe\/#\/schema\/person\/image\/\",\"url\":\"https:\/\/secure.gravatar.com\/avatar\/398642fa557cdd524617ad9b31c938845f071aeb3448b9c0aeb29aefc495337b?s=96&d=mm&r=g\",\"contentUrl\":\"https:\/\/secure.gravatar.com\/avatar\/398642fa557cdd524617ad9b31c938845f071aeb3448b9c0aeb29aefc495337b?s=96&d=mm&r=g\",\"caption\":\"adminfemergs\"},\"sameAs\":[\"https:\/\/femergs.com.br\/wfe\"],\"url\":\"https:\/\/femergs.com.br\/wfe\/blog\/author\/adminfemergs\/\"}]}<\/script>\n<!-- \/ Yoast SEO plugin. -->","yoast_head_json":{"title":"REFLEX\u00c3O NECESS\u00c1RIA - MALDADES CONTRA OS TRABALHADORES CONTINUAM - Federa\u00e7\u00e3o dos Municip\u00e1rios do Estado do Rio Grande do Sul","robots":{"index":"index","follow":"follow","max-snippet":"max-snippet:-1","max-image-preview":"max-image-preview:large","max-video-preview":"max-video-preview:-1"},"canonical":"https:\/\/femergs.com.br\/wfe\/blog\/reflexao-necessaria-maldades-contra-os-trabalhadores-continuam\/","og_locale":"pt_BR","og_type":"article","og_title":"REFLEX\u00c3O NECESS\u00c1RIA - MALDADES CONTRA OS TRABALHADORES CONTINUAM - Federa\u00e7\u00e3o dos Municip\u00e1rios do Estado do Rio Grande do Sul","og_description":"Senador LASIER MARTINS \u00e9 o autor do substitutivo que retira a estabilidade dos servidores p\u00fablicos. Por nove votos a quatro e depois de quase duas horas de debates, a Comiss\u00e3o de Constitui\u00e7\u00e3o e Justi\u00e7a (CCJ) do Senado aprovou, no dia 4 de outubro, o substitutivo do relator Lasier Martins (PSD-RS) ao projeto de lei (PLS [&hellip;]","og_url":"https:\/\/femergs.com.br\/wfe\/blog\/reflexao-necessaria-maldades-contra-os-trabalhadores-continuam\/","og_site_name":"Federa\u00e7\u00e3o dos Municip\u00e1rios do Estado do Rio Grande do Sul","article_publisher":"https:\/\/www.facebook.com\/profile.php?id=100057151733001","article_published_time":"2017-10-06T12:24:53+00:00","author":"adminfemergs","twitter_card":"summary_large_image","twitter_misc":{"Escrito por":"adminfemergs","Est. tempo de leitura":"5 minutos"},"schema":{"@context":"https:\/\/schema.org","@graph":[{"@type":"Article","@id":"https:\/\/femergs.com.br\/wfe\/blog\/reflexao-necessaria-maldades-contra-os-trabalhadores-continuam\/#article","isPartOf":{"@id":"https:\/\/femergs.com.br\/wfe\/blog\/reflexao-necessaria-maldades-contra-os-trabalhadores-continuam\/"},"author":{"name":"adminfemergs","@id":"https:\/\/femergs.com.br\/wfe\/#\/schema\/person\/f5558e6b5ffc044ee085016237dedb7f"},"headline":"REFLEX\u00c3O NECESS\u00c1RIA &#8211; MALDADES CONTRA OS TRABALHADORES CONTINUAM","datePublished":"2017-10-06T12:24:53+00:00","mainEntityOfPage":{"@id":"https:\/\/femergs.com.br\/wfe\/blog\/reflexao-necessaria-maldades-contra-os-trabalhadores-continuam\/"},"wordCount":1108,"publisher":{"@id":"https:\/\/femergs.com.br\/wfe\/#organization"},"keywords":["NULL"],"articleSection":["ARQUIVADAS"],"inLanguage":"pt-BR"},{"@type":"WebPage","@id":"https:\/\/femergs.com.br\/wfe\/blog\/reflexao-necessaria-maldades-contra-os-trabalhadores-continuam\/","url":"https:\/\/femergs.com.br\/wfe\/blog\/reflexao-necessaria-maldades-contra-os-trabalhadores-continuam\/","name":"REFLEX\u00c3O NECESS\u00c1RIA - MALDADES CONTRA OS TRABALHADORES CONTINUAM - Federa\u00e7\u00e3o dos Municip\u00e1rios do Estado do Rio Grande do Sul","isPartOf":{"@id":"https:\/\/femergs.com.br\/wfe\/#website"},"datePublished":"2017-10-06T12:24:53+00:00","breadcrumb":{"@id":"https:\/\/femergs.com.br\/wfe\/blog\/reflexao-necessaria-maldades-contra-os-trabalhadores-continuam\/#breadcrumb"},"inLanguage":"pt-BR","potentialAction":[{"@type":"ReadAction","target":["https:\/\/femergs.com.br\/wfe\/blog\/reflexao-necessaria-maldades-contra-os-trabalhadores-continuam\/"]}]},{"@type":"BreadcrumbList","@id":"https:\/\/femergs.com.br\/wfe\/blog\/reflexao-necessaria-maldades-contra-os-trabalhadores-continuam\/#breadcrumb","itemListElement":[{"@type":"ListItem","position":1,"name":"In\u00edcio","item":"https:\/\/femergs.com.br\/wfe\/"},{"@type":"ListItem","position":2,"name":"REFLEX\u00c3O NECESS\u00c1RIA &#8211; MALDADES CONTRA OS TRABALHADORES CONTINUAM"}]},{"@type":"WebSite","@id":"https:\/\/femergs.com.br\/wfe\/#website","url":"https:\/\/femergs.com.br\/wfe\/","name":"FEMERGS","description":"FEDERA\u00c7\u00c3O DOS MUNICIP\u00c1RIOS DO ESTADO DO RIO GRANDE DO SUL","publisher":{"@id":"https:\/\/femergs.com.br\/wfe\/#organization"},"potentialAction":[{"@type":"SearchAction","target":{"@type":"EntryPoint","urlTemplate":"https:\/\/femergs.com.br\/wfe\/?s={search_term_string}"},"query-input":{"@type":"PropertyValueSpecification","valueRequired":true,"valueName":"search_term_string"}}],"inLanguage":"pt-BR"},{"@type":"Organization","@id":"https:\/\/femergs.com.br\/wfe\/#organization","name":"FEMERGS","url":"https:\/\/femergs.com.br\/wfe\/","logo":{"@type":"ImageObject","inLanguage":"pt-BR","@id":"https:\/\/femergs.com.br\/wfe\/#\/schema\/logo\/image\/","url":"https:\/\/femergs.com.br\/wfe\/wp-content\/uploads\/2025\/06\/logotipo.png","contentUrl":"https:\/\/femergs.com.br\/wfe\/wp-content\/uploads\/2025\/06\/logotipo.png","width":500,"height":500,"caption":"FEMERGS"},"image":{"@id":"https:\/\/femergs.com.br\/wfe\/#\/schema\/logo\/image\/"},"sameAs":["https:\/\/www.facebook.com\/profile.php?id=100057151733001","https:\/\/www.instagram.com\/femergs_rs\/"]},{"@type":"Person","@id":"https:\/\/femergs.com.br\/wfe\/#\/schema\/person\/f5558e6b5ffc044ee085016237dedb7f","name":"adminfemergs","image":{"@type":"ImageObject","inLanguage":"pt-BR","@id":"https:\/\/femergs.com.br\/wfe\/#\/schema\/person\/image\/","url":"https:\/\/secure.gravatar.com\/avatar\/398642fa557cdd524617ad9b31c938845f071aeb3448b9c0aeb29aefc495337b?s=96&d=mm&r=g","contentUrl":"https:\/\/secure.gravatar.com\/avatar\/398642fa557cdd524617ad9b31c938845f071aeb3448b9c0aeb29aefc495337b?s=96&d=mm&r=g","caption":"adminfemergs"},"sameAs":["https:\/\/femergs.com.br\/wfe"],"url":"https:\/\/femergs.com.br\/wfe\/blog\/author\/adminfemergs\/"}]}},"uagb_featured_image_src":{"full":false,"thumbnail":false,"medium":false,"medium_large":false,"large":false,"1536x1536":false,"2048x2048":false,"ultp_layout_landscape_large":false,"ultp_layout_landscape":false,"ultp_layout_portrait":false,"ultp_layout_square":false},"uagb_author_info":{"display_name":"adminfemergs","author_link":"https:\/\/femergs.com.br\/wfe\/blog\/author\/adminfemergs\/"},"uagb_comment_info":0,"uagb_excerpt":"Senador LASIER MARTINS \u00e9 o autor do substitutivo que retira a estabilidade dos servidores p\u00fablicos. Por nove votos a quatro e depois de quase duas horas de debates, a Comiss\u00e3o de Constitui\u00e7\u00e3o e Justi\u00e7a (CCJ) do Senado aprovou, no dia 4 de outubro, o substitutivo do relator Lasier Martins (PSD-RS) ao projeto de lei (PLS&hellip;","_links":{"self":[{"href":"https:\/\/femergs.com.br\/wfe\/wp-json\/wp\/v2\/posts\/1109","targetHints":{"allow":["GET"]}}],"collection":[{"href":"https:\/\/femergs.com.br\/wfe\/wp-json\/wp\/v2\/posts"}],"about":[{"href":"https:\/\/femergs.com.br\/wfe\/wp-json\/wp\/v2\/types\/post"}],"author":[{"embeddable":true,"href":"https:\/\/femergs.com.br\/wfe\/wp-json\/wp\/v2\/users\/1"}],"replies":[{"embeddable":true,"href":"https:\/\/femergs.com.br\/wfe\/wp-json\/wp\/v2\/comments?post=1109"}],"version-history":[{"count":0,"href":"https:\/\/femergs.com.br\/wfe\/wp-json\/wp\/v2\/posts\/1109\/revisions"}],"wp:attachment":[{"href":"https:\/\/femergs.com.br\/wfe\/wp-json\/wp\/v2\/media?parent=1109"}],"wp:term":[{"taxonomy":"category","embeddable":true,"href":"https:\/\/femergs.com.br\/wfe\/wp-json\/wp\/v2\/categories?post=1109"},{"taxonomy":"post_tag","embeddable":true,"href":"https:\/\/femergs.com.br\/wfe\/wp-json\/wp\/v2\/tags?post=1109"}],"curies":[{"name":"wp","href":"https:\/\/api.w.org\/{rel}","templated":true}]}}