{"id":1110,"date":"2017-10-10T11:50:21","date_gmt":"2017-10-10T11:50:21","guid":{"rendered":"https:\/\/femergs.com.br\/wfe\/blog\/participacao-na-i-conferencia-estadual-de-vigilancia-em-saude\/"},"modified":"2017-10-10T11:50:21","modified_gmt":"2017-10-10T11:50:21","slug":"participacao-na-i-conferencia-estadual-de-vigilancia-em-saude","status":"publish","type":"post","link":"https:\/\/femergs.com.br\/wfe\/blog\/participacao-na-i-conferencia-estadual-de-vigilancia-em-saude\/","title":{"rendered":"participa\u00e7\u00e3o na &#8220;I Confer\u00eancia Estadual de Vigil\u00e2ncia em Sa\u00fade&#8221;"},"content":{"rendered":"<p>Nos dias 06 a 08 de outubro de 2017 aconteceu a I Confer\u00eancia Estadual de Vigil\u00e2ncia em Sa\u00fade, sendo que estiveram participando da Confer\u00eancia as representantes do Unidade Regional de Sa\u00fade do Trabalhador \u2013 UREST de Ametista do Sul, Marin\u00eas Lodi da Silveira e Maria Let\u00edcia Carnin, juntamente com<strong> Ivonei Cl\u00e1udio F\u00e3o,<\/strong> Vice-presidente do Conselho Gestor e representante do Centro de Refer\u00eancia em Sa\u00fade do Trabalhador \u2013 CEREST de Palmeira das Miss\u00f5es.<br \/>\nEm parceria com o Delegado <strong>Ronei Mayer de Lima<\/strong>, representante do Sindicato dos Servidores P\u00fabicos Municipais de Iju\u00ed, Ivonei coletou as assinaturas necess\u00e1rias para propor uma Mo\u00e7\u00e3o de Apoio aos Servidores P\u00fablicos em nome da Federa\u00e7\u00e3o dos Municip\u00e1rios do Estado do Rio Grande do Sul \u2013 FEMERGS.<br \/>\nDefendida por eles aos demais representantes de v\u00e1rios munic\u00edpios e entidades, sendo que a mesma obteve o aval necess\u00e1rio para ser apresentada na Plen\u00e1ria Final, onde acabou aprovada por unanimidade.<br \/>\nA Mo\u00e7\u00e3o constar\u00e1 no relat\u00f3rio final da Confer\u00eancia, assim como as propostas eleitas para serem discutidas na etapa nacional. Confira abaixo o texto na \u00edntegra:<\/p>\n<p><span style=\"background-color:#D3D3D3\">\u201cA Federa\u00e7\u00e3o dos Municip\u00e1rios do Rio Grande do Sul \u2013 FEMERGS, atrav\u00e9s de seus Delegados representantes Ivonei Cl\u00e1udio F\u00e3o e Ronei Mayer de Lima, vem por meio desta Mo\u00e7\u00e3o solicitar o apoio dos Delegados da 1\u00ba Confer\u00eancia Estadual de Vigil\u00e2ncia em Sa\u00fade, para manifestar o apoio aos Servidores P\u00fablicos de \u00e2mbito Federal, Estadual e Municipal, contra os sucessivos ataques aos trabalhadores, com retirada de direitos, congelamento de sal\u00e1rios e perda da estabilidade. Para que possamos ofertar um servi\u00e7o p\u00fablico de qualidade, com garantia de acesso igualit\u00e1rio a todos, precisamos valorizar os trabalhadores e as institui\u00e7\u00f5es p\u00fablicas.\u201d<\/span><\/p>\n","protected":false},"excerpt":{"rendered":"<p>Nos dias 06 a 08 de outubro de 2017 aconteceu a I Confer\u00eancia Estadual de Vigil\u00e2ncia em Sa\u00fade, sendo que estiveram participando da Confer\u00eancia as representantes do Unidade Regional de Sa\u00fade do Trabalhador \u2013 UREST de Ametista do Sul, Marin\u00eas Lodi da Silveira e Maria Let\u00edcia Carnin, juntamente com Ivonei Cl\u00e1udio F\u00e3o, Vice-presidente do Conselho [&hellip;]<\/p>\n","protected":false},"author":1,"featured_media":0,"comment_status":"closed","ping_status":"closed","sticky":false,"template":"","format":"standard","meta":{"_eb_attr":"","_uag_custom_page_level_css":"","fifu_image_url":"","fifu_image_alt":"","footnotes":""},"categories":[1],"tags":[32],"class_list":["post-1110","post","type-post","status-publish","format-standard","hentry","category-arquivadas","tag-null"],"yoast_head":"<!-- This site is optimized with the Yoast SEO plugin v27.1.1 - https:\/\/yoast.com\/product\/yoast-seo-wordpress\/ -->\n<title>participa\u00e7\u00e3o na &quot;I Confer\u00eancia Estadual de Vigil\u00e2ncia em Sa\u00fade&quot; - Federa\u00e7\u00e3o dos Municip\u00e1rios do Estado do Rio Grande do Sul<\/title>\n<meta name=\"robots\" content=\"index, follow, max-snippet:-1, max-image-preview:large, max-video-preview:-1\" \/>\n<link rel=\"canonical\" href=\"https:\/\/femergs.com.br\/wfe\/blog\/participacao-na-i-conferencia-estadual-de-vigilancia-em-saude\/\" \/>\n<meta property=\"og:locale\" content=\"pt_BR\" \/>\n<meta property=\"og:type\" content=\"article\" \/>\n<meta property=\"og:title\" content=\"participa\u00e7\u00e3o na &quot;I Confer\u00eancia Estadual de Vigil\u00e2ncia em Sa\u00fade&quot; - Federa\u00e7\u00e3o dos Municip\u00e1rios do Estado do Rio Grande do Sul\" \/>\n<meta property=\"og:description\" content=\"Nos dias 06 a 08 de outubro de 2017 aconteceu a I Confer\u00eancia Estadual de Vigil\u00e2ncia em Sa\u00fade, sendo que estiveram participando da Confer\u00eancia as representantes do Unidade Regional de Sa\u00fade do Trabalhador \u2013 UREST de Ametista do Sul, Marin\u00eas Lodi da Silveira e Maria Let\u00edcia Carnin, juntamente com Ivonei Cl\u00e1udio F\u00e3o, Vice-presidente do Conselho [&hellip;]\" \/>\n<meta property=\"og:url\" content=\"https:\/\/femergs.com.br\/wfe\/blog\/participacao-na-i-conferencia-estadual-de-vigilancia-em-saude\/\" \/>\n<meta property=\"og:site_name\" content=\"Federa\u00e7\u00e3o dos Municip\u00e1rios do Estado do Rio Grande do Sul\" \/>\n<meta property=\"article:publisher\" content=\"https:\/\/www.facebook.com\/profile.php?id=100057151733001\" \/>\n<meta property=\"article:published_time\" content=\"2017-10-10T11:50:21+00:00\" \/>\n<meta name=\"author\" content=\"adminfemergs\" \/>\n<meta name=\"twitter:card\" content=\"summary_large_image\" \/>\n<meta name=\"twitter:label1\" content=\"Escrito por\" \/>\n\t<meta name=\"twitter:data1\" content=\"adminfemergs\" \/>\n\t<meta name=\"twitter:label2\" content=\"Est. tempo de leitura\" \/>\n\t<meta name=\"twitter:data2\" content=\"2 minutos\" \/>\n<script type=\"application\/ld+json\" class=\"yoast-schema-graph\">{\"@context\":\"https:\/\/schema.org\",\"@graph\":[{\"@type\":\"Article\",\"@id\":\"https:\/\/femergs.com.br\/wfe\/blog\/participacao-na-i-conferencia-estadual-de-vigilancia-em-saude\/#article\",\"isPartOf\":{\"@id\":\"https:\/\/femergs.com.br\/wfe\/blog\/participacao-na-i-conferencia-estadual-de-vigilancia-em-saude\/\"},\"author\":{\"name\":\"adminfemergs\",\"@id\":\"https:\/\/femergs.com.br\/wfe\/#\/schema\/person\/f5558e6b5ffc044ee085016237dedb7f\"},\"headline\":\"participa\u00e7\u00e3o na &#8220;I Confer\u00eancia Estadual de Vigil\u00e2ncia em Sa\u00fade&#8221;\",\"datePublished\":\"2017-10-10T11:50:21+00:00\",\"mainEntityOfPage\":{\"@id\":\"https:\/\/femergs.com.br\/wfe\/blog\/participacao-na-i-conferencia-estadual-de-vigilancia-em-saude\/\"},\"wordCount\":316,\"publisher\":{\"@id\":\"https:\/\/femergs.com.br\/wfe\/#organization\"},\"keywords\":[\"NULL\"],\"articleSection\":[\"ARQUIVADAS\"],\"inLanguage\":\"pt-BR\"},{\"@type\":\"WebPage\",\"@id\":\"https:\/\/femergs.com.br\/wfe\/blog\/participacao-na-i-conferencia-estadual-de-vigilancia-em-saude\/\",\"url\":\"https:\/\/femergs.com.br\/wfe\/blog\/participacao-na-i-conferencia-estadual-de-vigilancia-em-saude\/\",\"name\":\"participa\u00e7\u00e3o na \\\"I Confer\u00eancia Estadual de Vigil\u00e2ncia em Sa\u00fade\\\" - Federa\u00e7\u00e3o dos Municip\u00e1rios do Estado do Rio Grande do Sul\",\"isPartOf\":{\"@id\":\"https:\/\/femergs.com.br\/wfe\/#website\"},\"datePublished\":\"2017-10-10T11:50:21+00:00\",\"breadcrumb\":{\"@id\":\"https:\/\/femergs.com.br\/wfe\/blog\/participacao-na-i-conferencia-estadual-de-vigilancia-em-saude\/#breadcrumb\"},\"inLanguage\":\"pt-BR\",\"potentialAction\":[{\"@type\":\"ReadAction\",\"target\":[\"https:\/\/femergs.com.br\/wfe\/blog\/participacao-na-i-conferencia-estadual-de-vigilancia-em-saude\/\"]}]},{\"@type\":\"BreadcrumbList\",\"@id\":\"https:\/\/femergs.com.br\/wfe\/blog\/participacao-na-i-conferencia-estadual-de-vigilancia-em-saude\/#breadcrumb\",\"itemListElement\":[{\"@type\":\"ListItem\",\"position\":1,\"name\":\"In\u00edcio\",\"item\":\"https:\/\/femergs.com.br\/wfe\/\"},{\"@type\":\"ListItem\",\"position\":2,\"name\":\"participa\u00e7\u00e3o na &#8220;I Confer\u00eancia Estadual de Vigil\u00e2ncia em Sa\u00fade&#8221;\"}]},{\"@type\":\"WebSite\",\"@id\":\"https:\/\/femergs.com.br\/wfe\/#website\",\"url\":\"https:\/\/femergs.com.br\/wfe\/\",\"name\":\"FEMERGS\",\"description\":\"FEDERA\u00c7\u00c3O DOS MUNICIP\u00c1RIOS DO ESTADO DO RIO GRANDE DO SUL\",\"publisher\":{\"@id\":\"https:\/\/femergs.com.br\/wfe\/#organization\"},\"potentialAction\":[{\"@type\":\"SearchAction\",\"target\":{\"@type\":\"EntryPoint\",\"urlTemplate\":\"https:\/\/femergs.com.br\/wfe\/?s={search_term_string}\"},\"query-input\":{\"@type\":\"PropertyValueSpecification\",\"valueRequired\":true,\"valueName\":\"search_term_string\"}}],\"inLanguage\":\"pt-BR\"},{\"@type\":\"Organization\",\"@id\":\"https:\/\/femergs.com.br\/wfe\/#organization\",\"name\":\"FEMERGS\",\"url\":\"https:\/\/femergs.com.br\/wfe\/\",\"logo\":{\"@type\":\"ImageObject\",\"inLanguage\":\"pt-BR\",\"@id\":\"https:\/\/femergs.com.br\/wfe\/#\/schema\/logo\/image\/\",\"url\":\"https:\/\/femergs.com.br\/wfe\/wp-content\/uploads\/2025\/06\/logotipo.png\",\"contentUrl\":\"https:\/\/femergs.com.br\/wfe\/wp-content\/uploads\/2025\/06\/logotipo.png\",\"width\":500,\"height\":500,\"caption\":\"FEMERGS\"},\"image\":{\"@id\":\"https:\/\/femergs.com.br\/wfe\/#\/schema\/logo\/image\/\"},\"sameAs\":[\"https:\/\/www.facebook.com\/profile.php?id=100057151733001\",\"https:\/\/www.instagram.com\/femergs_rs\/\"]},{\"@type\":\"Person\",\"@id\":\"https:\/\/femergs.com.br\/wfe\/#\/schema\/person\/f5558e6b5ffc044ee085016237dedb7f\",\"name\":\"adminfemergs\",\"image\":{\"@type\":\"ImageObject\",\"inLanguage\":\"pt-BR\",\"@id\":\"https:\/\/femergs.com.br\/wfe\/#\/schema\/person\/image\/\",\"url\":\"https:\/\/secure.gravatar.com\/avatar\/398642fa557cdd524617ad9b31c938845f071aeb3448b9c0aeb29aefc495337b?s=96&d=mm&r=g\",\"contentUrl\":\"https:\/\/secure.gravatar.com\/avatar\/398642fa557cdd524617ad9b31c938845f071aeb3448b9c0aeb29aefc495337b?s=96&d=mm&r=g\",\"caption\":\"adminfemergs\"},\"sameAs\":[\"https:\/\/femergs.com.br\/wfe\"],\"url\":\"https:\/\/femergs.com.br\/wfe\/blog\/author\/adminfemergs\/\"}]}<\/script>\n<!-- \/ Yoast SEO plugin. -->","yoast_head_json":{"title":"participa\u00e7\u00e3o na \"I Confer\u00eancia Estadual de Vigil\u00e2ncia em Sa\u00fade\" - Federa\u00e7\u00e3o dos Municip\u00e1rios do Estado do Rio Grande do Sul","robots":{"index":"index","follow":"follow","max-snippet":"max-snippet:-1","max-image-preview":"max-image-preview:large","max-video-preview":"max-video-preview:-1"},"canonical":"https:\/\/femergs.com.br\/wfe\/blog\/participacao-na-i-conferencia-estadual-de-vigilancia-em-saude\/","og_locale":"pt_BR","og_type":"article","og_title":"participa\u00e7\u00e3o na \"I Confer\u00eancia Estadual de Vigil\u00e2ncia em Sa\u00fade\" - Federa\u00e7\u00e3o dos Municip\u00e1rios do Estado do Rio Grande do Sul","og_description":"Nos dias 06 a 08 de outubro de 2017 aconteceu a I Confer\u00eancia Estadual de Vigil\u00e2ncia em Sa\u00fade, sendo que estiveram participando da Confer\u00eancia as representantes do Unidade Regional de Sa\u00fade do Trabalhador \u2013 UREST de Ametista do Sul, Marin\u00eas Lodi da Silveira e Maria Let\u00edcia Carnin, juntamente com Ivonei Cl\u00e1udio F\u00e3o, Vice-presidente do Conselho [&hellip;]","og_url":"https:\/\/femergs.com.br\/wfe\/blog\/participacao-na-i-conferencia-estadual-de-vigilancia-em-saude\/","og_site_name":"Federa\u00e7\u00e3o dos Municip\u00e1rios do Estado do Rio Grande do Sul","article_publisher":"https:\/\/www.facebook.com\/profile.php?id=100057151733001","article_published_time":"2017-10-10T11:50:21+00:00","author":"adminfemergs","twitter_card":"summary_large_image","twitter_misc":{"Escrito por":"adminfemergs","Est. tempo de leitura":"2 minutos"},"schema":{"@context":"https:\/\/schema.org","@graph":[{"@type":"Article","@id":"https:\/\/femergs.com.br\/wfe\/blog\/participacao-na-i-conferencia-estadual-de-vigilancia-em-saude\/#article","isPartOf":{"@id":"https:\/\/femergs.com.br\/wfe\/blog\/participacao-na-i-conferencia-estadual-de-vigilancia-em-saude\/"},"author":{"name":"adminfemergs","@id":"https:\/\/femergs.com.br\/wfe\/#\/schema\/person\/f5558e6b5ffc044ee085016237dedb7f"},"headline":"participa\u00e7\u00e3o na &#8220;I Confer\u00eancia Estadual de Vigil\u00e2ncia em Sa\u00fade&#8221;","datePublished":"2017-10-10T11:50:21+00:00","mainEntityOfPage":{"@id":"https:\/\/femergs.com.br\/wfe\/blog\/participacao-na-i-conferencia-estadual-de-vigilancia-em-saude\/"},"wordCount":316,"publisher":{"@id":"https:\/\/femergs.com.br\/wfe\/#organization"},"keywords":["NULL"],"articleSection":["ARQUIVADAS"],"inLanguage":"pt-BR"},{"@type":"WebPage","@id":"https:\/\/femergs.com.br\/wfe\/blog\/participacao-na-i-conferencia-estadual-de-vigilancia-em-saude\/","url":"https:\/\/femergs.com.br\/wfe\/blog\/participacao-na-i-conferencia-estadual-de-vigilancia-em-saude\/","name":"participa\u00e7\u00e3o na \"I Confer\u00eancia Estadual de Vigil\u00e2ncia em Sa\u00fade\" - Federa\u00e7\u00e3o dos Municip\u00e1rios do Estado do Rio Grande do Sul","isPartOf":{"@id":"https:\/\/femergs.com.br\/wfe\/#website"},"datePublished":"2017-10-10T11:50:21+00:00","breadcrumb":{"@id":"https:\/\/femergs.com.br\/wfe\/blog\/participacao-na-i-conferencia-estadual-de-vigilancia-em-saude\/#breadcrumb"},"inLanguage":"pt-BR","potentialAction":[{"@type":"ReadAction","target":["https:\/\/femergs.com.br\/wfe\/blog\/participacao-na-i-conferencia-estadual-de-vigilancia-em-saude\/"]}]},{"@type":"BreadcrumbList","@id":"https:\/\/femergs.com.br\/wfe\/blog\/participacao-na-i-conferencia-estadual-de-vigilancia-em-saude\/#breadcrumb","itemListElement":[{"@type":"ListItem","position":1,"name":"In\u00edcio","item":"https:\/\/femergs.com.br\/wfe\/"},{"@type":"ListItem","position":2,"name":"participa\u00e7\u00e3o na &#8220;I Confer\u00eancia Estadual de Vigil\u00e2ncia em Sa\u00fade&#8221;"}]},{"@type":"WebSite","@id":"https:\/\/femergs.com.br\/wfe\/#website","url":"https:\/\/femergs.com.br\/wfe\/","name":"FEMERGS","description":"FEDERA\u00c7\u00c3O DOS MUNICIP\u00c1RIOS DO ESTADO DO RIO GRANDE DO SUL","publisher":{"@id":"https:\/\/femergs.com.br\/wfe\/#organization"},"potentialAction":[{"@type":"SearchAction","target":{"@type":"EntryPoint","urlTemplate":"https:\/\/femergs.com.br\/wfe\/?s={search_term_string}"},"query-input":{"@type":"PropertyValueSpecification","valueRequired":true,"valueName":"search_term_string"}}],"inLanguage":"pt-BR"},{"@type":"Organization","@id":"https:\/\/femergs.com.br\/wfe\/#organization","name":"FEMERGS","url":"https:\/\/femergs.com.br\/wfe\/","logo":{"@type":"ImageObject","inLanguage":"pt-BR","@id":"https:\/\/femergs.com.br\/wfe\/#\/schema\/logo\/image\/","url":"https:\/\/femergs.com.br\/wfe\/wp-content\/uploads\/2025\/06\/logotipo.png","contentUrl":"https:\/\/femergs.com.br\/wfe\/wp-content\/uploads\/2025\/06\/logotipo.png","width":500,"height":500,"caption":"FEMERGS"},"image":{"@id":"https:\/\/femergs.com.br\/wfe\/#\/schema\/logo\/image\/"},"sameAs":["https:\/\/www.facebook.com\/profile.php?id=100057151733001","https:\/\/www.instagram.com\/femergs_rs\/"]},{"@type":"Person","@id":"https:\/\/femergs.com.br\/wfe\/#\/schema\/person\/f5558e6b5ffc044ee085016237dedb7f","name":"adminfemergs","image":{"@type":"ImageObject","inLanguage":"pt-BR","@id":"https:\/\/femergs.com.br\/wfe\/#\/schema\/person\/image\/","url":"https:\/\/secure.gravatar.com\/avatar\/398642fa557cdd524617ad9b31c938845f071aeb3448b9c0aeb29aefc495337b?s=96&d=mm&r=g","contentUrl":"https:\/\/secure.gravatar.com\/avatar\/398642fa557cdd524617ad9b31c938845f071aeb3448b9c0aeb29aefc495337b?s=96&d=mm&r=g","caption":"adminfemergs"},"sameAs":["https:\/\/femergs.com.br\/wfe"],"url":"https:\/\/femergs.com.br\/wfe\/blog\/author\/adminfemergs\/"}]}},"uagb_featured_image_src":{"full":false,"thumbnail":false,"medium":false,"medium_large":false,"large":false,"1536x1536":false,"2048x2048":false,"ultp_layout_landscape_large":false,"ultp_layout_landscape":false,"ultp_layout_portrait":false,"ultp_layout_square":false},"uagb_author_info":{"display_name":"adminfemergs","author_link":"https:\/\/femergs.com.br\/wfe\/blog\/author\/adminfemergs\/"},"uagb_comment_info":0,"uagb_excerpt":"Nos dias 06 a 08 de outubro de 2017 aconteceu a I Confer\u00eancia Estadual de Vigil\u00e2ncia em Sa\u00fade, sendo que estiveram participando da Confer\u00eancia as representantes do Unidade Regional de Sa\u00fade do Trabalhador \u2013 UREST de Ametista do Sul, Marin\u00eas Lodi da Silveira e Maria Let\u00edcia Carnin, juntamente com Ivonei Cl\u00e1udio F\u00e3o, Vice-presidente do Conselho&hellip;","_links":{"self":[{"href":"https:\/\/femergs.com.br\/wfe\/wp-json\/wp\/v2\/posts\/1110","targetHints":{"allow":["GET"]}}],"collection":[{"href":"https:\/\/femergs.com.br\/wfe\/wp-json\/wp\/v2\/posts"}],"about":[{"href":"https:\/\/femergs.com.br\/wfe\/wp-json\/wp\/v2\/types\/post"}],"author":[{"embeddable":true,"href":"https:\/\/femergs.com.br\/wfe\/wp-json\/wp\/v2\/users\/1"}],"replies":[{"embeddable":true,"href":"https:\/\/femergs.com.br\/wfe\/wp-json\/wp\/v2\/comments?post=1110"}],"version-history":[{"count":0,"href":"https:\/\/femergs.com.br\/wfe\/wp-json\/wp\/v2\/posts\/1110\/revisions"}],"wp:attachment":[{"href":"https:\/\/femergs.com.br\/wfe\/wp-json\/wp\/v2\/media?parent=1110"}],"wp:term":[{"taxonomy":"category","embeddable":true,"href":"https:\/\/femergs.com.br\/wfe\/wp-json\/wp\/v2\/categories?post=1110"},{"taxonomy":"post_tag","embeddable":true,"href":"https:\/\/femergs.com.br\/wfe\/wp-json\/wp\/v2\/tags?post=1110"}],"curies":[{"name":"wp","href":"https:\/\/api.w.org\/{rel}","templated":true}]}}