{"id":1113,"date":"2017-10-23T18:27:22","date_gmt":"2017-10-23T18:27:22","guid":{"rendered":"https:\/\/femergs.com.br\/wfe\/blog\/litoral-norte-recebe-o-presidente-da-femergs-vilson-weber\/"},"modified":"2017-10-23T18:27:22","modified_gmt":"2017-10-23T18:27:22","slug":"litoral-norte-recebe-o-presidente-da-femergs-vilson-weber","status":"publish","type":"post","link":"https:\/\/femergs.com.br\/wfe\/blog\/litoral-norte-recebe-o-presidente-da-femergs-vilson-weber\/","title":{"rendered":"LITORAL NORTE RECEBE O PRESIDENTE DA FEMERGS VILSON WEBER"},"content":{"rendered":"<div style=\"text-align:justify\">Nos dias 19 e 20 de outubro, Presidente da FEMERGS, Vilson Weber, juntamente com a Diretora de forma\u00e7\u00e3o, Clarice Mainardi e a Coordenadora Regional Litoral Norte, Eliane Trindade Lima, visita alguns sindicatos da regional, quando fornecido orienta\u00e7\u00f5es necess\u00e1rias quanto a lutas, situa\u00e7\u00e3o pol\u00edtica, documenta\u00e7\u00f5es exigidas pelo MTE &#8211; Minist\u00e9rio do Trabalho e Emprego, al\u00e9m da realiza\u00e7\u00e3o da entrega de materiais, etc .<br \/>\nConversamos com J\u00falio Saffir, Presidente do Sindicato dos Servidores Municipais de Cidreira ; em Balne\u00e1rio Pinhal estivemos com Presidente da Entidade Sindical, Laura Rejane; em Palmares do Sul com o Presidente Th\u00e1scio Boeira. Em Dom Pedro de Alc\u00e2ntara, sindicato recentemente filiado \u00e0 Femergs , participamos de reuni\u00e3o com membros da diretoria da entidade, professores, secret\u00e1rias de educa\u00e7\u00e3o e administra\u00e7\u00e3o. A Presid\u00eancia atual est\u00e1 com Jos\u00e9 Ailson Hendler ; Caraa tamb\u00e9m reeleito o Presidente Jauri da Silva Teixeira.<br \/>\nContamos com a participa\u00e7\u00e3o do Diretor Jur\u00eddico da FEMERGS, Jo\u00e3o Dorlan da Silva, na visita em Os\u00f3rio, sindicato filiado, que est\u00e1 em per\u00edodo eleitoral e tamb\u00e9m em Capivari do Sul, quando, na oportunidade, a Presidente do Sindicato Ana Clair da Silva, juntamente com equipe diretiva da entidade sindical, ofereceu em homenagem aos professores e demais servidores, jantar maravilhoso que contou com a presen\u00e7a dos municip\u00e1rios e algumas autoridades, que prestigiaram o evento organizado pela diretoria.<\/div>\n","protected":false},"excerpt":{"rendered":"<p>Nos dias 19 e 20 de outubro, Presidente da FEMERGS, Vilson Weber, juntamente com a Diretora de forma\u00e7\u00e3o, Clarice Mainardi e a Coordenadora Regional Litoral Norte, Eliane Trindade Lima, visita alguns sindicatos da regional, quando fornecido orienta\u00e7\u00f5es necess\u00e1rias quanto a lutas, situa\u00e7\u00e3o pol\u00edtica, documenta\u00e7\u00f5es exigidas pelo MTE &#8211; Minist\u00e9rio do Trabalho e Emprego, al\u00e9m da [&hellip;]<\/p>\n","protected":false},"author":1,"featured_media":0,"comment_status":"closed","ping_status":"closed","sticky":false,"template":"","format":"standard","meta":{"_eb_attr":"","_uag_custom_page_level_css":"","fifu_image_url":"","fifu_image_alt":"","footnotes":""},"categories":[1],"tags":[32],"class_list":["post-1113","post","type-post","status-publish","format-standard","hentry","category-arquivadas","tag-null"],"yoast_head":"<!-- This site is optimized with the Yoast SEO plugin v27.1.1 - https:\/\/yoast.com\/product\/yoast-seo-wordpress\/ -->\n<title>LITORAL NORTE RECEBE O PRESIDENTE DA FEMERGS VILSON WEBER - Federa\u00e7\u00e3o dos Municip\u00e1rios do Estado do Rio Grande do Sul<\/title>\n<meta name=\"robots\" content=\"index, follow, max-snippet:-1, max-image-preview:large, max-video-preview:-1\" \/>\n<link rel=\"canonical\" href=\"https:\/\/femergs.com.br\/wfe\/blog\/litoral-norte-recebe-o-presidente-da-femergs-vilson-weber\/\" \/>\n<meta property=\"og:locale\" content=\"pt_BR\" \/>\n<meta property=\"og:type\" content=\"article\" \/>\n<meta property=\"og:title\" content=\"LITORAL NORTE RECEBE O PRESIDENTE DA FEMERGS VILSON WEBER - Federa\u00e7\u00e3o dos Municip\u00e1rios do Estado do Rio Grande do Sul\" \/>\n<meta property=\"og:description\" content=\"Nos dias 19 e 20 de outubro, Presidente da FEMERGS, Vilson Weber, juntamente com a Diretora de forma\u00e7\u00e3o, Clarice Mainardi e a Coordenadora Regional Litoral Norte, Eliane Trindade Lima, visita alguns sindicatos da regional, quando fornecido orienta\u00e7\u00f5es necess\u00e1rias quanto a lutas, situa\u00e7\u00e3o pol\u00edtica, documenta\u00e7\u00f5es exigidas pelo MTE &#8211; Minist\u00e9rio do Trabalho e Emprego, al\u00e9m da [&hellip;]\" \/>\n<meta property=\"og:url\" content=\"https:\/\/femergs.com.br\/wfe\/blog\/litoral-norte-recebe-o-presidente-da-femergs-vilson-weber\/\" \/>\n<meta property=\"og:site_name\" content=\"Federa\u00e7\u00e3o dos Municip\u00e1rios do Estado do Rio Grande do Sul\" \/>\n<meta property=\"article:publisher\" content=\"https:\/\/www.facebook.com\/profile.php?id=100057151733001\" \/>\n<meta property=\"article:published_time\" content=\"2017-10-23T18:27:22+00:00\" \/>\n<meta name=\"author\" content=\"adminfemergs\" \/>\n<meta name=\"twitter:card\" content=\"summary_large_image\" \/>\n<meta name=\"twitter:label1\" content=\"Escrito por\" \/>\n\t<meta name=\"twitter:data1\" content=\"adminfemergs\" \/>\n\t<meta name=\"twitter:label2\" content=\"Est. tempo de leitura\" \/>\n\t<meta name=\"twitter:data2\" content=\"1 minuto\" \/>\n<script type=\"application\/ld+json\" class=\"yoast-schema-graph\">{\"@context\":\"https:\/\/schema.org\",\"@graph\":[{\"@type\":\"Article\",\"@id\":\"https:\/\/femergs.com.br\/wfe\/blog\/litoral-norte-recebe-o-presidente-da-femergs-vilson-weber\/#article\",\"isPartOf\":{\"@id\":\"https:\/\/femergs.com.br\/wfe\/blog\/litoral-norte-recebe-o-presidente-da-femergs-vilson-weber\/\"},\"author\":{\"name\":\"adminfemergs\",\"@id\":\"https:\/\/femergs.com.br\/wfe\/#\/schema\/person\/f5558e6b5ffc044ee085016237dedb7f\"},\"headline\":\"LITORAL NORTE RECEBE O PRESIDENTE DA FEMERGS VILSON WEBER\",\"datePublished\":\"2017-10-23T18:27:22+00:00\",\"mainEntityOfPage\":{\"@id\":\"https:\/\/femergs.com.br\/wfe\/blog\/litoral-norte-recebe-o-presidente-da-femergs-vilson-weber\/\"},\"wordCount\":243,\"publisher\":{\"@id\":\"https:\/\/femergs.com.br\/wfe\/#organization\"},\"keywords\":[\"NULL\"],\"articleSection\":[\"ARQUIVADAS\"],\"inLanguage\":\"pt-BR\"},{\"@type\":\"WebPage\",\"@id\":\"https:\/\/femergs.com.br\/wfe\/blog\/litoral-norte-recebe-o-presidente-da-femergs-vilson-weber\/\",\"url\":\"https:\/\/femergs.com.br\/wfe\/blog\/litoral-norte-recebe-o-presidente-da-femergs-vilson-weber\/\",\"name\":\"LITORAL NORTE RECEBE O PRESIDENTE DA FEMERGS VILSON WEBER - Federa\u00e7\u00e3o dos Municip\u00e1rios do Estado do Rio Grande do Sul\",\"isPartOf\":{\"@id\":\"https:\/\/femergs.com.br\/wfe\/#website\"},\"datePublished\":\"2017-10-23T18:27:22+00:00\",\"breadcrumb\":{\"@id\":\"https:\/\/femergs.com.br\/wfe\/blog\/litoral-norte-recebe-o-presidente-da-femergs-vilson-weber\/#breadcrumb\"},\"inLanguage\":\"pt-BR\",\"potentialAction\":[{\"@type\":\"ReadAction\",\"target\":[\"https:\/\/femergs.com.br\/wfe\/blog\/litoral-norte-recebe-o-presidente-da-femergs-vilson-weber\/\"]}]},{\"@type\":\"BreadcrumbList\",\"@id\":\"https:\/\/femergs.com.br\/wfe\/blog\/litoral-norte-recebe-o-presidente-da-femergs-vilson-weber\/#breadcrumb\",\"itemListElement\":[{\"@type\":\"ListItem\",\"position\":1,\"name\":\"In\u00edcio\",\"item\":\"https:\/\/femergs.com.br\/wfe\/\"},{\"@type\":\"ListItem\",\"position\":2,\"name\":\"LITORAL NORTE RECEBE O PRESIDENTE DA FEMERGS VILSON WEBER\"}]},{\"@type\":\"WebSite\",\"@id\":\"https:\/\/femergs.com.br\/wfe\/#website\",\"url\":\"https:\/\/femergs.com.br\/wfe\/\",\"name\":\"FEMERGS\",\"description\":\"FEDERA\u00c7\u00c3O DOS MUNICIP\u00c1RIOS DO ESTADO DO RIO GRANDE DO SUL\",\"publisher\":{\"@id\":\"https:\/\/femergs.com.br\/wfe\/#organization\"},\"potentialAction\":[{\"@type\":\"SearchAction\",\"target\":{\"@type\":\"EntryPoint\",\"urlTemplate\":\"https:\/\/femergs.com.br\/wfe\/?s={search_term_string}\"},\"query-input\":{\"@type\":\"PropertyValueSpecification\",\"valueRequired\":true,\"valueName\":\"search_term_string\"}}],\"inLanguage\":\"pt-BR\"},{\"@type\":\"Organization\",\"@id\":\"https:\/\/femergs.com.br\/wfe\/#organization\",\"name\":\"FEMERGS\",\"url\":\"https:\/\/femergs.com.br\/wfe\/\",\"logo\":{\"@type\":\"ImageObject\",\"inLanguage\":\"pt-BR\",\"@id\":\"https:\/\/femergs.com.br\/wfe\/#\/schema\/logo\/image\/\",\"url\":\"https:\/\/femergs.com.br\/wfe\/wp-content\/uploads\/2025\/06\/logotipo.png\",\"contentUrl\":\"https:\/\/femergs.com.br\/wfe\/wp-content\/uploads\/2025\/06\/logotipo.png\",\"width\":500,\"height\":500,\"caption\":\"FEMERGS\"},\"image\":{\"@id\":\"https:\/\/femergs.com.br\/wfe\/#\/schema\/logo\/image\/\"},\"sameAs\":[\"https:\/\/www.facebook.com\/profile.php?id=100057151733001\",\"https:\/\/www.instagram.com\/femergs_rs\/\"]},{\"@type\":\"Person\",\"@id\":\"https:\/\/femergs.com.br\/wfe\/#\/schema\/person\/f5558e6b5ffc044ee085016237dedb7f\",\"name\":\"adminfemergs\",\"image\":{\"@type\":\"ImageObject\",\"inLanguage\":\"pt-BR\",\"@id\":\"https:\/\/femergs.com.br\/wfe\/#\/schema\/person\/image\/\",\"url\":\"https:\/\/secure.gravatar.com\/avatar\/398642fa557cdd524617ad9b31c938845f071aeb3448b9c0aeb29aefc495337b?s=96&d=mm&r=g\",\"contentUrl\":\"https:\/\/secure.gravatar.com\/avatar\/398642fa557cdd524617ad9b31c938845f071aeb3448b9c0aeb29aefc495337b?s=96&d=mm&r=g\",\"caption\":\"adminfemergs\"},\"sameAs\":[\"https:\/\/femergs.com.br\/wfe\"],\"url\":\"https:\/\/femergs.com.br\/wfe\/blog\/author\/adminfemergs\/\"}]}<\/script>\n<!-- \/ Yoast SEO plugin. -->","yoast_head_json":{"title":"LITORAL NORTE RECEBE O PRESIDENTE DA FEMERGS VILSON WEBER - Federa\u00e7\u00e3o dos Municip\u00e1rios do Estado do Rio Grande do Sul","robots":{"index":"index","follow":"follow","max-snippet":"max-snippet:-1","max-image-preview":"max-image-preview:large","max-video-preview":"max-video-preview:-1"},"canonical":"https:\/\/femergs.com.br\/wfe\/blog\/litoral-norte-recebe-o-presidente-da-femergs-vilson-weber\/","og_locale":"pt_BR","og_type":"article","og_title":"LITORAL NORTE RECEBE O PRESIDENTE DA FEMERGS VILSON WEBER - Federa\u00e7\u00e3o dos Municip\u00e1rios do Estado do Rio Grande do Sul","og_description":"Nos dias 19 e 20 de outubro, Presidente da FEMERGS, Vilson Weber, juntamente com a Diretora de forma\u00e7\u00e3o, Clarice Mainardi e a Coordenadora Regional Litoral Norte, Eliane Trindade Lima, visita alguns sindicatos da regional, quando fornecido orienta\u00e7\u00f5es necess\u00e1rias quanto a lutas, situa\u00e7\u00e3o pol\u00edtica, documenta\u00e7\u00f5es exigidas pelo MTE &#8211; Minist\u00e9rio do Trabalho e Emprego, al\u00e9m da [&hellip;]","og_url":"https:\/\/femergs.com.br\/wfe\/blog\/litoral-norte-recebe-o-presidente-da-femergs-vilson-weber\/","og_site_name":"Federa\u00e7\u00e3o dos Municip\u00e1rios do Estado do Rio Grande do Sul","article_publisher":"https:\/\/www.facebook.com\/profile.php?id=100057151733001","article_published_time":"2017-10-23T18:27:22+00:00","author":"adminfemergs","twitter_card":"summary_large_image","twitter_misc":{"Escrito por":"adminfemergs","Est. tempo de leitura":"1 minuto"},"schema":{"@context":"https:\/\/schema.org","@graph":[{"@type":"Article","@id":"https:\/\/femergs.com.br\/wfe\/blog\/litoral-norte-recebe-o-presidente-da-femergs-vilson-weber\/#article","isPartOf":{"@id":"https:\/\/femergs.com.br\/wfe\/blog\/litoral-norte-recebe-o-presidente-da-femergs-vilson-weber\/"},"author":{"name":"adminfemergs","@id":"https:\/\/femergs.com.br\/wfe\/#\/schema\/person\/f5558e6b5ffc044ee085016237dedb7f"},"headline":"LITORAL NORTE RECEBE O PRESIDENTE DA FEMERGS VILSON WEBER","datePublished":"2017-10-23T18:27:22+00:00","mainEntityOfPage":{"@id":"https:\/\/femergs.com.br\/wfe\/blog\/litoral-norte-recebe-o-presidente-da-femergs-vilson-weber\/"},"wordCount":243,"publisher":{"@id":"https:\/\/femergs.com.br\/wfe\/#organization"},"keywords":["NULL"],"articleSection":["ARQUIVADAS"],"inLanguage":"pt-BR"},{"@type":"WebPage","@id":"https:\/\/femergs.com.br\/wfe\/blog\/litoral-norte-recebe-o-presidente-da-femergs-vilson-weber\/","url":"https:\/\/femergs.com.br\/wfe\/blog\/litoral-norte-recebe-o-presidente-da-femergs-vilson-weber\/","name":"LITORAL NORTE RECEBE O PRESIDENTE DA FEMERGS VILSON WEBER - Federa\u00e7\u00e3o dos Municip\u00e1rios do Estado do Rio Grande do Sul","isPartOf":{"@id":"https:\/\/femergs.com.br\/wfe\/#website"},"datePublished":"2017-10-23T18:27:22+00:00","breadcrumb":{"@id":"https:\/\/femergs.com.br\/wfe\/blog\/litoral-norte-recebe-o-presidente-da-femergs-vilson-weber\/#breadcrumb"},"inLanguage":"pt-BR","potentialAction":[{"@type":"ReadAction","target":["https:\/\/femergs.com.br\/wfe\/blog\/litoral-norte-recebe-o-presidente-da-femergs-vilson-weber\/"]}]},{"@type":"BreadcrumbList","@id":"https:\/\/femergs.com.br\/wfe\/blog\/litoral-norte-recebe-o-presidente-da-femergs-vilson-weber\/#breadcrumb","itemListElement":[{"@type":"ListItem","position":1,"name":"In\u00edcio","item":"https:\/\/femergs.com.br\/wfe\/"},{"@type":"ListItem","position":2,"name":"LITORAL NORTE RECEBE O PRESIDENTE DA FEMERGS VILSON WEBER"}]},{"@type":"WebSite","@id":"https:\/\/femergs.com.br\/wfe\/#website","url":"https:\/\/femergs.com.br\/wfe\/","name":"FEMERGS","description":"FEDERA\u00c7\u00c3O DOS MUNICIP\u00c1RIOS DO ESTADO DO RIO GRANDE DO SUL","publisher":{"@id":"https:\/\/femergs.com.br\/wfe\/#organization"},"potentialAction":[{"@type":"SearchAction","target":{"@type":"EntryPoint","urlTemplate":"https:\/\/femergs.com.br\/wfe\/?s={search_term_string}"},"query-input":{"@type":"PropertyValueSpecification","valueRequired":true,"valueName":"search_term_string"}}],"inLanguage":"pt-BR"},{"@type":"Organization","@id":"https:\/\/femergs.com.br\/wfe\/#organization","name":"FEMERGS","url":"https:\/\/femergs.com.br\/wfe\/","logo":{"@type":"ImageObject","inLanguage":"pt-BR","@id":"https:\/\/femergs.com.br\/wfe\/#\/schema\/logo\/image\/","url":"https:\/\/femergs.com.br\/wfe\/wp-content\/uploads\/2025\/06\/logotipo.png","contentUrl":"https:\/\/femergs.com.br\/wfe\/wp-content\/uploads\/2025\/06\/logotipo.png","width":500,"height":500,"caption":"FEMERGS"},"image":{"@id":"https:\/\/femergs.com.br\/wfe\/#\/schema\/logo\/image\/"},"sameAs":["https:\/\/www.facebook.com\/profile.php?id=100057151733001","https:\/\/www.instagram.com\/femergs_rs\/"]},{"@type":"Person","@id":"https:\/\/femergs.com.br\/wfe\/#\/schema\/person\/f5558e6b5ffc044ee085016237dedb7f","name":"adminfemergs","image":{"@type":"ImageObject","inLanguage":"pt-BR","@id":"https:\/\/femergs.com.br\/wfe\/#\/schema\/person\/image\/","url":"https:\/\/secure.gravatar.com\/avatar\/398642fa557cdd524617ad9b31c938845f071aeb3448b9c0aeb29aefc495337b?s=96&d=mm&r=g","contentUrl":"https:\/\/secure.gravatar.com\/avatar\/398642fa557cdd524617ad9b31c938845f071aeb3448b9c0aeb29aefc495337b?s=96&d=mm&r=g","caption":"adminfemergs"},"sameAs":["https:\/\/femergs.com.br\/wfe"],"url":"https:\/\/femergs.com.br\/wfe\/blog\/author\/adminfemergs\/"}]}},"uagb_featured_image_src":{"full":false,"thumbnail":false,"medium":false,"medium_large":false,"large":false,"1536x1536":false,"2048x2048":false,"ultp_layout_landscape_large":false,"ultp_layout_landscape":false,"ultp_layout_portrait":false,"ultp_layout_square":false},"uagb_author_info":{"display_name":"adminfemergs","author_link":"https:\/\/femergs.com.br\/wfe\/blog\/author\/adminfemergs\/"},"uagb_comment_info":0,"uagb_excerpt":"Nos dias 19 e 20 de outubro, Presidente da FEMERGS, Vilson Weber, juntamente com a Diretora de forma\u00e7\u00e3o, Clarice Mainardi e a Coordenadora Regional Litoral Norte, Eliane Trindade Lima, visita alguns sindicatos da regional, quando fornecido orienta\u00e7\u00f5es necess\u00e1rias quanto a lutas, situa\u00e7\u00e3o pol\u00edtica, documenta\u00e7\u00f5es exigidas pelo MTE &#8211; Minist\u00e9rio do Trabalho e Emprego, al\u00e9m da&hellip;","_links":{"self":[{"href":"https:\/\/femergs.com.br\/wfe\/wp-json\/wp\/v2\/posts\/1113","targetHints":{"allow":["GET"]}}],"collection":[{"href":"https:\/\/femergs.com.br\/wfe\/wp-json\/wp\/v2\/posts"}],"about":[{"href":"https:\/\/femergs.com.br\/wfe\/wp-json\/wp\/v2\/types\/post"}],"author":[{"embeddable":true,"href":"https:\/\/femergs.com.br\/wfe\/wp-json\/wp\/v2\/users\/1"}],"replies":[{"embeddable":true,"href":"https:\/\/femergs.com.br\/wfe\/wp-json\/wp\/v2\/comments?post=1113"}],"version-history":[{"count":0,"href":"https:\/\/femergs.com.br\/wfe\/wp-json\/wp\/v2\/posts\/1113\/revisions"}],"wp:attachment":[{"href":"https:\/\/femergs.com.br\/wfe\/wp-json\/wp\/v2\/media?parent=1113"}],"wp:term":[{"taxonomy":"category","embeddable":true,"href":"https:\/\/femergs.com.br\/wfe\/wp-json\/wp\/v2\/categories?post=1113"},{"taxonomy":"post_tag","embeddable":true,"href":"https:\/\/femergs.com.br\/wfe\/wp-json\/wp\/v2\/tags?post=1113"}],"curies":[{"name":"wp","href":"https:\/\/api.w.org\/{rel}","templated":true}]}}