{"id":1114,"date":"2017-10-26T09:05:18","date_gmt":"2017-10-26T09:05:18","guid":{"rendered":"https:\/\/femergs.com.br\/wfe\/blog\/28-de-outubro-dia-do-servidor-publico\/"},"modified":"2017-10-26T09:05:18","modified_gmt":"2017-10-26T09:05:18","slug":"28-de-outubro-dia-do-servidor-publico","status":"publish","type":"post","link":"https:\/\/femergs.com.br\/wfe\/blog\/28-de-outubro-dia-do-servidor-publico\/","title":{"rendered":"28 DE OUTUBRO &#8211; DIA DO SERVIDOR P\u00daBLICO"},"content":{"rendered":"<p><strong>M\u00caS DE OUTUBRO \u00c9 O M\u00caS AONDE S\u00c3O LEMBRADOS V\u00c1RIOS PROFISSIONAIS QUE ATUAM NO SERVI\u00c7O P\u00daBLICO<\/strong>, como o m\u00e9dico, o Agente Comunit\u00e1rio de Sa\u00fade, o dentista, o professor&#8230; Mas o dia 28 de outubro \u00e9 o dia para lembrarmos a todas as categorias de profissionais do servi\u00e7o p\u00fablico&#8230;<br \/>\nServir significa estar \u00e0 disposi\u00e7\u00e3o da sociedade para o atendimento de suas necessidades. Servir significa agir dentro dos princ\u00edpios da moralidade, impessoalidade, publicidade, efici\u00eancia e legalidade, conforme o Artigo 37 da Constitui\u00e7\u00e3o Federal Brasileira<br \/>\n\u00c9 comum ouvirmos reclama\u00e7\u00f5es sobre o atendimento nos servi\u00e7os p\u00fablicos. A m\u00eddia faz quest\u00e3o de alardear e insiste apresentar a iniciativa privada como solu\u00e7\u00e3o. Mas o mau atendimento tamb\u00e9m acontece nas empresas privadas dos mais diversos setores, como as respons\u00e1veis pelos planos de sa\u00fade, telefonia fixa\/m\u00f3vel, entre outras&#8230;<br \/>\nEste momento em que temos Governos a n\u00edvel federal, estadual e em muitos munic\u00edpios que governam com a cartilha do Estado M\u00ednimo, e aproveitam a m\u00eddia para denegrir a imagem dos servidores, por um lado colocando em d\u00favida sua efici\u00eancia, e por outro lado querendo fazer a sociedade acreditar que temos muitos servidores no Brasil. A bem da verdade a pesquisa da OCDE \/ OXFAM revela que enquanto o Brasil e a Am\u00e9rica Latina tem 12% dos trabalhadores no Servi\u00e7o P\u00fablico, na Europa temos uma m\u00e9dia de 21% dos trabalhadores ativos no servi\u00e7o p\u00fablico, e dois pa\u00edses, Dinamarca e Noruega &#8211; pa\u00edses do primeiro mundo, tem 35% dos trabalhadores no servi\u00e7o p\u00fablico.<br \/>\nComo federa\u00e7\u00e3o e sindicatos sabemos que os servidores p\u00fablicos t\u00eam o dever de servir bem a sua comunidade. Por\u00e9m ressaltamos, que \u00e9 fundamental que os gestores p\u00fablicos tamb\u00e9m atuem na conscientiza\u00e7\u00e3o das suas equipes para que compreendam a import\u00e2ncia de seu papel social. Cabe aos gestores atuarem dando bons exemplos para terem condi\u00e7\u00f5es morais de acompanhar e cobrar a postura dos servidores. Fundamental que os gestores possibilitem a qualifica\u00e7\u00e3o para todos os trabalhadores e n\u00e3o apenas os CCs.<br \/>\nSempre ouvimos dizer que as palavras at\u00e9 convencem, mas os exemplos arrastam. <br \/>\nA FEMERGS e seus sindicatos, tem como maior bandeira de luta \u2018SERVI\u00c7O P\u00daBLICO DE QUALIDADE\u201d porque voc\u00ea cidad\u00e3o\/\u00e3 merece ser bem atendido(a), mas para isso ser poss\u00edvel, precisamos que todos se juntem na luta, para que tenhamos os servidores valorizados, respeitados e qualificados.<\/p>\n<p>Em nome da dire\u00e7\u00e3o da FEMERGS queremos parabenizar  A TODOS OS SERVIDORES(AS) P\u00daBLICAS, em especial, <strong>os municipais<\/strong> &#8211; PELA PASSAGEM DO  NOSSO DIA.<\/p>\n<p><strong>ABRA\u00c7O E BOA LUTA<\/strong><\/p>\n","protected":false},"excerpt":{"rendered":"<p>M\u00caS DE OUTUBRO \u00c9 O M\u00caS AONDE S\u00c3O LEMBRADOS V\u00c1RIOS PROFISSIONAIS QUE ATUAM NO SERVI\u00c7O P\u00daBLICO, como o m\u00e9dico, o Agente Comunit\u00e1rio de Sa\u00fade, o dentista, o professor&#8230; Mas o dia 28 de outubro \u00e9 o dia para lembrarmos a todas as categorias de profissionais do servi\u00e7o p\u00fablico&#8230; Servir significa estar \u00e0 disposi\u00e7\u00e3o da sociedade [&hellip;]<\/p>\n","protected":false},"author":1,"featured_media":0,"comment_status":"closed","ping_status":"closed","sticky":false,"template":"","format":"standard","meta":{"_eb_attr":"","_uag_custom_page_level_css":"","fifu_image_url":"","fifu_image_alt":"","footnotes":""},"categories":[1],"tags":[32],"class_list":["post-1114","post","type-post","status-publish","format-standard","hentry","category-arquivadas","tag-null"],"yoast_head":"<!-- This site is optimized with the Yoast SEO plugin v27.1.1 - https:\/\/yoast.com\/product\/yoast-seo-wordpress\/ -->\n<title>28 DE OUTUBRO - DIA DO SERVIDOR P\u00daBLICO - Federa\u00e7\u00e3o dos Municip\u00e1rios do Estado do Rio Grande do Sul<\/title>\n<meta name=\"robots\" content=\"index, follow, max-snippet:-1, max-image-preview:large, max-video-preview:-1\" \/>\n<link rel=\"canonical\" href=\"https:\/\/femergs.com.br\/wfe\/blog\/28-de-outubro-dia-do-servidor-publico\/\" \/>\n<meta property=\"og:locale\" content=\"pt_BR\" \/>\n<meta property=\"og:type\" content=\"article\" \/>\n<meta property=\"og:title\" content=\"28 DE OUTUBRO - DIA DO SERVIDOR P\u00daBLICO - Federa\u00e7\u00e3o dos Municip\u00e1rios do Estado do Rio Grande do Sul\" \/>\n<meta property=\"og:description\" content=\"M\u00caS DE OUTUBRO \u00c9 O M\u00caS AONDE S\u00c3O LEMBRADOS V\u00c1RIOS PROFISSIONAIS QUE ATUAM NO SERVI\u00c7O P\u00daBLICO, como o m\u00e9dico, o Agente Comunit\u00e1rio de Sa\u00fade, o dentista, o professor&#8230; Mas o dia 28 de outubro \u00e9 o dia para lembrarmos a todas as categorias de profissionais do servi\u00e7o p\u00fablico&#8230; Servir significa estar \u00e0 disposi\u00e7\u00e3o da sociedade [&hellip;]\" \/>\n<meta property=\"og:url\" content=\"https:\/\/femergs.com.br\/wfe\/blog\/28-de-outubro-dia-do-servidor-publico\/\" \/>\n<meta property=\"og:site_name\" content=\"Federa\u00e7\u00e3o dos Municip\u00e1rios do Estado do Rio Grande do Sul\" \/>\n<meta property=\"article:publisher\" content=\"https:\/\/www.facebook.com\/profile.php?id=100057151733001\" \/>\n<meta property=\"article:published_time\" content=\"2017-10-26T09:05:18+00:00\" \/>\n<meta name=\"author\" content=\"adminfemergs\" \/>\n<meta name=\"twitter:card\" content=\"summary_large_image\" \/>\n<meta name=\"twitter:label1\" content=\"Escrito por\" \/>\n\t<meta name=\"twitter:data1\" content=\"adminfemergs\" \/>\n\t<meta name=\"twitter:label2\" content=\"Est. tempo de leitura\" \/>\n\t<meta name=\"twitter:data2\" content=\"2 minutos\" \/>\n<script type=\"application\/ld+json\" class=\"yoast-schema-graph\">{\"@context\":\"https:\/\/schema.org\",\"@graph\":[{\"@type\":\"Article\",\"@id\":\"https:\/\/femergs.com.br\/wfe\/blog\/28-de-outubro-dia-do-servidor-publico\/#article\",\"isPartOf\":{\"@id\":\"https:\/\/femergs.com.br\/wfe\/blog\/28-de-outubro-dia-do-servidor-publico\/\"},\"author\":{\"name\":\"adminfemergs\",\"@id\":\"https:\/\/femergs.com.br\/wfe\/#\/schema\/person\/f5558e6b5ffc044ee085016237dedb7f\"},\"headline\":\"28 DE OUTUBRO &#8211; DIA DO SERVIDOR P\u00daBLICO\",\"datePublished\":\"2017-10-26T09:05:18+00:00\",\"mainEntityOfPage\":{\"@id\":\"https:\/\/femergs.com.br\/wfe\/blog\/28-de-outubro-dia-do-servidor-publico\/\"},\"wordCount\":461,\"publisher\":{\"@id\":\"https:\/\/femergs.com.br\/wfe\/#organization\"},\"keywords\":[\"NULL\"],\"articleSection\":[\"ARQUIVADAS\"],\"inLanguage\":\"pt-BR\"},{\"@type\":\"WebPage\",\"@id\":\"https:\/\/femergs.com.br\/wfe\/blog\/28-de-outubro-dia-do-servidor-publico\/\",\"url\":\"https:\/\/femergs.com.br\/wfe\/blog\/28-de-outubro-dia-do-servidor-publico\/\",\"name\":\"28 DE OUTUBRO - DIA DO SERVIDOR P\u00daBLICO - Federa\u00e7\u00e3o dos Municip\u00e1rios do Estado do Rio Grande do Sul\",\"isPartOf\":{\"@id\":\"https:\/\/femergs.com.br\/wfe\/#website\"},\"datePublished\":\"2017-10-26T09:05:18+00:00\",\"breadcrumb\":{\"@id\":\"https:\/\/femergs.com.br\/wfe\/blog\/28-de-outubro-dia-do-servidor-publico\/#breadcrumb\"},\"inLanguage\":\"pt-BR\",\"potentialAction\":[{\"@type\":\"ReadAction\",\"target\":[\"https:\/\/femergs.com.br\/wfe\/blog\/28-de-outubro-dia-do-servidor-publico\/\"]}]},{\"@type\":\"BreadcrumbList\",\"@id\":\"https:\/\/femergs.com.br\/wfe\/blog\/28-de-outubro-dia-do-servidor-publico\/#breadcrumb\",\"itemListElement\":[{\"@type\":\"ListItem\",\"position\":1,\"name\":\"In\u00edcio\",\"item\":\"https:\/\/femergs.com.br\/wfe\/\"},{\"@type\":\"ListItem\",\"position\":2,\"name\":\"28 DE OUTUBRO &#8211; DIA DO SERVIDOR P\u00daBLICO\"}]},{\"@type\":\"WebSite\",\"@id\":\"https:\/\/femergs.com.br\/wfe\/#website\",\"url\":\"https:\/\/femergs.com.br\/wfe\/\",\"name\":\"FEMERGS\",\"description\":\"FEDERA\u00c7\u00c3O DOS MUNICIP\u00c1RIOS DO ESTADO DO RIO GRANDE DO SUL\",\"publisher\":{\"@id\":\"https:\/\/femergs.com.br\/wfe\/#organization\"},\"potentialAction\":[{\"@type\":\"SearchAction\",\"target\":{\"@type\":\"EntryPoint\",\"urlTemplate\":\"https:\/\/femergs.com.br\/wfe\/?s={search_term_string}\"},\"query-input\":{\"@type\":\"PropertyValueSpecification\",\"valueRequired\":true,\"valueName\":\"search_term_string\"}}],\"inLanguage\":\"pt-BR\"},{\"@type\":\"Organization\",\"@id\":\"https:\/\/femergs.com.br\/wfe\/#organization\",\"name\":\"FEMERGS\",\"url\":\"https:\/\/femergs.com.br\/wfe\/\",\"logo\":{\"@type\":\"ImageObject\",\"inLanguage\":\"pt-BR\",\"@id\":\"https:\/\/femergs.com.br\/wfe\/#\/schema\/logo\/image\/\",\"url\":\"https:\/\/femergs.com.br\/wfe\/wp-content\/uploads\/2025\/06\/logotipo.png\",\"contentUrl\":\"https:\/\/femergs.com.br\/wfe\/wp-content\/uploads\/2025\/06\/logotipo.png\",\"width\":500,\"height\":500,\"caption\":\"FEMERGS\"},\"image\":{\"@id\":\"https:\/\/femergs.com.br\/wfe\/#\/schema\/logo\/image\/\"},\"sameAs\":[\"https:\/\/www.facebook.com\/profile.php?id=100057151733001\",\"https:\/\/www.instagram.com\/femergs_rs\/\"]},{\"@type\":\"Person\",\"@id\":\"https:\/\/femergs.com.br\/wfe\/#\/schema\/person\/f5558e6b5ffc044ee085016237dedb7f\",\"name\":\"adminfemergs\",\"image\":{\"@type\":\"ImageObject\",\"inLanguage\":\"pt-BR\",\"@id\":\"https:\/\/femergs.com.br\/wfe\/#\/schema\/person\/image\/\",\"url\":\"https:\/\/secure.gravatar.com\/avatar\/398642fa557cdd524617ad9b31c938845f071aeb3448b9c0aeb29aefc495337b?s=96&d=mm&r=g\",\"contentUrl\":\"https:\/\/secure.gravatar.com\/avatar\/398642fa557cdd524617ad9b31c938845f071aeb3448b9c0aeb29aefc495337b?s=96&d=mm&r=g\",\"caption\":\"adminfemergs\"},\"sameAs\":[\"https:\/\/femergs.com.br\/wfe\"],\"url\":\"https:\/\/femergs.com.br\/wfe\/blog\/author\/adminfemergs\/\"}]}<\/script>\n<!-- \/ Yoast SEO plugin. -->","yoast_head_json":{"title":"28 DE OUTUBRO - DIA DO SERVIDOR P\u00daBLICO - Federa\u00e7\u00e3o dos Municip\u00e1rios do Estado do Rio Grande do Sul","robots":{"index":"index","follow":"follow","max-snippet":"max-snippet:-1","max-image-preview":"max-image-preview:large","max-video-preview":"max-video-preview:-1"},"canonical":"https:\/\/femergs.com.br\/wfe\/blog\/28-de-outubro-dia-do-servidor-publico\/","og_locale":"pt_BR","og_type":"article","og_title":"28 DE OUTUBRO - DIA DO SERVIDOR P\u00daBLICO - Federa\u00e7\u00e3o dos Municip\u00e1rios do Estado do Rio Grande do Sul","og_description":"M\u00caS DE OUTUBRO \u00c9 O M\u00caS AONDE S\u00c3O LEMBRADOS V\u00c1RIOS PROFISSIONAIS QUE ATUAM NO SERVI\u00c7O P\u00daBLICO, como o m\u00e9dico, o Agente Comunit\u00e1rio de Sa\u00fade, o dentista, o professor&#8230; Mas o dia 28 de outubro \u00e9 o dia para lembrarmos a todas as categorias de profissionais do servi\u00e7o p\u00fablico&#8230; Servir significa estar \u00e0 disposi\u00e7\u00e3o da sociedade [&hellip;]","og_url":"https:\/\/femergs.com.br\/wfe\/blog\/28-de-outubro-dia-do-servidor-publico\/","og_site_name":"Federa\u00e7\u00e3o dos Municip\u00e1rios do Estado do Rio Grande do Sul","article_publisher":"https:\/\/www.facebook.com\/profile.php?id=100057151733001","article_published_time":"2017-10-26T09:05:18+00:00","author":"adminfemergs","twitter_card":"summary_large_image","twitter_misc":{"Escrito por":"adminfemergs","Est. tempo de leitura":"2 minutos"},"schema":{"@context":"https:\/\/schema.org","@graph":[{"@type":"Article","@id":"https:\/\/femergs.com.br\/wfe\/blog\/28-de-outubro-dia-do-servidor-publico\/#article","isPartOf":{"@id":"https:\/\/femergs.com.br\/wfe\/blog\/28-de-outubro-dia-do-servidor-publico\/"},"author":{"name":"adminfemergs","@id":"https:\/\/femergs.com.br\/wfe\/#\/schema\/person\/f5558e6b5ffc044ee085016237dedb7f"},"headline":"28 DE OUTUBRO &#8211; DIA DO SERVIDOR P\u00daBLICO","datePublished":"2017-10-26T09:05:18+00:00","mainEntityOfPage":{"@id":"https:\/\/femergs.com.br\/wfe\/blog\/28-de-outubro-dia-do-servidor-publico\/"},"wordCount":461,"publisher":{"@id":"https:\/\/femergs.com.br\/wfe\/#organization"},"keywords":["NULL"],"articleSection":["ARQUIVADAS"],"inLanguage":"pt-BR"},{"@type":"WebPage","@id":"https:\/\/femergs.com.br\/wfe\/blog\/28-de-outubro-dia-do-servidor-publico\/","url":"https:\/\/femergs.com.br\/wfe\/blog\/28-de-outubro-dia-do-servidor-publico\/","name":"28 DE OUTUBRO - DIA DO SERVIDOR P\u00daBLICO - Federa\u00e7\u00e3o dos Municip\u00e1rios do Estado do Rio Grande do Sul","isPartOf":{"@id":"https:\/\/femergs.com.br\/wfe\/#website"},"datePublished":"2017-10-26T09:05:18+00:00","breadcrumb":{"@id":"https:\/\/femergs.com.br\/wfe\/blog\/28-de-outubro-dia-do-servidor-publico\/#breadcrumb"},"inLanguage":"pt-BR","potentialAction":[{"@type":"ReadAction","target":["https:\/\/femergs.com.br\/wfe\/blog\/28-de-outubro-dia-do-servidor-publico\/"]}]},{"@type":"BreadcrumbList","@id":"https:\/\/femergs.com.br\/wfe\/blog\/28-de-outubro-dia-do-servidor-publico\/#breadcrumb","itemListElement":[{"@type":"ListItem","position":1,"name":"In\u00edcio","item":"https:\/\/femergs.com.br\/wfe\/"},{"@type":"ListItem","position":2,"name":"28 DE OUTUBRO &#8211; DIA DO SERVIDOR P\u00daBLICO"}]},{"@type":"WebSite","@id":"https:\/\/femergs.com.br\/wfe\/#website","url":"https:\/\/femergs.com.br\/wfe\/","name":"FEMERGS","description":"FEDERA\u00c7\u00c3O DOS MUNICIP\u00c1RIOS DO ESTADO DO RIO GRANDE DO SUL","publisher":{"@id":"https:\/\/femergs.com.br\/wfe\/#organization"},"potentialAction":[{"@type":"SearchAction","target":{"@type":"EntryPoint","urlTemplate":"https:\/\/femergs.com.br\/wfe\/?s={search_term_string}"},"query-input":{"@type":"PropertyValueSpecification","valueRequired":true,"valueName":"search_term_string"}}],"inLanguage":"pt-BR"},{"@type":"Organization","@id":"https:\/\/femergs.com.br\/wfe\/#organization","name":"FEMERGS","url":"https:\/\/femergs.com.br\/wfe\/","logo":{"@type":"ImageObject","inLanguage":"pt-BR","@id":"https:\/\/femergs.com.br\/wfe\/#\/schema\/logo\/image\/","url":"https:\/\/femergs.com.br\/wfe\/wp-content\/uploads\/2025\/06\/logotipo.png","contentUrl":"https:\/\/femergs.com.br\/wfe\/wp-content\/uploads\/2025\/06\/logotipo.png","width":500,"height":500,"caption":"FEMERGS"},"image":{"@id":"https:\/\/femergs.com.br\/wfe\/#\/schema\/logo\/image\/"},"sameAs":["https:\/\/www.facebook.com\/profile.php?id=100057151733001","https:\/\/www.instagram.com\/femergs_rs\/"]},{"@type":"Person","@id":"https:\/\/femergs.com.br\/wfe\/#\/schema\/person\/f5558e6b5ffc044ee085016237dedb7f","name":"adminfemergs","image":{"@type":"ImageObject","inLanguage":"pt-BR","@id":"https:\/\/femergs.com.br\/wfe\/#\/schema\/person\/image\/","url":"https:\/\/secure.gravatar.com\/avatar\/398642fa557cdd524617ad9b31c938845f071aeb3448b9c0aeb29aefc495337b?s=96&d=mm&r=g","contentUrl":"https:\/\/secure.gravatar.com\/avatar\/398642fa557cdd524617ad9b31c938845f071aeb3448b9c0aeb29aefc495337b?s=96&d=mm&r=g","caption":"adminfemergs"},"sameAs":["https:\/\/femergs.com.br\/wfe"],"url":"https:\/\/femergs.com.br\/wfe\/blog\/author\/adminfemergs\/"}]}},"uagb_featured_image_src":{"full":false,"thumbnail":false,"medium":false,"medium_large":false,"large":false,"1536x1536":false,"2048x2048":false,"ultp_layout_landscape_large":false,"ultp_layout_landscape":false,"ultp_layout_portrait":false,"ultp_layout_square":false},"uagb_author_info":{"display_name":"adminfemergs","author_link":"https:\/\/femergs.com.br\/wfe\/blog\/author\/adminfemergs\/"},"uagb_comment_info":0,"uagb_excerpt":"M\u00caS DE OUTUBRO \u00c9 O M\u00caS AONDE S\u00c3O LEMBRADOS V\u00c1RIOS PROFISSIONAIS QUE ATUAM NO SERVI\u00c7O P\u00daBLICO, como o m\u00e9dico, o Agente Comunit\u00e1rio de Sa\u00fade, o dentista, o professor&#8230; Mas o dia 28 de outubro \u00e9 o dia para lembrarmos a todas as categorias de profissionais do servi\u00e7o p\u00fablico&#8230; Servir significa estar \u00e0 disposi\u00e7\u00e3o da sociedade&hellip;","_links":{"self":[{"href":"https:\/\/femergs.com.br\/wfe\/wp-json\/wp\/v2\/posts\/1114","targetHints":{"allow":["GET"]}}],"collection":[{"href":"https:\/\/femergs.com.br\/wfe\/wp-json\/wp\/v2\/posts"}],"about":[{"href":"https:\/\/femergs.com.br\/wfe\/wp-json\/wp\/v2\/types\/post"}],"author":[{"embeddable":true,"href":"https:\/\/femergs.com.br\/wfe\/wp-json\/wp\/v2\/users\/1"}],"replies":[{"embeddable":true,"href":"https:\/\/femergs.com.br\/wfe\/wp-json\/wp\/v2\/comments?post=1114"}],"version-history":[{"count":0,"href":"https:\/\/femergs.com.br\/wfe\/wp-json\/wp\/v2\/posts\/1114\/revisions"}],"wp:attachment":[{"href":"https:\/\/femergs.com.br\/wfe\/wp-json\/wp\/v2\/media?parent=1114"}],"wp:term":[{"taxonomy":"category","embeddable":true,"href":"https:\/\/femergs.com.br\/wfe\/wp-json\/wp\/v2\/categories?post=1114"},{"taxonomy":"post_tag","embeddable":true,"href":"https:\/\/femergs.com.br\/wfe\/wp-json\/wp\/v2\/tags?post=1114"}],"curies":[{"name":"wp","href":"https:\/\/api.w.org\/{rel}","templated":true}]}}