{"id":1116,"date":"2017-10-27T15:12:30","date_gmt":"2017-10-27T15:12:30","guid":{"rendered":"https:\/\/femergs.com.br\/wfe\/blog\/femergs-presente-na-semana-do-servidor-de-encruzilhada-do-sul\/"},"modified":"2017-10-27T15:12:30","modified_gmt":"2017-10-27T15:12:30","slug":"femergs-presente-na-semana-do-servidor-de-encruzilhada-do-sul","status":"publish","type":"post","link":"https:\/\/femergs.com.br\/wfe\/blog\/femergs-presente-na-semana-do-servidor-de-encruzilhada-do-sul\/","title":{"rendered":"FEMERGS presente na Semana do Servidor de Encruzilhada do Sul"},"content":{"rendered":"<p>A  Femergs participou da Semana do Servidor de Encruzilhada do Sul, atrav\u00e9s de seus diretores, no Semin\u00e1rio sobre Previd\u00eancia, realizado dia 23 de outubro de 2017, com M\u00e1rcio Nunes, Diretor de Previd\u00eancia que falou sobre os regimes pr\u00f3prios frente a Deforma da Previd\u00eancia, assim como o Diretor Jo\u00e3o Dorlan que abordou aspectos jur\u00eddicos das Deforma Trabalhista e da Previd\u00eancia.<br \/>\nNa  ocasi\u00e3o ouve apresenta\u00e7\u00e3o da situa\u00e7\u00e3o financeira do fundo de aposentadoria dos servidores municipais de Encruzilhada, que possibilitou aos diretores analisar, junto aos servidores, os dados apresentados pelo atu\u00e1rio Joel Maciel.<br \/>\nUma extensa programa\u00e7\u00e3o segue pela semana com palestras, noite cultural com artistas locais, jogos inter secretarias, teatro e jantar baile.<br \/>\n A convite do Centro Materno Infantil, a diretora de Pol\u00edticas Sociais da Femergs participou das atividades do Outubro Rosa, dias 23 e 26\/10, em Encruzilhada do Sul, onde no dia 23\/10 a diretora Elisabeth Silveira da Silveira, falou sobre Viol\u00eancia contra a Mulher e dia 26\/10 sobre os Direitos da Mulher<\/p>\n","protected":false},"excerpt":{"rendered":"<p>A Femergs participou da Semana do Servidor de Encruzilhada do Sul, atrav\u00e9s de seus diretores, no Semin\u00e1rio sobre Previd\u00eancia, realizado dia 23 de outubro de 2017, com M\u00e1rcio Nunes, Diretor de Previd\u00eancia que falou sobre os regimes pr\u00f3prios frente a Deforma da Previd\u00eancia, assim como o Diretor Jo\u00e3o Dorlan que abordou aspectos jur\u00eddicos das Deforma [&hellip;]<\/p>\n","protected":false},"author":1,"featured_media":0,"comment_status":"closed","ping_status":"closed","sticky":false,"template":"","format":"standard","meta":{"_eb_attr":"","_uag_custom_page_level_css":"","fifu_image_url":"","fifu_image_alt":"","footnotes":""},"categories":[1],"tags":[32],"class_list":["post-1116","post","type-post","status-publish","format-standard","hentry","category-arquivadas","tag-null"],"yoast_head":"<!-- This site is optimized with the Yoast SEO plugin v27.1.1 - https:\/\/yoast.com\/product\/yoast-seo-wordpress\/ -->\n<title>FEMERGS presente na Semana do Servidor de Encruzilhada do Sul - Federa\u00e7\u00e3o dos Municip\u00e1rios do Estado do Rio Grande do Sul<\/title>\n<meta name=\"robots\" content=\"index, follow, max-snippet:-1, max-image-preview:large, max-video-preview:-1\" \/>\n<link rel=\"canonical\" href=\"https:\/\/femergs.com.br\/wfe\/blog\/femergs-presente-na-semana-do-servidor-de-encruzilhada-do-sul\/\" \/>\n<meta property=\"og:locale\" content=\"pt_BR\" \/>\n<meta property=\"og:type\" content=\"article\" \/>\n<meta property=\"og:title\" content=\"FEMERGS presente na Semana do Servidor de Encruzilhada do Sul - Federa\u00e7\u00e3o dos Municip\u00e1rios do Estado do Rio Grande do Sul\" \/>\n<meta property=\"og:description\" content=\"A Femergs participou da Semana do Servidor de Encruzilhada do Sul, atrav\u00e9s de seus diretores, no Semin\u00e1rio sobre Previd\u00eancia, realizado dia 23 de outubro de 2017, com M\u00e1rcio Nunes, Diretor de Previd\u00eancia que falou sobre os regimes pr\u00f3prios frente a Deforma da Previd\u00eancia, assim como o Diretor Jo\u00e3o Dorlan que abordou aspectos jur\u00eddicos das Deforma [&hellip;]\" \/>\n<meta property=\"og:url\" content=\"https:\/\/femergs.com.br\/wfe\/blog\/femergs-presente-na-semana-do-servidor-de-encruzilhada-do-sul\/\" \/>\n<meta property=\"og:site_name\" content=\"Federa\u00e7\u00e3o dos Municip\u00e1rios do Estado do Rio Grande do Sul\" \/>\n<meta property=\"article:publisher\" content=\"https:\/\/www.facebook.com\/profile.php?id=100057151733001\" \/>\n<meta property=\"article:published_time\" content=\"2017-10-27T15:12:30+00:00\" \/>\n<meta name=\"author\" content=\"adminfemergs\" \/>\n<meta name=\"twitter:card\" content=\"summary_large_image\" \/>\n<meta name=\"twitter:label1\" content=\"Escrito por\" \/>\n\t<meta name=\"twitter:data1\" content=\"adminfemergs\" \/>\n\t<meta name=\"twitter:label2\" content=\"Est. tempo de leitura\" \/>\n\t<meta name=\"twitter:data2\" content=\"1 minuto\" \/>\n<script type=\"application\/ld+json\" class=\"yoast-schema-graph\">{\"@context\":\"https:\/\/schema.org\",\"@graph\":[{\"@type\":\"Article\",\"@id\":\"https:\/\/femergs.com.br\/wfe\/blog\/femergs-presente-na-semana-do-servidor-de-encruzilhada-do-sul\/#article\",\"isPartOf\":{\"@id\":\"https:\/\/femergs.com.br\/wfe\/blog\/femergs-presente-na-semana-do-servidor-de-encruzilhada-do-sul\/\"},\"author\":{\"name\":\"adminfemergs\",\"@id\":\"https:\/\/femergs.com.br\/wfe\/#\/schema\/person\/f5558e6b5ffc044ee085016237dedb7f\"},\"headline\":\"FEMERGS presente na Semana do Servidor de Encruzilhada do Sul\",\"datePublished\":\"2017-10-27T15:12:30+00:00\",\"mainEntityOfPage\":{\"@id\":\"https:\/\/femergs.com.br\/wfe\/blog\/femergs-presente-na-semana-do-servidor-de-encruzilhada-do-sul\/\"},\"wordCount\":182,\"publisher\":{\"@id\":\"https:\/\/femergs.com.br\/wfe\/#organization\"},\"keywords\":[\"NULL\"],\"articleSection\":[\"ARQUIVADAS\"],\"inLanguage\":\"pt-BR\"},{\"@type\":\"WebPage\",\"@id\":\"https:\/\/femergs.com.br\/wfe\/blog\/femergs-presente-na-semana-do-servidor-de-encruzilhada-do-sul\/\",\"url\":\"https:\/\/femergs.com.br\/wfe\/blog\/femergs-presente-na-semana-do-servidor-de-encruzilhada-do-sul\/\",\"name\":\"FEMERGS presente na Semana do Servidor de Encruzilhada do Sul - Federa\u00e7\u00e3o dos Municip\u00e1rios do Estado do Rio Grande do Sul\",\"isPartOf\":{\"@id\":\"https:\/\/femergs.com.br\/wfe\/#website\"},\"datePublished\":\"2017-10-27T15:12:30+00:00\",\"breadcrumb\":{\"@id\":\"https:\/\/femergs.com.br\/wfe\/blog\/femergs-presente-na-semana-do-servidor-de-encruzilhada-do-sul\/#breadcrumb\"},\"inLanguage\":\"pt-BR\",\"potentialAction\":[{\"@type\":\"ReadAction\",\"target\":[\"https:\/\/femergs.com.br\/wfe\/blog\/femergs-presente-na-semana-do-servidor-de-encruzilhada-do-sul\/\"]}]},{\"@type\":\"BreadcrumbList\",\"@id\":\"https:\/\/femergs.com.br\/wfe\/blog\/femergs-presente-na-semana-do-servidor-de-encruzilhada-do-sul\/#breadcrumb\",\"itemListElement\":[{\"@type\":\"ListItem\",\"position\":1,\"name\":\"In\u00edcio\",\"item\":\"https:\/\/femergs.com.br\/wfe\/\"},{\"@type\":\"ListItem\",\"position\":2,\"name\":\"FEMERGS presente na Semana do Servidor de Encruzilhada do Sul\"}]},{\"@type\":\"WebSite\",\"@id\":\"https:\/\/femergs.com.br\/wfe\/#website\",\"url\":\"https:\/\/femergs.com.br\/wfe\/\",\"name\":\"FEMERGS\",\"description\":\"FEDERA\u00c7\u00c3O DOS MUNICIP\u00c1RIOS DO ESTADO DO RIO GRANDE DO SUL\",\"publisher\":{\"@id\":\"https:\/\/femergs.com.br\/wfe\/#organization\"},\"potentialAction\":[{\"@type\":\"SearchAction\",\"target\":{\"@type\":\"EntryPoint\",\"urlTemplate\":\"https:\/\/femergs.com.br\/wfe\/?s={search_term_string}\"},\"query-input\":{\"@type\":\"PropertyValueSpecification\",\"valueRequired\":true,\"valueName\":\"search_term_string\"}}],\"inLanguage\":\"pt-BR\"},{\"@type\":\"Organization\",\"@id\":\"https:\/\/femergs.com.br\/wfe\/#organization\",\"name\":\"FEMERGS\",\"url\":\"https:\/\/femergs.com.br\/wfe\/\",\"logo\":{\"@type\":\"ImageObject\",\"inLanguage\":\"pt-BR\",\"@id\":\"https:\/\/femergs.com.br\/wfe\/#\/schema\/logo\/image\/\",\"url\":\"https:\/\/femergs.com.br\/wfe\/wp-content\/uploads\/2025\/06\/logotipo.png\",\"contentUrl\":\"https:\/\/femergs.com.br\/wfe\/wp-content\/uploads\/2025\/06\/logotipo.png\",\"width\":500,\"height\":500,\"caption\":\"FEMERGS\"},\"image\":{\"@id\":\"https:\/\/femergs.com.br\/wfe\/#\/schema\/logo\/image\/\"},\"sameAs\":[\"https:\/\/www.facebook.com\/profile.php?id=100057151733001\",\"https:\/\/www.instagram.com\/femergs_rs\/\"]},{\"@type\":\"Person\",\"@id\":\"https:\/\/femergs.com.br\/wfe\/#\/schema\/person\/f5558e6b5ffc044ee085016237dedb7f\",\"name\":\"adminfemergs\",\"image\":{\"@type\":\"ImageObject\",\"inLanguage\":\"pt-BR\",\"@id\":\"https:\/\/femergs.com.br\/wfe\/#\/schema\/person\/image\/\",\"url\":\"https:\/\/secure.gravatar.com\/avatar\/398642fa557cdd524617ad9b31c938845f071aeb3448b9c0aeb29aefc495337b?s=96&d=mm&r=g\",\"contentUrl\":\"https:\/\/secure.gravatar.com\/avatar\/398642fa557cdd524617ad9b31c938845f071aeb3448b9c0aeb29aefc495337b?s=96&d=mm&r=g\",\"caption\":\"adminfemergs\"},\"sameAs\":[\"https:\/\/femergs.com.br\/wfe\"],\"url\":\"https:\/\/femergs.com.br\/wfe\/blog\/author\/adminfemergs\/\"}]}<\/script>\n<!-- \/ Yoast SEO plugin. -->","yoast_head_json":{"title":"FEMERGS presente na Semana do Servidor de Encruzilhada do Sul - Federa\u00e7\u00e3o dos Municip\u00e1rios do Estado do Rio Grande do Sul","robots":{"index":"index","follow":"follow","max-snippet":"max-snippet:-1","max-image-preview":"max-image-preview:large","max-video-preview":"max-video-preview:-1"},"canonical":"https:\/\/femergs.com.br\/wfe\/blog\/femergs-presente-na-semana-do-servidor-de-encruzilhada-do-sul\/","og_locale":"pt_BR","og_type":"article","og_title":"FEMERGS presente na Semana do Servidor de Encruzilhada do Sul - Federa\u00e7\u00e3o dos Municip\u00e1rios do Estado do Rio Grande do Sul","og_description":"A Femergs participou da Semana do Servidor de Encruzilhada do Sul, atrav\u00e9s de seus diretores, no Semin\u00e1rio sobre Previd\u00eancia, realizado dia 23 de outubro de 2017, com M\u00e1rcio Nunes, Diretor de Previd\u00eancia que falou sobre os regimes pr\u00f3prios frente a Deforma da Previd\u00eancia, assim como o Diretor Jo\u00e3o Dorlan que abordou aspectos jur\u00eddicos das Deforma [&hellip;]","og_url":"https:\/\/femergs.com.br\/wfe\/blog\/femergs-presente-na-semana-do-servidor-de-encruzilhada-do-sul\/","og_site_name":"Federa\u00e7\u00e3o dos Municip\u00e1rios do Estado do Rio Grande do Sul","article_publisher":"https:\/\/www.facebook.com\/profile.php?id=100057151733001","article_published_time":"2017-10-27T15:12:30+00:00","author":"adminfemergs","twitter_card":"summary_large_image","twitter_misc":{"Escrito por":"adminfemergs","Est. tempo de leitura":"1 minuto"},"schema":{"@context":"https:\/\/schema.org","@graph":[{"@type":"Article","@id":"https:\/\/femergs.com.br\/wfe\/blog\/femergs-presente-na-semana-do-servidor-de-encruzilhada-do-sul\/#article","isPartOf":{"@id":"https:\/\/femergs.com.br\/wfe\/blog\/femergs-presente-na-semana-do-servidor-de-encruzilhada-do-sul\/"},"author":{"name":"adminfemergs","@id":"https:\/\/femergs.com.br\/wfe\/#\/schema\/person\/f5558e6b5ffc044ee085016237dedb7f"},"headline":"FEMERGS presente na Semana do Servidor de Encruzilhada do Sul","datePublished":"2017-10-27T15:12:30+00:00","mainEntityOfPage":{"@id":"https:\/\/femergs.com.br\/wfe\/blog\/femergs-presente-na-semana-do-servidor-de-encruzilhada-do-sul\/"},"wordCount":182,"publisher":{"@id":"https:\/\/femergs.com.br\/wfe\/#organization"},"keywords":["NULL"],"articleSection":["ARQUIVADAS"],"inLanguage":"pt-BR"},{"@type":"WebPage","@id":"https:\/\/femergs.com.br\/wfe\/blog\/femergs-presente-na-semana-do-servidor-de-encruzilhada-do-sul\/","url":"https:\/\/femergs.com.br\/wfe\/blog\/femergs-presente-na-semana-do-servidor-de-encruzilhada-do-sul\/","name":"FEMERGS presente na Semana do Servidor de Encruzilhada do Sul - Federa\u00e7\u00e3o dos Municip\u00e1rios do Estado do Rio Grande do Sul","isPartOf":{"@id":"https:\/\/femergs.com.br\/wfe\/#website"},"datePublished":"2017-10-27T15:12:30+00:00","breadcrumb":{"@id":"https:\/\/femergs.com.br\/wfe\/blog\/femergs-presente-na-semana-do-servidor-de-encruzilhada-do-sul\/#breadcrumb"},"inLanguage":"pt-BR","potentialAction":[{"@type":"ReadAction","target":["https:\/\/femergs.com.br\/wfe\/blog\/femergs-presente-na-semana-do-servidor-de-encruzilhada-do-sul\/"]}]},{"@type":"BreadcrumbList","@id":"https:\/\/femergs.com.br\/wfe\/blog\/femergs-presente-na-semana-do-servidor-de-encruzilhada-do-sul\/#breadcrumb","itemListElement":[{"@type":"ListItem","position":1,"name":"In\u00edcio","item":"https:\/\/femergs.com.br\/wfe\/"},{"@type":"ListItem","position":2,"name":"FEMERGS presente na Semana do Servidor de Encruzilhada do Sul"}]},{"@type":"WebSite","@id":"https:\/\/femergs.com.br\/wfe\/#website","url":"https:\/\/femergs.com.br\/wfe\/","name":"FEMERGS","description":"FEDERA\u00c7\u00c3O DOS MUNICIP\u00c1RIOS DO ESTADO DO RIO GRANDE DO SUL","publisher":{"@id":"https:\/\/femergs.com.br\/wfe\/#organization"},"potentialAction":[{"@type":"SearchAction","target":{"@type":"EntryPoint","urlTemplate":"https:\/\/femergs.com.br\/wfe\/?s={search_term_string}"},"query-input":{"@type":"PropertyValueSpecification","valueRequired":true,"valueName":"search_term_string"}}],"inLanguage":"pt-BR"},{"@type":"Organization","@id":"https:\/\/femergs.com.br\/wfe\/#organization","name":"FEMERGS","url":"https:\/\/femergs.com.br\/wfe\/","logo":{"@type":"ImageObject","inLanguage":"pt-BR","@id":"https:\/\/femergs.com.br\/wfe\/#\/schema\/logo\/image\/","url":"https:\/\/femergs.com.br\/wfe\/wp-content\/uploads\/2025\/06\/logotipo.png","contentUrl":"https:\/\/femergs.com.br\/wfe\/wp-content\/uploads\/2025\/06\/logotipo.png","width":500,"height":500,"caption":"FEMERGS"},"image":{"@id":"https:\/\/femergs.com.br\/wfe\/#\/schema\/logo\/image\/"},"sameAs":["https:\/\/www.facebook.com\/profile.php?id=100057151733001","https:\/\/www.instagram.com\/femergs_rs\/"]},{"@type":"Person","@id":"https:\/\/femergs.com.br\/wfe\/#\/schema\/person\/f5558e6b5ffc044ee085016237dedb7f","name":"adminfemergs","image":{"@type":"ImageObject","inLanguage":"pt-BR","@id":"https:\/\/femergs.com.br\/wfe\/#\/schema\/person\/image\/","url":"https:\/\/secure.gravatar.com\/avatar\/398642fa557cdd524617ad9b31c938845f071aeb3448b9c0aeb29aefc495337b?s=96&d=mm&r=g","contentUrl":"https:\/\/secure.gravatar.com\/avatar\/398642fa557cdd524617ad9b31c938845f071aeb3448b9c0aeb29aefc495337b?s=96&d=mm&r=g","caption":"adminfemergs"},"sameAs":["https:\/\/femergs.com.br\/wfe"],"url":"https:\/\/femergs.com.br\/wfe\/blog\/author\/adminfemergs\/"}]}},"uagb_featured_image_src":{"full":false,"thumbnail":false,"medium":false,"medium_large":false,"large":false,"1536x1536":false,"2048x2048":false,"ultp_layout_landscape_large":false,"ultp_layout_landscape":false,"ultp_layout_portrait":false,"ultp_layout_square":false},"uagb_author_info":{"display_name":"adminfemergs","author_link":"https:\/\/femergs.com.br\/wfe\/blog\/author\/adminfemergs\/"},"uagb_comment_info":0,"uagb_excerpt":"A Femergs participou da Semana do Servidor de Encruzilhada do Sul, atrav\u00e9s de seus diretores, no Semin\u00e1rio sobre Previd\u00eancia, realizado dia 23 de outubro de 2017, com M\u00e1rcio Nunes, Diretor de Previd\u00eancia que falou sobre os regimes pr\u00f3prios frente a Deforma da Previd\u00eancia, assim como o Diretor Jo\u00e3o Dorlan que abordou aspectos jur\u00eddicos das Deforma&hellip;","_links":{"self":[{"href":"https:\/\/femergs.com.br\/wfe\/wp-json\/wp\/v2\/posts\/1116","targetHints":{"allow":["GET"]}}],"collection":[{"href":"https:\/\/femergs.com.br\/wfe\/wp-json\/wp\/v2\/posts"}],"about":[{"href":"https:\/\/femergs.com.br\/wfe\/wp-json\/wp\/v2\/types\/post"}],"author":[{"embeddable":true,"href":"https:\/\/femergs.com.br\/wfe\/wp-json\/wp\/v2\/users\/1"}],"replies":[{"embeddable":true,"href":"https:\/\/femergs.com.br\/wfe\/wp-json\/wp\/v2\/comments?post=1116"}],"version-history":[{"count":0,"href":"https:\/\/femergs.com.br\/wfe\/wp-json\/wp\/v2\/posts\/1116\/revisions"}],"wp:attachment":[{"href":"https:\/\/femergs.com.br\/wfe\/wp-json\/wp\/v2\/media?parent=1116"}],"wp:term":[{"taxonomy":"category","embeddable":true,"href":"https:\/\/femergs.com.br\/wfe\/wp-json\/wp\/v2\/categories?post=1116"},{"taxonomy":"post_tag","embeddable":true,"href":"https:\/\/femergs.com.br\/wfe\/wp-json\/wp\/v2\/tags?post=1116"}],"curies":[{"name":"wp","href":"https:\/\/api.w.org\/{rel}","templated":true}]}}