{"id":1118,"date":"2017-11-16T14:16:41","date_gmt":"2017-11-16T14:16:41","guid":{"rendered":"https:\/\/femergs.com.br\/wfe\/blog\/reuniao-ordinaria-da-coordenadoria-da-regional-do-grande-santa-rosa\/"},"modified":"2017-11-16T14:16:41","modified_gmt":"2017-11-16T14:16:41","slug":"reuniao-ordinaria-da-coordenadoria-da-regional-do-grande-santa-rosa","status":"publish","type":"post","link":"https:\/\/femergs.com.br\/wfe\/blog\/reuniao-ordinaria-da-coordenadoria-da-regional-do-grande-santa-rosa\/","title":{"rendered":"Reuni\u00e3o Ordin\u00e1ria da Coordenadoria da Regional do Grande Santa Rosa"},"content":{"rendered":"<p>\nNo \u00faltimo s\u00e1bado, dia 11\/11, estiveram reunidos para a 4\u00aa Reuni\u00e3o Ordin\u00e1ria da Coordenadoria da Regional do Grande Santa Rosa na Sede dos Municip\u00e1rios de Santa Rosa, os trabalhos estiveram a cargo do Coordenador Regional R\u00f3bson Cristiano Kamm, que contou com as ilustres presen\u00e7as do Presidente da FEMERGS Sr. Vilson Jo\u00e3o Weber, da Diretora da Secretaria de Educa\u00e7\u00e3o Sra. Iracema Maria Fr\u00f6lich e tamb\u00e9m dos Ex-Coordenadores Regionais Sr.Valcir Bobatto e a Sra.In\u00eas al\u00e9m da participa\u00e7\u00e3o de 11 Sindicatos!<\/p>\n<p>O Coordenador Regional salientou a import\u00e2ncia da Unidade Sindical fortalecida juntamente com a Federa\u00e7\u00e3o que sempre auxiliou e buscou o desenvolvimento e fomento dos Sindicatos atrav\u00e9s da organiza\u00e7\u00e3o e reenvendica\u00e7\u00f5es!!<\/p>\n<p>O Presidente, explanou o atual e conturbado cen\u00e1rio pol\u00edtico vivenciado por todos trabalhadores e servidores em todas as esferas com a entrada em vigor da reforma trabalhista, sobre o que reflete as altera\u00e7\u00f5es na CLT, apesar das dif\u00edculdades e indefini\u00e7\u00f5es, a luta sindical continuar\u00e1 mais forte que nunca, as novas paraliza\u00e7\u00f5es que ocorreram no dia 10\/11 e a solidariedade aos atos e paraliza\u00e7\u00f5es dos Servidores Estatuais.<\/p>\n","protected":false},"excerpt":{"rendered":"<p>No \u00faltimo s\u00e1bado, dia 11\/11, estiveram reunidos para a 4\u00aa Reuni\u00e3o Ordin\u00e1ria da Coordenadoria da Regional do Grande Santa Rosa na Sede dos Municip\u00e1rios de Santa Rosa, os trabalhos estiveram a cargo do Coordenador Regional R\u00f3bson Cristiano Kamm, que contou com as ilustres presen\u00e7as do Presidente da FEMERGS Sr. Vilson Jo\u00e3o Weber, da Diretora da [&hellip;]<\/p>\n","protected":false},"author":1,"featured_media":0,"comment_status":"closed","ping_status":"closed","sticky":false,"template":"","format":"standard","meta":{"_eb_attr":"","_uag_custom_page_level_css":"","fifu_image_url":"","fifu_image_alt":"","footnotes":""},"categories":[1],"tags":[32],"class_list":["post-1118","post","type-post","status-publish","format-standard","hentry","category-arquivadas","tag-null"],"yoast_head":"<!-- This site is optimized with the Yoast SEO plugin v27.1.1 - https:\/\/yoast.com\/product\/yoast-seo-wordpress\/ -->\n<title>Reuni\u00e3o Ordin\u00e1ria da Coordenadoria da Regional do Grande Santa Rosa - Federa\u00e7\u00e3o dos Municip\u00e1rios do Estado do Rio Grande do Sul<\/title>\n<meta name=\"robots\" content=\"index, follow, max-snippet:-1, max-image-preview:large, max-video-preview:-1\" \/>\n<link rel=\"canonical\" href=\"https:\/\/femergs.com.br\/wfe\/blog\/reuniao-ordinaria-da-coordenadoria-da-regional-do-grande-santa-rosa\/\" \/>\n<meta property=\"og:locale\" content=\"pt_BR\" \/>\n<meta property=\"og:type\" content=\"article\" \/>\n<meta property=\"og:title\" content=\"Reuni\u00e3o Ordin\u00e1ria da Coordenadoria da Regional do Grande Santa Rosa - Federa\u00e7\u00e3o dos Municip\u00e1rios do Estado do Rio Grande do Sul\" \/>\n<meta property=\"og:description\" content=\"No \u00faltimo s\u00e1bado, dia 11\/11, estiveram reunidos para a 4\u00aa Reuni\u00e3o Ordin\u00e1ria da Coordenadoria da Regional do Grande Santa Rosa na Sede dos Municip\u00e1rios de Santa Rosa, os trabalhos estiveram a cargo do Coordenador Regional R\u00f3bson Cristiano Kamm, que contou com as ilustres presen\u00e7as do Presidente da FEMERGS Sr. Vilson Jo\u00e3o Weber, da Diretora da [&hellip;]\" \/>\n<meta property=\"og:url\" content=\"https:\/\/femergs.com.br\/wfe\/blog\/reuniao-ordinaria-da-coordenadoria-da-regional-do-grande-santa-rosa\/\" \/>\n<meta property=\"og:site_name\" content=\"Federa\u00e7\u00e3o dos Municip\u00e1rios do Estado do Rio Grande do Sul\" \/>\n<meta property=\"article:publisher\" content=\"https:\/\/www.facebook.com\/profile.php?id=100057151733001\" \/>\n<meta property=\"article:published_time\" content=\"2017-11-16T14:16:41+00:00\" \/>\n<meta name=\"author\" content=\"adminfemergs\" \/>\n<meta name=\"twitter:card\" content=\"summary_large_image\" \/>\n<meta name=\"twitter:label1\" content=\"Escrito por\" \/>\n\t<meta name=\"twitter:data1\" content=\"adminfemergs\" \/>\n\t<meta name=\"twitter:label2\" content=\"Est. tempo de leitura\" \/>\n\t<meta name=\"twitter:data2\" content=\"1 minuto\" \/>\n<script type=\"application\/ld+json\" class=\"yoast-schema-graph\">{\"@context\":\"https:\/\/schema.org\",\"@graph\":[{\"@type\":\"Article\",\"@id\":\"https:\/\/femergs.com.br\/wfe\/blog\/reuniao-ordinaria-da-coordenadoria-da-regional-do-grande-santa-rosa\/#article\",\"isPartOf\":{\"@id\":\"https:\/\/femergs.com.br\/wfe\/blog\/reuniao-ordinaria-da-coordenadoria-da-regional-do-grande-santa-rosa\/\"},\"author\":{\"name\":\"adminfemergs\",\"@id\":\"https:\/\/femergs.com.br\/wfe\/#\/schema\/person\/f5558e6b5ffc044ee085016237dedb7f\"},\"headline\":\"Reuni\u00e3o Ordin\u00e1ria da Coordenadoria da Regional do Grande Santa Rosa\",\"datePublished\":\"2017-11-16T14:16:41+00:00\",\"mainEntityOfPage\":{\"@id\":\"https:\/\/femergs.com.br\/wfe\/blog\/reuniao-ordinaria-da-coordenadoria-da-regional-do-grande-santa-rosa\/\"},\"wordCount\":209,\"publisher\":{\"@id\":\"https:\/\/femergs.com.br\/wfe\/#organization\"},\"keywords\":[\"NULL\"],\"articleSection\":[\"ARQUIVADAS\"],\"inLanguage\":\"pt-BR\"},{\"@type\":\"WebPage\",\"@id\":\"https:\/\/femergs.com.br\/wfe\/blog\/reuniao-ordinaria-da-coordenadoria-da-regional-do-grande-santa-rosa\/\",\"url\":\"https:\/\/femergs.com.br\/wfe\/blog\/reuniao-ordinaria-da-coordenadoria-da-regional-do-grande-santa-rosa\/\",\"name\":\"Reuni\u00e3o Ordin\u00e1ria da Coordenadoria da Regional do Grande Santa Rosa - Federa\u00e7\u00e3o dos Municip\u00e1rios do Estado do Rio Grande do Sul\",\"isPartOf\":{\"@id\":\"https:\/\/femergs.com.br\/wfe\/#website\"},\"datePublished\":\"2017-11-16T14:16:41+00:00\",\"breadcrumb\":{\"@id\":\"https:\/\/femergs.com.br\/wfe\/blog\/reuniao-ordinaria-da-coordenadoria-da-regional-do-grande-santa-rosa\/#breadcrumb\"},\"inLanguage\":\"pt-BR\",\"potentialAction\":[{\"@type\":\"ReadAction\",\"target\":[\"https:\/\/femergs.com.br\/wfe\/blog\/reuniao-ordinaria-da-coordenadoria-da-regional-do-grande-santa-rosa\/\"]}]},{\"@type\":\"BreadcrumbList\",\"@id\":\"https:\/\/femergs.com.br\/wfe\/blog\/reuniao-ordinaria-da-coordenadoria-da-regional-do-grande-santa-rosa\/#breadcrumb\",\"itemListElement\":[{\"@type\":\"ListItem\",\"position\":1,\"name\":\"In\u00edcio\",\"item\":\"https:\/\/femergs.com.br\/wfe\/\"},{\"@type\":\"ListItem\",\"position\":2,\"name\":\"Reuni\u00e3o Ordin\u00e1ria da Coordenadoria da Regional do Grande Santa Rosa\"}]},{\"@type\":\"WebSite\",\"@id\":\"https:\/\/femergs.com.br\/wfe\/#website\",\"url\":\"https:\/\/femergs.com.br\/wfe\/\",\"name\":\"FEMERGS\",\"description\":\"FEDERA\u00c7\u00c3O DOS MUNICIP\u00c1RIOS DO ESTADO DO RIO GRANDE DO SUL\",\"publisher\":{\"@id\":\"https:\/\/femergs.com.br\/wfe\/#organization\"},\"potentialAction\":[{\"@type\":\"SearchAction\",\"target\":{\"@type\":\"EntryPoint\",\"urlTemplate\":\"https:\/\/femergs.com.br\/wfe\/?s={search_term_string}\"},\"query-input\":{\"@type\":\"PropertyValueSpecification\",\"valueRequired\":true,\"valueName\":\"search_term_string\"}}],\"inLanguage\":\"pt-BR\"},{\"@type\":\"Organization\",\"@id\":\"https:\/\/femergs.com.br\/wfe\/#organization\",\"name\":\"FEMERGS\",\"url\":\"https:\/\/femergs.com.br\/wfe\/\",\"logo\":{\"@type\":\"ImageObject\",\"inLanguage\":\"pt-BR\",\"@id\":\"https:\/\/femergs.com.br\/wfe\/#\/schema\/logo\/image\/\",\"url\":\"https:\/\/femergs.com.br\/wfe\/wp-content\/uploads\/2025\/06\/logotipo.png\",\"contentUrl\":\"https:\/\/femergs.com.br\/wfe\/wp-content\/uploads\/2025\/06\/logotipo.png\",\"width\":500,\"height\":500,\"caption\":\"FEMERGS\"},\"image\":{\"@id\":\"https:\/\/femergs.com.br\/wfe\/#\/schema\/logo\/image\/\"},\"sameAs\":[\"https:\/\/www.facebook.com\/profile.php?id=100057151733001\",\"https:\/\/www.instagram.com\/femergs_rs\/\"]},{\"@type\":\"Person\",\"@id\":\"https:\/\/femergs.com.br\/wfe\/#\/schema\/person\/f5558e6b5ffc044ee085016237dedb7f\",\"name\":\"adminfemergs\",\"image\":{\"@type\":\"ImageObject\",\"inLanguage\":\"pt-BR\",\"@id\":\"https:\/\/femergs.com.br\/wfe\/#\/schema\/person\/image\/\",\"url\":\"https:\/\/secure.gravatar.com\/avatar\/398642fa557cdd524617ad9b31c938845f071aeb3448b9c0aeb29aefc495337b?s=96&d=mm&r=g\",\"contentUrl\":\"https:\/\/secure.gravatar.com\/avatar\/398642fa557cdd524617ad9b31c938845f071aeb3448b9c0aeb29aefc495337b?s=96&d=mm&r=g\",\"caption\":\"adminfemergs\"},\"sameAs\":[\"https:\/\/femergs.com.br\/wfe\"],\"url\":\"https:\/\/femergs.com.br\/wfe\/blog\/author\/adminfemergs\/\"}]}<\/script>\n<!-- \/ Yoast SEO plugin. -->","yoast_head_json":{"title":"Reuni\u00e3o Ordin\u00e1ria da Coordenadoria da Regional do Grande Santa Rosa - Federa\u00e7\u00e3o dos Municip\u00e1rios do Estado do Rio Grande do Sul","robots":{"index":"index","follow":"follow","max-snippet":"max-snippet:-1","max-image-preview":"max-image-preview:large","max-video-preview":"max-video-preview:-1"},"canonical":"https:\/\/femergs.com.br\/wfe\/blog\/reuniao-ordinaria-da-coordenadoria-da-regional-do-grande-santa-rosa\/","og_locale":"pt_BR","og_type":"article","og_title":"Reuni\u00e3o Ordin\u00e1ria da Coordenadoria da Regional do Grande Santa Rosa - Federa\u00e7\u00e3o dos Municip\u00e1rios do Estado do Rio Grande do Sul","og_description":"No \u00faltimo s\u00e1bado, dia 11\/11, estiveram reunidos para a 4\u00aa Reuni\u00e3o Ordin\u00e1ria da Coordenadoria da Regional do Grande Santa Rosa na Sede dos Municip\u00e1rios de Santa Rosa, os trabalhos estiveram a cargo do Coordenador Regional R\u00f3bson Cristiano Kamm, que contou com as ilustres presen\u00e7as do Presidente da FEMERGS Sr. Vilson Jo\u00e3o Weber, da Diretora da [&hellip;]","og_url":"https:\/\/femergs.com.br\/wfe\/blog\/reuniao-ordinaria-da-coordenadoria-da-regional-do-grande-santa-rosa\/","og_site_name":"Federa\u00e7\u00e3o dos Municip\u00e1rios do Estado do Rio Grande do Sul","article_publisher":"https:\/\/www.facebook.com\/profile.php?id=100057151733001","article_published_time":"2017-11-16T14:16:41+00:00","author":"adminfemergs","twitter_card":"summary_large_image","twitter_misc":{"Escrito por":"adminfemergs","Est. tempo de leitura":"1 minuto"},"schema":{"@context":"https:\/\/schema.org","@graph":[{"@type":"Article","@id":"https:\/\/femergs.com.br\/wfe\/blog\/reuniao-ordinaria-da-coordenadoria-da-regional-do-grande-santa-rosa\/#article","isPartOf":{"@id":"https:\/\/femergs.com.br\/wfe\/blog\/reuniao-ordinaria-da-coordenadoria-da-regional-do-grande-santa-rosa\/"},"author":{"name":"adminfemergs","@id":"https:\/\/femergs.com.br\/wfe\/#\/schema\/person\/f5558e6b5ffc044ee085016237dedb7f"},"headline":"Reuni\u00e3o Ordin\u00e1ria da Coordenadoria da Regional do Grande Santa Rosa","datePublished":"2017-11-16T14:16:41+00:00","mainEntityOfPage":{"@id":"https:\/\/femergs.com.br\/wfe\/blog\/reuniao-ordinaria-da-coordenadoria-da-regional-do-grande-santa-rosa\/"},"wordCount":209,"publisher":{"@id":"https:\/\/femergs.com.br\/wfe\/#organization"},"keywords":["NULL"],"articleSection":["ARQUIVADAS"],"inLanguage":"pt-BR"},{"@type":"WebPage","@id":"https:\/\/femergs.com.br\/wfe\/blog\/reuniao-ordinaria-da-coordenadoria-da-regional-do-grande-santa-rosa\/","url":"https:\/\/femergs.com.br\/wfe\/blog\/reuniao-ordinaria-da-coordenadoria-da-regional-do-grande-santa-rosa\/","name":"Reuni\u00e3o Ordin\u00e1ria da Coordenadoria da Regional do Grande Santa Rosa - Federa\u00e7\u00e3o dos Municip\u00e1rios do Estado do Rio Grande do Sul","isPartOf":{"@id":"https:\/\/femergs.com.br\/wfe\/#website"},"datePublished":"2017-11-16T14:16:41+00:00","breadcrumb":{"@id":"https:\/\/femergs.com.br\/wfe\/blog\/reuniao-ordinaria-da-coordenadoria-da-regional-do-grande-santa-rosa\/#breadcrumb"},"inLanguage":"pt-BR","potentialAction":[{"@type":"ReadAction","target":["https:\/\/femergs.com.br\/wfe\/blog\/reuniao-ordinaria-da-coordenadoria-da-regional-do-grande-santa-rosa\/"]}]},{"@type":"BreadcrumbList","@id":"https:\/\/femergs.com.br\/wfe\/blog\/reuniao-ordinaria-da-coordenadoria-da-regional-do-grande-santa-rosa\/#breadcrumb","itemListElement":[{"@type":"ListItem","position":1,"name":"In\u00edcio","item":"https:\/\/femergs.com.br\/wfe\/"},{"@type":"ListItem","position":2,"name":"Reuni\u00e3o Ordin\u00e1ria da Coordenadoria da Regional do Grande Santa Rosa"}]},{"@type":"WebSite","@id":"https:\/\/femergs.com.br\/wfe\/#website","url":"https:\/\/femergs.com.br\/wfe\/","name":"FEMERGS","description":"FEDERA\u00c7\u00c3O DOS MUNICIP\u00c1RIOS DO ESTADO DO RIO GRANDE DO SUL","publisher":{"@id":"https:\/\/femergs.com.br\/wfe\/#organization"},"potentialAction":[{"@type":"SearchAction","target":{"@type":"EntryPoint","urlTemplate":"https:\/\/femergs.com.br\/wfe\/?s={search_term_string}"},"query-input":{"@type":"PropertyValueSpecification","valueRequired":true,"valueName":"search_term_string"}}],"inLanguage":"pt-BR"},{"@type":"Organization","@id":"https:\/\/femergs.com.br\/wfe\/#organization","name":"FEMERGS","url":"https:\/\/femergs.com.br\/wfe\/","logo":{"@type":"ImageObject","inLanguage":"pt-BR","@id":"https:\/\/femergs.com.br\/wfe\/#\/schema\/logo\/image\/","url":"https:\/\/femergs.com.br\/wfe\/wp-content\/uploads\/2025\/06\/logotipo.png","contentUrl":"https:\/\/femergs.com.br\/wfe\/wp-content\/uploads\/2025\/06\/logotipo.png","width":500,"height":500,"caption":"FEMERGS"},"image":{"@id":"https:\/\/femergs.com.br\/wfe\/#\/schema\/logo\/image\/"},"sameAs":["https:\/\/www.facebook.com\/profile.php?id=100057151733001","https:\/\/www.instagram.com\/femergs_rs\/"]},{"@type":"Person","@id":"https:\/\/femergs.com.br\/wfe\/#\/schema\/person\/f5558e6b5ffc044ee085016237dedb7f","name":"adminfemergs","image":{"@type":"ImageObject","inLanguage":"pt-BR","@id":"https:\/\/femergs.com.br\/wfe\/#\/schema\/person\/image\/","url":"https:\/\/secure.gravatar.com\/avatar\/398642fa557cdd524617ad9b31c938845f071aeb3448b9c0aeb29aefc495337b?s=96&d=mm&r=g","contentUrl":"https:\/\/secure.gravatar.com\/avatar\/398642fa557cdd524617ad9b31c938845f071aeb3448b9c0aeb29aefc495337b?s=96&d=mm&r=g","caption":"adminfemergs"},"sameAs":["https:\/\/femergs.com.br\/wfe"],"url":"https:\/\/femergs.com.br\/wfe\/blog\/author\/adminfemergs\/"}]}},"uagb_featured_image_src":{"full":false,"thumbnail":false,"medium":false,"medium_large":false,"large":false,"1536x1536":false,"2048x2048":false,"ultp_layout_landscape_large":false,"ultp_layout_landscape":false,"ultp_layout_portrait":false,"ultp_layout_square":false},"uagb_author_info":{"display_name":"adminfemergs","author_link":"https:\/\/femergs.com.br\/wfe\/blog\/author\/adminfemergs\/"},"uagb_comment_info":0,"uagb_excerpt":"No \u00faltimo s\u00e1bado, dia 11\/11, estiveram reunidos para a 4\u00aa Reuni\u00e3o Ordin\u00e1ria da Coordenadoria da Regional do Grande Santa Rosa na Sede dos Municip\u00e1rios de Santa Rosa, os trabalhos estiveram a cargo do Coordenador Regional R\u00f3bson Cristiano Kamm, que contou com as ilustres presen\u00e7as do Presidente da FEMERGS Sr. Vilson Jo\u00e3o Weber, da Diretora da&hellip;","_links":{"self":[{"href":"https:\/\/femergs.com.br\/wfe\/wp-json\/wp\/v2\/posts\/1118","targetHints":{"allow":["GET"]}}],"collection":[{"href":"https:\/\/femergs.com.br\/wfe\/wp-json\/wp\/v2\/posts"}],"about":[{"href":"https:\/\/femergs.com.br\/wfe\/wp-json\/wp\/v2\/types\/post"}],"author":[{"embeddable":true,"href":"https:\/\/femergs.com.br\/wfe\/wp-json\/wp\/v2\/users\/1"}],"replies":[{"embeddable":true,"href":"https:\/\/femergs.com.br\/wfe\/wp-json\/wp\/v2\/comments?post=1118"}],"version-history":[{"count":0,"href":"https:\/\/femergs.com.br\/wfe\/wp-json\/wp\/v2\/posts\/1118\/revisions"}],"wp:attachment":[{"href":"https:\/\/femergs.com.br\/wfe\/wp-json\/wp\/v2\/media?parent=1118"}],"wp:term":[{"taxonomy":"category","embeddable":true,"href":"https:\/\/femergs.com.br\/wfe\/wp-json\/wp\/v2\/categories?post=1118"},{"taxonomy":"post_tag","embeddable":true,"href":"https:\/\/femergs.com.br\/wfe\/wp-json\/wp\/v2\/tags?post=1118"}],"curies":[{"name":"wp","href":"https:\/\/api.w.org\/{rel}","templated":true}]}}