{"id":1119,"date":"2017-11-24T08:31:25","date_gmt":"2017-11-24T08:31:25","guid":{"rendered":"https:\/\/femergs.com.br\/wfe\/blog\/reuniao-ampliada-e-mais-um-passo-significativo-e-importante-para-a-familia-femergs\/"},"modified":"2017-11-24T08:31:25","modified_gmt":"2017-11-24T08:31:25","slug":"reuniao-ampliada-e-mais-um-passo-significativo-e-importante-para-a-familia-femergs","status":"publish","type":"post","link":"https:\/\/femergs.com.br\/wfe\/blog\/reuniao-ampliada-e-mais-um-passo-significativo-e-importante-para-a-familia-femergs\/","title":{"rendered":"Reuni\u00e3o Ampliada \u00e9 mais um passo significativo e importante para a Fam\u00edlia FEMERGS"},"content":{"rendered":"<p>Nos dias 20 e 21 de Novembro de 2017, conforme convo\u00e7\u00e3o do Presidente da Federa\u00e7\u00e3o dos Municip\u00e1rios do Estado do Rio Grande do Sul, feita a todos da Dire\u00e7\u00e3o Executiva e Coordenadores Regionais, estiveram presentes na Sede Administrativa em Porto Alegre, para:<br \/>\n* Relato de trabalhos que est\u00e3o em andamento;<br \/>\n* An\u00e1lise de Conjuntura Atual;<br \/>\n* Proje\u00e7\u00e3o Or\u00e7ament\u00e1ria;<br \/>\n* Organiza\u00e7\u00e3o do X Semin\u00e1rio de Qualifica\u00e7\u00e3o dos Servidores P\u00fablicos;<\/p>\n<p>Aproveitando a oportunidade e respeitando o Estatuto, foi realizado a elei\u00e7\u00e3o dos representantes da mesa coordenadora, sendo assim que fica assim definida:<\/p>\n<p><strong>Presidente<\/strong><br \/>\nIVONEI CL\u00c1UDIO F\u00c3O &#8211; Coordenador da Regional ZONA DA PRODU\u00c7\u00c3O<br \/>\n<strong>Vice Presidente<\/strong><br \/>\nEDSON FLORI MIOTI BRAND\u00c3O &#8211; Coordenador da Regional do VALE DO ALTO TAQUAR\u00cd<br \/>\n<strong>Secret\u00e1rio<\/strong><br \/>\nCRISTIANE VAL\u00c9RIO &#8211; Coordenadora da Regional ALTO URUGUAI<br \/>\n<strong>Segundo Secret\u00e1rio<\/strong><br \/>\nLEANDRO AMARO FERRAZ &#8211; Coordenador da Regional CARBON\u00cdFERA<\/p>\n","protected":false},"excerpt":{"rendered":"<p>Nos dias 20 e 21 de Novembro de 2017, conforme convo\u00e7\u00e3o do Presidente da Federa\u00e7\u00e3o dos Municip\u00e1rios do Estado do Rio Grande do Sul, feita a todos da Dire\u00e7\u00e3o Executiva e Coordenadores Regionais, estiveram presentes na Sede Administrativa em Porto Alegre, para: * Relato de trabalhos que est\u00e3o em andamento; * An\u00e1lise de Conjuntura Atual; [&hellip;]<\/p>\n","protected":false},"author":1,"featured_media":0,"comment_status":"closed","ping_status":"closed","sticky":false,"template":"","format":"standard","meta":{"_eb_attr":"","_uag_custom_page_level_css":"","fifu_image_url":"","fifu_image_alt":"","footnotes":""},"categories":[1],"tags":[32],"class_list":["post-1119","post","type-post","status-publish","format-standard","hentry","category-arquivadas","tag-null"],"yoast_head":"<!-- This site is optimized with the Yoast SEO plugin v27.1.1 - https:\/\/yoast.com\/product\/yoast-seo-wordpress\/ -->\n<title>Reuni\u00e3o Ampliada \u00e9 mais um passo significativo e importante para a Fam\u00edlia FEMERGS - Federa\u00e7\u00e3o dos Municip\u00e1rios do Estado do Rio Grande do Sul<\/title>\n<meta name=\"robots\" content=\"index, follow, max-snippet:-1, max-image-preview:large, max-video-preview:-1\" \/>\n<link rel=\"canonical\" href=\"https:\/\/femergs.com.br\/wfe\/blog\/reuniao-ampliada-e-mais-um-passo-significativo-e-importante-para-a-familia-femergs\/\" \/>\n<meta property=\"og:locale\" content=\"pt_BR\" \/>\n<meta property=\"og:type\" content=\"article\" \/>\n<meta property=\"og:title\" content=\"Reuni\u00e3o Ampliada \u00e9 mais um passo significativo e importante para a Fam\u00edlia FEMERGS - Federa\u00e7\u00e3o dos Municip\u00e1rios do Estado do Rio Grande do Sul\" \/>\n<meta property=\"og:description\" content=\"Nos dias 20 e 21 de Novembro de 2017, conforme convo\u00e7\u00e3o do Presidente da Federa\u00e7\u00e3o dos Municip\u00e1rios do Estado do Rio Grande do Sul, feita a todos da Dire\u00e7\u00e3o Executiva e Coordenadores Regionais, estiveram presentes na Sede Administrativa em Porto Alegre, para: * Relato de trabalhos que est\u00e3o em andamento; * An\u00e1lise de Conjuntura Atual; [&hellip;]\" \/>\n<meta property=\"og:url\" content=\"https:\/\/femergs.com.br\/wfe\/blog\/reuniao-ampliada-e-mais-um-passo-significativo-e-importante-para-a-familia-femergs\/\" \/>\n<meta property=\"og:site_name\" content=\"Federa\u00e7\u00e3o dos Municip\u00e1rios do Estado do Rio Grande do Sul\" \/>\n<meta property=\"article:publisher\" content=\"https:\/\/www.facebook.com\/profile.php?id=100057151733001\" \/>\n<meta property=\"article:published_time\" content=\"2017-11-24T08:31:25+00:00\" \/>\n<meta name=\"author\" content=\"adminfemergs\" \/>\n<meta name=\"twitter:card\" content=\"summary_large_image\" \/>\n<meta name=\"twitter:label1\" content=\"Escrito por\" \/>\n\t<meta name=\"twitter:data1\" content=\"adminfemergs\" \/>\n\t<meta name=\"twitter:label2\" content=\"Est. tempo de leitura\" \/>\n\t<meta name=\"twitter:data2\" content=\"1 minuto\" \/>\n<script type=\"application\/ld+json\" class=\"yoast-schema-graph\">{\"@context\":\"https:\/\/schema.org\",\"@graph\":[{\"@type\":\"Article\",\"@id\":\"https:\/\/femergs.com.br\/wfe\/blog\/reuniao-ampliada-e-mais-um-passo-significativo-e-importante-para-a-familia-femergs\/#article\",\"isPartOf\":{\"@id\":\"https:\/\/femergs.com.br\/wfe\/blog\/reuniao-ampliada-e-mais-um-passo-significativo-e-importante-para-a-familia-femergs\/\"},\"author\":{\"name\":\"adminfemergs\",\"@id\":\"https:\/\/femergs.com.br\/wfe\/#\/schema\/person\/f5558e6b5ffc044ee085016237dedb7f\"},\"headline\":\"Reuni\u00e3o Ampliada \u00e9 mais um passo significativo e importante para a Fam\u00edlia FEMERGS\",\"datePublished\":\"2017-11-24T08:31:25+00:00\",\"mainEntityOfPage\":{\"@id\":\"https:\/\/femergs.com.br\/wfe\/blog\/reuniao-ampliada-e-mais-um-passo-significativo-e-importante-para-a-familia-femergs\/\"},\"wordCount\":164,\"publisher\":{\"@id\":\"https:\/\/femergs.com.br\/wfe\/#organization\"},\"keywords\":[\"NULL\"],\"articleSection\":[\"ARQUIVADAS\"],\"inLanguage\":\"pt-BR\"},{\"@type\":\"WebPage\",\"@id\":\"https:\/\/femergs.com.br\/wfe\/blog\/reuniao-ampliada-e-mais-um-passo-significativo-e-importante-para-a-familia-femergs\/\",\"url\":\"https:\/\/femergs.com.br\/wfe\/blog\/reuniao-ampliada-e-mais-um-passo-significativo-e-importante-para-a-familia-femergs\/\",\"name\":\"Reuni\u00e3o Ampliada \u00e9 mais um passo significativo e importante para a Fam\u00edlia FEMERGS - Federa\u00e7\u00e3o dos Municip\u00e1rios do Estado do Rio Grande do Sul\",\"isPartOf\":{\"@id\":\"https:\/\/femergs.com.br\/wfe\/#website\"},\"datePublished\":\"2017-11-24T08:31:25+00:00\",\"breadcrumb\":{\"@id\":\"https:\/\/femergs.com.br\/wfe\/blog\/reuniao-ampliada-e-mais-um-passo-significativo-e-importante-para-a-familia-femergs\/#breadcrumb\"},\"inLanguage\":\"pt-BR\",\"potentialAction\":[{\"@type\":\"ReadAction\",\"target\":[\"https:\/\/femergs.com.br\/wfe\/blog\/reuniao-ampliada-e-mais-um-passo-significativo-e-importante-para-a-familia-femergs\/\"]}]},{\"@type\":\"BreadcrumbList\",\"@id\":\"https:\/\/femergs.com.br\/wfe\/blog\/reuniao-ampliada-e-mais-um-passo-significativo-e-importante-para-a-familia-femergs\/#breadcrumb\",\"itemListElement\":[{\"@type\":\"ListItem\",\"position\":1,\"name\":\"In\u00edcio\",\"item\":\"https:\/\/femergs.com.br\/wfe\/\"},{\"@type\":\"ListItem\",\"position\":2,\"name\":\"Reuni\u00e3o Ampliada \u00e9 mais um passo significativo e importante para a Fam\u00edlia FEMERGS\"}]},{\"@type\":\"WebSite\",\"@id\":\"https:\/\/femergs.com.br\/wfe\/#website\",\"url\":\"https:\/\/femergs.com.br\/wfe\/\",\"name\":\"FEMERGS\",\"description\":\"FEDERA\u00c7\u00c3O DOS MUNICIP\u00c1RIOS DO ESTADO DO RIO GRANDE DO SUL\",\"publisher\":{\"@id\":\"https:\/\/femergs.com.br\/wfe\/#organization\"},\"potentialAction\":[{\"@type\":\"SearchAction\",\"target\":{\"@type\":\"EntryPoint\",\"urlTemplate\":\"https:\/\/femergs.com.br\/wfe\/?s={search_term_string}\"},\"query-input\":{\"@type\":\"PropertyValueSpecification\",\"valueRequired\":true,\"valueName\":\"search_term_string\"}}],\"inLanguage\":\"pt-BR\"},{\"@type\":\"Organization\",\"@id\":\"https:\/\/femergs.com.br\/wfe\/#organization\",\"name\":\"FEMERGS\",\"url\":\"https:\/\/femergs.com.br\/wfe\/\",\"logo\":{\"@type\":\"ImageObject\",\"inLanguage\":\"pt-BR\",\"@id\":\"https:\/\/femergs.com.br\/wfe\/#\/schema\/logo\/image\/\",\"url\":\"https:\/\/femergs.com.br\/wfe\/wp-content\/uploads\/2025\/06\/logotipo.png\",\"contentUrl\":\"https:\/\/femergs.com.br\/wfe\/wp-content\/uploads\/2025\/06\/logotipo.png\",\"width\":500,\"height\":500,\"caption\":\"FEMERGS\"},\"image\":{\"@id\":\"https:\/\/femergs.com.br\/wfe\/#\/schema\/logo\/image\/\"},\"sameAs\":[\"https:\/\/www.facebook.com\/profile.php?id=100057151733001\",\"https:\/\/www.instagram.com\/femergs_rs\/\"]},{\"@type\":\"Person\",\"@id\":\"https:\/\/femergs.com.br\/wfe\/#\/schema\/person\/f5558e6b5ffc044ee085016237dedb7f\",\"name\":\"adminfemergs\",\"image\":{\"@type\":\"ImageObject\",\"inLanguage\":\"pt-BR\",\"@id\":\"https:\/\/femergs.com.br\/wfe\/#\/schema\/person\/image\/\",\"url\":\"https:\/\/secure.gravatar.com\/avatar\/398642fa557cdd524617ad9b31c938845f071aeb3448b9c0aeb29aefc495337b?s=96&d=mm&r=g\",\"contentUrl\":\"https:\/\/secure.gravatar.com\/avatar\/398642fa557cdd524617ad9b31c938845f071aeb3448b9c0aeb29aefc495337b?s=96&d=mm&r=g\",\"caption\":\"adminfemergs\"},\"sameAs\":[\"https:\/\/femergs.com.br\/wfe\"],\"url\":\"https:\/\/femergs.com.br\/wfe\/blog\/author\/adminfemergs\/\"}]}<\/script>\n<!-- \/ Yoast SEO plugin. -->","yoast_head_json":{"title":"Reuni\u00e3o Ampliada \u00e9 mais um passo significativo e importante para a Fam\u00edlia FEMERGS - Federa\u00e7\u00e3o dos Municip\u00e1rios do Estado do Rio Grande do Sul","robots":{"index":"index","follow":"follow","max-snippet":"max-snippet:-1","max-image-preview":"max-image-preview:large","max-video-preview":"max-video-preview:-1"},"canonical":"https:\/\/femergs.com.br\/wfe\/blog\/reuniao-ampliada-e-mais-um-passo-significativo-e-importante-para-a-familia-femergs\/","og_locale":"pt_BR","og_type":"article","og_title":"Reuni\u00e3o Ampliada \u00e9 mais um passo significativo e importante para a Fam\u00edlia FEMERGS - Federa\u00e7\u00e3o dos Municip\u00e1rios do Estado do Rio Grande do Sul","og_description":"Nos dias 20 e 21 de Novembro de 2017, conforme convo\u00e7\u00e3o do Presidente da Federa\u00e7\u00e3o dos Municip\u00e1rios do Estado do Rio Grande do Sul, feita a todos da Dire\u00e7\u00e3o Executiva e Coordenadores Regionais, estiveram presentes na Sede Administrativa em Porto Alegre, para: * Relato de trabalhos que est\u00e3o em andamento; * An\u00e1lise de Conjuntura Atual; [&hellip;]","og_url":"https:\/\/femergs.com.br\/wfe\/blog\/reuniao-ampliada-e-mais-um-passo-significativo-e-importante-para-a-familia-femergs\/","og_site_name":"Federa\u00e7\u00e3o dos Municip\u00e1rios do Estado do Rio Grande do Sul","article_publisher":"https:\/\/www.facebook.com\/profile.php?id=100057151733001","article_published_time":"2017-11-24T08:31:25+00:00","author":"adminfemergs","twitter_card":"summary_large_image","twitter_misc":{"Escrito por":"adminfemergs","Est. tempo de leitura":"1 minuto"},"schema":{"@context":"https:\/\/schema.org","@graph":[{"@type":"Article","@id":"https:\/\/femergs.com.br\/wfe\/blog\/reuniao-ampliada-e-mais-um-passo-significativo-e-importante-para-a-familia-femergs\/#article","isPartOf":{"@id":"https:\/\/femergs.com.br\/wfe\/blog\/reuniao-ampliada-e-mais-um-passo-significativo-e-importante-para-a-familia-femergs\/"},"author":{"name":"adminfemergs","@id":"https:\/\/femergs.com.br\/wfe\/#\/schema\/person\/f5558e6b5ffc044ee085016237dedb7f"},"headline":"Reuni\u00e3o Ampliada \u00e9 mais um passo significativo e importante para a Fam\u00edlia FEMERGS","datePublished":"2017-11-24T08:31:25+00:00","mainEntityOfPage":{"@id":"https:\/\/femergs.com.br\/wfe\/blog\/reuniao-ampliada-e-mais-um-passo-significativo-e-importante-para-a-familia-femergs\/"},"wordCount":164,"publisher":{"@id":"https:\/\/femergs.com.br\/wfe\/#organization"},"keywords":["NULL"],"articleSection":["ARQUIVADAS"],"inLanguage":"pt-BR"},{"@type":"WebPage","@id":"https:\/\/femergs.com.br\/wfe\/blog\/reuniao-ampliada-e-mais-um-passo-significativo-e-importante-para-a-familia-femergs\/","url":"https:\/\/femergs.com.br\/wfe\/blog\/reuniao-ampliada-e-mais-um-passo-significativo-e-importante-para-a-familia-femergs\/","name":"Reuni\u00e3o Ampliada \u00e9 mais um passo significativo e importante para a Fam\u00edlia FEMERGS - Federa\u00e7\u00e3o dos Municip\u00e1rios do Estado do Rio Grande do Sul","isPartOf":{"@id":"https:\/\/femergs.com.br\/wfe\/#website"},"datePublished":"2017-11-24T08:31:25+00:00","breadcrumb":{"@id":"https:\/\/femergs.com.br\/wfe\/blog\/reuniao-ampliada-e-mais-um-passo-significativo-e-importante-para-a-familia-femergs\/#breadcrumb"},"inLanguage":"pt-BR","potentialAction":[{"@type":"ReadAction","target":["https:\/\/femergs.com.br\/wfe\/blog\/reuniao-ampliada-e-mais-um-passo-significativo-e-importante-para-a-familia-femergs\/"]}]},{"@type":"BreadcrumbList","@id":"https:\/\/femergs.com.br\/wfe\/blog\/reuniao-ampliada-e-mais-um-passo-significativo-e-importante-para-a-familia-femergs\/#breadcrumb","itemListElement":[{"@type":"ListItem","position":1,"name":"In\u00edcio","item":"https:\/\/femergs.com.br\/wfe\/"},{"@type":"ListItem","position":2,"name":"Reuni\u00e3o Ampliada \u00e9 mais um passo significativo e importante para a Fam\u00edlia FEMERGS"}]},{"@type":"WebSite","@id":"https:\/\/femergs.com.br\/wfe\/#website","url":"https:\/\/femergs.com.br\/wfe\/","name":"FEMERGS","description":"FEDERA\u00c7\u00c3O DOS MUNICIP\u00c1RIOS DO ESTADO DO RIO GRANDE DO SUL","publisher":{"@id":"https:\/\/femergs.com.br\/wfe\/#organization"},"potentialAction":[{"@type":"SearchAction","target":{"@type":"EntryPoint","urlTemplate":"https:\/\/femergs.com.br\/wfe\/?s={search_term_string}"},"query-input":{"@type":"PropertyValueSpecification","valueRequired":true,"valueName":"search_term_string"}}],"inLanguage":"pt-BR"},{"@type":"Organization","@id":"https:\/\/femergs.com.br\/wfe\/#organization","name":"FEMERGS","url":"https:\/\/femergs.com.br\/wfe\/","logo":{"@type":"ImageObject","inLanguage":"pt-BR","@id":"https:\/\/femergs.com.br\/wfe\/#\/schema\/logo\/image\/","url":"https:\/\/femergs.com.br\/wfe\/wp-content\/uploads\/2025\/06\/logotipo.png","contentUrl":"https:\/\/femergs.com.br\/wfe\/wp-content\/uploads\/2025\/06\/logotipo.png","width":500,"height":500,"caption":"FEMERGS"},"image":{"@id":"https:\/\/femergs.com.br\/wfe\/#\/schema\/logo\/image\/"},"sameAs":["https:\/\/www.facebook.com\/profile.php?id=100057151733001","https:\/\/www.instagram.com\/femergs_rs\/"]},{"@type":"Person","@id":"https:\/\/femergs.com.br\/wfe\/#\/schema\/person\/f5558e6b5ffc044ee085016237dedb7f","name":"adminfemergs","image":{"@type":"ImageObject","inLanguage":"pt-BR","@id":"https:\/\/femergs.com.br\/wfe\/#\/schema\/person\/image\/","url":"https:\/\/secure.gravatar.com\/avatar\/398642fa557cdd524617ad9b31c938845f071aeb3448b9c0aeb29aefc495337b?s=96&d=mm&r=g","contentUrl":"https:\/\/secure.gravatar.com\/avatar\/398642fa557cdd524617ad9b31c938845f071aeb3448b9c0aeb29aefc495337b?s=96&d=mm&r=g","caption":"adminfemergs"},"sameAs":["https:\/\/femergs.com.br\/wfe"],"url":"https:\/\/femergs.com.br\/wfe\/blog\/author\/adminfemergs\/"}]}},"uagb_featured_image_src":{"full":false,"thumbnail":false,"medium":false,"medium_large":false,"large":false,"1536x1536":false,"2048x2048":false,"ultp_layout_landscape_large":false,"ultp_layout_landscape":false,"ultp_layout_portrait":false,"ultp_layout_square":false},"uagb_author_info":{"display_name":"adminfemergs","author_link":"https:\/\/femergs.com.br\/wfe\/blog\/author\/adminfemergs\/"},"uagb_comment_info":0,"uagb_excerpt":"Nos dias 20 e 21 de Novembro de 2017, conforme convo\u00e7\u00e3o do Presidente da Federa\u00e7\u00e3o dos Municip\u00e1rios do Estado do Rio Grande do Sul, feita a todos da Dire\u00e7\u00e3o Executiva e Coordenadores Regionais, estiveram presentes na Sede Administrativa em Porto Alegre, para: * Relato de trabalhos que est\u00e3o em andamento; * An\u00e1lise de Conjuntura Atual;&hellip;","_links":{"self":[{"href":"https:\/\/femergs.com.br\/wfe\/wp-json\/wp\/v2\/posts\/1119","targetHints":{"allow":["GET"]}}],"collection":[{"href":"https:\/\/femergs.com.br\/wfe\/wp-json\/wp\/v2\/posts"}],"about":[{"href":"https:\/\/femergs.com.br\/wfe\/wp-json\/wp\/v2\/types\/post"}],"author":[{"embeddable":true,"href":"https:\/\/femergs.com.br\/wfe\/wp-json\/wp\/v2\/users\/1"}],"replies":[{"embeddable":true,"href":"https:\/\/femergs.com.br\/wfe\/wp-json\/wp\/v2\/comments?post=1119"}],"version-history":[{"count":0,"href":"https:\/\/femergs.com.br\/wfe\/wp-json\/wp\/v2\/posts\/1119\/revisions"}],"wp:attachment":[{"href":"https:\/\/femergs.com.br\/wfe\/wp-json\/wp\/v2\/media?parent=1119"}],"wp:term":[{"taxonomy":"category","embeddable":true,"href":"https:\/\/femergs.com.br\/wfe\/wp-json\/wp\/v2\/categories?post=1119"},{"taxonomy":"post_tag","embeddable":true,"href":"https:\/\/femergs.com.br\/wfe\/wp-json\/wp\/v2\/tags?post=1119"}],"curies":[{"name":"wp","href":"https:\/\/api.w.org\/{rel}","templated":true}]}}