{"id":1121,"date":"2017-12-05T11:23:14","date_gmt":"2017-12-05T11:23:14","guid":{"rendered":"https:\/\/femergs.com.br\/wfe\/blog\/dia-05-de-dezembro-dia-de-luta-de-resistencia-de-muita-mobilizacao\/"},"modified":"2017-12-05T11:23:14","modified_gmt":"2017-12-05T11:23:14","slug":"dia-05-de-dezembro-dia-de-luta-de-resistencia-de-muita-mobilizacao","status":"publish","type":"post","link":"https:\/\/femergs.com.br\/wfe\/blog\/dia-05-de-dezembro-dia-de-luta-de-resistencia-de-muita-mobilizacao\/","title":{"rendered":"DIA 05 DE DEZEMBRO &#8211; DIA DE LUTA, DE RESIST\u00caNCIA, DE MUITA MOBILIZA\u00c7\u00c3O"},"content":{"rendered":"<p>Dia 05 de Dezembro de 2017, \u00e9 mais um dos marcos importantes da hist\u00f3ria de nossa luta sindical, designado pela Federa\u00e7\u00e3o dos Municip\u00e1rios do Estado do Rio Grande do Sul como uma Semana D &#8211; LUTAR E RESISTIR&#8221;, sendo todas as suas entidades filiadas convocadas para ajudarem a construir as mobiliza\u00e7\u00f5es de Luta e de resist\u00eancia da Classe Trabalhadora frente a possibilidade da vota\u00e7\u00e3o da Reforma da Previd\u00eancia:<\/p>\n<p>\u2022 CONTRA PRE\u00c7O DOS COMBUST\u00cdVEIS \u2013 DIESEL\/G\u00c1S DE COZINHA;<br \/>\n\u2022 PELA DERRUBADA DA \u201cDEFORMA TRABALHISTA\u201d;<br \/>\n\u2022 CONTRA A REFORMA DA PREVID\u00caNCIA;<br \/>\n\u2022 CONTRA A PEC DOS CONGELAMENTOS DOS RECURSOS DAS \u00c1REAS SOCIAIS POR 20 ANOS;<br \/>\n\u2022 PELA VALORIZA\u00c7\u00c3O DOS PRODUTOS AGROPECU\u00c1RIOS\/LEITE\/CARNE E GR\u00c3OS dos Pequenos Agricultores;<br \/>\n\u2022 POR MAIS E MELHORES EMPREGOS E SAL\u00c1RIOS;<br \/>\n\u2022 CONTRA A RETIRADA DOS DIREITOS;<br \/>\n\u2022 NENHUM DIREITO A MENOS.<\/p>\n<p>\nDia de luta e resist\u00eancia Unificada contra a reforma da Previd\u00eancia!<br \/>\nFEMERGS presente na luta do povo brasileiro.<\/p>\n<p><strong>CAXIAS DO SUL<\/strong><\/p>\n<div style=\"text-align: justify;\">Dia de luta e  mobiliza\u00e7\u00e3o Unificada da classe trabalhadora em Caxias do Sul, onde a Femergs de Base  se fez presente contra a reforma da previd\u00eancia e as terceiriza\u00e7\u00f5es do PA( pronto atendimento 24) e privatiza\u00e7\u00e3o do Banrisul.<br \/>\nO tr\u00eas n\u00edveis de governo alinhados e aplicando a cartilha neoliberal de sucateamento m\u00e1quina p\u00fablica, desvaloriza\u00e7\u00e3o os servidores e tentando retirar direitos dos servidores e vendendo o patrim\u00f4nio ao setor privado a pre\u00e7o de banana. <br \/>\nTemer acabou com a CLT e agora quer acabar com nossa aposentadoria P\u00fablica do INSS e dos Fundos Pr\u00f3prios para entregar para  o mercado financeiro vender os planos privados. Sartori  parcela sal\u00e1rios e retira direitos dos servidores estaduais e agora quer vender Banrisul que \u00e9 um patrim\u00f4nio do povo ga\u00facho.<br \/>\nPrefeito Guerra n\u00e3o cumpre as promessas de campanha de valorizar os servidores e n\u00e3o terceirizar o servi\u00e7o p\u00fablico ao privatizar a UPA e agora querendo terceirizar a gest\u00e3o do PA 24h e reduzir sal\u00e1rios dos professores de educa\u00e7\u00e3o infantil.<br \/>\nVamos defender o SUS,  o direito de se aposentar com dignidade, manuten\u00e7\u00e3o dos direitos e o fortalecimento do Estado e da m\u00e1quina p\u00fablica.<br \/>\nVamos continuar a mobiliza\u00e7\u00e3o e  luta Unificada de resist\u00eancia. <\/div>\n<p>Juntos somos mais Fortes!<br \/>\n#lutareresistir<br \/>\n#naoareformadaprevidencia<br \/>\n#juntossomosmaisfortes<\/p>\n","protected":false},"excerpt":{"rendered":"<p>Dia 05 de Dezembro de 2017, \u00e9 mais um dos marcos importantes da hist\u00f3ria de nossa luta sindical, designado pela Federa\u00e7\u00e3o dos Municip\u00e1rios do Estado do Rio Grande do Sul como uma Semana D &#8211; LUTAR E RESISTIR&#8221;, sendo todas as suas entidades filiadas convocadas para ajudarem a construir as mobiliza\u00e7\u00f5es de Luta e de [&hellip;]<\/p>\n","protected":false},"author":1,"featured_media":0,"comment_status":"closed","ping_status":"closed","sticky":false,"template":"","format":"standard","meta":{"_eb_attr":"","_uag_custom_page_level_css":"","fifu_image_url":"","fifu_image_alt":"","footnotes":""},"categories":[1],"tags":[32],"class_list":["post-1121","post","type-post","status-publish","format-standard","hentry","category-arquivadas","tag-null"],"yoast_head":"<!-- This site is optimized with the Yoast SEO plugin v27.1.1 - https:\/\/yoast.com\/product\/yoast-seo-wordpress\/ -->\n<title>DIA 05 DE DEZEMBRO - DIA DE LUTA, DE RESIST\u00caNCIA, DE MUITA MOBILIZA\u00c7\u00c3O - Federa\u00e7\u00e3o dos Municip\u00e1rios do Estado do Rio Grande do Sul<\/title>\n<meta name=\"robots\" content=\"index, follow, max-snippet:-1, max-image-preview:large, max-video-preview:-1\" \/>\n<link rel=\"canonical\" href=\"https:\/\/femergs.com.br\/wfe\/blog\/dia-05-de-dezembro-dia-de-luta-de-resistencia-de-muita-mobilizacao\/\" \/>\n<meta property=\"og:locale\" content=\"pt_BR\" \/>\n<meta property=\"og:type\" content=\"article\" \/>\n<meta property=\"og:title\" content=\"DIA 05 DE DEZEMBRO - DIA DE LUTA, DE RESIST\u00caNCIA, DE MUITA MOBILIZA\u00c7\u00c3O - Federa\u00e7\u00e3o dos Municip\u00e1rios do Estado do Rio Grande do Sul\" \/>\n<meta property=\"og:description\" content=\"Dia 05 de Dezembro de 2017, \u00e9 mais um dos marcos importantes da hist\u00f3ria de nossa luta sindical, designado pela Federa\u00e7\u00e3o dos Municip\u00e1rios do Estado do Rio Grande do Sul como uma Semana D &#8211; LUTAR E RESISTIR&#8221;, sendo todas as suas entidades filiadas convocadas para ajudarem a construir as mobiliza\u00e7\u00f5es de Luta e de [&hellip;]\" \/>\n<meta property=\"og:url\" content=\"https:\/\/femergs.com.br\/wfe\/blog\/dia-05-de-dezembro-dia-de-luta-de-resistencia-de-muita-mobilizacao\/\" \/>\n<meta property=\"og:site_name\" content=\"Federa\u00e7\u00e3o dos Municip\u00e1rios do Estado do Rio Grande do Sul\" \/>\n<meta property=\"article:publisher\" content=\"https:\/\/www.facebook.com\/profile.php?id=100057151733001\" \/>\n<meta property=\"article:published_time\" content=\"2017-12-05T11:23:14+00:00\" \/>\n<meta name=\"author\" content=\"adminfemergs\" \/>\n<meta name=\"twitter:card\" content=\"summary_large_image\" \/>\n<meta name=\"twitter:label1\" content=\"Escrito por\" \/>\n\t<meta name=\"twitter:data1\" content=\"adminfemergs\" \/>\n\t<meta name=\"twitter:label2\" content=\"Est. tempo de leitura\" \/>\n\t<meta name=\"twitter:data2\" content=\"2 minutos\" \/>\n<script type=\"application\/ld+json\" class=\"yoast-schema-graph\">{\"@context\":\"https:\/\/schema.org\",\"@graph\":[{\"@type\":\"Article\",\"@id\":\"https:\/\/femergs.com.br\/wfe\/blog\/dia-05-de-dezembro-dia-de-luta-de-resistencia-de-muita-mobilizacao\/#article\",\"isPartOf\":{\"@id\":\"https:\/\/femergs.com.br\/wfe\/blog\/dia-05-de-dezembro-dia-de-luta-de-resistencia-de-muita-mobilizacao\/\"},\"author\":{\"name\":\"adminfemergs\",\"@id\":\"https:\/\/femergs.com.br\/wfe\/#\/schema\/person\/f5558e6b5ffc044ee085016237dedb7f\"},\"headline\":\"DIA 05 DE DEZEMBRO &#8211; DIA DE LUTA, DE RESIST\u00caNCIA, DE MUITA MOBILIZA\u00c7\u00c3O\",\"datePublished\":\"2017-12-05T11:23:14+00:00\",\"mainEntityOfPage\":{\"@id\":\"https:\/\/femergs.com.br\/wfe\/blog\/dia-05-de-dezembro-dia-de-luta-de-resistencia-de-muita-mobilizacao\/\"},\"wordCount\":402,\"publisher\":{\"@id\":\"https:\/\/femergs.com.br\/wfe\/#organization\"},\"keywords\":[\"NULL\"],\"articleSection\":[\"ARQUIVADAS\"],\"inLanguage\":\"pt-BR\"},{\"@type\":\"WebPage\",\"@id\":\"https:\/\/femergs.com.br\/wfe\/blog\/dia-05-de-dezembro-dia-de-luta-de-resistencia-de-muita-mobilizacao\/\",\"url\":\"https:\/\/femergs.com.br\/wfe\/blog\/dia-05-de-dezembro-dia-de-luta-de-resistencia-de-muita-mobilizacao\/\",\"name\":\"DIA 05 DE DEZEMBRO - DIA DE LUTA, DE RESIST\u00caNCIA, DE MUITA MOBILIZA\u00c7\u00c3O - Federa\u00e7\u00e3o dos Municip\u00e1rios do Estado do Rio Grande do Sul\",\"isPartOf\":{\"@id\":\"https:\/\/femergs.com.br\/wfe\/#website\"},\"datePublished\":\"2017-12-05T11:23:14+00:00\",\"breadcrumb\":{\"@id\":\"https:\/\/femergs.com.br\/wfe\/blog\/dia-05-de-dezembro-dia-de-luta-de-resistencia-de-muita-mobilizacao\/#breadcrumb\"},\"inLanguage\":\"pt-BR\",\"potentialAction\":[{\"@type\":\"ReadAction\",\"target\":[\"https:\/\/femergs.com.br\/wfe\/blog\/dia-05-de-dezembro-dia-de-luta-de-resistencia-de-muita-mobilizacao\/\"]}]},{\"@type\":\"BreadcrumbList\",\"@id\":\"https:\/\/femergs.com.br\/wfe\/blog\/dia-05-de-dezembro-dia-de-luta-de-resistencia-de-muita-mobilizacao\/#breadcrumb\",\"itemListElement\":[{\"@type\":\"ListItem\",\"position\":1,\"name\":\"In\u00edcio\",\"item\":\"https:\/\/femergs.com.br\/wfe\/\"},{\"@type\":\"ListItem\",\"position\":2,\"name\":\"DIA 05 DE DEZEMBRO &#8211; DIA DE LUTA, DE RESIST\u00caNCIA, DE MUITA MOBILIZA\u00c7\u00c3O\"}]},{\"@type\":\"WebSite\",\"@id\":\"https:\/\/femergs.com.br\/wfe\/#website\",\"url\":\"https:\/\/femergs.com.br\/wfe\/\",\"name\":\"FEMERGS\",\"description\":\"FEDERA\u00c7\u00c3O DOS MUNICIP\u00c1RIOS DO ESTADO DO RIO GRANDE DO SUL\",\"publisher\":{\"@id\":\"https:\/\/femergs.com.br\/wfe\/#organization\"},\"potentialAction\":[{\"@type\":\"SearchAction\",\"target\":{\"@type\":\"EntryPoint\",\"urlTemplate\":\"https:\/\/femergs.com.br\/wfe\/?s={search_term_string}\"},\"query-input\":{\"@type\":\"PropertyValueSpecification\",\"valueRequired\":true,\"valueName\":\"search_term_string\"}}],\"inLanguage\":\"pt-BR\"},{\"@type\":\"Organization\",\"@id\":\"https:\/\/femergs.com.br\/wfe\/#organization\",\"name\":\"FEMERGS\",\"url\":\"https:\/\/femergs.com.br\/wfe\/\",\"logo\":{\"@type\":\"ImageObject\",\"inLanguage\":\"pt-BR\",\"@id\":\"https:\/\/femergs.com.br\/wfe\/#\/schema\/logo\/image\/\",\"url\":\"https:\/\/femergs.com.br\/wfe\/wp-content\/uploads\/2025\/06\/logotipo.png\",\"contentUrl\":\"https:\/\/femergs.com.br\/wfe\/wp-content\/uploads\/2025\/06\/logotipo.png\",\"width\":500,\"height\":500,\"caption\":\"FEMERGS\"},\"image\":{\"@id\":\"https:\/\/femergs.com.br\/wfe\/#\/schema\/logo\/image\/\"},\"sameAs\":[\"https:\/\/www.facebook.com\/profile.php?id=100057151733001\",\"https:\/\/www.instagram.com\/femergs_rs\/\"]},{\"@type\":\"Person\",\"@id\":\"https:\/\/femergs.com.br\/wfe\/#\/schema\/person\/f5558e6b5ffc044ee085016237dedb7f\",\"name\":\"adminfemergs\",\"image\":{\"@type\":\"ImageObject\",\"inLanguage\":\"pt-BR\",\"@id\":\"https:\/\/femergs.com.br\/wfe\/#\/schema\/person\/image\/\",\"url\":\"https:\/\/secure.gravatar.com\/avatar\/398642fa557cdd524617ad9b31c938845f071aeb3448b9c0aeb29aefc495337b?s=96&d=mm&r=g\",\"contentUrl\":\"https:\/\/secure.gravatar.com\/avatar\/398642fa557cdd524617ad9b31c938845f071aeb3448b9c0aeb29aefc495337b?s=96&d=mm&r=g\",\"caption\":\"adminfemergs\"},\"sameAs\":[\"https:\/\/femergs.com.br\/wfe\"],\"url\":\"https:\/\/femergs.com.br\/wfe\/blog\/author\/adminfemergs\/\"}]}<\/script>\n<!-- \/ Yoast SEO plugin. -->","yoast_head_json":{"title":"DIA 05 DE DEZEMBRO - DIA DE LUTA, DE RESIST\u00caNCIA, DE MUITA MOBILIZA\u00c7\u00c3O - Federa\u00e7\u00e3o dos Municip\u00e1rios do Estado do Rio Grande do Sul","robots":{"index":"index","follow":"follow","max-snippet":"max-snippet:-1","max-image-preview":"max-image-preview:large","max-video-preview":"max-video-preview:-1"},"canonical":"https:\/\/femergs.com.br\/wfe\/blog\/dia-05-de-dezembro-dia-de-luta-de-resistencia-de-muita-mobilizacao\/","og_locale":"pt_BR","og_type":"article","og_title":"DIA 05 DE DEZEMBRO - DIA DE LUTA, DE RESIST\u00caNCIA, DE MUITA MOBILIZA\u00c7\u00c3O - Federa\u00e7\u00e3o dos Municip\u00e1rios do Estado do Rio Grande do Sul","og_description":"Dia 05 de Dezembro de 2017, \u00e9 mais um dos marcos importantes da hist\u00f3ria de nossa luta sindical, designado pela Federa\u00e7\u00e3o dos Municip\u00e1rios do Estado do Rio Grande do Sul como uma Semana D &#8211; LUTAR E RESISTIR&#8221;, sendo todas as suas entidades filiadas convocadas para ajudarem a construir as mobiliza\u00e7\u00f5es de Luta e de [&hellip;]","og_url":"https:\/\/femergs.com.br\/wfe\/blog\/dia-05-de-dezembro-dia-de-luta-de-resistencia-de-muita-mobilizacao\/","og_site_name":"Federa\u00e7\u00e3o dos Municip\u00e1rios do Estado do Rio Grande do Sul","article_publisher":"https:\/\/www.facebook.com\/profile.php?id=100057151733001","article_published_time":"2017-12-05T11:23:14+00:00","author":"adminfemergs","twitter_card":"summary_large_image","twitter_misc":{"Escrito por":"adminfemergs","Est. tempo de leitura":"2 minutos"},"schema":{"@context":"https:\/\/schema.org","@graph":[{"@type":"Article","@id":"https:\/\/femergs.com.br\/wfe\/blog\/dia-05-de-dezembro-dia-de-luta-de-resistencia-de-muita-mobilizacao\/#article","isPartOf":{"@id":"https:\/\/femergs.com.br\/wfe\/blog\/dia-05-de-dezembro-dia-de-luta-de-resistencia-de-muita-mobilizacao\/"},"author":{"name":"adminfemergs","@id":"https:\/\/femergs.com.br\/wfe\/#\/schema\/person\/f5558e6b5ffc044ee085016237dedb7f"},"headline":"DIA 05 DE DEZEMBRO &#8211; DIA DE LUTA, DE RESIST\u00caNCIA, DE MUITA MOBILIZA\u00c7\u00c3O","datePublished":"2017-12-05T11:23:14+00:00","mainEntityOfPage":{"@id":"https:\/\/femergs.com.br\/wfe\/blog\/dia-05-de-dezembro-dia-de-luta-de-resistencia-de-muita-mobilizacao\/"},"wordCount":402,"publisher":{"@id":"https:\/\/femergs.com.br\/wfe\/#organization"},"keywords":["NULL"],"articleSection":["ARQUIVADAS"],"inLanguage":"pt-BR"},{"@type":"WebPage","@id":"https:\/\/femergs.com.br\/wfe\/blog\/dia-05-de-dezembro-dia-de-luta-de-resistencia-de-muita-mobilizacao\/","url":"https:\/\/femergs.com.br\/wfe\/blog\/dia-05-de-dezembro-dia-de-luta-de-resistencia-de-muita-mobilizacao\/","name":"DIA 05 DE DEZEMBRO - DIA DE LUTA, DE RESIST\u00caNCIA, DE MUITA MOBILIZA\u00c7\u00c3O - Federa\u00e7\u00e3o dos Municip\u00e1rios do Estado do Rio Grande do Sul","isPartOf":{"@id":"https:\/\/femergs.com.br\/wfe\/#website"},"datePublished":"2017-12-05T11:23:14+00:00","breadcrumb":{"@id":"https:\/\/femergs.com.br\/wfe\/blog\/dia-05-de-dezembro-dia-de-luta-de-resistencia-de-muita-mobilizacao\/#breadcrumb"},"inLanguage":"pt-BR","potentialAction":[{"@type":"ReadAction","target":["https:\/\/femergs.com.br\/wfe\/blog\/dia-05-de-dezembro-dia-de-luta-de-resistencia-de-muita-mobilizacao\/"]}]},{"@type":"BreadcrumbList","@id":"https:\/\/femergs.com.br\/wfe\/blog\/dia-05-de-dezembro-dia-de-luta-de-resistencia-de-muita-mobilizacao\/#breadcrumb","itemListElement":[{"@type":"ListItem","position":1,"name":"In\u00edcio","item":"https:\/\/femergs.com.br\/wfe\/"},{"@type":"ListItem","position":2,"name":"DIA 05 DE DEZEMBRO &#8211; DIA DE LUTA, DE RESIST\u00caNCIA, DE MUITA MOBILIZA\u00c7\u00c3O"}]},{"@type":"WebSite","@id":"https:\/\/femergs.com.br\/wfe\/#website","url":"https:\/\/femergs.com.br\/wfe\/","name":"FEMERGS","description":"FEDERA\u00c7\u00c3O DOS MUNICIP\u00c1RIOS DO ESTADO DO RIO GRANDE DO SUL","publisher":{"@id":"https:\/\/femergs.com.br\/wfe\/#organization"},"potentialAction":[{"@type":"SearchAction","target":{"@type":"EntryPoint","urlTemplate":"https:\/\/femergs.com.br\/wfe\/?s={search_term_string}"},"query-input":{"@type":"PropertyValueSpecification","valueRequired":true,"valueName":"search_term_string"}}],"inLanguage":"pt-BR"},{"@type":"Organization","@id":"https:\/\/femergs.com.br\/wfe\/#organization","name":"FEMERGS","url":"https:\/\/femergs.com.br\/wfe\/","logo":{"@type":"ImageObject","inLanguage":"pt-BR","@id":"https:\/\/femergs.com.br\/wfe\/#\/schema\/logo\/image\/","url":"https:\/\/femergs.com.br\/wfe\/wp-content\/uploads\/2025\/06\/logotipo.png","contentUrl":"https:\/\/femergs.com.br\/wfe\/wp-content\/uploads\/2025\/06\/logotipo.png","width":500,"height":500,"caption":"FEMERGS"},"image":{"@id":"https:\/\/femergs.com.br\/wfe\/#\/schema\/logo\/image\/"},"sameAs":["https:\/\/www.facebook.com\/profile.php?id=100057151733001","https:\/\/www.instagram.com\/femergs_rs\/"]},{"@type":"Person","@id":"https:\/\/femergs.com.br\/wfe\/#\/schema\/person\/f5558e6b5ffc044ee085016237dedb7f","name":"adminfemergs","image":{"@type":"ImageObject","inLanguage":"pt-BR","@id":"https:\/\/femergs.com.br\/wfe\/#\/schema\/person\/image\/","url":"https:\/\/secure.gravatar.com\/avatar\/398642fa557cdd524617ad9b31c938845f071aeb3448b9c0aeb29aefc495337b?s=96&d=mm&r=g","contentUrl":"https:\/\/secure.gravatar.com\/avatar\/398642fa557cdd524617ad9b31c938845f071aeb3448b9c0aeb29aefc495337b?s=96&d=mm&r=g","caption":"adminfemergs"},"sameAs":["https:\/\/femergs.com.br\/wfe"],"url":"https:\/\/femergs.com.br\/wfe\/blog\/author\/adminfemergs\/"}]}},"uagb_featured_image_src":{"full":false,"thumbnail":false,"medium":false,"medium_large":false,"large":false,"1536x1536":false,"2048x2048":false,"ultp_layout_landscape_large":false,"ultp_layout_landscape":false,"ultp_layout_portrait":false,"ultp_layout_square":false},"uagb_author_info":{"display_name":"adminfemergs","author_link":"https:\/\/femergs.com.br\/wfe\/blog\/author\/adminfemergs\/"},"uagb_comment_info":0,"uagb_excerpt":"Dia 05 de Dezembro de 2017, \u00e9 mais um dos marcos importantes da hist\u00f3ria de nossa luta sindical, designado pela Federa\u00e7\u00e3o dos Municip\u00e1rios do Estado do Rio Grande do Sul como uma Semana D &#8211; LUTAR E RESISTIR&#8221;, sendo todas as suas entidades filiadas convocadas para ajudarem a construir as mobiliza\u00e7\u00f5es de Luta e de&hellip;","_links":{"self":[{"href":"https:\/\/femergs.com.br\/wfe\/wp-json\/wp\/v2\/posts\/1121","targetHints":{"allow":["GET"]}}],"collection":[{"href":"https:\/\/femergs.com.br\/wfe\/wp-json\/wp\/v2\/posts"}],"about":[{"href":"https:\/\/femergs.com.br\/wfe\/wp-json\/wp\/v2\/types\/post"}],"author":[{"embeddable":true,"href":"https:\/\/femergs.com.br\/wfe\/wp-json\/wp\/v2\/users\/1"}],"replies":[{"embeddable":true,"href":"https:\/\/femergs.com.br\/wfe\/wp-json\/wp\/v2\/comments?post=1121"}],"version-history":[{"count":0,"href":"https:\/\/femergs.com.br\/wfe\/wp-json\/wp\/v2\/posts\/1121\/revisions"}],"wp:attachment":[{"href":"https:\/\/femergs.com.br\/wfe\/wp-json\/wp\/v2\/media?parent=1121"}],"wp:term":[{"taxonomy":"category","embeddable":true,"href":"https:\/\/femergs.com.br\/wfe\/wp-json\/wp\/v2\/categories?post=1121"},{"taxonomy":"post_tag","embeddable":true,"href":"https:\/\/femergs.com.br\/wfe\/wp-json\/wp\/v2\/tags?post=1121"}],"curies":[{"name":"wp","href":"https:\/\/api.w.org\/{rel}","templated":true}]}}