{"id":1122,"date":"2017-12-12T10:30:46","date_gmt":"2017-12-12T10:30:46","guid":{"rendered":"https:\/\/femergs.com.br\/wfe\/blog\/femergs-na-luta-contra-a-reforma-da-previdencia\/"},"modified":"2017-12-12T10:30:46","modified_gmt":"2017-12-12T10:30:46","slug":"femergs-na-luta-contra-a-reforma-da-previdencia","status":"publish","type":"post","link":"https:\/\/femergs.com.br\/wfe\/blog\/femergs-na-luta-contra-a-reforma-da-previdencia\/","title":{"rendered":"FEMERGS NA LUTA CONTRA A REFORMA DA PREVID\u00caNCIA"},"content":{"rendered":"<p>\nA FEMERGS \u2013 Federa\u00e7\u00e3o dos Municip\u00e1rios do Estado do Rio Grande do Sul na luta para que tenhamos um Servi\u00e7o P\u00fablico de Qualidade, com valoriza\u00e7\u00e3o e qualifica\u00e7\u00e3o dos trabalhadores(as).<\/p>\n<p>Segue texto do senador PAULO PAIM<br \/>\n04\/12\/2017<\/p>\n<p>A CPI da Previd\u00eancia constatou que o sistema \u00e9 superavit\u00e1rio. O relat\u00f3rio, aprovado por unanimidade, desconstr\u00f3i os discursos de que ela \u00e9 deficit\u00e1ria e que em pouco tempo n\u00e3o haver\u00e1 dinheiro para pagar as aposentadorias. Portanto, a reforma \u00e9 desnecess\u00e1ria.<br \/>\nEntre 2000 e 2015, o super\u00e1vit foi de R$ 821 bilh\u00f5es. Atualizado pela Selic, seria hoje de R$ 2,1 trilh\u00f5es. Nos \u00faltimos 20 anos, devido a desvios, sonega\u00e7\u00f5es e d\u00edvidas, deixaram de entrar nos seus cofres mais de R$ 3 trilh\u00f5es.<br \/>\nA Desvincula\u00e7\u00e3o de Receitas da Uni\u00e3o \u00e9 outra forma de retirar dinheiro. Entre 2000 e 2015, foram R$ 614 bilh\u00f5es. Atualizado, esse valor seria hoje de R$ 1,4 trilh\u00e3o. No ano passado o percentual de retirada subiu de 20% para 30%.<br \/>\nO TCU estima que a perda, em fraudes e sonega\u00e7\u00f5es, \u00e9 de R$ 56 bilh\u00f5es\/ano. Pela CPI, chega a R$ 115 bilh\u00f5es. Segundo estudo apresentado \u00e0 comiss\u00e3o, a sonega\u00e7\u00e3o tamb\u00e9m decorre da falta de registro de empregados assalariados. Em 2014, foi de R$ 41 bilh\u00f5es o valor que poderia ter sido arrecadado.<br \/>\nJ\u00e1 a apropria\u00e7\u00e3o ind\u00e9bita foi de R$ 125 bilh\u00f5es nos \u00faltimos quatro anos por parte dos empregadores que cobram dos trabalhadores e n\u00e3o repassam \u00e0 Previd\u00eancia.<br \/>\nH\u00e1 tamb\u00e9m as desonera\u00e7\u00f5es. Nos \u00faltimos dez anos, mais que triplicaram, chegando a R$ 143 bilh\u00f5es em 2016, contra R$ 45 bilh\u00f5es em 2007.<br \/>\nO Refis \u00e9 um programa governamental para parcelar as d\u00edvidas tribut\u00e1rias. Com esse programa, a arrecada\u00e7\u00e3o espont\u00e2nea das contribui\u00e7\u00f5es para a Seguridade despenca em R$ 27,5 bilh\u00f5es por ano. Com a MP 783\/2017, nos pr\u00f3ximos 3 anos, o custo ser\u00e1 de R$ 543 bilh\u00f5es.<br \/>\nOs problemas da Previd\u00eancia s\u00e3o m\u00e1 gest\u00e3o e administra\u00e7\u00e3o, falta de fiscaliza\u00e7\u00e3o e cobran\u00e7a de devedores e sonegadores, anistias, corrup\u00e7\u00e3o e, principalmente, que todo dinheiro arrecadado n\u00e3o seja utilizado para outros fins. Dinheiro da Previd\u00eancia tem de ficar na Previd\u00eancia.<br \/>\nMas a CPI, al\u00e9m de identificar os problemas, tamb\u00e9m faz sugest\u00f5es para aperfei\u00e7oar o sistema: extin\u00e7\u00e3o da DRU, compensa\u00e7\u00e3o em rela\u00e7\u00e3o aos benef\u00edcios sociais, revis\u00e3o do benef\u00edcio de prescri\u00e7\u00e3o de 5 anos (passando a ser igual a car\u00eancia de 15 anos), altera\u00e7\u00e3o e amplia\u00e7\u00e3o do teto, revis\u00e3o das anistias e parcelamentos de cr\u00e9dito, revis\u00e3o do modelo atuarial para ter clareza das receitas e despesas e auditoria da d\u00edvida p\u00fablica.<br \/>\nA incompet\u00eancia para colocar em pr\u00e1tica um verdadeiro projeto de na\u00e7\u00e3o para o pa\u00eds, com desenvolvimento sustent\u00e1vel e respeito aos direitos sociais e trabalhistas, leva os governos a assaltarem cada vez mais a \u201cgalinha dos ovos de ouro\u201d da Uni\u00e3o \u2014\u2013 a Previd\u00eancia Social.<br \/>\nA CPI \u00e9 um divisor de \u00e1guas. Os governos ter\u00e3o que beber desta fonte. O seu resultado \u00e9 de extrema import\u00e2ncia para o aprimoramento da nossa democracia e cidadania.<br \/>\nPaulo Paim \u00e9 senador (PT-RS) e presidente da CPI da Previd\u00eancia<\/p>\n<p>Leia mais: https:\/\/oglobo.globo.com\/opiniao\/ousadia-verdade-22133706#ixzz50Ii5AxFU<br \/>\nstest<\/p>\n<div style=\"text-align: center;\">ATEN\u00c7\u00c3O<\/div>\n<ul>\n<li> A propaganda mentirosa do Governo Ileg\u00edtimo do TEMER, tenta fazer a cabe\u00e7a da popula\u00e7\u00e3o, contra os servidores p\u00fablicos fazendo campanha e afirmando de combater privil\u00e9gios, por\u00e9m n\u00e3o considera o que segue:<\/li>\n<li>Desde a EC n\u00ba 41 nenhum servidor p\u00fablico que est\u00e1 em Regime pr\u00f3prio de Previd\u00eancia se aposentou sem ter 35 anos de contribui\u00e7\u00e3o e 60 anos sendo homens, e 30 anos de contribui\u00e7\u00e3o e 55 de idade para as mulheres;<\/li>\n<li>Os governos \u2013 Federal e Estaduais, independentemente de partidos, n\u00e3o guardaram a parte patronal sobre os servidores;<\/li>\n<li>?Desde 2013, temos o teto salarial do INSS valendo para novos servidores no setor p\u00fablico;<\/li>\n<\/ul>\n<p>?Portanto fica claro que a Reforma n\u00e3o \u00e9 para combater privil\u00e9gios, pois se o Governo Temer fosse s\u00e9rio n\u00e3o teria dado aumento absurdo para judici\u00e1rio, teria cortado o Vale Alimenta\u00e7\u00e3o do Judici\u00e1rio, teria inclu\u00eddo os Grandes sal\u00e1rios do Judici\u00e1rio, os Militares na Reforma da Previd\u00eancia.<br \/>\nCom a Reforma aumentar\u00e3o as idades m\u00ednimas para 62 anos mulheres e 65 homens. E de hora em diante todos ter\u00e3o a m\u00e9dia do total dos sal\u00e1rios, o que significar\u00e1 perda para todas as aposentadorias. Para algu\u00e9m ter direito aos 100%, da m\u00e9dia rebaixada, dever\u00e1 al\u00e9m das idades m\u00ednimas &#8211; comprovar 40 anos de contribui\u00e7\u00e3o.<\/p>\n<p>#FEMERGSSEMPRENALUTA<br \/>\n#NENHUMDIREITOAMENOS<br \/>\n#N\u00c3OAREFORMADAPREVID\u00caNCIA<\/p>\n<p>LAMENTAMOS o Cancelamento da Greve Nacional que havia sido chamado por todas as Centrais sindicais para o \u00faltimo dia 5 de dezembro. Estamos prontos, vigilantes se botar para votar paramos o Brasil.<\/p>\n","protected":false},"excerpt":{"rendered":"<p>A FEMERGS \u2013 Federa\u00e7\u00e3o dos Municip\u00e1rios do Estado do Rio Grande do Sul na luta para que tenhamos um Servi\u00e7o P\u00fablico de Qualidade, com valoriza\u00e7\u00e3o e qualifica\u00e7\u00e3o dos trabalhadores(as). Segue texto do senador PAULO PAIM 04\/12\/2017 A CPI da Previd\u00eancia constatou que o sistema \u00e9 superavit\u00e1rio. O relat\u00f3rio, aprovado por unanimidade, desconstr\u00f3i os discursos de [&hellip;]<\/p>\n","protected":false},"author":1,"featured_media":0,"comment_status":"closed","ping_status":"closed","sticky":false,"template":"","format":"standard","meta":{"_eb_attr":"","_uag_custom_page_level_css":"","fifu_image_url":"","fifu_image_alt":"","footnotes":""},"categories":[1],"tags":[32],"class_list":["post-1122","post","type-post","status-publish","format-standard","hentry","category-arquivadas","tag-null"],"yoast_head":"<!-- This site is optimized with the Yoast SEO plugin v27.1.1 - https:\/\/yoast.com\/product\/yoast-seo-wordpress\/ -->\n<title>FEMERGS NA LUTA CONTRA A REFORMA DA PREVID\u00caNCIA - Federa\u00e7\u00e3o dos Municip\u00e1rios do Estado do Rio Grande do Sul<\/title>\n<meta name=\"robots\" content=\"index, follow, max-snippet:-1, max-image-preview:large, max-video-preview:-1\" \/>\n<link rel=\"canonical\" href=\"https:\/\/femergs.com.br\/wfe\/blog\/femergs-na-luta-contra-a-reforma-da-previdencia\/\" \/>\n<meta property=\"og:locale\" content=\"pt_BR\" \/>\n<meta property=\"og:type\" content=\"article\" \/>\n<meta property=\"og:title\" content=\"FEMERGS NA LUTA CONTRA A REFORMA DA PREVID\u00caNCIA - Federa\u00e7\u00e3o dos Municip\u00e1rios do Estado do Rio Grande do Sul\" \/>\n<meta property=\"og:description\" content=\"A FEMERGS \u2013 Federa\u00e7\u00e3o dos Municip\u00e1rios do Estado do Rio Grande do Sul na luta para que tenhamos um Servi\u00e7o P\u00fablico de Qualidade, com valoriza\u00e7\u00e3o e qualifica\u00e7\u00e3o dos trabalhadores(as). Segue texto do senador PAULO PAIM 04\/12\/2017 A CPI da Previd\u00eancia constatou que o sistema \u00e9 superavit\u00e1rio. O relat\u00f3rio, aprovado por unanimidade, desconstr\u00f3i os discursos de [&hellip;]\" \/>\n<meta property=\"og:url\" content=\"https:\/\/femergs.com.br\/wfe\/blog\/femergs-na-luta-contra-a-reforma-da-previdencia\/\" \/>\n<meta property=\"og:site_name\" content=\"Federa\u00e7\u00e3o dos Municip\u00e1rios do Estado do Rio Grande do Sul\" \/>\n<meta property=\"article:publisher\" content=\"https:\/\/www.facebook.com\/profile.php?id=100057151733001\" \/>\n<meta property=\"article:published_time\" content=\"2017-12-12T10:30:46+00:00\" \/>\n<meta name=\"author\" content=\"adminfemergs\" \/>\n<meta name=\"twitter:card\" content=\"summary_large_image\" \/>\n<meta name=\"twitter:label1\" content=\"Escrito por\" \/>\n\t<meta name=\"twitter:data1\" content=\"adminfemergs\" \/>\n\t<meta name=\"twitter:label2\" content=\"Est. tempo de leitura\" \/>\n\t<meta name=\"twitter:data2\" content=\"4 minutos\" \/>\n<script type=\"application\/ld+json\" class=\"yoast-schema-graph\">{\"@context\":\"https:\/\/schema.org\",\"@graph\":[{\"@type\":\"Article\",\"@id\":\"https:\/\/femergs.com.br\/wfe\/blog\/femergs-na-luta-contra-a-reforma-da-previdencia\/#article\",\"isPartOf\":{\"@id\":\"https:\/\/femergs.com.br\/wfe\/blog\/femergs-na-luta-contra-a-reforma-da-previdencia\/\"},\"author\":{\"name\":\"adminfemergs\",\"@id\":\"https:\/\/femergs.com.br\/wfe\/#\/schema\/person\/f5558e6b5ffc044ee085016237dedb7f\"},\"headline\":\"FEMERGS NA LUTA CONTRA A REFORMA DA PREVID\u00caNCIA\",\"datePublished\":\"2017-12-12T10:30:46+00:00\",\"mainEntityOfPage\":{\"@id\":\"https:\/\/femergs.com.br\/wfe\/blog\/femergs-na-luta-contra-a-reforma-da-previdencia\/\"},\"wordCount\":829,\"publisher\":{\"@id\":\"https:\/\/femergs.com.br\/wfe\/#organization\"},\"keywords\":[\"NULL\"],\"articleSection\":[\"ARQUIVADAS\"],\"inLanguage\":\"pt-BR\"},{\"@type\":\"WebPage\",\"@id\":\"https:\/\/femergs.com.br\/wfe\/blog\/femergs-na-luta-contra-a-reforma-da-previdencia\/\",\"url\":\"https:\/\/femergs.com.br\/wfe\/blog\/femergs-na-luta-contra-a-reforma-da-previdencia\/\",\"name\":\"FEMERGS NA LUTA CONTRA A REFORMA DA PREVID\u00caNCIA - Federa\u00e7\u00e3o dos Municip\u00e1rios do Estado do Rio Grande do Sul\",\"isPartOf\":{\"@id\":\"https:\/\/femergs.com.br\/wfe\/#website\"},\"datePublished\":\"2017-12-12T10:30:46+00:00\",\"breadcrumb\":{\"@id\":\"https:\/\/femergs.com.br\/wfe\/blog\/femergs-na-luta-contra-a-reforma-da-previdencia\/#breadcrumb\"},\"inLanguage\":\"pt-BR\",\"potentialAction\":[{\"@type\":\"ReadAction\",\"target\":[\"https:\/\/femergs.com.br\/wfe\/blog\/femergs-na-luta-contra-a-reforma-da-previdencia\/\"]}]},{\"@type\":\"BreadcrumbList\",\"@id\":\"https:\/\/femergs.com.br\/wfe\/blog\/femergs-na-luta-contra-a-reforma-da-previdencia\/#breadcrumb\",\"itemListElement\":[{\"@type\":\"ListItem\",\"position\":1,\"name\":\"In\u00edcio\",\"item\":\"https:\/\/femergs.com.br\/wfe\/\"},{\"@type\":\"ListItem\",\"position\":2,\"name\":\"FEMERGS NA LUTA CONTRA A REFORMA DA PREVID\u00caNCIA\"}]},{\"@type\":\"WebSite\",\"@id\":\"https:\/\/femergs.com.br\/wfe\/#website\",\"url\":\"https:\/\/femergs.com.br\/wfe\/\",\"name\":\"FEMERGS\",\"description\":\"FEDERA\u00c7\u00c3O DOS MUNICIP\u00c1RIOS DO ESTADO DO RIO GRANDE DO SUL\",\"publisher\":{\"@id\":\"https:\/\/femergs.com.br\/wfe\/#organization\"},\"potentialAction\":[{\"@type\":\"SearchAction\",\"target\":{\"@type\":\"EntryPoint\",\"urlTemplate\":\"https:\/\/femergs.com.br\/wfe\/?s={search_term_string}\"},\"query-input\":{\"@type\":\"PropertyValueSpecification\",\"valueRequired\":true,\"valueName\":\"search_term_string\"}}],\"inLanguage\":\"pt-BR\"},{\"@type\":\"Organization\",\"@id\":\"https:\/\/femergs.com.br\/wfe\/#organization\",\"name\":\"FEMERGS\",\"url\":\"https:\/\/femergs.com.br\/wfe\/\",\"logo\":{\"@type\":\"ImageObject\",\"inLanguage\":\"pt-BR\",\"@id\":\"https:\/\/femergs.com.br\/wfe\/#\/schema\/logo\/image\/\",\"url\":\"https:\/\/femergs.com.br\/wfe\/wp-content\/uploads\/2025\/06\/logotipo.png\",\"contentUrl\":\"https:\/\/femergs.com.br\/wfe\/wp-content\/uploads\/2025\/06\/logotipo.png\",\"width\":500,\"height\":500,\"caption\":\"FEMERGS\"},\"image\":{\"@id\":\"https:\/\/femergs.com.br\/wfe\/#\/schema\/logo\/image\/\"},\"sameAs\":[\"https:\/\/www.facebook.com\/profile.php?id=100057151733001\",\"https:\/\/www.instagram.com\/femergs_rs\/\"]},{\"@type\":\"Person\",\"@id\":\"https:\/\/femergs.com.br\/wfe\/#\/schema\/person\/f5558e6b5ffc044ee085016237dedb7f\",\"name\":\"adminfemergs\",\"image\":{\"@type\":\"ImageObject\",\"inLanguage\":\"pt-BR\",\"@id\":\"https:\/\/femergs.com.br\/wfe\/#\/schema\/person\/image\/\",\"url\":\"https:\/\/secure.gravatar.com\/avatar\/398642fa557cdd524617ad9b31c938845f071aeb3448b9c0aeb29aefc495337b?s=96&d=mm&r=g\",\"contentUrl\":\"https:\/\/secure.gravatar.com\/avatar\/398642fa557cdd524617ad9b31c938845f071aeb3448b9c0aeb29aefc495337b?s=96&d=mm&r=g\",\"caption\":\"adminfemergs\"},\"sameAs\":[\"https:\/\/femergs.com.br\/wfe\"],\"url\":\"https:\/\/femergs.com.br\/wfe\/blog\/author\/adminfemergs\/\"}]}<\/script>\n<!-- \/ Yoast SEO plugin. -->","yoast_head_json":{"title":"FEMERGS NA LUTA CONTRA A REFORMA DA PREVID\u00caNCIA - Federa\u00e7\u00e3o dos Municip\u00e1rios do Estado do Rio Grande do Sul","robots":{"index":"index","follow":"follow","max-snippet":"max-snippet:-1","max-image-preview":"max-image-preview:large","max-video-preview":"max-video-preview:-1"},"canonical":"https:\/\/femergs.com.br\/wfe\/blog\/femergs-na-luta-contra-a-reforma-da-previdencia\/","og_locale":"pt_BR","og_type":"article","og_title":"FEMERGS NA LUTA CONTRA A REFORMA DA PREVID\u00caNCIA - Federa\u00e7\u00e3o dos Municip\u00e1rios do Estado do Rio Grande do Sul","og_description":"A FEMERGS \u2013 Federa\u00e7\u00e3o dos Municip\u00e1rios do Estado do Rio Grande do Sul na luta para que tenhamos um Servi\u00e7o P\u00fablico de Qualidade, com valoriza\u00e7\u00e3o e qualifica\u00e7\u00e3o dos trabalhadores(as). Segue texto do senador PAULO PAIM 04\/12\/2017 A CPI da Previd\u00eancia constatou que o sistema \u00e9 superavit\u00e1rio. O relat\u00f3rio, aprovado por unanimidade, desconstr\u00f3i os discursos de [&hellip;]","og_url":"https:\/\/femergs.com.br\/wfe\/blog\/femergs-na-luta-contra-a-reforma-da-previdencia\/","og_site_name":"Federa\u00e7\u00e3o dos Municip\u00e1rios do Estado do Rio Grande do Sul","article_publisher":"https:\/\/www.facebook.com\/profile.php?id=100057151733001","article_published_time":"2017-12-12T10:30:46+00:00","author":"adminfemergs","twitter_card":"summary_large_image","twitter_misc":{"Escrito por":"adminfemergs","Est. tempo de leitura":"4 minutos"},"schema":{"@context":"https:\/\/schema.org","@graph":[{"@type":"Article","@id":"https:\/\/femergs.com.br\/wfe\/blog\/femergs-na-luta-contra-a-reforma-da-previdencia\/#article","isPartOf":{"@id":"https:\/\/femergs.com.br\/wfe\/blog\/femergs-na-luta-contra-a-reforma-da-previdencia\/"},"author":{"name":"adminfemergs","@id":"https:\/\/femergs.com.br\/wfe\/#\/schema\/person\/f5558e6b5ffc044ee085016237dedb7f"},"headline":"FEMERGS NA LUTA CONTRA A REFORMA DA PREVID\u00caNCIA","datePublished":"2017-12-12T10:30:46+00:00","mainEntityOfPage":{"@id":"https:\/\/femergs.com.br\/wfe\/blog\/femergs-na-luta-contra-a-reforma-da-previdencia\/"},"wordCount":829,"publisher":{"@id":"https:\/\/femergs.com.br\/wfe\/#organization"},"keywords":["NULL"],"articleSection":["ARQUIVADAS"],"inLanguage":"pt-BR"},{"@type":"WebPage","@id":"https:\/\/femergs.com.br\/wfe\/blog\/femergs-na-luta-contra-a-reforma-da-previdencia\/","url":"https:\/\/femergs.com.br\/wfe\/blog\/femergs-na-luta-contra-a-reforma-da-previdencia\/","name":"FEMERGS NA LUTA CONTRA A REFORMA DA PREVID\u00caNCIA - Federa\u00e7\u00e3o dos Municip\u00e1rios do Estado do Rio Grande do Sul","isPartOf":{"@id":"https:\/\/femergs.com.br\/wfe\/#website"},"datePublished":"2017-12-12T10:30:46+00:00","breadcrumb":{"@id":"https:\/\/femergs.com.br\/wfe\/blog\/femergs-na-luta-contra-a-reforma-da-previdencia\/#breadcrumb"},"inLanguage":"pt-BR","potentialAction":[{"@type":"ReadAction","target":["https:\/\/femergs.com.br\/wfe\/blog\/femergs-na-luta-contra-a-reforma-da-previdencia\/"]}]},{"@type":"BreadcrumbList","@id":"https:\/\/femergs.com.br\/wfe\/blog\/femergs-na-luta-contra-a-reforma-da-previdencia\/#breadcrumb","itemListElement":[{"@type":"ListItem","position":1,"name":"In\u00edcio","item":"https:\/\/femergs.com.br\/wfe\/"},{"@type":"ListItem","position":2,"name":"FEMERGS NA LUTA CONTRA A REFORMA DA PREVID\u00caNCIA"}]},{"@type":"WebSite","@id":"https:\/\/femergs.com.br\/wfe\/#website","url":"https:\/\/femergs.com.br\/wfe\/","name":"FEMERGS","description":"FEDERA\u00c7\u00c3O DOS MUNICIP\u00c1RIOS DO ESTADO DO RIO GRANDE DO SUL","publisher":{"@id":"https:\/\/femergs.com.br\/wfe\/#organization"},"potentialAction":[{"@type":"SearchAction","target":{"@type":"EntryPoint","urlTemplate":"https:\/\/femergs.com.br\/wfe\/?s={search_term_string}"},"query-input":{"@type":"PropertyValueSpecification","valueRequired":true,"valueName":"search_term_string"}}],"inLanguage":"pt-BR"},{"@type":"Organization","@id":"https:\/\/femergs.com.br\/wfe\/#organization","name":"FEMERGS","url":"https:\/\/femergs.com.br\/wfe\/","logo":{"@type":"ImageObject","inLanguage":"pt-BR","@id":"https:\/\/femergs.com.br\/wfe\/#\/schema\/logo\/image\/","url":"https:\/\/femergs.com.br\/wfe\/wp-content\/uploads\/2025\/06\/logotipo.png","contentUrl":"https:\/\/femergs.com.br\/wfe\/wp-content\/uploads\/2025\/06\/logotipo.png","width":500,"height":500,"caption":"FEMERGS"},"image":{"@id":"https:\/\/femergs.com.br\/wfe\/#\/schema\/logo\/image\/"},"sameAs":["https:\/\/www.facebook.com\/profile.php?id=100057151733001","https:\/\/www.instagram.com\/femergs_rs\/"]},{"@type":"Person","@id":"https:\/\/femergs.com.br\/wfe\/#\/schema\/person\/f5558e6b5ffc044ee085016237dedb7f","name":"adminfemergs","image":{"@type":"ImageObject","inLanguage":"pt-BR","@id":"https:\/\/femergs.com.br\/wfe\/#\/schema\/person\/image\/","url":"https:\/\/secure.gravatar.com\/avatar\/398642fa557cdd524617ad9b31c938845f071aeb3448b9c0aeb29aefc495337b?s=96&d=mm&r=g","contentUrl":"https:\/\/secure.gravatar.com\/avatar\/398642fa557cdd524617ad9b31c938845f071aeb3448b9c0aeb29aefc495337b?s=96&d=mm&r=g","caption":"adminfemergs"},"sameAs":["https:\/\/femergs.com.br\/wfe"],"url":"https:\/\/femergs.com.br\/wfe\/blog\/author\/adminfemergs\/"}]}},"uagb_featured_image_src":{"full":false,"thumbnail":false,"medium":false,"medium_large":false,"large":false,"1536x1536":false,"2048x2048":false,"ultp_layout_landscape_large":false,"ultp_layout_landscape":false,"ultp_layout_portrait":false,"ultp_layout_square":false},"uagb_author_info":{"display_name":"adminfemergs","author_link":"https:\/\/femergs.com.br\/wfe\/blog\/author\/adminfemergs\/"},"uagb_comment_info":0,"uagb_excerpt":"A FEMERGS \u2013 Federa\u00e7\u00e3o dos Municip\u00e1rios do Estado do Rio Grande do Sul na luta para que tenhamos um Servi\u00e7o P\u00fablico de Qualidade, com valoriza\u00e7\u00e3o e qualifica\u00e7\u00e3o dos trabalhadores(as). Segue texto do senador PAULO PAIM 04\/12\/2017 A CPI da Previd\u00eancia constatou que o sistema \u00e9 superavit\u00e1rio. O relat\u00f3rio, aprovado por unanimidade, desconstr\u00f3i os discursos de&hellip;","_links":{"self":[{"href":"https:\/\/femergs.com.br\/wfe\/wp-json\/wp\/v2\/posts\/1122","targetHints":{"allow":["GET"]}}],"collection":[{"href":"https:\/\/femergs.com.br\/wfe\/wp-json\/wp\/v2\/posts"}],"about":[{"href":"https:\/\/femergs.com.br\/wfe\/wp-json\/wp\/v2\/types\/post"}],"author":[{"embeddable":true,"href":"https:\/\/femergs.com.br\/wfe\/wp-json\/wp\/v2\/users\/1"}],"replies":[{"embeddable":true,"href":"https:\/\/femergs.com.br\/wfe\/wp-json\/wp\/v2\/comments?post=1122"}],"version-history":[{"count":0,"href":"https:\/\/femergs.com.br\/wfe\/wp-json\/wp\/v2\/posts\/1122\/revisions"}],"wp:attachment":[{"href":"https:\/\/femergs.com.br\/wfe\/wp-json\/wp\/v2\/media?parent=1122"}],"wp:term":[{"taxonomy":"category","embeddable":true,"href":"https:\/\/femergs.com.br\/wfe\/wp-json\/wp\/v2\/categories?post=1122"},{"taxonomy":"post_tag","embeddable":true,"href":"https:\/\/femergs.com.br\/wfe\/wp-json\/wp\/v2\/tags?post=1122"}],"curies":[{"name":"wp","href":"https:\/\/api.w.org\/{rel}","templated":true}]}}