{"id":1125,"date":"2018-02-15T09:57:44","date_gmt":"2018-02-15T09:57:44","guid":{"rendered":"https:\/\/femergs.com.br\/wfe\/blog\/presidente-vilson-e-juridico-visitam-toda-as-as-regionais\/"},"modified":"2018-02-15T09:57:44","modified_gmt":"2018-02-15T09:57:44","slug":"presidente-vilson-e-juridico-visitam-toda-as-as-regionais","status":"publish","type":"post","link":"https:\/\/femergs.com.br\/wfe\/blog\/presidente-vilson-e-juridico-visitam-toda-as-as-regionais\/","title":{"rendered":"Presidente Vilson e Jur\u00eddico visitam toda as as regionais"},"content":{"rendered":"<p>Nos pr\u00f3ximos dias, o Presidente Vilson Weber, da FEMERGS \u2013 FEDERA\u00c7\u00c3O DOS MUNICIP\u00c1RIOS DO ESTADO DO RIO GRANDE DO SUL, juntamente com o Dr. Eduardo Bechorner, Juridicoda B&#038;MR advogados\/associados e o Representante do Cart\u00e3o MAXISCARD, atendendo atribui\u00e7\u00f5es do artigo 22 do Estatuto Social da entidade, convoca os dirigentes sindicais de todos os Sindicatos Filiados a Federa\u00e7\u00e3o que fazem parte das Reegionais, para reuni\u00f5es na seguinte ordem do dia:<\/p>\n<p>1\u00ba Encaminhamentos sobre IMPOSTO SINDICAL 2018, a partir da Lei 13.467;<\/p>\n<p>2\u00ba XI Semin\u00e1rio de Qualifica\u00e7\u00e3o do Servidor P\u00fablico;<\/p>\n<p>3\u00ba Planilhas sobre RPPS\/ RCL;<\/p>\n<p>4\u00ba Conv\u00eanios com cart\u00e3o MAXIS CARD;<\/p>\n<p>5\u00ba Site da FEMERGS com VIRTUALBIT\/ Parcerias com Sindicatos;<\/p>\n<p>Segundo agenda anteriormente organizada:<\/p>\n<p><strong>14\/02\/2018 \u2013<br \/>\n14:00 &#8211; <\/strong>Regional AMPLA\/ Coord. Ant\u00f4nio; MARAU (Sede do Sindicato)<br \/>\n<strong>20:00<\/strong> \u2013 Regional AMAU\/ Coord. Cristiane; CAMPINAS DO SUL (Sede do Sindicato Municipal, Rua Em\u00edlio Carbonari N\u00ba 555, Sede Social)<\/p>\n<p><strong>15\/02\/2018 &#8211;<br \/>\n14:00 \u2013<\/strong> Regional AMFRO\/ Coord. Aldair; MANOEL VIANA (Sede do Sindicato Municipal as 14 horas)<br \/>\n<strong>20:00 <\/strong>\u2013 Regional AMCENTRO \/ Coord. Iolanda; PARA\u00cdSO DO SUL (Sede do Sindicato dos Servidores Municipais de Para\u00edso do Sul, Avenida Tiradentes N\u00ba 426, Centro)<\/p>\n<p><strong>16\/02\/2018 &#8211;<br \/>\n14:00 \u2013<\/strong> Regional AMUNOR \/ Alcir; S\u00c3O JO\u00c3O DA URTIGA (Pr\u00e9dio do CRAS 14 horas)<br \/>\n<strong>20:00 \u2013 <\/strong>Regional AMESNE \/ Marcos; CAXIAS DO SUL (Sindiserv Caxias do sul rua Carlos giesen N\u00ba 1217)<\/p>\n<p><strong>17\/02\/2018 &#8211; <\/strong><br \/>\nRegional AMVAT \/ Edson; IMIGRANTE &#8211; Escola Estadual 25 de Maio, Rua Augusto Gartner, 293<\/p>\n<p><strong>20\/02\/2018 \u2013<br \/>\n19:00 \u2013 <\/strong>Regional Miss\u00f5es \/ Nilson; SANTO \u00c2NGELO (Sede da Femergs Rua Antunes Ribas ,n\u00ba1289 Centro. As 20:00hs)<\/p>\n<p><strong>21\/02\/2018 \u2013<br \/>\n16:00 \u2013 <\/strong>Regional ANZOP \/ Ivonei; FREDERICO WESTPHALEN (C\u00e2mara de Vereadores, Rua do Com\u00e9rcio N\u00ba 976 as 16 horas);<br \/>\n<strong>19:30 \u2013<\/strong> Regional Celeiro \/ Sil\u00e9ia; TR\u00caS PASSOS (Sindicatos dos municiparios de Tr\u00eas Passos, Rua Gaspar Silveira Martins N\u00ba 713)<\/p>\n<p><strong>22\/02\/2018 &#8211;<br \/>\n20:00 \u2013 <\/strong>Regional AMVARC \/ M\u00e1rcia; S\u00c3O SEBASTI\u00c3O DO CA\u00cd (Sal\u00e3o de Festas do Sindicato Municipal as 20 horas);<\/p>\n<p><strong>24\/02\/2018 \u2013<br \/>\n10:30 \u2013 <\/strong>Regional AMGSR \/ Robson; SANTA ROSA Sede do Sindicato dos Servidores de Santa Rosa.<\/p>\n<p><strong>23\/02\/2018 &#8211;<br \/>\n14:00 \u2013<\/strong> Regional AMVRS \/ Bruno; DOIS IRM\u00c3OS (Avenida Florestal N\u00ba 924, \u00e0s 14 horas)<br \/>\n<strong>20:00 \u2013<\/strong> Regional ASMURC \/ Leandro; S\u00c3O JER\u00d4NIMO (18 horas)<\/p>\n<p><strong>26\/02\/2018 \u2013<br \/>\n14:00 \u2013<\/strong> Regional AMUPLAM \/ S\u00e9rgio; IJU\u00cd (Sindicato dos Professores, Rua 20 de Setembro N\u00ba 842, centro);<br \/>\n<strong>20:00 \u2013<\/strong> Regional AMAJA \/ Eduardo; SALDANHA MARINHO (<\/p>\n<p><strong>27\/02\/2018 \u2013<br \/>\n14:00 \u2013<\/strong> Regional AMVARP \/ Alexandre; SANTA CRUZ DO SUL (Sede do Sindicato Municipal, Rua Carlos Trein filho N\u00ba 1689, centro)<br \/>\n<strong>20:00 \u2013<\/strong> Regional AMSCERRA \/ \u00c1lvaro; CAMPESTRE DA SERRA (Sindicato dos Municiparios de Campestre da Serra, Rua Nossa Senhora Auxiliadora N\u00ba 50, Centro)<\/p>\n<p><strong>28\/02\/2018 \u2013<br \/>\n14:00 \u2013 <\/strong>Regional AZNASUL\/ Olma; PELOTAS (Sede do Sindicato de Alimenta\u00e7\u00e3o, Rua Almirante Barroso N\u00ba 3.124)<br \/>\n<strong>20:00 \u2013 <\/strong>Regional ACOSTADOCE \/ M\u00e1rcio; CAMAQU\u00c3 (Rua Marcilio Dias Longarai N\u00ba 130, Sindicato dos Servidores Publico Municipais \u2013 Simuca)<\/p>\n<p><strong>01\/03\/2018 \u2013<br \/>\n20:00 \u2013 <\/strong>Regional AMLINORTE \/ Eliane TORRES (Estrada do Mar Km 86Estrada Faxinal N\u00ba 77)<\/p>\n<p>Sendo o que t\u00ednhamos, nos subscrevemos atenciosamente e renovamos nossas considera\u00e7\u00f5es.<\/p>\n","protected":false},"excerpt":{"rendered":"<p>Nos pr\u00f3ximos dias, o Presidente Vilson Weber, da FEMERGS \u2013 FEDERA\u00c7\u00c3O DOS MUNICIP\u00c1RIOS DO ESTADO DO RIO GRANDE DO SUL, juntamente com o Dr. Eduardo Bechorner, Juridicoda B&#038;MR advogados\/associados e o Representante do Cart\u00e3o MAXISCARD, atendendo atribui\u00e7\u00f5es do artigo 22 do Estatuto Social da entidade, convoca os dirigentes sindicais de todos os Sindicatos Filiados a [&hellip;]<\/p>\n","protected":false},"author":1,"featured_media":0,"comment_status":"closed","ping_status":"closed","sticky":false,"template":"","format":"standard","meta":{"_eb_attr":"","_uag_custom_page_level_css":"","fifu_image_url":"","fifu_image_alt":"","footnotes":""},"categories":[1],"tags":[32],"class_list":["post-1125","post","type-post","status-publish","format-standard","hentry","category-arquivadas","tag-null"],"yoast_head":"<!-- This site is optimized with the Yoast SEO plugin v27.1.1 - https:\/\/yoast.com\/product\/yoast-seo-wordpress\/ -->\n<title>Presidente Vilson e Jur\u00eddico visitam toda as as regionais - Federa\u00e7\u00e3o dos Municip\u00e1rios do Estado do Rio Grande do Sul<\/title>\n<meta name=\"robots\" content=\"index, follow, max-snippet:-1, max-image-preview:large, max-video-preview:-1\" \/>\n<link rel=\"canonical\" href=\"https:\/\/femergs.com.br\/wfe\/blog\/presidente-vilson-e-juridico-visitam-toda-as-as-regionais\/\" \/>\n<meta property=\"og:locale\" content=\"pt_BR\" \/>\n<meta property=\"og:type\" content=\"article\" \/>\n<meta property=\"og:title\" content=\"Presidente Vilson e Jur\u00eddico visitam toda as as regionais - Federa\u00e7\u00e3o dos Municip\u00e1rios do Estado do Rio Grande do Sul\" \/>\n<meta property=\"og:description\" content=\"Nos pr\u00f3ximos dias, o Presidente Vilson Weber, da FEMERGS \u2013 FEDERA\u00c7\u00c3O DOS MUNICIP\u00c1RIOS DO ESTADO DO RIO GRANDE DO SUL, juntamente com o Dr. Eduardo Bechorner, Juridicoda B&#038;MR advogados\/associados e o Representante do Cart\u00e3o MAXISCARD, atendendo atribui\u00e7\u00f5es do artigo 22 do Estatuto Social da entidade, convoca os dirigentes sindicais de todos os Sindicatos Filiados a [&hellip;]\" \/>\n<meta property=\"og:url\" content=\"https:\/\/femergs.com.br\/wfe\/blog\/presidente-vilson-e-juridico-visitam-toda-as-as-regionais\/\" \/>\n<meta property=\"og:site_name\" content=\"Federa\u00e7\u00e3o dos Municip\u00e1rios do Estado do Rio Grande do Sul\" \/>\n<meta property=\"article:publisher\" content=\"https:\/\/www.facebook.com\/profile.php?id=100057151733001\" \/>\n<meta property=\"article:published_time\" content=\"2018-02-15T09:57:44+00:00\" \/>\n<meta name=\"author\" content=\"adminfemergs\" \/>\n<meta name=\"twitter:card\" content=\"summary_large_image\" \/>\n<meta name=\"twitter:label1\" content=\"Escrito por\" \/>\n\t<meta name=\"twitter:data1\" content=\"adminfemergs\" \/>\n\t<meta name=\"twitter:label2\" content=\"Est. tempo de leitura\" \/>\n\t<meta name=\"twitter:data2\" content=\"2 minutos\" \/>\n<script type=\"application\/ld+json\" class=\"yoast-schema-graph\">{\"@context\":\"https:\/\/schema.org\",\"@graph\":[{\"@type\":\"Article\",\"@id\":\"https:\/\/femergs.com.br\/wfe\/blog\/presidente-vilson-e-juridico-visitam-toda-as-as-regionais\/#article\",\"isPartOf\":{\"@id\":\"https:\/\/femergs.com.br\/wfe\/blog\/presidente-vilson-e-juridico-visitam-toda-as-as-regionais\/\"},\"author\":{\"name\":\"adminfemergs\",\"@id\":\"https:\/\/femergs.com.br\/wfe\/#\/schema\/person\/f5558e6b5ffc044ee085016237dedb7f\"},\"headline\":\"Presidente Vilson e Jur\u00eddico visitam toda as as regionais\",\"datePublished\":\"2018-02-15T09:57:44+00:00\",\"mainEntityOfPage\":{\"@id\":\"https:\/\/femergs.com.br\/wfe\/blog\/presidente-vilson-e-juridico-visitam-toda-as-as-regionais\/\"},\"wordCount\":444,\"publisher\":{\"@id\":\"https:\/\/femergs.com.br\/wfe\/#organization\"},\"keywords\":[\"NULL\"],\"articleSection\":[\"ARQUIVADAS\"],\"inLanguage\":\"pt-BR\"},{\"@type\":\"WebPage\",\"@id\":\"https:\/\/femergs.com.br\/wfe\/blog\/presidente-vilson-e-juridico-visitam-toda-as-as-regionais\/\",\"url\":\"https:\/\/femergs.com.br\/wfe\/blog\/presidente-vilson-e-juridico-visitam-toda-as-as-regionais\/\",\"name\":\"Presidente Vilson e Jur\u00eddico visitam toda as as regionais - Federa\u00e7\u00e3o dos Municip\u00e1rios do Estado do Rio Grande do Sul\",\"isPartOf\":{\"@id\":\"https:\/\/femergs.com.br\/wfe\/#website\"},\"datePublished\":\"2018-02-15T09:57:44+00:00\",\"breadcrumb\":{\"@id\":\"https:\/\/femergs.com.br\/wfe\/blog\/presidente-vilson-e-juridico-visitam-toda-as-as-regionais\/#breadcrumb\"},\"inLanguage\":\"pt-BR\",\"potentialAction\":[{\"@type\":\"ReadAction\",\"target\":[\"https:\/\/femergs.com.br\/wfe\/blog\/presidente-vilson-e-juridico-visitam-toda-as-as-regionais\/\"]}]},{\"@type\":\"BreadcrumbList\",\"@id\":\"https:\/\/femergs.com.br\/wfe\/blog\/presidente-vilson-e-juridico-visitam-toda-as-as-regionais\/#breadcrumb\",\"itemListElement\":[{\"@type\":\"ListItem\",\"position\":1,\"name\":\"In\u00edcio\",\"item\":\"https:\/\/femergs.com.br\/wfe\/\"},{\"@type\":\"ListItem\",\"position\":2,\"name\":\"Presidente Vilson e Jur\u00eddico visitam toda as as regionais\"}]},{\"@type\":\"WebSite\",\"@id\":\"https:\/\/femergs.com.br\/wfe\/#website\",\"url\":\"https:\/\/femergs.com.br\/wfe\/\",\"name\":\"FEMERGS\",\"description\":\"FEDERA\u00c7\u00c3O DOS MUNICIP\u00c1RIOS DO ESTADO DO RIO GRANDE DO SUL\",\"publisher\":{\"@id\":\"https:\/\/femergs.com.br\/wfe\/#organization\"},\"potentialAction\":[{\"@type\":\"SearchAction\",\"target\":{\"@type\":\"EntryPoint\",\"urlTemplate\":\"https:\/\/femergs.com.br\/wfe\/?s={search_term_string}\"},\"query-input\":{\"@type\":\"PropertyValueSpecification\",\"valueRequired\":true,\"valueName\":\"search_term_string\"}}],\"inLanguage\":\"pt-BR\"},{\"@type\":\"Organization\",\"@id\":\"https:\/\/femergs.com.br\/wfe\/#organization\",\"name\":\"FEMERGS\",\"url\":\"https:\/\/femergs.com.br\/wfe\/\",\"logo\":{\"@type\":\"ImageObject\",\"inLanguage\":\"pt-BR\",\"@id\":\"https:\/\/femergs.com.br\/wfe\/#\/schema\/logo\/image\/\",\"url\":\"https:\/\/femergs.com.br\/wfe\/wp-content\/uploads\/2025\/06\/logotipo.png\",\"contentUrl\":\"https:\/\/femergs.com.br\/wfe\/wp-content\/uploads\/2025\/06\/logotipo.png\",\"width\":500,\"height\":500,\"caption\":\"FEMERGS\"},\"image\":{\"@id\":\"https:\/\/femergs.com.br\/wfe\/#\/schema\/logo\/image\/\"},\"sameAs\":[\"https:\/\/www.facebook.com\/profile.php?id=100057151733001\",\"https:\/\/www.instagram.com\/femergs_rs\/\"]},{\"@type\":\"Person\",\"@id\":\"https:\/\/femergs.com.br\/wfe\/#\/schema\/person\/f5558e6b5ffc044ee085016237dedb7f\",\"name\":\"adminfemergs\",\"image\":{\"@type\":\"ImageObject\",\"inLanguage\":\"pt-BR\",\"@id\":\"https:\/\/femergs.com.br\/wfe\/#\/schema\/person\/image\/\",\"url\":\"https:\/\/secure.gravatar.com\/avatar\/398642fa557cdd524617ad9b31c938845f071aeb3448b9c0aeb29aefc495337b?s=96&d=mm&r=g\",\"contentUrl\":\"https:\/\/secure.gravatar.com\/avatar\/398642fa557cdd524617ad9b31c938845f071aeb3448b9c0aeb29aefc495337b?s=96&d=mm&r=g\",\"caption\":\"adminfemergs\"},\"sameAs\":[\"https:\/\/femergs.com.br\/wfe\"],\"url\":\"https:\/\/femergs.com.br\/wfe\/blog\/author\/adminfemergs\/\"}]}<\/script>\n<!-- \/ Yoast SEO plugin. -->","yoast_head_json":{"title":"Presidente Vilson e Jur\u00eddico visitam toda as as regionais - Federa\u00e7\u00e3o dos Municip\u00e1rios do Estado do Rio Grande do Sul","robots":{"index":"index","follow":"follow","max-snippet":"max-snippet:-1","max-image-preview":"max-image-preview:large","max-video-preview":"max-video-preview:-1"},"canonical":"https:\/\/femergs.com.br\/wfe\/blog\/presidente-vilson-e-juridico-visitam-toda-as-as-regionais\/","og_locale":"pt_BR","og_type":"article","og_title":"Presidente Vilson e Jur\u00eddico visitam toda as as regionais - Federa\u00e7\u00e3o dos Municip\u00e1rios do Estado do Rio Grande do Sul","og_description":"Nos pr\u00f3ximos dias, o Presidente Vilson Weber, da FEMERGS \u2013 FEDERA\u00c7\u00c3O DOS MUNICIP\u00c1RIOS DO ESTADO DO RIO GRANDE DO SUL, juntamente com o Dr. Eduardo Bechorner, Juridicoda B&#038;MR advogados\/associados e o Representante do Cart\u00e3o MAXISCARD, atendendo atribui\u00e7\u00f5es do artigo 22 do Estatuto Social da entidade, convoca os dirigentes sindicais de todos os Sindicatos Filiados a [&hellip;]","og_url":"https:\/\/femergs.com.br\/wfe\/blog\/presidente-vilson-e-juridico-visitam-toda-as-as-regionais\/","og_site_name":"Federa\u00e7\u00e3o dos Municip\u00e1rios do Estado do Rio Grande do Sul","article_publisher":"https:\/\/www.facebook.com\/profile.php?id=100057151733001","article_published_time":"2018-02-15T09:57:44+00:00","author":"adminfemergs","twitter_card":"summary_large_image","twitter_misc":{"Escrito por":"adminfemergs","Est. tempo de leitura":"2 minutos"},"schema":{"@context":"https:\/\/schema.org","@graph":[{"@type":"Article","@id":"https:\/\/femergs.com.br\/wfe\/blog\/presidente-vilson-e-juridico-visitam-toda-as-as-regionais\/#article","isPartOf":{"@id":"https:\/\/femergs.com.br\/wfe\/blog\/presidente-vilson-e-juridico-visitam-toda-as-as-regionais\/"},"author":{"name":"adminfemergs","@id":"https:\/\/femergs.com.br\/wfe\/#\/schema\/person\/f5558e6b5ffc044ee085016237dedb7f"},"headline":"Presidente Vilson e Jur\u00eddico visitam toda as as regionais","datePublished":"2018-02-15T09:57:44+00:00","mainEntityOfPage":{"@id":"https:\/\/femergs.com.br\/wfe\/blog\/presidente-vilson-e-juridico-visitam-toda-as-as-regionais\/"},"wordCount":444,"publisher":{"@id":"https:\/\/femergs.com.br\/wfe\/#organization"},"keywords":["NULL"],"articleSection":["ARQUIVADAS"],"inLanguage":"pt-BR"},{"@type":"WebPage","@id":"https:\/\/femergs.com.br\/wfe\/blog\/presidente-vilson-e-juridico-visitam-toda-as-as-regionais\/","url":"https:\/\/femergs.com.br\/wfe\/blog\/presidente-vilson-e-juridico-visitam-toda-as-as-regionais\/","name":"Presidente Vilson e Jur\u00eddico visitam toda as as regionais - Federa\u00e7\u00e3o dos Municip\u00e1rios do Estado do Rio Grande do Sul","isPartOf":{"@id":"https:\/\/femergs.com.br\/wfe\/#website"},"datePublished":"2018-02-15T09:57:44+00:00","breadcrumb":{"@id":"https:\/\/femergs.com.br\/wfe\/blog\/presidente-vilson-e-juridico-visitam-toda-as-as-regionais\/#breadcrumb"},"inLanguage":"pt-BR","potentialAction":[{"@type":"ReadAction","target":["https:\/\/femergs.com.br\/wfe\/blog\/presidente-vilson-e-juridico-visitam-toda-as-as-regionais\/"]}]},{"@type":"BreadcrumbList","@id":"https:\/\/femergs.com.br\/wfe\/blog\/presidente-vilson-e-juridico-visitam-toda-as-as-regionais\/#breadcrumb","itemListElement":[{"@type":"ListItem","position":1,"name":"In\u00edcio","item":"https:\/\/femergs.com.br\/wfe\/"},{"@type":"ListItem","position":2,"name":"Presidente Vilson e Jur\u00eddico visitam toda as as regionais"}]},{"@type":"WebSite","@id":"https:\/\/femergs.com.br\/wfe\/#website","url":"https:\/\/femergs.com.br\/wfe\/","name":"FEMERGS","description":"FEDERA\u00c7\u00c3O DOS MUNICIP\u00c1RIOS DO ESTADO DO RIO GRANDE DO SUL","publisher":{"@id":"https:\/\/femergs.com.br\/wfe\/#organization"},"potentialAction":[{"@type":"SearchAction","target":{"@type":"EntryPoint","urlTemplate":"https:\/\/femergs.com.br\/wfe\/?s={search_term_string}"},"query-input":{"@type":"PropertyValueSpecification","valueRequired":true,"valueName":"search_term_string"}}],"inLanguage":"pt-BR"},{"@type":"Organization","@id":"https:\/\/femergs.com.br\/wfe\/#organization","name":"FEMERGS","url":"https:\/\/femergs.com.br\/wfe\/","logo":{"@type":"ImageObject","inLanguage":"pt-BR","@id":"https:\/\/femergs.com.br\/wfe\/#\/schema\/logo\/image\/","url":"https:\/\/femergs.com.br\/wfe\/wp-content\/uploads\/2025\/06\/logotipo.png","contentUrl":"https:\/\/femergs.com.br\/wfe\/wp-content\/uploads\/2025\/06\/logotipo.png","width":500,"height":500,"caption":"FEMERGS"},"image":{"@id":"https:\/\/femergs.com.br\/wfe\/#\/schema\/logo\/image\/"},"sameAs":["https:\/\/www.facebook.com\/profile.php?id=100057151733001","https:\/\/www.instagram.com\/femergs_rs\/"]},{"@type":"Person","@id":"https:\/\/femergs.com.br\/wfe\/#\/schema\/person\/f5558e6b5ffc044ee085016237dedb7f","name":"adminfemergs","image":{"@type":"ImageObject","inLanguage":"pt-BR","@id":"https:\/\/femergs.com.br\/wfe\/#\/schema\/person\/image\/","url":"https:\/\/secure.gravatar.com\/avatar\/398642fa557cdd524617ad9b31c938845f071aeb3448b9c0aeb29aefc495337b?s=96&d=mm&r=g","contentUrl":"https:\/\/secure.gravatar.com\/avatar\/398642fa557cdd524617ad9b31c938845f071aeb3448b9c0aeb29aefc495337b?s=96&d=mm&r=g","caption":"adminfemergs"},"sameAs":["https:\/\/femergs.com.br\/wfe"],"url":"https:\/\/femergs.com.br\/wfe\/blog\/author\/adminfemergs\/"}]}},"uagb_featured_image_src":{"full":false,"thumbnail":false,"medium":false,"medium_large":false,"large":false,"1536x1536":false,"2048x2048":false,"ultp_layout_landscape_large":false,"ultp_layout_landscape":false,"ultp_layout_portrait":false,"ultp_layout_square":false},"uagb_author_info":{"display_name":"adminfemergs","author_link":"https:\/\/femergs.com.br\/wfe\/blog\/author\/adminfemergs\/"},"uagb_comment_info":0,"uagb_excerpt":"Nos pr\u00f3ximos dias, o Presidente Vilson Weber, da FEMERGS \u2013 FEDERA\u00c7\u00c3O DOS MUNICIP\u00c1RIOS DO ESTADO DO RIO GRANDE DO SUL, juntamente com o Dr. Eduardo Bechorner, Juridicoda B&#038;MR advogados\/associados e o Representante do Cart\u00e3o MAXISCARD, atendendo atribui\u00e7\u00f5es do artigo 22 do Estatuto Social da entidade, convoca os dirigentes sindicais de todos os Sindicatos Filiados a&hellip;","_links":{"self":[{"href":"https:\/\/femergs.com.br\/wfe\/wp-json\/wp\/v2\/posts\/1125","targetHints":{"allow":["GET"]}}],"collection":[{"href":"https:\/\/femergs.com.br\/wfe\/wp-json\/wp\/v2\/posts"}],"about":[{"href":"https:\/\/femergs.com.br\/wfe\/wp-json\/wp\/v2\/types\/post"}],"author":[{"embeddable":true,"href":"https:\/\/femergs.com.br\/wfe\/wp-json\/wp\/v2\/users\/1"}],"replies":[{"embeddable":true,"href":"https:\/\/femergs.com.br\/wfe\/wp-json\/wp\/v2\/comments?post=1125"}],"version-history":[{"count":0,"href":"https:\/\/femergs.com.br\/wfe\/wp-json\/wp\/v2\/posts\/1125\/revisions"}],"wp:attachment":[{"href":"https:\/\/femergs.com.br\/wfe\/wp-json\/wp\/v2\/media?parent=1125"}],"wp:term":[{"taxonomy":"category","embeddable":true,"href":"https:\/\/femergs.com.br\/wfe\/wp-json\/wp\/v2\/categories?post=1125"},{"taxonomy":"post_tag","embeddable":true,"href":"https:\/\/femergs.com.br\/wfe\/wp-json\/wp\/v2\/tags?post=1125"}],"curies":[{"name":"wp","href":"https:\/\/api.w.org\/{rel}","templated":true}]}}