{"id":1126,"date":"2018-03-06T13:25:44","date_gmt":"2018-03-06T13:25:44","guid":{"rendered":"https:\/\/femergs.com.br\/wfe\/blog\/xi-seminario-de-qualificacao-do-servidor-publico-municipal\/"},"modified":"2018-03-06T13:25:44","modified_gmt":"2018-03-06T13:25:44","slug":"xi-seminario-de-qualificacao-do-servidor-publico-municipal","status":"publish","type":"post","link":"https:\/\/femergs.com.br\/wfe\/blog\/xi-seminario-de-qualificacao-do-servidor-publico-municipal\/","title":{"rendered":"XI SEMIN\u00c1RIO DE QUALIFICA\u00c7\u00c3O DO SERVIDOR P\u00daBLICO MUNICIPAL"},"content":{"rendered":"<div style=\"text-align: center;\"><strong>PROGRAMA\u00c7\u00c3O<br \/>\nDIA 07 DE MAR\u00c7O DE 2018<\/strong><\/div>\n<p>\n&#8211; 08:00 &#8211; Credenciamento<br \/>\n&#8211; 10:00 &#8211; Abertura<br \/>\n&#8211; 11:00 as 12:00 &#8211; Palestra 01: REFORMA TRABALHISTA \u2013 Ju\u00edza Valdete Souto Severo<br \/>\n&#8211; 12:00 \u2013 Almo\u00e7o<br \/>\n&#8211; 13:30 as 14:45 \u2013 Palestra 02: SA\u00daDE DO TRABALHADOR P\u00daBLICO E OS DESAFIOS DA ATUALIDADE \u2013 Dr\u00aa Juliana de Lima Barbosa Fiuza e Claudia Beux dos Santos Roduyt da Rosa<br \/>\n&#8211; 14:45 as 15:15 \u2013 Questionamentos<br \/>\n&#8211; 15:15 as 15:30 \u2013 Coffee Break<br \/>\n&#8211; 15:30 as 16:45 &#8211; Palestra 03: REFORMA DA PREVID\u00caNCIA \u2013 Valnei Rodrigues e Dr\u00aa Jane Lucia Wilhelm Berwanger<br \/>\n&#8211; 16:45 as 17:15 \u2013 Questionamentos<br \/>\n&#8211; 17:15 as 17:45 \u2013 Site e MaxisCard<\/p>\n<div style=\"text-align: center;\"><strong>DIA 08 DE MAR\u00c7O DE 2018<\/strong>\n <\/div>\n<div style=\"text-align: justify;\">&#8211; 8:00 as 9:00 \u2013 Palestra 04: TCE \u2013 REALIDADE ATUARIAL DOS RPPS DO RS DIANTE DA REFORMA DA PREVID\u00caNCIA &#8211; Auditora Carolina da Concei\u00e7\u00e3o<\/div>\n<p>&#8211; 9:00 as 09:30 \u2013 Questionamentos<br \/>\n&#8211; 09:30 as 10:00 \u2013 Homenagem do Dia Internacional da Mulher<br \/>\n&#8211; 10:00 \u2013 Coffee Break<br \/>\n&#8211; 10:15 as 11:15\u2013 Palestra 05: REFORMAS E A DESIGUALDADE SOCIAL \u2013 Desembargador Marcelo D&#8217;ambroso<br \/>\n&#8211; 11:15 as 11:30 \u2013 Questionamentos<br \/>\n&#8211; 11:30 as 12:00 \u2013 Encerramento do XI Semin\u00e1rio de Qualifica\u00e7\u00e3o do Servidor P\u00fablico Municipal<\/p>\n<p>&#8211; OBS: Pela parte da tarde acontecer\u00e1 a Assembleia Geral Extraordin\u00e1ria, conforme Edital de 06 de Fevereiro de 2018.<\/p>\n","protected":false},"excerpt":{"rendered":"<p>PROGRAMA\u00c7\u00c3O DIA 07 DE MAR\u00c7O DE 2018 &#8211; 08:00 &#8211; Credenciamento &#8211; 10:00 &#8211; Abertura &#8211; 11:00 as 12:00 &#8211; Palestra 01: REFORMA TRABALHISTA \u2013 Ju\u00edza Valdete Souto Severo &#8211; 12:00 \u2013 Almo\u00e7o &#8211; 13:30 as 14:45 \u2013 Palestra 02: SA\u00daDE DO TRABALHADOR P\u00daBLICO E OS DESAFIOS DA ATUALIDADE \u2013 Dr\u00aa Juliana de Lima Barbosa [&hellip;]<\/p>\n","protected":false},"author":1,"featured_media":0,"comment_status":"closed","ping_status":"closed","sticky":false,"template":"","format":"standard","meta":{"_eb_attr":"","_uag_custom_page_level_css":"","fifu_image_url":"","fifu_image_alt":"","footnotes":""},"categories":[1],"tags":[32],"class_list":["post-1126","post","type-post","status-publish","format-standard","hentry","category-arquivadas","tag-null"],"yoast_head":"<!-- This site is optimized with the Yoast SEO plugin v27.1.1 - https:\/\/yoast.com\/product\/yoast-seo-wordpress\/ -->\n<title>XI SEMIN\u00c1RIO DE QUALIFICA\u00c7\u00c3O DO SERVIDOR P\u00daBLICO MUNICIPAL - Federa\u00e7\u00e3o dos Municip\u00e1rios do Estado do Rio Grande do Sul<\/title>\n<meta name=\"robots\" content=\"index, follow, max-snippet:-1, max-image-preview:large, max-video-preview:-1\" \/>\n<link rel=\"canonical\" href=\"https:\/\/femergs.com.br\/wfe\/blog\/xi-seminario-de-qualificacao-do-servidor-publico-municipal\/\" \/>\n<meta property=\"og:locale\" content=\"pt_BR\" \/>\n<meta property=\"og:type\" content=\"article\" \/>\n<meta property=\"og:title\" content=\"XI SEMIN\u00c1RIO DE QUALIFICA\u00c7\u00c3O DO SERVIDOR P\u00daBLICO MUNICIPAL - Federa\u00e7\u00e3o dos Municip\u00e1rios do Estado do Rio Grande do Sul\" \/>\n<meta property=\"og:description\" content=\"PROGRAMA\u00c7\u00c3O DIA 07 DE MAR\u00c7O DE 2018 &#8211; 08:00 &#8211; Credenciamento &#8211; 10:00 &#8211; Abertura &#8211; 11:00 as 12:00 &#8211; Palestra 01: REFORMA TRABALHISTA \u2013 Ju\u00edza Valdete Souto Severo &#8211; 12:00 \u2013 Almo\u00e7o &#8211; 13:30 as 14:45 \u2013 Palestra 02: SA\u00daDE DO TRABALHADOR P\u00daBLICO E OS DESAFIOS DA ATUALIDADE \u2013 Dr\u00aa Juliana de Lima Barbosa [&hellip;]\" \/>\n<meta property=\"og:url\" content=\"https:\/\/femergs.com.br\/wfe\/blog\/xi-seminario-de-qualificacao-do-servidor-publico-municipal\/\" \/>\n<meta property=\"og:site_name\" content=\"Federa\u00e7\u00e3o dos Municip\u00e1rios do Estado do Rio Grande do Sul\" \/>\n<meta property=\"article:publisher\" content=\"https:\/\/www.facebook.com\/profile.php?id=100057151733001\" \/>\n<meta property=\"article:published_time\" content=\"2018-03-06T13:25:44+00:00\" \/>\n<meta name=\"author\" content=\"adminfemergs\" \/>\n<meta name=\"twitter:card\" content=\"summary_large_image\" \/>\n<meta name=\"twitter:label1\" content=\"Escrito por\" \/>\n\t<meta name=\"twitter:data1\" content=\"adminfemergs\" \/>\n\t<meta name=\"twitter:label2\" content=\"Est. tempo de leitura\" \/>\n\t<meta name=\"twitter:data2\" content=\"1 minuto\" \/>\n<script type=\"application\/ld+json\" class=\"yoast-schema-graph\">{\"@context\":\"https:\/\/schema.org\",\"@graph\":[{\"@type\":\"Article\",\"@id\":\"https:\/\/femergs.com.br\/wfe\/blog\/xi-seminario-de-qualificacao-do-servidor-publico-municipal\/#article\",\"isPartOf\":{\"@id\":\"https:\/\/femergs.com.br\/wfe\/blog\/xi-seminario-de-qualificacao-do-servidor-publico-municipal\/\"},\"author\":{\"name\":\"adminfemergs\",\"@id\":\"https:\/\/femergs.com.br\/wfe\/#\/schema\/person\/f5558e6b5ffc044ee085016237dedb7f\"},\"headline\":\"XI SEMIN\u00c1RIO DE QUALIFICA\u00c7\u00c3O DO SERVIDOR P\u00daBLICO MUNICIPAL\",\"datePublished\":\"2018-03-06T13:25:44+00:00\",\"mainEntityOfPage\":{\"@id\":\"https:\/\/femergs.com.br\/wfe\/blog\/xi-seminario-de-qualificacao-do-servidor-publico-municipal\/\"},\"wordCount\":186,\"publisher\":{\"@id\":\"https:\/\/femergs.com.br\/wfe\/#organization\"},\"keywords\":[\"NULL\"],\"articleSection\":[\"ARQUIVADAS\"],\"inLanguage\":\"pt-BR\"},{\"@type\":\"WebPage\",\"@id\":\"https:\/\/femergs.com.br\/wfe\/blog\/xi-seminario-de-qualificacao-do-servidor-publico-municipal\/\",\"url\":\"https:\/\/femergs.com.br\/wfe\/blog\/xi-seminario-de-qualificacao-do-servidor-publico-municipal\/\",\"name\":\"XI SEMIN\u00c1RIO DE QUALIFICA\u00c7\u00c3O DO SERVIDOR P\u00daBLICO MUNICIPAL - Federa\u00e7\u00e3o dos Municip\u00e1rios do Estado do Rio Grande do Sul\",\"isPartOf\":{\"@id\":\"https:\/\/femergs.com.br\/wfe\/#website\"},\"datePublished\":\"2018-03-06T13:25:44+00:00\",\"breadcrumb\":{\"@id\":\"https:\/\/femergs.com.br\/wfe\/blog\/xi-seminario-de-qualificacao-do-servidor-publico-municipal\/#breadcrumb\"},\"inLanguage\":\"pt-BR\",\"potentialAction\":[{\"@type\":\"ReadAction\",\"target\":[\"https:\/\/femergs.com.br\/wfe\/blog\/xi-seminario-de-qualificacao-do-servidor-publico-municipal\/\"]}]},{\"@type\":\"BreadcrumbList\",\"@id\":\"https:\/\/femergs.com.br\/wfe\/blog\/xi-seminario-de-qualificacao-do-servidor-publico-municipal\/#breadcrumb\",\"itemListElement\":[{\"@type\":\"ListItem\",\"position\":1,\"name\":\"In\u00edcio\",\"item\":\"https:\/\/femergs.com.br\/wfe\/\"},{\"@type\":\"ListItem\",\"position\":2,\"name\":\"XI SEMIN\u00c1RIO DE QUALIFICA\u00c7\u00c3O DO SERVIDOR P\u00daBLICO MUNICIPAL\"}]},{\"@type\":\"WebSite\",\"@id\":\"https:\/\/femergs.com.br\/wfe\/#website\",\"url\":\"https:\/\/femergs.com.br\/wfe\/\",\"name\":\"FEMERGS\",\"description\":\"FEDERA\u00c7\u00c3O DOS MUNICIP\u00c1RIOS DO ESTADO DO RIO GRANDE DO SUL\",\"publisher\":{\"@id\":\"https:\/\/femergs.com.br\/wfe\/#organization\"},\"potentialAction\":[{\"@type\":\"SearchAction\",\"target\":{\"@type\":\"EntryPoint\",\"urlTemplate\":\"https:\/\/femergs.com.br\/wfe\/?s={search_term_string}\"},\"query-input\":{\"@type\":\"PropertyValueSpecification\",\"valueRequired\":true,\"valueName\":\"search_term_string\"}}],\"inLanguage\":\"pt-BR\"},{\"@type\":\"Organization\",\"@id\":\"https:\/\/femergs.com.br\/wfe\/#organization\",\"name\":\"FEMERGS\",\"url\":\"https:\/\/femergs.com.br\/wfe\/\",\"logo\":{\"@type\":\"ImageObject\",\"inLanguage\":\"pt-BR\",\"@id\":\"https:\/\/femergs.com.br\/wfe\/#\/schema\/logo\/image\/\",\"url\":\"https:\/\/femergs.com.br\/wfe\/wp-content\/uploads\/2025\/06\/logotipo.png\",\"contentUrl\":\"https:\/\/femergs.com.br\/wfe\/wp-content\/uploads\/2025\/06\/logotipo.png\",\"width\":500,\"height\":500,\"caption\":\"FEMERGS\"},\"image\":{\"@id\":\"https:\/\/femergs.com.br\/wfe\/#\/schema\/logo\/image\/\"},\"sameAs\":[\"https:\/\/www.facebook.com\/profile.php?id=100057151733001\",\"https:\/\/www.instagram.com\/femergs_rs\/\"]},{\"@type\":\"Person\",\"@id\":\"https:\/\/femergs.com.br\/wfe\/#\/schema\/person\/f5558e6b5ffc044ee085016237dedb7f\",\"name\":\"adminfemergs\",\"image\":{\"@type\":\"ImageObject\",\"inLanguage\":\"pt-BR\",\"@id\":\"https:\/\/femergs.com.br\/wfe\/#\/schema\/person\/image\/\",\"url\":\"https:\/\/secure.gravatar.com\/avatar\/398642fa557cdd524617ad9b31c938845f071aeb3448b9c0aeb29aefc495337b?s=96&d=mm&r=g\",\"contentUrl\":\"https:\/\/secure.gravatar.com\/avatar\/398642fa557cdd524617ad9b31c938845f071aeb3448b9c0aeb29aefc495337b?s=96&d=mm&r=g\",\"caption\":\"adminfemergs\"},\"sameAs\":[\"https:\/\/femergs.com.br\/wfe\"],\"url\":\"https:\/\/femergs.com.br\/wfe\/blog\/author\/adminfemergs\/\"}]}<\/script>\n<!-- \/ Yoast SEO plugin. -->","yoast_head_json":{"title":"XI SEMIN\u00c1RIO DE QUALIFICA\u00c7\u00c3O DO SERVIDOR P\u00daBLICO MUNICIPAL - Federa\u00e7\u00e3o dos Municip\u00e1rios do Estado do Rio Grande do Sul","robots":{"index":"index","follow":"follow","max-snippet":"max-snippet:-1","max-image-preview":"max-image-preview:large","max-video-preview":"max-video-preview:-1"},"canonical":"https:\/\/femergs.com.br\/wfe\/blog\/xi-seminario-de-qualificacao-do-servidor-publico-municipal\/","og_locale":"pt_BR","og_type":"article","og_title":"XI SEMIN\u00c1RIO DE QUALIFICA\u00c7\u00c3O DO SERVIDOR P\u00daBLICO MUNICIPAL - Federa\u00e7\u00e3o dos Municip\u00e1rios do Estado do Rio Grande do Sul","og_description":"PROGRAMA\u00c7\u00c3O DIA 07 DE MAR\u00c7O DE 2018 &#8211; 08:00 &#8211; Credenciamento &#8211; 10:00 &#8211; Abertura &#8211; 11:00 as 12:00 &#8211; Palestra 01: REFORMA TRABALHISTA \u2013 Ju\u00edza Valdete Souto Severo &#8211; 12:00 \u2013 Almo\u00e7o &#8211; 13:30 as 14:45 \u2013 Palestra 02: SA\u00daDE DO TRABALHADOR P\u00daBLICO E OS DESAFIOS DA ATUALIDADE \u2013 Dr\u00aa Juliana de Lima Barbosa [&hellip;]","og_url":"https:\/\/femergs.com.br\/wfe\/blog\/xi-seminario-de-qualificacao-do-servidor-publico-municipal\/","og_site_name":"Federa\u00e7\u00e3o dos Municip\u00e1rios do Estado do Rio Grande do Sul","article_publisher":"https:\/\/www.facebook.com\/profile.php?id=100057151733001","article_published_time":"2018-03-06T13:25:44+00:00","author":"adminfemergs","twitter_card":"summary_large_image","twitter_misc":{"Escrito por":"adminfemergs","Est. tempo de leitura":"1 minuto"},"schema":{"@context":"https:\/\/schema.org","@graph":[{"@type":"Article","@id":"https:\/\/femergs.com.br\/wfe\/blog\/xi-seminario-de-qualificacao-do-servidor-publico-municipal\/#article","isPartOf":{"@id":"https:\/\/femergs.com.br\/wfe\/blog\/xi-seminario-de-qualificacao-do-servidor-publico-municipal\/"},"author":{"name":"adminfemergs","@id":"https:\/\/femergs.com.br\/wfe\/#\/schema\/person\/f5558e6b5ffc044ee085016237dedb7f"},"headline":"XI SEMIN\u00c1RIO DE QUALIFICA\u00c7\u00c3O DO SERVIDOR P\u00daBLICO MUNICIPAL","datePublished":"2018-03-06T13:25:44+00:00","mainEntityOfPage":{"@id":"https:\/\/femergs.com.br\/wfe\/blog\/xi-seminario-de-qualificacao-do-servidor-publico-municipal\/"},"wordCount":186,"publisher":{"@id":"https:\/\/femergs.com.br\/wfe\/#organization"},"keywords":["NULL"],"articleSection":["ARQUIVADAS"],"inLanguage":"pt-BR"},{"@type":"WebPage","@id":"https:\/\/femergs.com.br\/wfe\/blog\/xi-seminario-de-qualificacao-do-servidor-publico-municipal\/","url":"https:\/\/femergs.com.br\/wfe\/blog\/xi-seminario-de-qualificacao-do-servidor-publico-municipal\/","name":"XI SEMIN\u00c1RIO DE QUALIFICA\u00c7\u00c3O DO SERVIDOR P\u00daBLICO MUNICIPAL - Federa\u00e7\u00e3o dos Municip\u00e1rios do Estado do Rio Grande do Sul","isPartOf":{"@id":"https:\/\/femergs.com.br\/wfe\/#website"},"datePublished":"2018-03-06T13:25:44+00:00","breadcrumb":{"@id":"https:\/\/femergs.com.br\/wfe\/blog\/xi-seminario-de-qualificacao-do-servidor-publico-municipal\/#breadcrumb"},"inLanguage":"pt-BR","potentialAction":[{"@type":"ReadAction","target":["https:\/\/femergs.com.br\/wfe\/blog\/xi-seminario-de-qualificacao-do-servidor-publico-municipal\/"]}]},{"@type":"BreadcrumbList","@id":"https:\/\/femergs.com.br\/wfe\/blog\/xi-seminario-de-qualificacao-do-servidor-publico-municipal\/#breadcrumb","itemListElement":[{"@type":"ListItem","position":1,"name":"In\u00edcio","item":"https:\/\/femergs.com.br\/wfe\/"},{"@type":"ListItem","position":2,"name":"XI SEMIN\u00c1RIO DE QUALIFICA\u00c7\u00c3O DO SERVIDOR P\u00daBLICO MUNICIPAL"}]},{"@type":"WebSite","@id":"https:\/\/femergs.com.br\/wfe\/#website","url":"https:\/\/femergs.com.br\/wfe\/","name":"FEMERGS","description":"FEDERA\u00c7\u00c3O DOS MUNICIP\u00c1RIOS DO ESTADO DO RIO GRANDE DO SUL","publisher":{"@id":"https:\/\/femergs.com.br\/wfe\/#organization"},"potentialAction":[{"@type":"SearchAction","target":{"@type":"EntryPoint","urlTemplate":"https:\/\/femergs.com.br\/wfe\/?s={search_term_string}"},"query-input":{"@type":"PropertyValueSpecification","valueRequired":true,"valueName":"search_term_string"}}],"inLanguage":"pt-BR"},{"@type":"Organization","@id":"https:\/\/femergs.com.br\/wfe\/#organization","name":"FEMERGS","url":"https:\/\/femergs.com.br\/wfe\/","logo":{"@type":"ImageObject","inLanguage":"pt-BR","@id":"https:\/\/femergs.com.br\/wfe\/#\/schema\/logo\/image\/","url":"https:\/\/femergs.com.br\/wfe\/wp-content\/uploads\/2025\/06\/logotipo.png","contentUrl":"https:\/\/femergs.com.br\/wfe\/wp-content\/uploads\/2025\/06\/logotipo.png","width":500,"height":500,"caption":"FEMERGS"},"image":{"@id":"https:\/\/femergs.com.br\/wfe\/#\/schema\/logo\/image\/"},"sameAs":["https:\/\/www.facebook.com\/profile.php?id=100057151733001","https:\/\/www.instagram.com\/femergs_rs\/"]},{"@type":"Person","@id":"https:\/\/femergs.com.br\/wfe\/#\/schema\/person\/f5558e6b5ffc044ee085016237dedb7f","name":"adminfemergs","image":{"@type":"ImageObject","inLanguage":"pt-BR","@id":"https:\/\/femergs.com.br\/wfe\/#\/schema\/person\/image\/","url":"https:\/\/secure.gravatar.com\/avatar\/398642fa557cdd524617ad9b31c938845f071aeb3448b9c0aeb29aefc495337b?s=96&d=mm&r=g","contentUrl":"https:\/\/secure.gravatar.com\/avatar\/398642fa557cdd524617ad9b31c938845f071aeb3448b9c0aeb29aefc495337b?s=96&d=mm&r=g","caption":"adminfemergs"},"sameAs":["https:\/\/femergs.com.br\/wfe"],"url":"https:\/\/femergs.com.br\/wfe\/blog\/author\/adminfemergs\/"}]}},"uagb_featured_image_src":{"full":false,"thumbnail":false,"medium":false,"medium_large":false,"large":false,"1536x1536":false,"2048x2048":false,"ultp_layout_landscape_large":false,"ultp_layout_landscape":false,"ultp_layout_portrait":false,"ultp_layout_square":false},"uagb_author_info":{"display_name":"adminfemergs","author_link":"https:\/\/femergs.com.br\/wfe\/blog\/author\/adminfemergs\/"},"uagb_comment_info":0,"uagb_excerpt":"PROGRAMA\u00c7\u00c3O DIA 07 DE MAR\u00c7O DE 2018 &#8211; 08:00 &#8211; Credenciamento &#8211; 10:00 &#8211; Abertura &#8211; 11:00 as 12:00 &#8211; Palestra 01: REFORMA TRABALHISTA \u2013 Ju\u00edza Valdete Souto Severo &#8211; 12:00 \u2013 Almo\u00e7o &#8211; 13:30 as 14:45 \u2013 Palestra 02: SA\u00daDE DO TRABALHADOR P\u00daBLICO E OS DESAFIOS DA ATUALIDADE \u2013 Dr\u00aa Juliana de Lima Barbosa&hellip;","_links":{"self":[{"href":"https:\/\/femergs.com.br\/wfe\/wp-json\/wp\/v2\/posts\/1126","targetHints":{"allow":["GET"]}}],"collection":[{"href":"https:\/\/femergs.com.br\/wfe\/wp-json\/wp\/v2\/posts"}],"about":[{"href":"https:\/\/femergs.com.br\/wfe\/wp-json\/wp\/v2\/types\/post"}],"author":[{"embeddable":true,"href":"https:\/\/femergs.com.br\/wfe\/wp-json\/wp\/v2\/users\/1"}],"replies":[{"embeddable":true,"href":"https:\/\/femergs.com.br\/wfe\/wp-json\/wp\/v2\/comments?post=1126"}],"version-history":[{"count":0,"href":"https:\/\/femergs.com.br\/wfe\/wp-json\/wp\/v2\/posts\/1126\/revisions"}],"wp:attachment":[{"href":"https:\/\/femergs.com.br\/wfe\/wp-json\/wp\/v2\/media?parent=1126"}],"wp:term":[{"taxonomy":"category","embeddable":true,"href":"https:\/\/femergs.com.br\/wfe\/wp-json\/wp\/v2\/categories?post=1126"},{"taxonomy":"post_tag","embeddable":true,"href":"https:\/\/femergs.com.br\/wfe\/wp-json\/wp\/v2\/tags?post=1126"}],"curies":[{"name":"wp","href":"https:\/\/api.w.org\/{rel}","templated":true}]}}