{"id":1127,"date":"2018-05-15T15:47:19","date_gmt":"2018-05-15T15:47:19","guid":{"rendered":"https:\/\/femergs.com.br\/wfe\/blog\/viii-congresso-ordinario-estadual-chapa-inscrita\/"},"modified":"2018-05-15T15:47:19","modified_gmt":"2018-05-15T15:47:19","slug":"viii-congresso-ordinario-estadual-chapa-inscrita","status":"publish","type":"post","link":"https:\/\/femergs.com.br\/wfe\/blog\/viii-congresso-ordinario-estadual-chapa-inscrita\/","title":{"rendered":"VIII CONGRESSO ORDIN\u00c1RIO ESTADUAL &#8211; CHAPA INSCRITA"},"content":{"rendered":"<div style=\"text-align:center\">\n<strong><img decoding=\"async\" src=\"data:image\/gif;base64,R0lGODlhAQABAIAAAAAAAP\/\/\/ywAAAAAAQABAAACAUwAOw==\" fifu-lazy=\"1\" fifu-data-sizes=\"auto\" fifu-data-srcset=\"\/Im4g3nsN0t1cia\/geral\/images\/EDITAL.png?w=75&resize=75&ssl=1 75w, \/Im4g3nsN0t1cia\/geral\/images\/EDITAL.png?w=100&resize=100&ssl=1 100w, \/Im4g3nsN0t1cia\/geral\/images\/EDITAL.png?w=150&resize=150&ssl=1 150w, \/Im4g3nsN0t1cia\/geral\/images\/EDITAL.png?w=240&resize=240&ssl=1 240w, \/Im4g3nsN0t1cia\/geral\/images\/EDITAL.png?w=320&resize=320&ssl=1 320w, \/Im4g3nsN0t1cia\/geral\/images\/EDITAL.png?w=500&resize=500&ssl=1 500w, \/Im4g3nsN0t1cia\/geral\/images\/EDITAL.png?w=640&resize=640&ssl=1 640w, \/Im4g3nsN0t1cia\/geral\/images\/EDITAL.png?w=800&resize=800&ssl=1 800w, \/Im4g3nsN0t1cia\/geral\/images\/EDITAL.png?w=1024&resize=1024&ssl=1 1024w, \/Im4g3nsN0t1cia\/geral\/images\/EDITAL.png?w=1280&resize=1280&ssl=1 1280w, \/Im4g3nsN0t1cia\/geral\/images\/EDITAL.png?w=1600&resize=1600&ssl=1 1600w\" alt=\"\" fifu-data-src=\"\/Im4g3nsN0t1cia\/geral\/images\/EDITAL.png\" style=\"height:486px; width:889px\" \/><\/p>\n<p>Sindicatos aptos a participar do VIII CONGRESSO ORDIN\u00c1RIO ESTADUAL &#8211; FEMERGS<\/strong><\/div>\n<div><\/div>\n<div style=\"text-align:center\"><\/div>\n<p>\nSindicato dos Servidores Municipais de Agudo<\/p>\n<p>Sindicato dos Municip\u00e1rios de Almirante Tamandar\u00e9 do Sul<\/p>\n<p>Sindicato dos Funcion\u00e1rios P\u00fablicos Municipais de Alpestre<\/p>\n<p>Sindicato dos Servidores P\u00fablicos Municipais de Alto Feliz<\/p>\n<p>Sindicato dos Municip\u00e1rios de Amaral Ferrador<\/p>\n<p>Sindicato dos Municip\u00e1rios de Arambar\u00e9<\/p>\n<p>Sindicato dos Servidores P\u00fablicos Municipais de Arroio Grande<\/p>\n<p>Sindicato dos Municip\u00e1rios de Aurea<\/p>\n<p>Sindicato dos Servidores e Empregados Municipais de Balne\u00e1rio Pinhal<\/p>\n<p>Sindicato dos Servidores P\u00fablicos Municipais de Bar\u00e3o<\/p>\n<p>Sindicato dos Municip\u00e1rios de Barrac\u00e3o<\/p>\n<p>Sindicato dos Servidores P\u00fablicos Municipais de Bento Gon\u00e7alves<\/p>\n<p>Sindicato dos Municip\u00e1rios de Boa Vista do Buric\u00e1<\/p>\n<p>Sindicato dos Servidores de Bom Principio<\/p>\n<p>Sindicato dos Servidores P\u00fablicos Municipais de Boqueir\u00e3o do Le\u00e3o<\/p>\n<p>Sindicato dos Professores Municipais de Boqueir\u00e3o do Le\u00e3o<\/p>\n<p>Sindicato dos Servidores P\u00fablicos Municipais de Bossoroca<\/p>\n<p>Sindicato dos Municip\u00e1rios de Braga<\/p>\n<p>Sindicato dos Municip\u00e1rios de Cacequi<\/p>\n<p>Sindicato dos Professores Municipais de Cachoeira do Sul<\/p>\n<p>Sindicato dos Municip\u00e1rios de Cacique Doble<\/p>\n<p>Sindicato dos Servidores P\u00fablicos Municipais de Camaqu\u00e3<\/p>\n<p>Sindicato dos Servidores P\u00fablicos Municipais de Camargo<\/p>\n<p>Sindicato dos Servidores P\u00fablicos Municipais de Campestre da Serra<\/p>\n<p>Sindicato dos Servidores Municipais de Campina das Miss\u00f5es<\/p>\n<p>Sindicato dos Funcion\u00e1rios e Servidores Municipais de Campinas do Sul<\/p>\n<p>Sindicato dos Servidores P\u00fablicos Municipais de Campo Bom<\/p>\n<p>Sindicato dos Municip\u00e1rios de Campo Novo<\/p>\n<p>Sindicato dos Servidores Municipais de C\u00e2ndido Godoi<\/p>\n<p>Sindicato dos Municip\u00e1rios de Candiota<\/p>\n<p>Sindicato dos Municip\u00e1rios de Cap\u00e3o da Canoa \/ Xangril\u00e1<\/p>\n<p><span style=\"color:#FF0000\">Sindicato dos Profissionais do Magist\u00e9rio Municipal de Cap\u00e3o da Canoa \/ Xangril\u00e1 (Apto)<\/span><\/p>\n<p>Sindicato dos Municip\u00e1rios de Capit\u00e3o<\/p>\n<p>Sindicato dos Municip\u00e1rios de Capivari do Sul<\/p>\n<p>Sindicato dos Servidores P\u00fablicos Municipais de Cara\u00e1<\/p>\n<p><span style=\"color:#FF0000\">Sindicato dos Servidores Municipais de Caxias do Sul (N\u00e3o Apto)<\/span><\/p>\n<p>Sindicato dos Municip\u00e1rios de Charqueadas<\/p>\n<p>Sindicato dos Servidores P\u00fablicos Municipais de Chu\u00ed<\/p>\n<p>Sindicato dos Servidores P\u00fablicos Municipais de Cidreira<\/p>\n<p>Sindicato dos Servidores P\u00fablicos Municipais de Colorado<\/p>\n<p>Sindicato dos Municip\u00e1rios de Crissiumal<\/p>\n<p>Sindicato dos Municip\u00e1rios de Cristal<\/p>\n<p><span style=\"color:#FF0000\">Sindicato dos Municip\u00e1rios de Cruz Alta (N\u00e3o Apto)<\/span><\/p>\n<p><span style=\"color:#FF0000\">Sindicato dos Servidores P\u00fablicos Municipais de Cruzaltense (N\u00e3o Apto)<\/span><\/p>\n<p>Sindicato dos Servidores P\u00fablicos Municipais de Dois Irm\u00e3os \/Morro Reuter \/ Santa Maria do Herval<\/p>\n<p>Sindicato dos Municip\u00e1rios de Dom Feliciano<\/p>\n<p>Sindicato dos Municip\u00e1rios de Dona Francisca<\/p>\n<p>Sindicato dos Servidores Municipais de Encantado<\/p>\n<p>Sindicato dos Municip\u00e1rios da Prefeitura de Encruzilhada do Sul<\/p>\n<p>Sindicato dos Professores Municipais de Entre Ijuis<\/p>\n<p>Sindicato dos Servidores P\u00fablicos Municipais de Esmeralda<\/p>\n<p>Sindicato dos Municip\u00e1rios de Esperan\u00e7a do Sul<\/p>\n<p>Sindicato dos Municip\u00e1rios de Est\u00e2ncia Velha<\/p>\n<p>Sindicato dos Funcion\u00e1rios de Eug\u00eanio de Castro<\/p>\n<p>Sindicato dos Servidores P\u00fablicos Municipais de Faxinal do Saturno<\/p>\n<p>Sindicato dos Servidores P\u00fablicos de Frederico Westphalen<\/p>\n<p>Sindicato dos Servidores P\u00fablicos Municipais de Garibaldi<\/p>\n<p>Sindicato dos Servidores P\u00fablicos Municipais de Glorinha<\/p>\n<p>Sindicato dos Servidores Municipais de Gramado Xavier<\/p>\n<p>Gr\u00eamio Sindicato dos Funcion\u00e1rios Municipais de Novo Hamburgo<\/p>\n<p>Sindicato dos Municip\u00e1rios de Guarani das Miss\u00f5es<\/p>\n<p>Sindicato dos Municip\u00e1rios de Horizontina<\/p>\n<p>Sindicato dos Municip\u00e1rios de Humait\u00e1<\/p>\n<p>Sindicato dos Servidores P\u00fablicos Municipais de Imb\u00e9<\/p>\n<p>Sindicato dos Servidores P\u00fablicos Municipais de Ijui<\/p>\n<p>Sindicato dos Professores da Rede P\u00fablica Municipal de Ijui<\/p>\n<p>Sindicato dos Servidores Municipais de Ip\u00ea<\/p>\n<p>Sindicato dos Municip\u00e1rios de Itacurubi<\/p>\n<p>Sindicato dos Servidores do Munic\u00edpio de Ivor\u00e1<\/p>\n<p>Sindicato dos Servidores Municipais de Jaboticaba<\/p>\n<p>Sindicato dos Servidores P\u00fablicos Municipais de Jacutinga<\/p>\n<p>Sindicato dos Municip\u00e1rios de Jari<\/p>\n<p>Sindicato dos Municip\u00e1rios de J\u00f3ia<\/p>\n<p>Sindicato dos Professores Municipais de J\u00f3ia<\/p>\n<p>Sindicato dos Municip\u00e1rios de Lajeado do Bugre<\/p>\n<p>Sindicato dos Servidores P\u00fablicos Municipais de Lavras do Sul<\/p>\n<p>Sindicato dos Servidores P\u00fablicos Municipais de Machadinho<\/p>\n<p>Sindicato dos Servidores Municipais de Mampituba<\/p>\n<p>Sindicato dos Municip\u00e1rios de Mariana Pimentel<\/p>\n<p>Sindicato dos Municip\u00e1rios de Mata<\/p>\n<p>Sindicato dos Servidores P\u00fablicos Municipais de Maximiliano de Almeida<\/p>\n<p>Sindicato dos Servidores Municipais de Miragua\u00ed<\/p>\n<p>Sindicato dos Municip\u00e1rios de Nova Br\u00e9ssia<\/p>\n<p>Sindicato dos Municip\u00e1rios de Nova Esperan\u00e7a do Sul<\/p>\n<p>Sindicato dos Servidores P\u00fablicos Municipais de Nova Hartz<\/p>\n<p>Sindicato dos Servidores P\u00fablicos Municipais de Nova Petr\u00f3polis<\/p>\n<p>Sindicato dos Servidores P\u00fablicos Municipais de Nova Prata<\/p>\n<p>Sindicato dos Servidores P\u00fablicos Municipais de Nova Ramada<\/p>\n<p>Sindicato dos Municip\u00e1rios de Novo Barreiro<\/p>\n<p>Sindicato dos Municip\u00e1rios de Os\u00f3rio<\/p>\n<p>Sindicato dos Servidores P\u00fablicos Municipais de Paim Filho<\/p>\n<p>Sindicato dos Municip\u00e1rios de Palmares do Sul<\/p>\n<p>Sindicato dos Servidores P\u00fablicos Municipais de Pantano Grande<\/p>\n<p>Sindicato dos Servidores P\u00fablicos Municipais de Para\u00ed<\/p>\n<p>Sindicato dos Servidores Municipais de Pont\u00e3o<\/p>\n<p>Sindicato dos Funcion\u00e1rios Municipais de Para\u00edso do Sul<\/p>\n<p>Sindicato dos Professores Municipais de Para\u00edso do Sul<\/p>\n<p>Sindicato dos Municip\u00e1rios de Pinheiro Machado<\/p>\n<p>Sindicato dos Servidores Municipais de Planalto<\/p>\n<p>Sindicato dos Municip\u00e1rios de Porto Lucena<\/p>\n<p>Sindicato dos Servidores P\u00fablicos Municipais de Porto Mau\u00e1<\/p>\n<p>Sindicato dos Municip\u00e1rios de Quevedos<\/p>\n<p>Sindicato dos Servidores P\u00fablicos Municipais de Restinga Seca<\/p>\n<p><span style=\"color:#FF0000\">Sindicato dos Professores Municipais de Restinga Seca (Apto)<\/span><\/p>\n<p>Sindicato dos Servidores P\u00fablicos Municipais de Roca Sales<\/p>\n<p>Sindicato dos Municip\u00e1rios de Rodeio Bonito<\/p>\n<p>Sindicato dos Municip\u00e1rios de Rolador<\/p>\n<p>Sindicato dos Municip\u00e1rios de Roque Gonzales<\/p>\n<p>Sindicato dos Servidores P\u00fablicos Municipais de Saldanha Marinho<\/p>\n<p>Sindicato dos Funcion\u00e1rios da Prefeitura Municipal de Santa Cruz do Sul<\/p>\n<p>Sindicato dos Professores Municipais de Santa Maria<\/p>\n<p>Sindicato dos Servidores Municipais de Santa Rosa<\/p>\n<p>Sindicato dos Municip\u00e1rios de Santa Vit\u00f3ria do Palmar<\/p>\n<p>Sindicato dos Servidores P\u00fablicos Municipais de Santana do Livramento<\/p>\n<p>Sindicato dos Municip\u00e1rios de Santo \u00c2ngelo<\/p>\n<p>Sindicato dos Professores Municipais de Santo \u00c2ngelo<\/p>\n<p>Sindicato dos Municip\u00e1rios de Santo Ant\u00f4nio das Miss\u00f5es<\/p>\n<p>Sindicato dos Servidores P\u00fablicos Municipais de Santo Ant\u00f4nio do Palma<\/p>\n<p>Sindicato dos Municip\u00e1rios de Santo Cristo<\/p>\n<p>Sindicato dos Servidores P\u00fablicos Municipais de Santo Expedito do Sul<\/p>\n<p>Sindicato dos Servidores Municipais de S\u00e3o Jo\u00e3o da Urtiga<\/p>\n<p>Sindicato dos Servidores P\u00fablicos Municipais de S\u00e3o Jorge<\/p>\n<p>Sindicato dos Municip\u00e1rios de S\u00e3o Louren\u00e7o do Sul<\/p>\n<p>Sindicato dos Municip\u00e1rios de S\u00e3o Luiz Gonzaga<\/p>\n<p>Sindicato dos Servidores Municipais de S\u00e3o Marcos<\/p>\n<p>Sindicato dos Servidores Municipais de S\u00e3o Martinho<\/p>\n<p>Sindicato dos Municip\u00e1rios de S\u00e3o Nicolau<\/p>\n<p>Sindicato dos Municip\u00e1rios de S\u00e3o Paulo das Miss\u00f5es<\/p>\n<p>Sindicato dos Municip\u00e1rios de S\u00e3o Pedro do Sul<\/p>\n<p>Sindicato dos Municip\u00e1rios de S\u00e3o Sebasti\u00e3o do Ca\u00ed<\/p>\n<p>Sindicato dos Municip\u00e1rios de S\u00e3o Vicente do Sul<\/p>\n<p>Sindicato dos Servidores Municipais de Sapiranga<\/p>\n<p>Sindicato dos Servidores P\u00fablicos de Sarandi \/ Barra Funda<\/p>\n<p>Sindicato dos Municip\u00e1rios de Sede Nova<\/p>\n<p>Sindicato dos Servidores P\u00fablicos Municipais de Senador Salgado Filho<\/p>\n<p>Sindicato dos Municip\u00e1rios de Serafina Correa<\/p>\n<p>Sindicato dos Municip\u00e1rios de Sete de Setembro<\/p>\n<p>Sindicato dos Servidores do Munic\u00edpio de Sinimbu<\/p>\n<p>Sindicato dos Municip\u00e1rios de Tenente Portela<\/p>\n<p>Sindicato dos Professores Municipais de Tenente Portela<\/p>\n<p>Sindicato dos Servidores Municipais de Torres<\/p>\n<p>Sindicato dos Municip\u00e1rios de Teut\u00f4nia<\/p>\n<p>Sindicato dos Servidores P\u00fablicos Municipais de Tramanda\u00ed<\/p>\n<p>Sindicato dos Municip\u00e1rios de Tr\u00eas de Maio<\/p>\n<p>Sindicato dos Municip\u00e1rios de Tucunduva<\/p>\n<p>Sindicato dos Funcion\u00e1rios P\u00fablicos Municipais de Tupandi<\/p>\n<p>Sindicato dos Municip\u00e1rios de Ubiretama<\/p>\n<p>Sindicato dos Servidores P\u00fablicos Municipais de Vila Flores<\/p>\n<p>Sindicato dos Servidores P\u00fablicos Municipais de Vista Alegre<\/p>\n<p>Sindicato dos Municip\u00e1rios de Vit\u00f3ria das Miss\u00f5es<\/p>\n<p>Sindicato dos Municip\u00e1rios de Westf\u00e1lia<\/p>\n<p><span style=\"color:#FF0000\">Sindicato dos Municip\u00e1rios de Tr\u00eas Passos (Apto)<\/span><\/p>\n<p><span style=\"color:#FF0000\">Sindicato dos Municip\u00e1rios de Dois Irm\u00e3os das Miss\u00f5es (Apto)<\/p>\n<p>Sindicato dos Municip\u00e1rios de S\u00e3o Pedro das Miss\u00f5es (Apto)<\/p>\n<p>Sindicato dos Municip\u00e1rios de Manoel Viana (N\u00e3o Apto)<\/span><\/p>\n<p>\nNa sequencia regulamento eleitoral:<\/p>\n<p><img decoding=\"async\" src=\"data:image\/gif;base64,R0lGODlhAQABAIAAAAAAAP\/\/\/ywAAAAAAQABAAACAUwAOw==\" fifu-lazy=\"1\" fifu-data-sizes=\"auto\" fifu-data-srcset=\"\/Im4g3nsN0t1cia\/geral\/images\/img13.jpg?w=75&resize=75&ssl=1 75w, \/Im4g3nsN0t1cia\/geral\/images\/img13.jpg?w=100&resize=100&ssl=1 100w, \/Im4g3nsN0t1cia\/geral\/images\/img13.jpg?w=150&resize=150&ssl=1 150w, \/Im4g3nsN0t1cia\/geral\/images\/img13.jpg?w=240&resize=240&ssl=1 240w, \/Im4g3nsN0t1cia\/geral\/images\/img13.jpg?w=320&resize=320&ssl=1 320w, \/Im4g3nsN0t1cia\/geral\/images\/img13.jpg?w=500&resize=500&ssl=1 500w, \/Im4g3nsN0t1cia\/geral\/images\/img13.jpg?w=640&resize=640&ssl=1 640w, \/Im4g3nsN0t1cia\/geral\/images\/img13.jpg?w=800&resize=800&ssl=1 800w, \/Im4g3nsN0t1cia\/geral\/images\/img13.jpg?w=1024&resize=1024&ssl=1 1024w, \/Im4g3nsN0t1cia\/geral\/images\/img13.jpg?w=1280&resize=1280&ssl=1 1280w, \/Im4g3nsN0t1cia\/geral\/images\/img13.jpg?w=1600&resize=1600&ssl=1 1600w\" alt=\"\" fifu-data-src=\"\/Im4g3nsN0t1cia\/geral\/images\/img13.jpg\" style=\"height:1200px; width:850px\" \/><img decoding=\"async\" src=\"data:image\/gif;base64,R0lGODlhAQABAIAAAAAAAP\/\/\/ywAAAAAAQABAAACAUwAOw==\" fifu-lazy=\"1\" fifu-data-sizes=\"auto\" fifu-data-srcset=\"\/Im4g3nsN0t1cia\/geral\/images\/img15.jpg?w=75&resize=75&ssl=1 75w, \/Im4g3nsN0t1cia\/geral\/images\/img15.jpg?w=100&resize=100&ssl=1 100w, \/Im4g3nsN0t1cia\/geral\/images\/img15.jpg?w=150&resize=150&ssl=1 150w, \/Im4g3nsN0t1cia\/geral\/images\/img15.jpg?w=240&resize=240&ssl=1 240w, \/Im4g3nsN0t1cia\/geral\/images\/img15.jpg?w=320&resize=320&ssl=1 320w, \/Im4g3nsN0t1cia\/geral\/images\/img15.jpg?w=500&resize=500&ssl=1 500w, \/Im4g3nsN0t1cia\/geral\/images\/img15.jpg?w=640&resize=640&ssl=1 640w, \/Im4g3nsN0t1cia\/geral\/images\/img15.jpg?w=800&resize=800&ssl=1 800w, \/Im4g3nsN0t1cia\/geral\/images\/img15.jpg?w=1024&resize=1024&ssl=1 1024w, \/Im4g3nsN0t1cia\/geral\/images\/img15.jpg?w=1280&resize=1280&ssl=1 1280w, \/Im4g3nsN0t1cia\/geral\/images\/img15.jpg?w=1600&resize=1600&ssl=1 1600w\" alt=\"\" fifu-data-src=\"\/Im4g3nsN0t1cia\/geral\/images\/img15.jpg\" style=\"height:1200px; width:850px\" \/><\/p>\n<p><span style=\"color:#FFFFFF\"><span style=\"background-color:#0000CD\">CHAPA INSCRITA: FEMERGS DE BASE PARA A BASE 2018\/2021<\/span><\/span><\/p>\n<p><u>PRESIDENTE:<\/u> VILSON JO\u00c3O WEBER &#8211; SANTO CRISTO &#8211; Municip\u00e1rios de Santo Cristo<br \/>\n<u>VICE PRESIDENTE:<\/u> JOSE BONIF\u00c1CIO ALMADA MARTINS &#8211; SANTA CRUZ DO SUL &#8211; Funcion\u00e1rios da Pref. M. de Santa Cruz do Sul<br \/>\n<u>SECRET\u00c1RIO GERAL: <\/u>LUCIANO DOS SANTOS &#8211; SAPIRANGA &#8211; Servidores Municipais de Sapiranga<br \/>\n<u>VICE SECRET\u00c1RIO GERAL: <\/u> IRACEMA MARIA FROLICH &#8211; C\u00c2NDIDO GOD\u00d3I &#8211; Servidores Municipais de C\u00e2ndido Godoi<br \/>\n<u>SECRET\u00c1RIO DE FINAN\u00c7AS E ADMINISTRA\u00c7\u00c3O:<\/u> ALCIR DA FONSECA &#8211; MACHADINHO &#8211; Servidores P\u00fablicos M. de Machadinho<br \/>\n<u>VICE SECRET\u00c1RIO DE FINAN\u00c7AS E ADMINISTRA\u00c7\u00c3O:<\/u> PAULO ROG\u00c9RIO CHAPUIS DA LUZ &#8211; SAPIRANGA &#8211; Servidores Municipais de Sapiranga<br \/>\nS<u>ECRET\u00c1RIA DE FORMA\u00c7\u00c3O:<\/u> CLARICE IN\u00caS MAINARDI &#8211; TENENTE PORTELA Municip\u00e1rios de Tenente Portela<br \/>\n<u>SECRTET\u00c1RIA DE IMPRENSA E COMUNICA\u00c7\u00c3O:<\/u> LUCINARA MASSOLINO &#8211; FREDERICO WESPHALEN &#8211; Servidores P\u00fab. de Frederico Westphalen<br \/>\n<u>SECRET\u00c1RIA DA MULHER:<\/u> \u00c2NGELA MARIA REGIO MARQUES &#8211; PINHEIRO MACHADO &#8211; Municip\u00e1rios de Pinheiro Machado<br \/>\n<u>SECRET\u00c1RIA DE POL\u00cdTICAS SOCIAIS:<\/u> EDUARDO GRESPAN &#8211; ALMIRANTE T. DO SUL &#8211; Municip\u00e1rios de Almirante Tamandar\u00e9 do Sul<br \/>\n<u>SECRET\u00c1RIO DE ASSUNTOS JUR\u00cdDICOS:<\/u> S\u00c9RGIO JO\u00c3O ROESSLER &#8211; J\u00d3IA &#8211; Municip\u00e1rios de J\u00f3ia<br \/>\n<u>SECRET\u00c1RIO DE SA\u00daDE E SEGURAN\u00c7A DO TRABALHO:<\/u> IVONEI CL\u00c1UDIO F\u00c3O &#8211; FREDERICO WESPHALEN &#8211; Servidores P\u00fab. de Frederico Westphalen<br \/>\n<u>SECRET\u00c1RIO DE ORGANIZA\u00c7\u00c3O SINDICAL:<\/u> ELDO IGN\u00c1CIO GRUNITZKY &#8211; SETE DE SETEMBRO &#8211; Municip\u00e1rios de Sete de Setembro<br \/>\n<u>SECRET\u00c1RIO DE ASSUNTOS PREVIDENCI\u00c1RIOS:<\/u> EDSON FLORI MIOTTI BRAND\u00c3O &#8211; ENCANTADO &#8211; Servidores Municipais de Encantado<br \/>\n<u>SECRET\u00c1RIO DE PLANEJAMENTO:<\/u> IOLANDA TERESINHA CARLOTO PAVANELLO &#8211; NOVA ESPERAN\u00c7A SUL &#8211; Municip\u00e1rios de Nova Esperan\u00e7a do Sul<br \/>\n<u>SECRET\u00c1RIA DE EDUCA\u00c7\u00c3O:<\/u> ROSANI MARIA LIMA STOKCER &#8211; SANTO \u00c2NGELO &#8211; Professores Municipais de Santo \u00c2ngelo<\/p>\n<p><span style=\"color:#0000FF\">SUPLENTES DA DIRE\u00c7\u00c3O<\/span><br \/>\nCRISTIANE VAL\u00c9RIO &#8211; CAMPINAS DO SUL &#8211; Funcion. e Serv. Mun. de Campinas do Sul<br \/>\nNILSON DE CHAVES &#8211; S\u00c3O LUIZ GONZAGA &#8211; Municip\u00e1rios de S\u00e3o Luiz Gonzaga<br \/>\nMARCIA BRAMBILA &#8211; ALTO FELIZ &#8211; Servidores P\u00fablicos Municipais de Alto Feliz<br \/>\nSILEIA CORR\u00caA MEWES &#8211; MIRAGUA\u00cd &#8211; Servidores P\u00fablicos Municipais de Miragua\u00ed<br \/>\nMARCIO DE SOUZA DOS SANTOS &#8211; MARIANA PIMENTEL &#8211; Municip\u00e1rios de Mariana Pimentel<br \/>\nANTONIO AIRES DOS SANTOS &#8211; PONT\u00c3O &#8211; Servidores Municipais de Pont\u00e3o<br \/>\nLEANDRO AMARO FERRAZ &#8211; CHARQUEADAS &#8211; Municip\u00e1rios de Charqueadas<br \/>\nFERNANDA GRASSI VELOSO &#8211; CAP\u00c3O DA CANOA &#8211; Municip\u00e1rios de Cap\u00e3o da Canoa \/ Xangril\u00e1<br \/>\nELAINE HAAB &#8211; SANTO \u00c2NGELO &#8211; Professores Municipais de Santo \u00c2ngelo<br \/>\nR\u00d3BSON CRISTIANO KAMM &#8211; TR\u00caS DE MAIO &#8211; Servidores Municipais de Tr\u00eas de Maio<br \/>\nALCIR OSMAR GAMBETA &#8211; MAXIMILIANO ALMEIDA &#8211; Serv. P. Mun.de Maximiliano de Almeida<\/p>\n<p><span style=\"color:#FFFFFF\"><span style=\"background-color:#0000FF\">CONSELHO FISCAL TITULARES <\/span><\/span><br \/>\nCLEBER MONSSON DE CASTRO &#8211; SANTO \u00c2NGELO &#8211; Municip\u00e1rios de Santo \u00c2ngelo<br \/>\nADRIANA NORONHA &#8211; IJU\u00cd &#8211; APMI SINDICATO<br \/>\nOLMIRO PAROLIN &#8211; TENENTE PORTELA &#8211; Municip\u00e1rios de Tenente Portela<\/p>\n<p><span style=\"color:#0000FF\">CONSELHO FISCAL SUPLENTES<\/span><br \/>\nJOAQUIM DERLI MARQUES SOARES &#8211; SANTA ROSA &#8211; Servidores Municipais de Santa Rosa<br \/>\nALEXANDRE PAULUS &#8211; SANTA CRUZ DO SUL &#8211; Funcion\u00e1rios da Pref. M. de Santa Cruz do Sul<br \/>\nOLMA MARIA MACHADO LEITON &#8211; SANTA V. DO PALMAR &#8211; Municip\u00e1rios de Santa Vit\u00f3ria do Palmar<\/p>\n<p>_______________________________________________________________________________________<\/p>\n<div style=\"text-align:center\"><strong>PUBLICA\u00c7\u00c3O DE CHAPAS REGISTRADAS<\/strong><\/div>\n<div style=\"text-align:justify\">Cumprindo disposi\u00e7\u00f5es Estatut\u00e1rias e Legais, comunicamos \u00e0s entidades filiadas e a quem possa interessar, que para as Elei\u00e7\u00f5es da FEDERA\u00c7\u00c3O DOS MUNICIP\u00c1RIOS DO ESTADO DO RIO GRANDE DO SUL \u2013 FEMERGS, foi registrada CHAPA \u00daNICA como concorrente a elei\u00e7\u00e3o a que se refere o Edital publicado no dia 15 de maio de 2018 no site da entidade, e, no dia 18 de maio de 2018, publicado no Jornal Correio do Povo.<br \/>\nSegue nominata dos candidatos para as elei\u00e7\u00f5es a se realizar em 21 de julho de 2018, com in\u00edcio da campanha a partir da presente data.<\/p>\n<p>DIRETORIA EFETIVA: PRESIDENTE: Vilson Jo\u00e3o Weber; VICE-PRESIDENTE: Jos\u00e9 Bonif\u00e1cio Almada Martins; SECRET\u00c1RIO GERAL: Luciano dos Santos; VICE-SECRET\u00c1RIA GERAL: Iracema Maria Frolich; SECRET\u00c1RIO DE FINAN\u00c7AS E ADMINISTRA\u00c7\u00c3O: Alcir da Fonseca; VICE-SECRET\u00c1RIO DE FINAN\u00c7AS E ADMINISTRA\u00c7\u00c3O: Paulo Rog\u00e9rio Chapuis da Luz; SECRET\u00c1RIA DE FORMA\u00c7\u00c3O: Clarice In\u00eas Mainardi; SECRET\u00c1RIA DE IMPRENSA E COMUNICA\u00c7\u00c3O: Lucinara Massolino; SECRET\u00c1RIA DA MULHER: \u00c2ngela Maria Regio Marques; SECRET\u00c1RIO DE POL\u00cdTICAS SOCIAIS: Eduardo Grespan; SECRET\u00c1RIO DE ASSUNTOS JUR\u00cdDICOS: S\u00e9rgio Jo\u00e3o Roessler; SECRET\u00c1RIO DE SA\u00daDE E SEGURAN\u00c7A DO TRABALHO: Ivonei Claudio F\u00e3o; SECRET\u00c1RIO DE ORGANIZA\u00c7\u00c3O SINDICAL: Eldo Ign\u00e1cio Grunitzky; SECRET\u00c1RIO DE ASSUNTOS PREVIDENCI\u00c1RIOS: Edson Flori Miotti Brand\u00e3o; SECRET\u00c1RIO DE PLANEJAMENTO: Iolanda Teresinha Carloto Pavanello; SECRET\u00c1RIA DE EDUCA\u00c7\u00c3O: Rosani Maria Lima Stocker. SUPLENTES DA DIRETORIA: Cristiane Val\u00e9rio, Nilson de Chaves, Sileia Correa Mewes, Marcio de Souza dos Santos, Ant\u00f4nio Aires dos Santos, Fernanda Grassi Veloso, Elaine Haab, Robson Cristiano Kamm, Alcir Osmar Gambeta. CONSELHO FISCAL &#8211; EFETIVOS: Cl\u00e9ber Monsson de Castro, Adriana Noronha e Olmiro Parolim. CONSELHO FISCAL &#8211; SUPLENTES: Joaquim Derli Marques Soares, Alexandre Paulus e Olma Maria Machado Leiton.<\/p><\/div>\n<div style=\"text-align:center\">SANTO \u00c2NGELO, 20 de junho de 2018.<\/div>\n<div>\nMembro da Comiss\u00e3o Eleitoral: <\/div>\n<div style=\"text-align: center;\">CRISTIAN CARMO FONTELLA<br \/>\nALEX DUR\u00c1ES BARBOSA<br \/>\n<span style=\"text-align:center\">LUCIANO DECKER <\/span><\/div>\n","protected":false},"excerpt":{"rendered":"<p>Sindicatos aptos a participar do VIII CONGRESSO ORDIN\u00c1RIO ESTADUAL &#8211; FEMERGS Sindicato dos Servidores Municipais de Agudo Sindicato dos Municip\u00e1rios de Almirante Tamandar\u00e9 do Sul Sindicato dos Funcion\u00e1rios P\u00fablicos Municipais de Alpestre Sindicato dos Servidores P\u00fablicos Municipais de Alto Feliz Sindicato dos Municip\u00e1rios de Amaral Ferrador Sindicato dos Municip\u00e1rios de Arambar\u00e9 Sindicato dos Servidores P\u00fablicos [&hellip;]<\/p>\n","protected":false},"author":1,"featured_media":0,"comment_status":"closed","ping_status":"closed","sticky":false,"template":"","format":"standard","meta":{"_eb_attr":"","_uag_custom_page_level_css":"","fifu_image_url":"","fifu_image_alt":"","footnotes":""},"categories":[1],"tags":[32],"class_list":["post-1127","post","type-post","status-publish","format-standard","hentry","category-arquivadas","tag-null"],"yoast_head":"<!-- This site is optimized with the Yoast SEO plugin v27.1.1 - https:\/\/yoast.com\/product\/yoast-seo-wordpress\/ -->\n<title>VIII CONGRESSO ORDIN\u00c1RIO ESTADUAL - CHAPA INSCRITA - Federa\u00e7\u00e3o dos Municip\u00e1rios do Estado do Rio Grande do Sul<\/title>\n<meta name=\"robots\" content=\"index, follow, max-snippet:-1, max-image-preview:large, max-video-preview:-1\" \/>\n<link rel=\"canonical\" href=\"https:\/\/femergs.com.br\/wfe\/blog\/viii-congresso-ordinario-estadual-chapa-inscrita\/\" \/>\n<meta property=\"og:locale\" content=\"pt_BR\" \/>\n<meta property=\"og:type\" content=\"article\" \/>\n<meta property=\"og:title\" content=\"VIII CONGRESSO ORDIN\u00c1RIO ESTADUAL - CHAPA INSCRITA - Federa\u00e7\u00e3o dos Municip\u00e1rios do Estado do Rio Grande do Sul\" \/>\n<meta property=\"og:description\" content=\"Sindicatos aptos a participar do VIII CONGRESSO ORDIN\u00c1RIO ESTADUAL &#8211; FEMERGS Sindicato dos Servidores Municipais de Agudo Sindicato dos Municip\u00e1rios de Almirante Tamandar\u00e9 do Sul Sindicato dos Funcion\u00e1rios P\u00fablicos Municipais de Alpestre Sindicato dos Servidores P\u00fablicos Municipais de Alto Feliz Sindicato dos Municip\u00e1rios de Amaral Ferrador Sindicato dos Municip\u00e1rios de Arambar\u00e9 Sindicato dos Servidores P\u00fablicos [&hellip;]\" \/>\n<meta property=\"og:url\" content=\"https:\/\/femergs.com.br\/wfe\/blog\/viii-congresso-ordinario-estadual-chapa-inscrita\/\" \/>\n<meta property=\"og:site_name\" content=\"Federa\u00e7\u00e3o dos Municip\u00e1rios do Estado do Rio Grande do Sul\" \/>\n<meta property=\"article:publisher\" content=\"https:\/\/www.facebook.com\/profile.php?id=100057151733001\" \/>\n<meta property=\"article:published_time\" content=\"2018-05-15T15:47:19+00:00\" \/>\n<meta name=\"author\" content=\"adminfemergs\" \/>\n<meta name=\"twitter:card\" content=\"summary_large_image\" \/>\n<meta name=\"twitter:label1\" content=\"Escrito por\" \/>\n\t<meta name=\"twitter:data1\" content=\"adminfemergs\" \/>\n\t<meta name=\"twitter:label2\" content=\"Est. tempo de leitura\" \/>\n\t<meta name=\"twitter:data2\" content=\"11 minutos\" \/>\n<script type=\"application\/ld+json\" class=\"yoast-schema-graph\">{\"@context\":\"https:\/\/schema.org\",\"@graph\":[{\"@type\":\"Article\",\"@id\":\"https:\/\/femergs.com.br\/wfe\/blog\/viii-congresso-ordinario-estadual-chapa-inscrita\/#article\",\"isPartOf\":{\"@id\":\"https:\/\/femergs.com.br\/wfe\/blog\/viii-congresso-ordinario-estadual-chapa-inscrita\/\"},\"author\":{\"name\":\"adminfemergs\",\"@id\":\"https:\/\/femergs.com.br\/wfe\/#\/schema\/person\/f5558e6b5ffc044ee085016237dedb7f\"},\"headline\":\"VIII CONGRESSO ORDIN\u00c1RIO ESTADUAL &#8211; CHAPA INSCRITA\",\"datePublished\":\"2018-05-15T15:47:19+00:00\",\"mainEntityOfPage\":{\"@id\":\"https:\/\/femergs.com.br\/wfe\/blog\/viii-congresso-ordinario-estadual-chapa-inscrita\/\"},\"wordCount\":2206,\"publisher\":{\"@id\":\"https:\/\/femergs.com.br\/wfe\/#organization\"},\"keywords\":[\"NULL\"],\"articleSection\":[\"ARQUIVADAS\"],\"inLanguage\":\"pt-BR\"},{\"@type\":\"WebPage\",\"@id\":\"https:\/\/femergs.com.br\/wfe\/blog\/viii-congresso-ordinario-estadual-chapa-inscrita\/\",\"url\":\"https:\/\/femergs.com.br\/wfe\/blog\/viii-congresso-ordinario-estadual-chapa-inscrita\/\",\"name\":\"VIII CONGRESSO ORDIN\u00c1RIO ESTADUAL - CHAPA INSCRITA - Federa\u00e7\u00e3o dos Municip\u00e1rios do Estado do Rio Grande do Sul\",\"isPartOf\":{\"@id\":\"https:\/\/femergs.com.br\/wfe\/#website\"},\"datePublished\":\"2018-05-15T15:47:19+00:00\",\"breadcrumb\":{\"@id\":\"https:\/\/femergs.com.br\/wfe\/blog\/viii-congresso-ordinario-estadual-chapa-inscrita\/#breadcrumb\"},\"inLanguage\":\"pt-BR\",\"potentialAction\":[{\"@type\":\"ReadAction\",\"target\":[\"https:\/\/femergs.com.br\/wfe\/blog\/viii-congresso-ordinario-estadual-chapa-inscrita\/\"]}]},{\"@type\":\"BreadcrumbList\",\"@id\":\"https:\/\/femergs.com.br\/wfe\/blog\/viii-congresso-ordinario-estadual-chapa-inscrita\/#breadcrumb\",\"itemListElement\":[{\"@type\":\"ListItem\",\"position\":1,\"name\":\"In\u00edcio\",\"item\":\"https:\/\/femergs.com.br\/wfe\/\"},{\"@type\":\"ListItem\",\"position\":2,\"name\":\"VIII CONGRESSO ORDIN\u00c1RIO ESTADUAL &#8211; CHAPA INSCRITA\"}]},{\"@type\":\"WebSite\",\"@id\":\"https:\/\/femergs.com.br\/wfe\/#website\",\"url\":\"https:\/\/femergs.com.br\/wfe\/\",\"name\":\"FEMERGS\",\"description\":\"FEDERA\u00c7\u00c3O DOS MUNICIP\u00c1RIOS DO ESTADO DO RIO GRANDE DO SUL\",\"publisher\":{\"@id\":\"https:\/\/femergs.com.br\/wfe\/#organization\"},\"potentialAction\":[{\"@type\":\"SearchAction\",\"target\":{\"@type\":\"EntryPoint\",\"urlTemplate\":\"https:\/\/femergs.com.br\/wfe\/?s={search_term_string}\"},\"query-input\":{\"@type\":\"PropertyValueSpecification\",\"valueRequired\":true,\"valueName\":\"search_term_string\"}}],\"inLanguage\":\"pt-BR\"},{\"@type\":\"Organization\",\"@id\":\"https:\/\/femergs.com.br\/wfe\/#organization\",\"name\":\"FEMERGS\",\"url\":\"https:\/\/femergs.com.br\/wfe\/\",\"logo\":{\"@type\":\"ImageObject\",\"inLanguage\":\"pt-BR\",\"@id\":\"https:\/\/femergs.com.br\/wfe\/#\/schema\/logo\/image\/\",\"url\":\"https:\/\/femergs.com.br\/wfe\/wp-content\/uploads\/2025\/06\/logotipo.png\",\"contentUrl\":\"https:\/\/femergs.com.br\/wfe\/wp-content\/uploads\/2025\/06\/logotipo.png\",\"width\":500,\"height\":500,\"caption\":\"FEMERGS\"},\"image\":{\"@id\":\"https:\/\/femergs.com.br\/wfe\/#\/schema\/logo\/image\/\"},\"sameAs\":[\"https:\/\/www.facebook.com\/profile.php?id=100057151733001\",\"https:\/\/www.instagram.com\/femergs_rs\/\"]},{\"@type\":\"Person\",\"@id\":\"https:\/\/femergs.com.br\/wfe\/#\/schema\/person\/f5558e6b5ffc044ee085016237dedb7f\",\"name\":\"adminfemergs\",\"image\":{\"@type\":\"ImageObject\",\"inLanguage\":\"pt-BR\",\"@id\":\"https:\/\/femergs.com.br\/wfe\/#\/schema\/person\/image\/\",\"url\":\"https:\/\/secure.gravatar.com\/avatar\/398642fa557cdd524617ad9b31c938845f071aeb3448b9c0aeb29aefc495337b?s=96&d=mm&r=g\",\"contentUrl\":\"https:\/\/secure.gravatar.com\/avatar\/398642fa557cdd524617ad9b31c938845f071aeb3448b9c0aeb29aefc495337b?s=96&d=mm&r=g\",\"caption\":\"adminfemergs\"},\"sameAs\":[\"https:\/\/femergs.com.br\/wfe\"],\"url\":\"https:\/\/femergs.com.br\/wfe\/blog\/author\/adminfemergs\/\"}]}<\/script>\n<!-- \/ Yoast SEO plugin. -->","yoast_head_json":{"title":"VIII CONGRESSO ORDIN\u00c1RIO ESTADUAL - CHAPA INSCRITA - Federa\u00e7\u00e3o dos Municip\u00e1rios do Estado do Rio Grande do Sul","robots":{"index":"index","follow":"follow","max-snippet":"max-snippet:-1","max-image-preview":"max-image-preview:large","max-video-preview":"max-video-preview:-1"},"canonical":"https:\/\/femergs.com.br\/wfe\/blog\/viii-congresso-ordinario-estadual-chapa-inscrita\/","og_locale":"pt_BR","og_type":"article","og_title":"VIII CONGRESSO ORDIN\u00c1RIO ESTADUAL - CHAPA INSCRITA - Federa\u00e7\u00e3o dos Municip\u00e1rios do Estado do Rio Grande do Sul","og_description":"Sindicatos aptos a participar do VIII CONGRESSO ORDIN\u00c1RIO ESTADUAL &#8211; FEMERGS Sindicato dos Servidores Municipais de Agudo Sindicato dos Municip\u00e1rios de Almirante Tamandar\u00e9 do Sul Sindicato dos Funcion\u00e1rios P\u00fablicos Municipais de Alpestre Sindicato dos Servidores P\u00fablicos Municipais de Alto Feliz Sindicato dos Municip\u00e1rios de Amaral Ferrador Sindicato dos Municip\u00e1rios de Arambar\u00e9 Sindicato dos Servidores P\u00fablicos [&hellip;]","og_url":"https:\/\/femergs.com.br\/wfe\/blog\/viii-congresso-ordinario-estadual-chapa-inscrita\/","og_site_name":"Federa\u00e7\u00e3o dos Municip\u00e1rios do Estado do Rio Grande do Sul","article_publisher":"https:\/\/www.facebook.com\/profile.php?id=100057151733001","article_published_time":"2018-05-15T15:47:19+00:00","author":"adminfemergs","twitter_card":"summary_large_image","twitter_misc":{"Escrito por":"adminfemergs","Est. tempo de leitura":"11 minutos"},"schema":{"@context":"https:\/\/schema.org","@graph":[{"@type":"Article","@id":"https:\/\/femergs.com.br\/wfe\/blog\/viii-congresso-ordinario-estadual-chapa-inscrita\/#article","isPartOf":{"@id":"https:\/\/femergs.com.br\/wfe\/blog\/viii-congresso-ordinario-estadual-chapa-inscrita\/"},"author":{"name":"adminfemergs","@id":"https:\/\/femergs.com.br\/wfe\/#\/schema\/person\/f5558e6b5ffc044ee085016237dedb7f"},"headline":"VIII CONGRESSO ORDIN\u00c1RIO ESTADUAL &#8211; CHAPA INSCRITA","datePublished":"2018-05-15T15:47:19+00:00","mainEntityOfPage":{"@id":"https:\/\/femergs.com.br\/wfe\/blog\/viii-congresso-ordinario-estadual-chapa-inscrita\/"},"wordCount":2206,"publisher":{"@id":"https:\/\/femergs.com.br\/wfe\/#organization"},"keywords":["NULL"],"articleSection":["ARQUIVADAS"],"inLanguage":"pt-BR"},{"@type":"WebPage","@id":"https:\/\/femergs.com.br\/wfe\/blog\/viii-congresso-ordinario-estadual-chapa-inscrita\/","url":"https:\/\/femergs.com.br\/wfe\/blog\/viii-congresso-ordinario-estadual-chapa-inscrita\/","name":"VIII CONGRESSO ORDIN\u00c1RIO ESTADUAL - CHAPA INSCRITA - Federa\u00e7\u00e3o dos Municip\u00e1rios do Estado do Rio Grande do Sul","isPartOf":{"@id":"https:\/\/femergs.com.br\/wfe\/#website"},"datePublished":"2018-05-15T15:47:19+00:00","breadcrumb":{"@id":"https:\/\/femergs.com.br\/wfe\/blog\/viii-congresso-ordinario-estadual-chapa-inscrita\/#breadcrumb"},"inLanguage":"pt-BR","potentialAction":[{"@type":"ReadAction","target":["https:\/\/femergs.com.br\/wfe\/blog\/viii-congresso-ordinario-estadual-chapa-inscrita\/"]}]},{"@type":"BreadcrumbList","@id":"https:\/\/femergs.com.br\/wfe\/blog\/viii-congresso-ordinario-estadual-chapa-inscrita\/#breadcrumb","itemListElement":[{"@type":"ListItem","position":1,"name":"In\u00edcio","item":"https:\/\/femergs.com.br\/wfe\/"},{"@type":"ListItem","position":2,"name":"VIII CONGRESSO ORDIN\u00c1RIO ESTADUAL &#8211; CHAPA INSCRITA"}]},{"@type":"WebSite","@id":"https:\/\/femergs.com.br\/wfe\/#website","url":"https:\/\/femergs.com.br\/wfe\/","name":"FEMERGS","description":"FEDERA\u00c7\u00c3O DOS MUNICIP\u00c1RIOS DO ESTADO DO RIO GRANDE DO SUL","publisher":{"@id":"https:\/\/femergs.com.br\/wfe\/#organization"},"potentialAction":[{"@type":"SearchAction","target":{"@type":"EntryPoint","urlTemplate":"https:\/\/femergs.com.br\/wfe\/?s={search_term_string}"},"query-input":{"@type":"PropertyValueSpecification","valueRequired":true,"valueName":"search_term_string"}}],"inLanguage":"pt-BR"},{"@type":"Organization","@id":"https:\/\/femergs.com.br\/wfe\/#organization","name":"FEMERGS","url":"https:\/\/femergs.com.br\/wfe\/","logo":{"@type":"ImageObject","inLanguage":"pt-BR","@id":"https:\/\/femergs.com.br\/wfe\/#\/schema\/logo\/image\/","url":"https:\/\/femergs.com.br\/wfe\/wp-content\/uploads\/2025\/06\/logotipo.png","contentUrl":"https:\/\/femergs.com.br\/wfe\/wp-content\/uploads\/2025\/06\/logotipo.png","width":500,"height":500,"caption":"FEMERGS"},"image":{"@id":"https:\/\/femergs.com.br\/wfe\/#\/schema\/logo\/image\/"},"sameAs":["https:\/\/www.facebook.com\/profile.php?id=100057151733001","https:\/\/www.instagram.com\/femergs_rs\/"]},{"@type":"Person","@id":"https:\/\/femergs.com.br\/wfe\/#\/schema\/person\/f5558e6b5ffc044ee085016237dedb7f","name":"adminfemergs","image":{"@type":"ImageObject","inLanguage":"pt-BR","@id":"https:\/\/femergs.com.br\/wfe\/#\/schema\/person\/image\/","url":"https:\/\/secure.gravatar.com\/avatar\/398642fa557cdd524617ad9b31c938845f071aeb3448b9c0aeb29aefc495337b?s=96&d=mm&r=g","contentUrl":"https:\/\/secure.gravatar.com\/avatar\/398642fa557cdd524617ad9b31c938845f071aeb3448b9c0aeb29aefc495337b?s=96&d=mm&r=g","caption":"adminfemergs"},"sameAs":["https:\/\/femergs.com.br\/wfe"],"url":"https:\/\/femergs.com.br\/wfe\/blog\/author\/adminfemergs\/"}]}},"uagb_featured_image_src":{"full":false,"thumbnail":false,"medium":false,"medium_large":false,"large":false,"1536x1536":false,"2048x2048":false,"ultp_layout_landscape_large":false,"ultp_layout_landscape":false,"ultp_layout_portrait":false,"ultp_layout_square":false},"uagb_author_info":{"display_name":"adminfemergs","author_link":"https:\/\/femergs.com.br\/wfe\/blog\/author\/adminfemergs\/"},"uagb_comment_info":0,"uagb_excerpt":"Sindicatos aptos a participar do VIII CONGRESSO ORDIN\u00c1RIO ESTADUAL &#8211; FEMERGS Sindicato dos Servidores Municipais de Agudo Sindicato dos Municip\u00e1rios de Almirante Tamandar\u00e9 do Sul Sindicato dos Funcion\u00e1rios P\u00fablicos Municipais de Alpestre Sindicato dos Servidores P\u00fablicos Municipais de Alto Feliz Sindicato dos Municip\u00e1rios de Amaral Ferrador Sindicato dos Municip\u00e1rios de Arambar\u00e9 Sindicato dos Servidores P\u00fablicos&hellip;","_links":{"self":[{"href":"https:\/\/femergs.com.br\/wfe\/wp-json\/wp\/v2\/posts\/1127","targetHints":{"allow":["GET"]}}],"collection":[{"href":"https:\/\/femergs.com.br\/wfe\/wp-json\/wp\/v2\/posts"}],"about":[{"href":"https:\/\/femergs.com.br\/wfe\/wp-json\/wp\/v2\/types\/post"}],"author":[{"embeddable":true,"href":"https:\/\/femergs.com.br\/wfe\/wp-json\/wp\/v2\/users\/1"}],"replies":[{"embeddable":true,"href":"https:\/\/femergs.com.br\/wfe\/wp-json\/wp\/v2\/comments?post=1127"}],"version-history":[{"count":0,"href":"https:\/\/femergs.com.br\/wfe\/wp-json\/wp\/v2\/posts\/1127\/revisions"}],"wp:attachment":[{"href":"https:\/\/femergs.com.br\/wfe\/wp-json\/wp\/v2\/media?parent=1127"}],"wp:term":[{"taxonomy":"category","embeddable":true,"href":"https:\/\/femergs.com.br\/wfe\/wp-json\/wp\/v2\/categories?post=1127"},{"taxonomy":"post_tag","embeddable":true,"href":"https:\/\/femergs.com.br\/wfe\/wp-json\/wp\/v2\/tags?post=1127"}],"curies":[{"name":"wp","href":"https:\/\/api.w.org\/{rel}","templated":true}]}}