{"id":1129,"date":"2018-05-24T11:41:22","date_gmt":"2018-05-24T11:41:22","guid":{"rendered":"https:\/\/femergs.com.br\/wfe\/blog\/nota-publica-mobilizacao-nacional-dos-caminhoneiros\/"},"modified":"2018-05-24T11:41:22","modified_gmt":"2018-05-24T11:41:22","slug":"nota-publica-mobilizacao-nacional-dos-caminhoneiros","status":"publish","type":"post","link":"https:\/\/femergs.com.br\/wfe\/blog\/nota-publica-mobilizacao-nacional-dos-caminhoneiros\/","title":{"rendered":"NOTA P\u00daBLICA &#8211; \u201cMobiliza\u00e7\u00e3o Nacional dos Caminhoneiros\u201d"},"content":{"rendered":"<p><a href=\"https:\/\/youtu.be\/zGYP7T67RCg\">https:\/\/youtu.be\/zGYP7T67RCg<\/a><\/p>\n<p>A Federa\u00e7\u00e3o dos Municip\u00e1rios do Estado do Rio Grande do Sul \u2013 FEMERGS, entidade representativa em segundo grau dos servidores p\u00fablicos municipais, com hist\u00f3rico enraizado na luta em defesa dos direitos dos trabalhadores(as), vem a p\u00fablico manifestar seu apoio a \u201cMobiliza\u00e7\u00e3o Nacional dos Caminhoneiros\u201d, contra o aumento abusivo dos combust\u00edveis, nessa pol\u00edtica nefasta que assola nosso pa\u00eds, expondo essa categoria e os demais consumidores as vari\u00e1veis internacionais.<\/p>\n<p>Em nossa Plen\u00e1ria Estatut\u00e1ria realizada na cidade de Frederico Westphalen em Agosto de 2016, reafirmamos nosso Plano de Lutas buscando avan\u00e7ar em \u00e1reas importantes como: sa\u00fade do trabalhador; Planos de Carreira para o quadro geral; mesas de negocia\u00e7\u00e3o; integra\u00e7\u00e3o nas lutas de classe visando resist\u00eancia e n\u00e3o admitirmos nenhum direito a menos; forma\u00e7\u00e3o sindical; realiza\u00e7\u00e3o de semin\u00e1rios, encontros, jornadas em parcerias com as regionais e sindicatos; posicionamentos contr\u00e1rios a todo e qualquer tipo de terceiriza\u00e7\u00e3o; lutas contra todo e qualquer tipo de discrimina\u00e7\u00e3o&#8230;<\/p>\n<p>ESTA \u00c9 A HORA DA UNIDADE DA CLASSE TRABALHADORA. Diante de tantos ataques &#8211; como a PEC 95 &#8211; que congelou os recursos das \u00e1reas sociais por 20 anos, a \u201cDeforma Trabalhista\u201d, as terceiriza\u00e7\u00f5es em todos os espa\u00e7os, precisamos agir e reagir. CONVOCAMOS todos os trabalhadores e trabalhadoras do Servi\u00e7o P\u00fablico Municipal de todos os sindicatos filiados a FEMERGS, para aderirem as manifesta\u00e7\u00f5es nos seus munic\u00edpios e nas suas regi\u00f5es. \u201cJUNTOS SOMOS MAIS FORTES\u201d<\/p>\n","protected":false},"excerpt":{"rendered":"<p>https:\/\/youtu.be\/zGYP7T67RCg A Federa\u00e7\u00e3o dos Municip\u00e1rios do Estado do Rio Grande do Sul \u2013 FEMERGS, entidade representativa em segundo grau dos servidores p\u00fablicos municipais, com hist\u00f3rico enraizado na luta em defesa dos direitos dos trabalhadores(as), vem a p\u00fablico manifestar seu apoio a \u201cMobiliza\u00e7\u00e3o Nacional dos Caminhoneiros\u201d, contra o aumento abusivo dos combust\u00edveis, nessa pol\u00edtica nefasta que [&hellip;]<\/p>\n","protected":false},"author":1,"featured_media":0,"comment_status":"closed","ping_status":"closed","sticky":false,"template":"","format":"standard","meta":{"_eb_attr":"","_uag_custom_page_level_css":"","fifu_image_url":"","fifu_image_alt":"","footnotes":""},"categories":[1],"tags":[32],"class_list":["post-1129","post","type-post","status-publish","format-standard","hentry","category-arquivadas","tag-null"],"yoast_head":"<!-- This site is optimized with the Yoast SEO plugin v27.1.1 - https:\/\/yoast.com\/product\/yoast-seo-wordpress\/ -->\n<title>NOTA P\u00daBLICA - \u201cMobiliza\u00e7\u00e3o Nacional dos Caminhoneiros\u201d - Federa\u00e7\u00e3o dos Municip\u00e1rios do Estado do Rio Grande do Sul<\/title>\n<meta name=\"robots\" content=\"index, follow, max-snippet:-1, max-image-preview:large, max-video-preview:-1\" \/>\n<link rel=\"canonical\" href=\"https:\/\/femergs.com.br\/wfe\/blog\/nota-publica-mobilizacao-nacional-dos-caminhoneiros\/\" \/>\n<meta property=\"og:locale\" content=\"pt_BR\" \/>\n<meta property=\"og:type\" content=\"article\" \/>\n<meta property=\"og:title\" content=\"NOTA P\u00daBLICA - \u201cMobiliza\u00e7\u00e3o Nacional dos Caminhoneiros\u201d - Federa\u00e7\u00e3o dos Municip\u00e1rios do Estado do Rio Grande do Sul\" \/>\n<meta property=\"og:description\" content=\"https:\/\/youtu.be\/zGYP7T67RCg A Federa\u00e7\u00e3o dos Municip\u00e1rios do Estado do Rio Grande do Sul \u2013 FEMERGS, entidade representativa em segundo grau dos servidores p\u00fablicos municipais, com hist\u00f3rico enraizado na luta em defesa dos direitos dos trabalhadores(as), vem a p\u00fablico manifestar seu apoio a \u201cMobiliza\u00e7\u00e3o Nacional dos Caminhoneiros\u201d, contra o aumento abusivo dos combust\u00edveis, nessa pol\u00edtica nefasta que [&hellip;]\" \/>\n<meta property=\"og:url\" content=\"https:\/\/femergs.com.br\/wfe\/blog\/nota-publica-mobilizacao-nacional-dos-caminhoneiros\/\" \/>\n<meta property=\"og:site_name\" content=\"Federa\u00e7\u00e3o dos Municip\u00e1rios do Estado do Rio Grande do Sul\" \/>\n<meta property=\"article:publisher\" content=\"https:\/\/www.facebook.com\/profile.php?id=100057151733001\" \/>\n<meta property=\"article:published_time\" content=\"2018-05-24T11:41:22+00:00\" \/>\n<meta name=\"author\" content=\"adminfemergs\" \/>\n<meta name=\"twitter:card\" content=\"summary_large_image\" \/>\n<meta name=\"twitter:label1\" content=\"Escrito por\" \/>\n\t<meta name=\"twitter:data1\" content=\"adminfemergs\" \/>\n\t<meta name=\"twitter:label2\" content=\"Est. tempo de leitura\" \/>\n\t<meta name=\"twitter:data2\" content=\"1 minuto\" \/>\n<script type=\"application\/ld+json\" class=\"yoast-schema-graph\">{\"@context\":\"https:\/\/schema.org\",\"@graph\":[{\"@type\":\"Article\",\"@id\":\"https:\/\/femergs.com.br\/wfe\/blog\/nota-publica-mobilizacao-nacional-dos-caminhoneiros\/#article\",\"isPartOf\":{\"@id\":\"https:\/\/femergs.com.br\/wfe\/blog\/nota-publica-mobilizacao-nacional-dos-caminhoneiros\/\"},\"author\":{\"name\":\"adminfemergs\",\"@id\":\"https:\/\/femergs.com.br\/wfe\/#\/schema\/person\/f5558e6b5ffc044ee085016237dedb7f\"},\"headline\":\"NOTA P\u00daBLICA &#8211; \u201cMobiliza\u00e7\u00e3o Nacional dos Caminhoneiros\u201d\",\"datePublished\":\"2018-05-24T11:41:22+00:00\",\"mainEntityOfPage\":{\"@id\":\"https:\/\/femergs.com.br\/wfe\/blog\/nota-publica-mobilizacao-nacional-dos-caminhoneiros\/\"},\"wordCount\":266,\"publisher\":{\"@id\":\"https:\/\/femergs.com.br\/wfe\/#organization\"},\"keywords\":[\"NULL\"],\"articleSection\":[\"ARQUIVADAS\"],\"inLanguage\":\"pt-BR\"},{\"@type\":\"WebPage\",\"@id\":\"https:\/\/femergs.com.br\/wfe\/blog\/nota-publica-mobilizacao-nacional-dos-caminhoneiros\/\",\"url\":\"https:\/\/femergs.com.br\/wfe\/blog\/nota-publica-mobilizacao-nacional-dos-caminhoneiros\/\",\"name\":\"NOTA P\u00daBLICA - \u201cMobiliza\u00e7\u00e3o Nacional dos Caminhoneiros\u201d - Federa\u00e7\u00e3o dos Municip\u00e1rios do Estado do Rio Grande do Sul\",\"isPartOf\":{\"@id\":\"https:\/\/femergs.com.br\/wfe\/#website\"},\"datePublished\":\"2018-05-24T11:41:22+00:00\",\"breadcrumb\":{\"@id\":\"https:\/\/femergs.com.br\/wfe\/blog\/nota-publica-mobilizacao-nacional-dos-caminhoneiros\/#breadcrumb\"},\"inLanguage\":\"pt-BR\",\"potentialAction\":[{\"@type\":\"ReadAction\",\"target\":[\"https:\/\/femergs.com.br\/wfe\/blog\/nota-publica-mobilizacao-nacional-dos-caminhoneiros\/\"]}]},{\"@type\":\"BreadcrumbList\",\"@id\":\"https:\/\/femergs.com.br\/wfe\/blog\/nota-publica-mobilizacao-nacional-dos-caminhoneiros\/#breadcrumb\",\"itemListElement\":[{\"@type\":\"ListItem\",\"position\":1,\"name\":\"In\u00edcio\",\"item\":\"https:\/\/femergs.com.br\/wfe\/\"},{\"@type\":\"ListItem\",\"position\":2,\"name\":\"NOTA P\u00daBLICA &#8211; \u201cMobiliza\u00e7\u00e3o Nacional dos Caminhoneiros\u201d\"}]},{\"@type\":\"WebSite\",\"@id\":\"https:\/\/femergs.com.br\/wfe\/#website\",\"url\":\"https:\/\/femergs.com.br\/wfe\/\",\"name\":\"FEMERGS\",\"description\":\"FEDERA\u00c7\u00c3O DOS MUNICIP\u00c1RIOS DO ESTADO DO RIO GRANDE DO SUL\",\"publisher\":{\"@id\":\"https:\/\/femergs.com.br\/wfe\/#organization\"},\"potentialAction\":[{\"@type\":\"SearchAction\",\"target\":{\"@type\":\"EntryPoint\",\"urlTemplate\":\"https:\/\/femergs.com.br\/wfe\/?s={search_term_string}\"},\"query-input\":{\"@type\":\"PropertyValueSpecification\",\"valueRequired\":true,\"valueName\":\"search_term_string\"}}],\"inLanguage\":\"pt-BR\"},{\"@type\":\"Organization\",\"@id\":\"https:\/\/femergs.com.br\/wfe\/#organization\",\"name\":\"FEMERGS\",\"url\":\"https:\/\/femergs.com.br\/wfe\/\",\"logo\":{\"@type\":\"ImageObject\",\"inLanguage\":\"pt-BR\",\"@id\":\"https:\/\/femergs.com.br\/wfe\/#\/schema\/logo\/image\/\",\"url\":\"https:\/\/femergs.com.br\/wfe\/wp-content\/uploads\/2025\/06\/logotipo.png\",\"contentUrl\":\"https:\/\/femergs.com.br\/wfe\/wp-content\/uploads\/2025\/06\/logotipo.png\",\"width\":500,\"height\":500,\"caption\":\"FEMERGS\"},\"image\":{\"@id\":\"https:\/\/femergs.com.br\/wfe\/#\/schema\/logo\/image\/\"},\"sameAs\":[\"https:\/\/www.facebook.com\/profile.php?id=100057151733001\",\"https:\/\/www.instagram.com\/femergs_rs\/\"]},{\"@type\":\"Person\",\"@id\":\"https:\/\/femergs.com.br\/wfe\/#\/schema\/person\/f5558e6b5ffc044ee085016237dedb7f\",\"name\":\"adminfemergs\",\"image\":{\"@type\":\"ImageObject\",\"inLanguage\":\"pt-BR\",\"@id\":\"https:\/\/femergs.com.br\/wfe\/#\/schema\/person\/image\/\",\"url\":\"https:\/\/secure.gravatar.com\/avatar\/398642fa557cdd524617ad9b31c938845f071aeb3448b9c0aeb29aefc495337b?s=96&d=mm&r=g\",\"contentUrl\":\"https:\/\/secure.gravatar.com\/avatar\/398642fa557cdd524617ad9b31c938845f071aeb3448b9c0aeb29aefc495337b?s=96&d=mm&r=g\",\"caption\":\"adminfemergs\"},\"sameAs\":[\"https:\/\/femergs.com.br\/wfe\"],\"url\":\"https:\/\/femergs.com.br\/wfe\/blog\/author\/adminfemergs\/\"}]}<\/script>\n<!-- \/ Yoast SEO plugin. -->","yoast_head_json":{"title":"NOTA P\u00daBLICA - \u201cMobiliza\u00e7\u00e3o Nacional dos Caminhoneiros\u201d - Federa\u00e7\u00e3o dos Municip\u00e1rios do Estado do Rio Grande do Sul","robots":{"index":"index","follow":"follow","max-snippet":"max-snippet:-1","max-image-preview":"max-image-preview:large","max-video-preview":"max-video-preview:-1"},"canonical":"https:\/\/femergs.com.br\/wfe\/blog\/nota-publica-mobilizacao-nacional-dos-caminhoneiros\/","og_locale":"pt_BR","og_type":"article","og_title":"NOTA P\u00daBLICA - \u201cMobiliza\u00e7\u00e3o Nacional dos Caminhoneiros\u201d - Federa\u00e7\u00e3o dos Municip\u00e1rios do Estado do Rio Grande do Sul","og_description":"https:\/\/youtu.be\/zGYP7T67RCg A Federa\u00e7\u00e3o dos Municip\u00e1rios do Estado do Rio Grande do Sul \u2013 FEMERGS, entidade representativa em segundo grau dos servidores p\u00fablicos municipais, com hist\u00f3rico enraizado na luta em defesa dos direitos dos trabalhadores(as), vem a p\u00fablico manifestar seu apoio a \u201cMobiliza\u00e7\u00e3o Nacional dos Caminhoneiros\u201d, contra o aumento abusivo dos combust\u00edveis, nessa pol\u00edtica nefasta que [&hellip;]","og_url":"https:\/\/femergs.com.br\/wfe\/blog\/nota-publica-mobilizacao-nacional-dos-caminhoneiros\/","og_site_name":"Federa\u00e7\u00e3o dos Municip\u00e1rios do Estado do Rio Grande do Sul","article_publisher":"https:\/\/www.facebook.com\/profile.php?id=100057151733001","article_published_time":"2018-05-24T11:41:22+00:00","author":"adminfemergs","twitter_card":"summary_large_image","twitter_misc":{"Escrito por":"adminfemergs","Est. tempo de leitura":"1 minuto"},"schema":{"@context":"https:\/\/schema.org","@graph":[{"@type":"Article","@id":"https:\/\/femergs.com.br\/wfe\/blog\/nota-publica-mobilizacao-nacional-dos-caminhoneiros\/#article","isPartOf":{"@id":"https:\/\/femergs.com.br\/wfe\/blog\/nota-publica-mobilizacao-nacional-dos-caminhoneiros\/"},"author":{"name":"adminfemergs","@id":"https:\/\/femergs.com.br\/wfe\/#\/schema\/person\/f5558e6b5ffc044ee085016237dedb7f"},"headline":"NOTA P\u00daBLICA &#8211; \u201cMobiliza\u00e7\u00e3o Nacional dos Caminhoneiros\u201d","datePublished":"2018-05-24T11:41:22+00:00","mainEntityOfPage":{"@id":"https:\/\/femergs.com.br\/wfe\/blog\/nota-publica-mobilizacao-nacional-dos-caminhoneiros\/"},"wordCount":266,"publisher":{"@id":"https:\/\/femergs.com.br\/wfe\/#organization"},"keywords":["NULL"],"articleSection":["ARQUIVADAS"],"inLanguage":"pt-BR"},{"@type":"WebPage","@id":"https:\/\/femergs.com.br\/wfe\/blog\/nota-publica-mobilizacao-nacional-dos-caminhoneiros\/","url":"https:\/\/femergs.com.br\/wfe\/blog\/nota-publica-mobilizacao-nacional-dos-caminhoneiros\/","name":"NOTA P\u00daBLICA - \u201cMobiliza\u00e7\u00e3o Nacional dos Caminhoneiros\u201d - Federa\u00e7\u00e3o dos Municip\u00e1rios do Estado do Rio Grande do Sul","isPartOf":{"@id":"https:\/\/femergs.com.br\/wfe\/#website"},"datePublished":"2018-05-24T11:41:22+00:00","breadcrumb":{"@id":"https:\/\/femergs.com.br\/wfe\/blog\/nota-publica-mobilizacao-nacional-dos-caminhoneiros\/#breadcrumb"},"inLanguage":"pt-BR","potentialAction":[{"@type":"ReadAction","target":["https:\/\/femergs.com.br\/wfe\/blog\/nota-publica-mobilizacao-nacional-dos-caminhoneiros\/"]}]},{"@type":"BreadcrumbList","@id":"https:\/\/femergs.com.br\/wfe\/blog\/nota-publica-mobilizacao-nacional-dos-caminhoneiros\/#breadcrumb","itemListElement":[{"@type":"ListItem","position":1,"name":"In\u00edcio","item":"https:\/\/femergs.com.br\/wfe\/"},{"@type":"ListItem","position":2,"name":"NOTA P\u00daBLICA &#8211; \u201cMobiliza\u00e7\u00e3o Nacional dos Caminhoneiros\u201d"}]},{"@type":"WebSite","@id":"https:\/\/femergs.com.br\/wfe\/#website","url":"https:\/\/femergs.com.br\/wfe\/","name":"FEMERGS","description":"FEDERA\u00c7\u00c3O DOS MUNICIP\u00c1RIOS DO ESTADO DO RIO GRANDE DO SUL","publisher":{"@id":"https:\/\/femergs.com.br\/wfe\/#organization"},"potentialAction":[{"@type":"SearchAction","target":{"@type":"EntryPoint","urlTemplate":"https:\/\/femergs.com.br\/wfe\/?s={search_term_string}"},"query-input":{"@type":"PropertyValueSpecification","valueRequired":true,"valueName":"search_term_string"}}],"inLanguage":"pt-BR"},{"@type":"Organization","@id":"https:\/\/femergs.com.br\/wfe\/#organization","name":"FEMERGS","url":"https:\/\/femergs.com.br\/wfe\/","logo":{"@type":"ImageObject","inLanguage":"pt-BR","@id":"https:\/\/femergs.com.br\/wfe\/#\/schema\/logo\/image\/","url":"https:\/\/femergs.com.br\/wfe\/wp-content\/uploads\/2025\/06\/logotipo.png","contentUrl":"https:\/\/femergs.com.br\/wfe\/wp-content\/uploads\/2025\/06\/logotipo.png","width":500,"height":500,"caption":"FEMERGS"},"image":{"@id":"https:\/\/femergs.com.br\/wfe\/#\/schema\/logo\/image\/"},"sameAs":["https:\/\/www.facebook.com\/profile.php?id=100057151733001","https:\/\/www.instagram.com\/femergs_rs\/"]},{"@type":"Person","@id":"https:\/\/femergs.com.br\/wfe\/#\/schema\/person\/f5558e6b5ffc044ee085016237dedb7f","name":"adminfemergs","image":{"@type":"ImageObject","inLanguage":"pt-BR","@id":"https:\/\/femergs.com.br\/wfe\/#\/schema\/person\/image\/","url":"https:\/\/secure.gravatar.com\/avatar\/398642fa557cdd524617ad9b31c938845f071aeb3448b9c0aeb29aefc495337b?s=96&d=mm&r=g","contentUrl":"https:\/\/secure.gravatar.com\/avatar\/398642fa557cdd524617ad9b31c938845f071aeb3448b9c0aeb29aefc495337b?s=96&d=mm&r=g","caption":"adminfemergs"},"sameAs":["https:\/\/femergs.com.br\/wfe"],"url":"https:\/\/femergs.com.br\/wfe\/blog\/author\/adminfemergs\/"}]}},"uagb_featured_image_src":{"full":false,"thumbnail":false,"medium":false,"medium_large":false,"large":false,"1536x1536":false,"2048x2048":false,"ultp_layout_landscape_large":false,"ultp_layout_landscape":false,"ultp_layout_portrait":false,"ultp_layout_square":false},"uagb_author_info":{"display_name":"adminfemergs","author_link":"https:\/\/femergs.com.br\/wfe\/blog\/author\/adminfemergs\/"},"uagb_comment_info":0,"uagb_excerpt":"https:\/\/youtu.be\/zGYP7T67RCg A Federa\u00e7\u00e3o dos Municip\u00e1rios do Estado do Rio Grande do Sul \u2013 FEMERGS, entidade representativa em segundo grau dos servidores p\u00fablicos municipais, com hist\u00f3rico enraizado na luta em defesa dos direitos dos trabalhadores(as), vem a p\u00fablico manifestar seu apoio a \u201cMobiliza\u00e7\u00e3o Nacional dos Caminhoneiros\u201d, contra o aumento abusivo dos combust\u00edveis, nessa pol\u00edtica nefasta que&hellip;","_links":{"self":[{"href":"https:\/\/femergs.com.br\/wfe\/wp-json\/wp\/v2\/posts\/1129","targetHints":{"allow":["GET"]}}],"collection":[{"href":"https:\/\/femergs.com.br\/wfe\/wp-json\/wp\/v2\/posts"}],"about":[{"href":"https:\/\/femergs.com.br\/wfe\/wp-json\/wp\/v2\/types\/post"}],"author":[{"embeddable":true,"href":"https:\/\/femergs.com.br\/wfe\/wp-json\/wp\/v2\/users\/1"}],"replies":[{"embeddable":true,"href":"https:\/\/femergs.com.br\/wfe\/wp-json\/wp\/v2\/comments?post=1129"}],"version-history":[{"count":0,"href":"https:\/\/femergs.com.br\/wfe\/wp-json\/wp\/v2\/posts\/1129\/revisions"}],"wp:attachment":[{"href":"https:\/\/femergs.com.br\/wfe\/wp-json\/wp\/v2\/media?parent=1129"}],"wp:term":[{"taxonomy":"category","embeddable":true,"href":"https:\/\/femergs.com.br\/wfe\/wp-json\/wp\/v2\/categories?post=1129"},{"taxonomy":"post_tag","embeddable":true,"href":"https:\/\/femergs.com.br\/wfe\/wp-json\/wp\/v2\/tags?post=1129"}],"curies":[{"name":"wp","href":"https:\/\/api.w.org\/{rel}","templated":true}]}}