{"id":1131,"date":"2018-06-18T08:38:05","date_gmt":"2018-06-18T08:38:05","guid":{"rendered":"https:\/\/femergs.com.br\/wfe\/blog\/regional-celeiro-promove-encontro-de-sindicatos\/"},"modified":"2018-06-18T08:38:05","modified_gmt":"2018-06-18T08:38:05","slug":"regional-celeiro-promove-encontro-de-sindicatos","status":"publish","type":"post","link":"https:\/\/femergs.com.br\/wfe\/blog\/regional-celeiro-promove-encontro-de-sindicatos\/","title":{"rendered":"REGIONAL CELEIRO PROMOVE ENCONTRO DE SINDICATOS"},"content":{"rendered":"<p>No dia 15 de junho de 2018, na cidade de tr\u00eas Passos, foi realizada a reuni\u00e3o ordin\u00e1ria da FEMERGS\/CELEIRO.<br \/>\nA regional reunida fez avalia\u00e7\u00e3o do semin\u00e1rio realizado em Mar\u00e7o, discutiu a conjuntura pol\u00edtica sindical deste momento no pa\u00eds. Bem como foram tratados assuntos referentes ao Congresso que realizarse_a em julho e tra\u00e7ando linhas para o novo ciclo que inicia. Apesar das tentativas de desmobilizacao dia sindicatos atrav\u00e9s da retirada do suporte financeiro do imposto sindical, continuaremos firmes na defesa do servidor p\u00fablico municipal, pois j\u00e1 estamos presenciando nos munic\u00edpios a tentativa de desmonte das garantias da CF de 88 quanto ao servidor p\u00fablico e conquistas que arduamente foram galgadas. Principalmente no que refere ao Piso dos Professores que percebia como principal foco da retirada de direitos.<br \/>\nJ\u00e1 estamos sentindo na regional avan\u00e7os negativos sobre esta conquista. Preocupante, mas ao mesmo tempo incentivo para mantermos firmemente na luta.<\/p>\n","protected":false},"excerpt":{"rendered":"<p>No dia 15 de junho de 2018, na cidade de tr\u00eas Passos, foi realizada a reuni\u00e3o ordin\u00e1ria da FEMERGS\/CELEIRO. A regional reunida fez avalia\u00e7\u00e3o do semin\u00e1rio realizado em Mar\u00e7o, discutiu a conjuntura pol\u00edtica sindical deste momento no pa\u00eds. Bem como foram tratados assuntos referentes ao Congresso que realizarse_a em julho e tra\u00e7ando linhas para o [&hellip;]<\/p>\n","protected":false},"author":1,"featured_media":0,"comment_status":"closed","ping_status":"closed","sticky":false,"template":"","format":"standard","meta":{"_eb_attr":"","_uag_custom_page_level_css":"","fifu_image_url":"","fifu_image_alt":"","footnotes":""},"categories":[1],"tags":[32],"class_list":["post-1131","post","type-post","status-publish","format-standard","hentry","category-arquivadas","tag-null"],"yoast_head":"<!-- This site is optimized with the Yoast SEO plugin v27.1.1 - https:\/\/yoast.com\/product\/yoast-seo-wordpress\/ -->\n<title>REGIONAL CELEIRO PROMOVE ENCONTRO DE SINDICATOS - Federa\u00e7\u00e3o dos Municip\u00e1rios do Estado do Rio Grande do Sul<\/title>\n<meta name=\"robots\" content=\"index, follow, max-snippet:-1, max-image-preview:large, max-video-preview:-1\" \/>\n<link rel=\"canonical\" href=\"https:\/\/femergs.com.br\/wfe\/blog\/regional-celeiro-promove-encontro-de-sindicatos\/\" \/>\n<meta property=\"og:locale\" content=\"pt_BR\" \/>\n<meta property=\"og:type\" content=\"article\" \/>\n<meta property=\"og:title\" content=\"REGIONAL CELEIRO PROMOVE ENCONTRO DE SINDICATOS - Federa\u00e7\u00e3o dos Municip\u00e1rios do Estado do Rio Grande do Sul\" \/>\n<meta property=\"og:description\" content=\"No dia 15 de junho de 2018, na cidade de tr\u00eas Passos, foi realizada a reuni\u00e3o ordin\u00e1ria da FEMERGS\/CELEIRO. A regional reunida fez avalia\u00e7\u00e3o do semin\u00e1rio realizado em Mar\u00e7o, discutiu a conjuntura pol\u00edtica sindical deste momento no pa\u00eds. Bem como foram tratados assuntos referentes ao Congresso que realizarse_a em julho e tra\u00e7ando linhas para o [&hellip;]\" \/>\n<meta property=\"og:url\" content=\"https:\/\/femergs.com.br\/wfe\/blog\/regional-celeiro-promove-encontro-de-sindicatos\/\" \/>\n<meta property=\"og:site_name\" content=\"Federa\u00e7\u00e3o dos Municip\u00e1rios do Estado do Rio Grande do Sul\" \/>\n<meta property=\"article:publisher\" content=\"https:\/\/www.facebook.com\/profile.php?id=100057151733001\" \/>\n<meta property=\"article:published_time\" content=\"2018-06-18T08:38:05+00:00\" \/>\n<meta name=\"author\" content=\"adminfemergs\" \/>\n<meta name=\"twitter:card\" content=\"summary_large_image\" \/>\n<meta name=\"twitter:label1\" content=\"Escrito por\" \/>\n\t<meta name=\"twitter:data1\" content=\"adminfemergs\" \/>\n\t<meta name=\"twitter:label2\" content=\"Est. tempo de leitura\" \/>\n\t<meta name=\"twitter:data2\" content=\"1 minuto\" \/>\n<script type=\"application\/ld+json\" class=\"yoast-schema-graph\">{\"@context\":\"https:\/\/schema.org\",\"@graph\":[{\"@type\":\"Article\",\"@id\":\"https:\/\/femergs.com.br\/wfe\/blog\/regional-celeiro-promove-encontro-de-sindicatos\/#article\",\"isPartOf\":{\"@id\":\"https:\/\/femergs.com.br\/wfe\/blog\/regional-celeiro-promove-encontro-de-sindicatos\/\"},\"author\":{\"name\":\"adminfemergs\",\"@id\":\"https:\/\/femergs.com.br\/wfe\/#\/schema\/person\/f5558e6b5ffc044ee085016237dedb7f\"},\"headline\":\"REGIONAL CELEIRO PROMOVE ENCONTRO DE SINDICATOS\",\"datePublished\":\"2018-06-18T08:38:05+00:00\",\"mainEntityOfPage\":{\"@id\":\"https:\/\/femergs.com.br\/wfe\/blog\/regional-celeiro-promove-encontro-de-sindicatos\/\"},\"wordCount\":166,\"publisher\":{\"@id\":\"https:\/\/femergs.com.br\/wfe\/#organization\"},\"keywords\":[\"NULL\"],\"articleSection\":[\"ARQUIVADAS\"],\"inLanguage\":\"pt-BR\"},{\"@type\":\"WebPage\",\"@id\":\"https:\/\/femergs.com.br\/wfe\/blog\/regional-celeiro-promove-encontro-de-sindicatos\/\",\"url\":\"https:\/\/femergs.com.br\/wfe\/blog\/regional-celeiro-promove-encontro-de-sindicatos\/\",\"name\":\"REGIONAL CELEIRO PROMOVE ENCONTRO DE SINDICATOS - Federa\u00e7\u00e3o dos Municip\u00e1rios do Estado do Rio Grande do Sul\",\"isPartOf\":{\"@id\":\"https:\/\/femergs.com.br\/wfe\/#website\"},\"datePublished\":\"2018-06-18T08:38:05+00:00\",\"breadcrumb\":{\"@id\":\"https:\/\/femergs.com.br\/wfe\/blog\/regional-celeiro-promove-encontro-de-sindicatos\/#breadcrumb\"},\"inLanguage\":\"pt-BR\",\"potentialAction\":[{\"@type\":\"ReadAction\",\"target\":[\"https:\/\/femergs.com.br\/wfe\/blog\/regional-celeiro-promove-encontro-de-sindicatos\/\"]}]},{\"@type\":\"BreadcrumbList\",\"@id\":\"https:\/\/femergs.com.br\/wfe\/blog\/regional-celeiro-promove-encontro-de-sindicatos\/#breadcrumb\",\"itemListElement\":[{\"@type\":\"ListItem\",\"position\":1,\"name\":\"In\u00edcio\",\"item\":\"https:\/\/femergs.com.br\/wfe\/\"},{\"@type\":\"ListItem\",\"position\":2,\"name\":\"REGIONAL CELEIRO PROMOVE ENCONTRO DE SINDICATOS\"}]},{\"@type\":\"WebSite\",\"@id\":\"https:\/\/femergs.com.br\/wfe\/#website\",\"url\":\"https:\/\/femergs.com.br\/wfe\/\",\"name\":\"FEMERGS\",\"description\":\"FEDERA\u00c7\u00c3O DOS MUNICIP\u00c1RIOS DO ESTADO DO RIO GRANDE DO SUL\",\"publisher\":{\"@id\":\"https:\/\/femergs.com.br\/wfe\/#organization\"},\"potentialAction\":[{\"@type\":\"SearchAction\",\"target\":{\"@type\":\"EntryPoint\",\"urlTemplate\":\"https:\/\/femergs.com.br\/wfe\/?s={search_term_string}\"},\"query-input\":{\"@type\":\"PropertyValueSpecification\",\"valueRequired\":true,\"valueName\":\"search_term_string\"}}],\"inLanguage\":\"pt-BR\"},{\"@type\":\"Organization\",\"@id\":\"https:\/\/femergs.com.br\/wfe\/#organization\",\"name\":\"FEMERGS\",\"url\":\"https:\/\/femergs.com.br\/wfe\/\",\"logo\":{\"@type\":\"ImageObject\",\"inLanguage\":\"pt-BR\",\"@id\":\"https:\/\/femergs.com.br\/wfe\/#\/schema\/logo\/image\/\",\"url\":\"https:\/\/femergs.com.br\/wfe\/wp-content\/uploads\/2025\/06\/logotipo.png\",\"contentUrl\":\"https:\/\/femergs.com.br\/wfe\/wp-content\/uploads\/2025\/06\/logotipo.png\",\"width\":500,\"height\":500,\"caption\":\"FEMERGS\"},\"image\":{\"@id\":\"https:\/\/femergs.com.br\/wfe\/#\/schema\/logo\/image\/\"},\"sameAs\":[\"https:\/\/www.facebook.com\/profile.php?id=100057151733001\",\"https:\/\/www.instagram.com\/femergs_rs\/\"]},{\"@type\":\"Person\",\"@id\":\"https:\/\/femergs.com.br\/wfe\/#\/schema\/person\/f5558e6b5ffc044ee085016237dedb7f\",\"name\":\"adminfemergs\",\"image\":{\"@type\":\"ImageObject\",\"inLanguage\":\"pt-BR\",\"@id\":\"https:\/\/femergs.com.br\/wfe\/#\/schema\/person\/image\/\",\"url\":\"https:\/\/secure.gravatar.com\/avatar\/398642fa557cdd524617ad9b31c938845f071aeb3448b9c0aeb29aefc495337b?s=96&d=mm&r=g\",\"contentUrl\":\"https:\/\/secure.gravatar.com\/avatar\/398642fa557cdd524617ad9b31c938845f071aeb3448b9c0aeb29aefc495337b?s=96&d=mm&r=g\",\"caption\":\"adminfemergs\"},\"sameAs\":[\"https:\/\/femergs.com.br\/wfe\"],\"url\":\"https:\/\/femergs.com.br\/wfe\/blog\/author\/adminfemergs\/\"}]}<\/script>\n<!-- \/ Yoast SEO plugin. -->","yoast_head_json":{"title":"REGIONAL CELEIRO PROMOVE ENCONTRO DE SINDICATOS - Federa\u00e7\u00e3o dos Municip\u00e1rios do Estado do Rio Grande do Sul","robots":{"index":"index","follow":"follow","max-snippet":"max-snippet:-1","max-image-preview":"max-image-preview:large","max-video-preview":"max-video-preview:-1"},"canonical":"https:\/\/femergs.com.br\/wfe\/blog\/regional-celeiro-promove-encontro-de-sindicatos\/","og_locale":"pt_BR","og_type":"article","og_title":"REGIONAL CELEIRO PROMOVE ENCONTRO DE SINDICATOS - Federa\u00e7\u00e3o dos Municip\u00e1rios do Estado do Rio Grande do Sul","og_description":"No dia 15 de junho de 2018, na cidade de tr\u00eas Passos, foi realizada a reuni\u00e3o ordin\u00e1ria da FEMERGS\/CELEIRO. A regional reunida fez avalia\u00e7\u00e3o do semin\u00e1rio realizado em Mar\u00e7o, discutiu a conjuntura pol\u00edtica sindical deste momento no pa\u00eds. Bem como foram tratados assuntos referentes ao Congresso que realizarse_a em julho e tra\u00e7ando linhas para o [&hellip;]","og_url":"https:\/\/femergs.com.br\/wfe\/blog\/regional-celeiro-promove-encontro-de-sindicatos\/","og_site_name":"Federa\u00e7\u00e3o dos Municip\u00e1rios do Estado do Rio Grande do Sul","article_publisher":"https:\/\/www.facebook.com\/profile.php?id=100057151733001","article_published_time":"2018-06-18T08:38:05+00:00","author":"adminfemergs","twitter_card":"summary_large_image","twitter_misc":{"Escrito por":"adminfemergs","Est. tempo de leitura":"1 minuto"},"schema":{"@context":"https:\/\/schema.org","@graph":[{"@type":"Article","@id":"https:\/\/femergs.com.br\/wfe\/blog\/regional-celeiro-promove-encontro-de-sindicatos\/#article","isPartOf":{"@id":"https:\/\/femergs.com.br\/wfe\/blog\/regional-celeiro-promove-encontro-de-sindicatos\/"},"author":{"name":"adminfemergs","@id":"https:\/\/femergs.com.br\/wfe\/#\/schema\/person\/f5558e6b5ffc044ee085016237dedb7f"},"headline":"REGIONAL CELEIRO PROMOVE ENCONTRO DE SINDICATOS","datePublished":"2018-06-18T08:38:05+00:00","mainEntityOfPage":{"@id":"https:\/\/femergs.com.br\/wfe\/blog\/regional-celeiro-promove-encontro-de-sindicatos\/"},"wordCount":166,"publisher":{"@id":"https:\/\/femergs.com.br\/wfe\/#organization"},"keywords":["NULL"],"articleSection":["ARQUIVADAS"],"inLanguage":"pt-BR"},{"@type":"WebPage","@id":"https:\/\/femergs.com.br\/wfe\/blog\/regional-celeiro-promove-encontro-de-sindicatos\/","url":"https:\/\/femergs.com.br\/wfe\/blog\/regional-celeiro-promove-encontro-de-sindicatos\/","name":"REGIONAL CELEIRO PROMOVE ENCONTRO DE SINDICATOS - Federa\u00e7\u00e3o dos Municip\u00e1rios do Estado do Rio Grande do Sul","isPartOf":{"@id":"https:\/\/femergs.com.br\/wfe\/#website"},"datePublished":"2018-06-18T08:38:05+00:00","breadcrumb":{"@id":"https:\/\/femergs.com.br\/wfe\/blog\/regional-celeiro-promove-encontro-de-sindicatos\/#breadcrumb"},"inLanguage":"pt-BR","potentialAction":[{"@type":"ReadAction","target":["https:\/\/femergs.com.br\/wfe\/blog\/regional-celeiro-promove-encontro-de-sindicatos\/"]}]},{"@type":"BreadcrumbList","@id":"https:\/\/femergs.com.br\/wfe\/blog\/regional-celeiro-promove-encontro-de-sindicatos\/#breadcrumb","itemListElement":[{"@type":"ListItem","position":1,"name":"In\u00edcio","item":"https:\/\/femergs.com.br\/wfe\/"},{"@type":"ListItem","position":2,"name":"REGIONAL CELEIRO PROMOVE ENCONTRO DE SINDICATOS"}]},{"@type":"WebSite","@id":"https:\/\/femergs.com.br\/wfe\/#website","url":"https:\/\/femergs.com.br\/wfe\/","name":"FEMERGS","description":"FEDERA\u00c7\u00c3O DOS MUNICIP\u00c1RIOS DO ESTADO DO RIO GRANDE DO SUL","publisher":{"@id":"https:\/\/femergs.com.br\/wfe\/#organization"},"potentialAction":[{"@type":"SearchAction","target":{"@type":"EntryPoint","urlTemplate":"https:\/\/femergs.com.br\/wfe\/?s={search_term_string}"},"query-input":{"@type":"PropertyValueSpecification","valueRequired":true,"valueName":"search_term_string"}}],"inLanguage":"pt-BR"},{"@type":"Organization","@id":"https:\/\/femergs.com.br\/wfe\/#organization","name":"FEMERGS","url":"https:\/\/femergs.com.br\/wfe\/","logo":{"@type":"ImageObject","inLanguage":"pt-BR","@id":"https:\/\/femergs.com.br\/wfe\/#\/schema\/logo\/image\/","url":"https:\/\/femergs.com.br\/wfe\/wp-content\/uploads\/2025\/06\/logotipo.png","contentUrl":"https:\/\/femergs.com.br\/wfe\/wp-content\/uploads\/2025\/06\/logotipo.png","width":500,"height":500,"caption":"FEMERGS"},"image":{"@id":"https:\/\/femergs.com.br\/wfe\/#\/schema\/logo\/image\/"},"sameAs":["https:\/\/www.facebook.com\/profile.php?id=100057151733001","https:\/\/www.instagram.com\/femergs_rs\/"]},{"@type":"Person","@id":"https:\/\/femergs.com.br\/wfe\/#\/schema\/person\/f5558e6b5ffc044ee085016237dedb7f","name":"adminfemergs","image":{"@type":"ImageObject","inLanguage":"pt-BR","@id":"https:\/\/femergs.com.br\/wfe\/#\/schema\/person\/image\/","url":"https:\/\/secure.gravatar.com\/avatar\/398642fa557cdd524617ad9b31c938845f071aeb3448b9c0aeb29aefc495337b?s=96&d=mm&r=g","contentUrl":"https:\/\/secure.gravatar.com\/avatar\/398642fa557cdd524617ad9b31c938845f071aeb3448b9c0aeb29aefc495337b?s=96&d=mm&r=g","caption":"adminfemergs"},"sameAs":["https:\/\/femergs.com.br\/wfe"],"url":"https:\/\/femergs.com.br\/wfe\/blog\/author\/adminfemergs\/"}]}},"uagb_featured_image_src":{"full":false,"thumbnail":false,"medium":false,"medium_large":false,"large":false,"1536x1536":false,"2048x2048":false,"ultp_layout_landscape_large":false,"ultp_layout_landscape":false,"ultp_layout_portrait":false,"ultp_layout_square":false},"uagb_author_info":{"display_name":"adminfemergs","author_link":"https:\/\/femergs.com.br\/wfe\/blog\/author\/adminfemergs\/"},"uagb_comment_info":0,"uagb_excerpt":"No dia 15 de junho de 2018, na cidade de tr\u00eas Passos, foi realizada a reuni\u00e3o ordin\u00e1ria da FEMERGS\/CELEIRO. A regional reunida fez avalia\u00e7\u00e3o do semin\u00e1rio realizado em Mar\u00e7o, discutiu a conjuntura pol\u00edtica sindical deste momento no pa\u00eds. Bem como foram tratados assuntos referentes ao Congresso que realizarse_a em julho e tra\u00e7ando linhas para o&hellip;","_links":{"self":[{"href":"https:\/\/femergs.com.br\/wfe\/wp-json\/wp\/v2\/posts\/1131","targetHints":{"allow":["GET"]}}],"collection":[{"href":"https:\/\/femergs.com.br\/wfe\/wp-json\/wp\/v2\/posts"}],"about":[{"href":"https:\/\/femergs.com.br\/wfe\/wp-json\/wp\/v2\/types\/post"}],"author":[{"embeddable":true,"href":"https:\/\/femergs.com.br\/wfe\/wp-json\/wp\/v2\/users\/1"}],"replies":[{"embeddable":true,"href":"https:\/\/femergs.com.br\/wfe\/wp-json\/wp\/v2\/comments?post=1131"}],"version-history":[{"count":0,"href":"https:\/\/femergs.com.br\/wfe\/wp-json\/wp\/v2\/posts\/1131\/revisions"}],"wp:attachment":[{"href":"https:\/\/femergs.com.br\/wfe\/wp-json\/wp\/v2\/media?parent=1131"}],"wp:term":[{"taxonomy":"category","embeddable":true,"href":"https:\/\/femergs.com.br\/wfe\/wp-json\/wp\/v2\/categories?post=1131"},{"taxonomy":"post_tag","embeddable":true,"href":"https:\/\/femergs.com.br\/wfe\/wp-json\/wp\/v2\/tags?post=1131"}],"curies":[{"name":"wp","href":"https:\/\/api.w.org\/{rel}","templated":true}]}}