{"id":1132,"date":"2018-06-21T13:16:51","date_gmt":"2018-06-21T13:16:51","guid":{"rendered":"https:\/\/femergs.com.br\/wfe\/blog\/publicacao-de-chapas-registradas\/"},"modified":"2018-06-21T13:16:51","modified_gmt":"2018-06-21T13:16:51","slug":"publicacao-de-chapas-registradas","status":"publish","type":"post","link":"https:\/\/femergs.com.br\/wfe\/blog\/publicacao-de-chapas-registradas\/","title":{"rendered":"PUBLICA\u00c7\u00c3O DE CHAPAS REGISTRADAS"},"content":{"rendered":"<p>Cumprindo disposi\u00e7\u00f5es Estatut\u00e1rias e Legais, comunicamos \u00e0s entidades filiadas e a quem possa interessar, que para as Elei\u00e7\u00f5es da FEDERA\u00c7\u00c3O DOS MUNICIP\u00c1RIOS DO ESTADO DO RIO GRANDE DO SUL \u2013 FEMERGS, foi registrada CHAPA \u00daNICA como concorrente a elei\u00e7\u00e3o a que se refere o Edital publicado no dia 15 de maio de 2018 no site da entidade, e, no dia 18 de maio de 2018, publicado no Jornal Correio do Povo. Segue nominata dos candidatos para as elei\u00e7\u00f5es a se realizar em 21 de julho de 2018, com in\u00edcio da campanha a partir da presente data. DIRETORIA EFETIVA: PRESIDENTE: Vilson Jo\u00e3o Weber; VICE-PRESIDENTE: Jos\u00e9 Bonif\u00e1cio Almada Martins; SECRET\u00c1RIO GERAL: Luciano dos Santos; VICE-SECRET\u00c1RIA GERAL: Iracema Maria Frolich; SECRET\u00c1RIO DE FINAN\u00c7AS E ADMINISTRA\u00c7\u00c3O: Alcir da Fonseca; VICE-SECRET\u00c1RIO DE FINAN\u00c7AS E ADMINISTRA\u00c7\u00c3O: Paulo Rog\u00e9rio Chapuis da Luz; SECRET\u00c1RIA DE FORMA\u00c7\u00c3O: Clarice In\u00eas Mainardi; SECRET\u00c1RIA DE IMPRENSA E COMUNICA\u00c7\u00c3O: Lucinara Massolino; SECRET\u00c1RIA DA MULHER: \u00c2ngela Maria Regio Marques; SECRET\u00c1RIO DE POL\u00cdTICAS SOCIAIS: Eduardo Grespan; SECRET\u00c1RIO DE ASSUNTOS JUR\u00cdDICOS: S\u00e9rgio Jo\u00e3o Roessler; SECRET\u00c1RIO DE SA\u00daDE E SEGURAN\u00c7A DO TRABALHO: Ivonei Claudio F\u00e3o; SECRET\u00c1RIO DE ORGANIZA\u00c7\u00c3O SINDICAL: Eldo Ign\u00e1cio Grunitzky; SECRET\u00c1RIO DE ASSUNTOS PREVIDENCI\u00c1RIOS: Edson Flori Miotti Brand\u00e3o; SECRET\u00c1RIO DE PLANEJAMENTO: Iolanda Teresinha Carloto Pavanello; SECRET\u00c1RIA DE EDUCA\u00c7\u00c3O: Rosani Maria Lima Stocker. SUPLENTES DA DIRETORIA: Cristiane Val\u00e9rio, Nilson de Chaves, Sileia Correa Mewes, Marcio de Souza dos Santos, Ant\u00f4nio Aires dos Santos, Fernanda Grassi Veloso, Elaine Haab, Robson Cristiano Kamm, Alcir Osmar Gambeta. CONSELHO FISCAL &#8211; EFETIVOS: Cl\u00e9ber Monsson de Castro, Adriana Noronha e Olmiro Parolim. CONSELHO FISCAL &#8211; SUPLENTES: Joaquim Derli Marques Soares, Alexandre Paulus e Olma Maria Machado Leiton. SANTO \u00c2NGELO, 20 de junho de 2018. CRISTIAN CARMO FONTELLA ALEX DUR\u00c1ES BARBOSA Membro da Comiss\u00e3o Eleitoral Membro da Comiss\u00e3o Eleitoral LUCIANO DECKER &#8211; Membro da Comiss\u00e3o Eleitoral<\/p>\n","protected":false},"excerpt":{"rendered":"<p>Cumprindo disposi\u00e7\u00f5es Estatut\u00e1rias e Legais, comunicamos \u00e0s entidades filiadas e a quem possa interessar, que para as Elei\u00e7\u00f5es da FEDERA\u00c7\u00c3O DOS MUNICIP\u00c1RIOS DO ESTADO DO RIO GRANDE DO SUL \u2013 FEMERGS, foi registrada CHAPA \u00daNICA como concorrente a elei\u00e7\u00e3o a que se refere o Edital publicado no dia 15 de maio de 2018 no site [&hellip;]<\/p>\n","protected":false},"author":1,"featured_media":0,"comment_status":"closed","ping_status":"closed","sticky":false,"template":"","format":"standard","meta":{"_eb_attr":"","_uag_custom_page_level_css":"","fifu_image_url":"","fifu_image_alt":"","footnotes":""},"categories":[1],"tags":[32],"class_list":["post-1132","post","type-post","status-publish","format-standard","hentry","category-arquivadas","tag-null"],"yoast_head":"<!-- This site is optimized with the Yoast SEO plugin v27.1.1 - https:\/\/yoast.com\/product\/yoast-seo-wordpress\/ -->\n<title>PUBLICA\u00c7\u00c3O DE CHAPAS REGISTRADAS - Federa\u00e7\u00e3o dos Municip\u00e1rios do Estado do Rio Grande do Sul<\/title>\n<meta name=\"robots\" content=\"index, follow, max-snippet:-1, max-image-preview:large, max-video-preview:-1\" \/>\n<link rel=\"canonical\" href=\"https:\/\/femergs.com.br\/wfe\/blog\/publicacao-de-chapas-registradas\/\" \/>\n<meta property=\"og:locale\" content=\"pt_BR\" \/>\n<meta property=\"og:type\" content=\"article\" \/>\n<meta property=\"og:title\" content=\"PUBLICA\u00c7\u00c3O DE CHAPAS REGISTRADAS - Federa\u00e7\u00e3o dos Municip\u00e1rios do Estado do Rio Grande do Sul\" \/>\n<meta property=\"og:description\" content=\"Cumprindo disposi\u00e7\u00f5es Estatut\u00e1rias e Legais, comunicamos \u00e0s entidades filiadas e a quem possa interessar, que para as Elei\u00e7\u00f5es da FEDERA\u00c7\u00c3O DOS MUNICIP\u00c1RIOS DO ESTADO DO RIO GRANDE DO SUL \u2013 FEMERGS, foi registrada CHAPA \u00daNICA como concorrente a elei\u00e7\u00e3o a que se refere o Edital publicado no dia 15 de maio de 2018 no site [&hellip;]\" \/>\n<meta property=\"og:url\" content=\"https:\/\/femergs.com.br\/wfe\/blog\/publicacao-de-chapas-registradas\/\" \/>\n<meta property=\"og:site_name\" content=\"Federa\u00e7\u00e3o dos Municip\u00e1rios do Estado do Rio Grande do Sul\" \/>\n<meta property=\"article:publisher\" content=\"https:\/\/www.facebook.com\/profile.php?id=100057151733001\" \/>\n<meta property=\"article:published_time\" content=\"2018-06-21T13:16:51+00:00\" \/>\n<meta name=\"author\" content=\"adminfemergs\" \/>\n<meta name=\"twitter:card\" content=\"summary_large_image\" \/>\n<meta name=\"twitter:label1\" content=\"Escrito por\" \/>\n\t<meta name=\"twitter:data1\" content=\"adminfemergs\" \/>\n\t<meta name=\"twitter:label2\" content=\"Est. tempo de leitura\" \/>\n\t<meta name=\"twitter:data2\" content=\"2 minutos\" \/>\n<script type=\"application\/ld+json\" class=\"yoast-schema-graph\">{\"@context\":\"https:\/\/schema.org\",\"@graph\":[{\"@type\":\"Article\",\"@id\":\"https:\/\/femergs.com.br\/wfe\/blog\/publicacao-de-chapas-registradas\/#article\",\"isPartOf\":{\"@id\":\"https:\/\/femergs.com.br\/wfe\/blog\/publicacao-de-chapas-registradas\/\"},\"author\":{\"name\":\"adminfemergs\",\"@id\":\"https:\/\/femergs.com.br\/wfe\/#\/schema\/person\/f5558e6b5ffc044ee085016237dedb7f\"},\"headline\":\"PUBLICA\u00c7\u00c3O DE CHAPAS REGISTRADAS\",\"datePublished\":\"2018-06-21T13:16:51+00:00\",\"mainEntityOfPage\":{\"@id\":\"https:\/\/femergs.com.br\/wfe\/blog\/publicacao-de-chapas-registradas\/\"},\"wordCount\":341,\"publisher\":{\"@id\":\"https:\/\/femergs.com.br\/wfe\/#organization\"},\"keywords\":[\"NULL\"],\"articleSection\":[\"ARQUIVADAS\"],\"inLanguage\":\"pt-BR\"},{\"@type\":\"WebPage\",\"@id\":\"https:\/\/femergs.com.br\/wfe\/blog\/publicacao-de-chapas-registradas\/\",\"url\":\"https:\/\/femergs.com.br\/wfe\/blog\/publicacao-de-chapas-registradas\/\",\"name\":\"PUBLICA\u00c7\u00c3O DE CHAPAS REGISTRADAS - Federa\u00e7\u00e3o dos Municip\u00e1rios do Estado do Rio Grande do Sul\",\"isPartOf\":{\"@id\":\"https:\/\/femergs.com.br\/wfe\/#website\"},\"datePublished\":\"2018-06-21T13:16:51+00:00\",\"breadcrumb\":{\"@id\":\"https:\/\/femergs.com.br\/wfe\/blog\/publicacao-de-chapas-registradas\/#breadcrumb\"},\"inLanguage\":\"pt-BR\",\"potentialAction\":[{\"@type\":\"ReadAction\",\"target\":[\"https:\/\/femergs.com.br\/wfe\/blog\/publicacao-de-chapas-registradas\/\"]}]},{\"@type\":\"BreadcrumbList\",\"@id\":\"https:\/\/femergs.com.br\/wfe\/blog\/publicacao-de-chapas-registradas\/#breadcrumb\",\"itemListElement\":[{\"@type\":\"ListItem\",\"position\":1,\"name\":\"In\u00edcio\",\"item\":\"https:\/\/femergs.com.br\/wfe\/\"},{\"@type\":\"ListItem\",\"position\":2,\"name\":\"PUBLICA\u00c7\u00c3O DE CHAPAS REGISTRADAS\"}]},{\"@type\":\"WebSite\",\"@id\":\"https:\/\/femergs.com.br\/wfe\/#website\",\"url\":\"https:\/\/femergs.com.br\/wfe\/\",\"name\":\"FEMERGS\",\"description\":\"FEDERA\u00c7\u00c3O DOS MUNICIP\u00c1RIOS DO ESTADO DO RIO GRANDE DO SUL\",\"publisher\":{\"@id\":\"https:\/\/femergs.com.br\/wfe\/#organization\"},\"potentialAction\":[{\"@type\":\"SearchAction\",\"target\":{\"@type\":\"EntryPoint\",\"urlTemplate\":\"https:\/\/femergs.com.br\/wfe\/?s={search_term_string}\"},\"query-input\":{\"@type\":\"PropertyValueSpecification\",\"valueRequired\":true,\"valueName\":\"search_term_string\"}}],\"inLanguage\":\"pt-BR\"},{\"@type\":\"Organization\",\"@id\":\"https:\/\/femergs.com.br\/wfe\/#organization\",\"name\":\"FEMERGS\",\"url\":\"https:\/\/femergs.com.br\/wfe\/\",\"logo\":{\"@type\":\"ImageObject\",\"inLanguage\":\"pt-BR\",\"@id\":\"https:\/\/femergs.com.br\/wfe\/#\/schema\/logo\/image\/\",\"url\":\"https:\/\/femergs.com.br\/wfe\/wp-content\/uploads\/2025\/06\/logotipo.png\",\"contentUrl\":\"https:\/\/femergs.com.br\/wfe\/wp-content\/uploads\/2025\/06\/logotipo.png\",\"width\":500,\"height\":500,\"caption\":\"FEMERGS\"},\"image\":{\"@id\":\"https:\/\/femergs.com.br\/wfe\/#\/schema\/logo\/image\/\"},\"sameAs\":[\"https:\/\/www.facebook.com\/profile.php?id=100057151733001\",\"https:\/\/www.instagram.com\/femergs_rs\/\"]},{\"@type\":\"Person\",\"@id\":\"https:\/\/femergs.com.br\/wfe\/#\/schema\/person\/f5558e6b5ffc044ee085016237dedb7f\",\"name\":\"adminfemergs\",\"image\":{\"@type\":\"ImageObject\",\"inLanguage\":\"pt-BR\",\"@id\":\"https:\/\/femergs.com.br\/wfe\/#\/schema\/person\/image\/\",\"url\":\"https:\/\/secure.gravatar.com\/avatar\/398642fa557cdd524617ad9b31c938845f071aeb3448b9c0aeb29aefc495337b?s=96&d=mm&r=g\",\"contentUrl\":\"https:\/\/secure.gravatar.com\/avatar\/398642fa557cdd524617ad9b31c938845f071aeb3448b9c0aeb29aefc495337b?s=96&d=mm&r=g\",\"caption\":\"adminfemergs\"},\"sameAs\":[\"https:\/\/femergs.com.br\/wfe\"],\"url\":\"https:\/\/femergs.com.br\/wfe\/blog\/author\/adminfemergs\/\"}]}<\/script>\n<!-- \/ Yoast SEO plugin. -->","yoast_head_json":{"title":"PUBLICA\u00c7\u00c3O DE CHAPAS REGISTRADAS - Federa\u00e7\u00e3o dos Municip\u00e1rios do Estado do Rio Grande do Sul","robots":{"index":"index","follow":"follow","max-snippet":"max-snippet:-1","max-image-preview":"max-image-preview:large","max-video-preview":"max-video-preview:-1"},"canonical":"https:\/\/femergs.com.br\/wfe\/blog\/publicacao-de-chapas-registradas\/","og_locale":"pt_BR","og_type":"article","og_title":"PUBLICA\u00c7\u00c3O DE CHAPAS REGISTRADAS - Federa\u00e7\u00e3o dos Municip\u00e1rios do Estado do Rio Grande do Sul","og_description":"Cumprindo disposi\u00e7\u00f5es Estatut\u00e1rias e Legais, comunicamos \u00e0s entidades filiadas e a quem possa interessar, que para as Elei\u00e7\u00f5es da FEDERA\u00c7\u00c3O DOS MUNICIP\u00c1RIOS DO ESTADO DO RIO GRANDE DO SUL \u2013 FEMERGS, foi registrada CHAPA \u00daNICA como concorrente a elei\u00e7\u00e3o a que se refere o Edital publicado no dia 15 de maio de 2018 no site [&hellip;]","og_url":"https:\/\/femergs.com.br\/wfe\/blog\/publicacao-de-chapas-registradas\/","og_site_name":"Federa\u00e7\u00e3o dos Municip\u00e1rios do Estado do Rio Grande do Sul","article_publisher":"https:\/\/www.facebook.com\/profile.php?id=100057151733001","article_published_time":"2018-06-21T13:16:51+00:00","author":"adminfemergs","twitter_card":"summary_large_image","twitter_misc":{"Escrito por":"adminfemergs","Est. tempo de leitura":"2 minutos"},"schema":{"@context":"https:\/\/schema.org","@graph":[{"@type":"Article","@id":"https:\/\/femergs.com.br\/wfe\/blog\/publicacao-de-chapas-registradas\/#article","isPartOf":{"@id":"https:\/\/femergs.com.br\/wfe\/blog\/publicacao-de-chapas-registradas\/"},"author":{"name":"adminfemergs","@id":"https:\/\/femergs.com.br\/wfe\/#\/schema\/person\/f5558e6b5ffc044ee085016237dedb7f"},"headline":"PUBLICA\u00c7\u00c3O DE CHAPAS REGISTRADAS","datePublished":"2018-06-21T13:16:51+00:00","mainEntityOfPage":{"@id":"https:\/\/femergs.com.br\/wfe\/blog\/publicacao-de-chapas-registradas\/"},"wordCount":341,"publisher":{"@id":"https:\/\/femergs.com.br\/wfe\/#organization"},"keywords":["NULL"],"articleSection":["ARQUIVADAS"],"inLanguage":"pt-BR"},{"@type":"WebPage","@id":"https:\/\/femergs.com.br\/wfe\/blog\/publicacao-de-chapas-registradas\/","url":"https:\/\/femergs.com.br\/wfe\/blog\/publicacao-de-chapas-registradas\/","name":"PUBLICA\u00c7\u00c3O DE CHAPAS REGISTRADAS - Federa\u00e7\u00e3o dos Municip\u00e1rios do Estado do Rio Grande do Sul","isPartOf":{"@id":"https:\/\/femergs.com.br\/wfe\/#website"},"datePublished":"2018-06-21T13:16:51+00:00","breadcrumb":{"@id":"https:\/\/femergs.com.br\/wfe\/blog\/publicacao-de-chapas-registradas\/#breadcrumb"},"inLanguage":"pt-BR","potentialAction":[{"@type":"ReadAction","target":["https:\/\/femergs.com.br\/wfe\/blog\/publicacao-de-chapas-registradas\/"]}]},{"@type":"BreadcrumbList","@id":"https:\/\/femergs.com.br\/wfe\/blog\/publicacao-de-chapas-registradas\/#breadcrumb","itemListElement":[{"@type":"ListItem","position":1,"name":"In\u00edcio","item":"https:\/\/femergs.com.br\/wfe\/"},{"@type":"ListItem","position":2,"name":"PUBLICA\u00c7\u00c3O DE CHAPAS REGISTRADAS"}]},{"@type":"WebSite","@id":"https:\/\/femergs.com.br\/wfe\/#website","url":"https:\/\/femergs.com.br\/wfe\/","name":"FEMERGS","description":"FEDERA\u00c7\u00c3O DOS MUNICIP\u00c1RIOS DO ESTADO DO RIO GRANDE DO SUL","publisher":{"@id":"https:\/\/femergs.com.br\/wfe\/#organization"},"potentialAction":[{"@type":"SearchAction","target":{"@type":"EntryPoint","urlTemplate":"https:\/\/femergs.com.br\/wfe\/?s={search_term_string}"},"query-input":{"@type":"PropertyValueSpecification","valueRequired":true,"valueName":"search_term_string"}}],"inLanguage":"pt-BR"},{"@type":"Organization","@id":"https:\/\/femergs.com.br\/wfe\/#organization","name":"FEMERGS","url":"https:\/\/femergs.com.br\/wfe\/","logo":{"@type":"ImageObject","inLanguage":"pt-BR","@id":"https:\/\/femergs.com.br\/wfe\/#\/schema\/logo\/image\/","url":"https:\/\/femergs.com.br\/wfe\/wp-content\/uploads\/2025\/06\/logotipo.png","contentUrl":"https:\/\/femergs.com.br\/wfe\/wp-content\/uploads\/2025\/06\/logotipo.png","width":500,"height":500,"caption":"FEMERGS"},"image":{"@id":"https:\/\/femergs.com.br\/wfe\/#\/schema\/logo\/image\/"},"sameAs":["https:\/\/www.facebook.com\/profile.php?id=100057151733001","https:\/\/www.instagram.com\/femergs_rs\/"]},{"@type":"Person","@id":"https:\/\/femergs.com.br\/wfe\/#\/schema\/person\/f5558e6b5ffc044ee085016237dedb7f","name":"adminfemergs","image":{"@type":"ImageObject","inLanguage":"pt-BR","@id":"https:\/\/femergs.com.br\/wfe\/#\/schema\/person\/image\/","url":"https:\/\/secure.gravatar.com\/avatar\/398642fa557cdd524617ad9b31c938845f071aeb3448b9c0aeb29aefc495337b?s=96&d=mm&r=g","contentUrl":"https:\/\/secure.gravatar.com\/avatar\/398642fa557cdd524617ad9b31c938845f071aeb3448b9c0aeb29aefc495337b?s=96&d=mm&r=g","caption":"adminfemergs"},"sameAs":["https:\/\/femergs.com.br\/wfe"],"url":"https:\/\/femergs.com.br\/wfe\/blog\/author\/adminfemergs\/"}]}},"uagb_featured_image_src":{"full":false,"thumbnail":false,"medium":false,"medium_large":false,"large":false,"1536x1536":false,"2048x2048":false,"ultp_layout_landscape_large":false,"ultp_layout_landscape":false,"ultp_layout_portrait":false,"ultp_layout_square":false},"uagb_author_info":{"display_name":"adminfemergs","author_link":"https:\/\/femergs.com.br\/wfe\/blog\/author\/adminfemergs\/"},"uagb_comment_info":0,"uagb_excerpt":"Cumprindo disposi\u00e7\u00f5es Estatut\u00e1rias e Legais, comunicamos \u00e0s entidades filiadas e a quem possa interessar, que para as Elei\u00e7\u00f5es da FEDERA\u00c7\u00c3O DOS MUNICIP\u00c1RIOS DO ESTADO DO RIO GRANDE DO SUL \u2013 FEMERGS, foi registrada CHAPA \u00daNICA como concorrente a elei\u00e7\u00e3o a que se refere o Edital publicado no dia 15 de maio de 2018 no site&hellip;","_links":{"self":[{"href":"https:\/\/femergs.com.br\/wfe\/wp-json\/wp\/v2\/posts\/1132","targetHints":{"allow":["GET"]}}],"collection":[{"href":"https:\/\/femergs.com.br\/wfe\/wp-json\/wp\/v2\/posts"}],"about":[{"href":"https:\/\/femergs.com.br\/wfe\/wp-json\/wp\/v2\/types\/post"}],"author":[{"embeddable":true,"href":"https:\/\/femergs.com.br\/wfe\/wp-json\/wp\/v2\/users\/1"}],"replies":[{"embeddable":true,"href":"https:\/\/femergs.com.br\/wfe\/wp-json\/wp\/v2\/comments?post=1132"}],"version-history":[{"count":0,"href":"https:\/\/femergs.com.br\/wfe\/wp-json\/wp\/v2\/posts\/1132\/revisions"}],"wp:attachment":[{"href":"https:\/\/femergs.com.br\/wfe\/wp-json\/wp\/v2\/media?parent=1132"}],"wp:term":[{"taxonomy":"category","embeddable":true,"href":"https:\/\/femergs.com.br\/wfe\/wp-json\/wp\/v2\/categories?post=1132"},{"taxonomy":"post_tag","embeddable":true,"href":"https:\/\/femergs.com.br\/wfe\/wp-json\/wp\/v2\/tags?post=1132"}],"curies":[{"name":"wp","href":"https:\/\/api.w.org\/{rel}","templated":true}]}}