{"id":1133,"date":"2018-07-25T21:51:33","date_gmt":"2018-07-25T21:51:33","guid":{"rendered":"https:\/\/femergs.com.br\/wfe\/blog\/eleita-nova-gestao-da-femergs-2018-2021\/"},"modified":"2018-07-25T21:51:33","modified_gmt":"2018-07-25T21:51:33","slug":"eleita-nova-gestao-da-femergs-2018-2021","status":"publish","type":"post","link":"https:\/\/femergs.com.br\/wfe\/blog\/eleita-nova-gestao-da-femergs-2018-2021\/","title":{"rendered":"ELEITA NOVA GEST\u00c3O DA FEMERGS \u2013 2018\/2021"},"content":{"rendered":"<p>No dia 21 de Julho de 2018, em Santo \u00c2ngelo, na cidade sede e ber\u00e7o da Federa\u00e7\u00e3o dos Municip\u00e1rios do Estado do Rio Grande do Sul \u2013 FEMERGS, realizou-se o VIII Congresso Ordin\u00e1rio Estadual, comandando o pleito eleitoral a Comiss\u00e3o composta por:<br \/>\nLuciano Decker &#8211; Contador e Assessor Sindical,<br \/>\nCristian Fontella &#8211; Presidente do Sindicato do Com\u00e9rcio<br \/>\nAlex Barbosa &#8211; Presidente do sindicato dos Trab. da Industria de Alimenta\u00e7\u00e3o.<\/p>\n<p>Em intensa programa\u00e7\u00e3o da Comiss\u00e3o Organizadora, composta por Ivonei Claudio F\u00e3o, Vilson Jo\u00e3o Weber, Cristiane Valerio, Luciano Dos Santos e Rosani Lima Stocker, onde os representantes dos sindicatos aptos e os delegados foram recepcionados no CTG 20 de Setembro.<\/p>\n<p>Na parte da manh\u00e3 ap\u00f3s abertura oficial e Aprova\u00e7\u00e3o do Regimento Interno, tivemos a palestra da Desembargadora Brigida Joaquina Char\u00e3o Barcelos do Tribunal Regional do Trabalho do Rio Grande do Sul \u2013 TRT4, com o Tema: Perspectivas de Justi\u00e7a do Trabalho ap\u00f3s a Reforma Trabalhista, tendo um enfoque em esclarecimentos importantes sobre a Reforma Trabalhista e nos mostrou que devemos aumentar ainda mais as nossas for\u00e7as para mantermos nossos direitos adquiridos, pois muitas mudan\u00e7as vem por a\u00ed e s\u00f3 com a uni\u00e3o e a coragem vamos conseguir manter nossa bandeira de lutas da FEMERGS &#8220;Nenhum Direito a Menos&#8221;.<\/p>\n<p>Em sequencia a Comiss\u00e3o Eleitoral realizou a leitura dos Editais, as explica\u00e7\u00f5es necess\u00e1rias, a apresenta\u00e7\u00e3o da Chapa \u00danica e instala\u00e7\u00e3o do Processo Eleitoral, sendo que ap\u00f3s o recolhimento dos votos a Chapa \u00danica foi eleita com 98,50% dos votos v\u00e1lidos, sendo assim apresentada:<\/p>\n<p>DIRETORIA EFETIVA:<br \/>\nPRESIDENTE: Vilson Jo\u00e3o Weber;<br \/>\nVICE-PRESIDENTE: Jos\u00e9 Bonif\u00e1cio Almada Martins;<br \/>\nSECRET\u00c1RIO GERAL: Luciano dos Santos;<br \/>\nVICE-SECRET\u00c1RIA GERAL: Iracema Maria Frolich;<br \/>\n SECRET\u00c1RIO DE FINAN\u00c7AS E ADMINISTRA\u00c7\u00c3O: Alcir da Fonseca;<br \/>\nVICE-SECRET\u00c1RIO DE FINAN\u00c7AS E ADMINISTRA\u00c7\u00c3O: Paulo Rog\u00e9rio Chapuis da Luz;<br \/>\nSECRET\u00c1RIA DE FORMA\u00c7\u00c3O: Clarice In\u00eas Mainardi;<br \/>\nSECRET\u00c1RIA DE IMPRENSA E COMUNICA\u00c7\u00c3O: Lucinara Massolino;<br \/>\nSECRET\u00c1RIA DA MULHER: \u00c2ngela Maria Regio Marques;<br \/>\nSECRET\u00c1RIO DE POL\u00cdTICAS SOCIAIS: Eduardo Grespan;<br \/>\nSECRET\u00c1RIO DE ASSUNTOS JUR\u00cdDICOS: S\u00e9rgio Jo\u00e3o Roessler;<br \/>\nSECRET\u00c1RIO DE SA\u00daDE E SEGURAN\u00c7A DO TRABALHO: Ivonei Claudio F\u00e3o;<br \/>\nSECRET\u00c1RIO DE ORGANIZA\u00c7\u00c3O SINDICAL: Eldo Ign\u00e1cio Grunitzky;<br \/>\nSECRET\u00c1RIO DE ASSUNTOS PREVIDENCI\u00c1RIOS: Edson Flori Miotti Brand\u00e3o;<br \/>\nSECRET\u00c1RIO DE PLANEJAMENTO: Iolanda Teresinha Carloto Pavanello;<br \/>\nSECRET\u00c1RIA DE EDUCA\u00c7\u00c3O: Rosani Maria Lima Stocker;<br \/>\n SUPLENTES DA DIRETORIA: Cristiane Val\u00e9rio, Nilson de Chaves, Sileia Correa Mewes, Marcio de Souza dos Santos, Ant\u00f4nio Aires dos Santos, Fernanda Grassi Veloso, Elaine Haab, Robson Cristiano Kamm, Alcir Osmar Gambeta.<br \/>\nCONSELHO FISCAL &#8211; EFETIVOS: Cl\u00e9ber Monsson de Castro, Adriana Noronha e Olmiro Parolim.<br \/>\nCONSELHO FISCAL &#8211; SUPLENTES: Joaquim Derli Marques Soares, Alexandre Paulus e Olma Maria Machado Leiton.<\/p>\n<p>Tamb\u00e9m foi definida a desfilia\u00e7\u00e3o da Central \u00danica dos Trabalhadores &#8211; CUT e a filia\u00e7\u00e3o da FEMERGS a CSB &#8211; Central dos Sindicatos Brasileiros. Para o presidente da FEMERGS, Vilson Jo\u00e3o Weber, neste momento de dificuldades e tentativas de retiradas de direitos \u00e9 necess\u00e1ria a busca pela unidade da classe trabalhadora. \u201cA CSB, mesmo sem nos filiar, j\u00e1 havia nos ajudado dentro da organiza\u00e7\u00e3o e forma\u00e7\u00e3o. E isso nos ajudou a optar pela filia\u00e7\u00e3o \u00e0 Central. Eles nos ajudaram em nosso semin\u00e1rio, para conseguirmos parceria com o Tribunal Regional do Trabalho (TRT), nos convidaram para participar do Congresso Estadual da CSB-RS e tivemos a visita na nossa sede do Ant\u00f4nio Neto. Para n\u00f3s, foi importante esta aproxima\u00e7\u00e3o da CSB para formatar esta parceria\u201d.<br \/>\nO presidente da FEMERGS tamb\u00e9m comentou sobre as expectativas para o futuro com a parceria entre a Federa\u00e7\u00e3o e a Central.<br \/>\n\u201cAgora nos engajemos cada vez mais na luta pela classe trabalhadora. Teremos o apoio da Central para o nosso trabalho da base, buscando sempre uma unidade para fazer a resist\u00eancia e o enfrentamento neste momento t\u00e3o dif\u00edcil\u201d, completou o presidente da entidade, que tem como lema \u201cBase para a base\u201d.<br \/>\nO secret\u00e1rio de Comunica\u00e7\u00e3o da CSB RS, Andr\u00e9 Costa, acredita que a filia\u00e7\u00e3o significa uma maior representa\u00e7\u00e3o daCentral no servi\u00e7o p\u00fablico no estado.<br \/>\n\u201cA FEMERGS \u00e9 a maior federa\u00e7\u00e3o de servidor p\u00fablico municipal do estado do Rio Grande do Sul, e n\u00f3s, quanto CSB, os reconhecemos como a \u00fanica representante dos servidores p\u00fablicos municipais no estado. Neste processo que a gente vem sofrendo de ataques fort\u00edssimos ao servi\u00e7o p\u00fablico, hoje, temos representa\u00e7\u00e3o nos tr\u00eas n\u00edveis do servi\u00e7o p\u00fablico, federal, estadual e municipal. Com isso, nos tornamos a central de maior representa\u00e7\u00e3o no servi\u00e7o p\u00fablico no estado. \u00c9 mais um passo importante que demos neste processo\u201d, falou.<br \/>\nRepresentando a presidente da Seccional, Eliane Gerber, o secret\u00e1rio-geral Adriano Porto acredita que as duas entidades t\u00eam o mesmo conceito e prop\u00f3sito de deixar os sindicatos mais fortes.<br \/>\n\u201c\u00c9 uma federa\u00e7\u00e3o que tem um trabalho de raiz, um trabalho de campo muito forte, que chega muito pr\u00f3ximo dos seus filiados. A entidade tem o mesmo conceito que a CSB nacional, que \u00e9 deixar os sindicatos fortes e mais pr\u00f3ximos da categoria. No Rio Grande do Sul, isso apresenta para todo meio sindical que o trabalho que a CSB vem fazendo por aqui no estado \u00e9 verdadeiro e que tomou propor\u00e7\u00f5es que a gente n\u00e3o imaginava\u201d finalizou Porto.<\/p>\n","protected":false},"excerpt":{"rendered":"<p>No dia 21 de Julho de 2018, em Santo \u00c2ngelo, na cidade sede e ber\u00e7o da Federa\u00e7\u00e3o dos Municip\u00e1rios do Estado do Rio Grande do Sul \u2013 FEMERGS, realizou-se o VIII Congresso Ordin\u00e1rio Estadual, comandando o pleito eleitoral a Comiss\u00e3o composta por: Luciano Decker &#8211; Contador e Assessor Sindical, Cristian Fontella &#8211; Presidente do Sindicato [&hellip;]<\/p>\n","protected":false},"author":1,"featured_media":0,"comment_status":"closed","ping_status":"closed","sticky":false,"template":"","format":"standard","meta":{"_eb_attr":"","_uag_custom_page_level_css":"","fifu_image_url":"","fifu_image_alt":"","footnotes":""},"categories":[1],"tags":[32],"class_list":["post-1133","post","type-post","status-publish","format-standard","hentry","category-arquivadas","tag-null"],"yoast_head":"<!-- This site is optimized with the Yoast SEO plugin v27.1.1 - https:\/\/yoast.com\/product\/yoast-seo-wordpress\/ -->\n<title>ELEITA NOVA GEST\u00c3O DA FEMERGS \u2013 2018\/2021 - Federa\u00e7\u00e3o dos Municip\u00e1rios do Estado do Rio Grande do Sul<\/title>\n<meta name=\"robots\" content=\"index, follow, max-snippet:-1, max-image-preview:large, max-video-preview:-1\" \/>\n<link rel=\"canonical\" href=\"https:\/\/femergs.com.br\/wfe\/blog\/eleita-nova-gestao-da-femergs-2018-2021\/\" \/>\n<meta property=\"og:locale\" content=\"pt_BR\" \/>\n<meta property=\"og:type\" content=\"article\" \/>\n<meta property=\"og:title\" content=\"ELEITA NOVA GEST\u00c3O DA FEMERGS \u2013 2018\/2021 - Federa\u00e7\u00e3o dos Municip\u00e1rios do Estado do Rio Grande do Sul\" \/>\n<meta property=\"og:description\" content=\"No dia 21 de Julho de 2018, em Santo \u00c2ngelo, na cidade sede e ber\u00e7o da Federa\u00e7\u00e3o dos Municip\u00e1rios do Estado do Rio Grande do Sul \u2013 FEMERGS, realizou-se o VIII Congresso Ordin\u00e1rio Estadual, comandando o pleito eleitoral a Comiss\u00e3o composta por: Luciano Decker &#8211; Contador e Assessor Sindical, Cristian Fontella &#8211; Presidente do Sindicato [&hellip;]\" \/>\n<meta property=\"og:url\" content=\"https:\/\/femergs.com.br\/wfe\/blog\/eleita-nova-gestao-da-femergs-2018-2021\/\" \/>\n<meta property=\"og:site_name\" content=\"Federa\u00e7\u00e3o dos Municip\u00e1rios do Estado do Rio Grande do Sul\" \/>\n<meta property=\"article:publisher\" content=\"https:\/\/www.facebook.com\/profile.php?id=100057151733001\" \/>\n<meta property=\"article:published_time\" content=\"2018-07-25T21:51:33+00:00\" \/>\n<meta name=\"author\" content=\"adminfemergs\" \/>\n<meta name=\"twitter:card\" content=\"summary_large_image\" \/>\n<meta name=\"twitter:label1\" content=\"Escrito por\" \/>\n\t<meta name=\"twitter:data1\" content=\"adminfemergs\" \/>\n\t<meta name=\"twitter:label2\" content=\"Est. tempo de leitura\" \/>\n\t<meta name=\"twitter:data2\" content=\"5 minutos\" \/>\n<script type=\"application\/ld+json\" class=\"yoast-schema-graph\">{\"@context\":\"https:\/\/schema.org\",\"@graph\":[{\"@type\":\"Article\",\"@id\":\"https:\/\/femergs.com.br\/wfe\/blog\/eleita-nova-gestao-da-femergs-2018-2021\/#article\",\"isPartOf\":{\"@id\":\"https:\/\/femergs.com.br\/wfe\/blog\/eleita-nova-gestao-da-femergs-2018-2021\/\"},\"author\":{\"name\":\"adminfemergs\",\"@id\":\"https:\/\/femergs.com.br\/wfe\/#\/schema\/person\/f5558e6b5ffc044ee085016237dedb7f\"},\"headline\":\"ELEITA NOVA GEST\u00c3O DA FEMERGS \u2013 2018\/2021\",\"datePublished\":\"2018-07-25T21:51:33+00:00\",\"mainEntityOfPage\":{\"@id\":\"https:\/\/femergs.com.br\/wfe\/blog\/eleita-nova-gestao-da-femergs-2018-2021\/\"},\"wordCount\":930,\"publisher\":{\"@id\":\"https:\/\/femergs.com.br\/wfe\/#organization\"},\"keywords\":[\"NULL\"],\"articleSection\":[\"ARQUIVADAS\"],\"inLanguage\":\"pt-BR\"},{\"@type\":\"WebPage\",\"@id\":\"https:\/\/femergs.com.br\/wfe\/blog\/eleita-nova-gestao-da-femergs-2018-2021\/\",\"url\":\"https:\/\/femergs.com.br\/wfe\/blog\/eleita-nova-gestao-da-femergs-2018-2021\/\",\"name\":\"ELEITA NOVA GEST\u00c3O DA FEMERGS \u2013 2018\/2021 - Federa\u00e7\u00e3o dos Municip\u00e1rios do Estado do Rio Grande do Sul\",\"isPartOf\":{\"@id\":\"https:\/\/femergs.com.br\/wfe\/#website\"},\"datePublished\":\"2018-07-25T21:51:33+00:00\",\"breadcrumb\":{\"@id\":\"https:\/\/femergs.com.br\/wfe\/blog\/eleita-nova-gestao-da-femergs-2018-2021\/#breadcrumb\"},\"inLanguage\":\"pt-BR\",\"potentialAction\":[{\"@type\":\"ReadAction\",\"target\":[\"https:\/\/femergs.com.br\/wfe\/blog\/eleita-nova-gestao-da-femergs-2018-2021\/\"]}]},{\"@type\":\"BreadcrumbList\",\"@id\":\"https:\/\/femergs.com.br\/wfe\/blog\/eleita-nova-gestao-da-femergs-2018-2021\/#breadcrumb\",\"itemListElement\":[{\"@type\":\"ListItem\",\"position\":1,\"name\":\"In\u00edcio\",\"item\":\"https:\/\/femergs.com.br\/wfe\/\"},{\"@type\":\"ListItem\",\"position\":2,\"name\":\"ELEITA NOVA GEST\u00c3O DA FEMERGS \u2013 2018\/2021\"}]},{\"@type\":\"WebSite\",\"@id\":\"https:\/\/femergs.com.br\/wfe\/#website\",\"url\":\"https:\/\/femergs.com.br\/wfe\/\",\"name\":\"FEMERGS\",\"description\":\"FEDERA\u00c7\u00c3O DOS MUNICIP\u00c1RIOS DO ESTADO DO RIO GRANDE DO SUL\",\"publisher\":{\"@id\":\"https:\/\/femergs.com.br\/wfe\/#organization\"},\"potentialAction\":[{\"@type\":\"SearchAction\",\"target\":{\"@type\":\"EntryPoint\",\"urlTemplate\":\"https:\/\/femergs.com.br\/wfe\/?s={search_term_string}\"},\"query-input\":{\"@type\":\"PropertyValueSpecification\",\"valueRequired\":true,\"valueName\":\"search_term_string\"}}],\"inLanguage\":\"pt-BR\"},{\"@type\":\"Organization\",\"@id\":\"https:\/\/femergs.com.br\/wfe\/#organization\",\"name\":\"FEMERGS\",\"url\":\"https:\/\/femergs.com.br\/wfe\/\",\"logo\":{\"@type\":\"ImageObject\",\"inLanguage\":\"pt-BR\",\"@id\":\"https:\/\/femergs.com.br\/wfe\/#\/schema\/logo\/image\/\",\"url\":\"https:\/\/femergs.com.br\/wfe\/wp-content\/uploads\/2025\/06\/logotipo.png\",\"contentUrl\":\"https:\/\/femergs.com.br\/wfe\/wp-content\/uploads\/2025\/06\/logotipo.png\",\"width\":500,\"height\":500,\"caption\":\"FEMERGS\"},\"image\":{\"@id\":\"https:\/\/femergs.com.br\/wfe\/#\/schema\/logo\/image\/\"},\"sameAs\":[\"https:\/\/www.facebook.com\/profile.php?id=100057151733001\",\"https:\/\/www.instagram.com\/femergs_rs\/\"]},{\"@type\":\"Person\",\"@id\":\"https:\/\/femergs.com.br\/wfe\/#\/schema\/person\/f5558e6b5ffc044ee085016237dedb7f\",\"name\":\"adminfemergs\",\"image\":{\"@type\":\"ImageObject\",\"inLanguage\":\"pt-BR\",\"@id\":\"https:\/\/femergs.com.br\/wfe\/#\/schema\/person\/image\/\",\"url\":\"https:\/\/secure.gravatar.com\/avatar\/398642fa557cdd524617ad9b31c938845f071aeb3448b9c0aeb29aefc495337b?s=96&d=mm&r=g\",\"contentUrl\":\"https:\/\/secure.gravatar.com\/avatar\/398642fa557cdd524617ad9b31c938845f071aeb3448b9c0aeb29aefc495337b?s=96&d=mm&r=g\",\"caption\":\"adminfemergs\"},\"sameAs\":[\"https:\/\/femergs.com.br\/wfe\"],\"url\":\"https:\/\/femergs.com.br\/wfe\/blog\/author\/adminfemergs\/\"}]}<\/script>\n<!-- \/ Yoast SEO plugin. -->","yoast_head_json":{"title":"ELEITA NOVA GEST\u00c3O DA FEMERGS \u2013 2018\/2021 - Federa\u00e7\u00e3o dos Municip\u00e1rios do Estado do Rio Grande do Sul","robots":{"index":"index","follow":"follow","max-snippet":"max-snippet:-1","max-image-preview":"max-image-preview:large","max-video-preview":"max-video-preview:-1"},"canonical":"https:\/\/femergs.com.br\/wfe\/blog\/eleita-nova-gestao-da-femergs-2018-2021\/","og_locale":"pt_BR","og_type":"article","og_title":"ELEITA NOVA GEST\u00c3O DA FEMERGS \u2013 2018\/2021 - Federa\u00e7\u00e3o dos Municip\u00e1rios do Estado do Rio Grande do Sul","og_description":"No dia 21 de Julho de 2018, em Santo \u00c2ngelo, na cidade sede e ber\u00e7o da Federa\u00e7\u00e3o dos Municip\u00e1rios do Estado do Rio Grande do Sul \u2013 FEMERGS, realizou-se o VIII Congresso Ordin\u00e1rio Estadual, comandando o pleito eleitoral a Comiss\u00e3o composta por: Luciano Decker &#8211; Contador e Assessor Sindical, Cristian Fontella &#8211; Presidente do Sindicato [&hellip;]","og_url":"https:\/\/femergs.com.br\/wfe\/blog\/eleita-nova-gestao-da-femergs-2018-2021\/","og_site_name":"Federa\u00e7\u00e3o dos Municip\u00e1rios do Estado do Rio Grande do Sul","article_publisher":"https:\/\/www.facebook.com\/profile.php?id=100057151733001","article_published_time":"2018-07-25T21:51:33+00:00","author":"adminfemergs","twitter_card":"summary_large_image","twitter_misc":{"Escrito por":"adminfemergs","Est. tempo de leitura":"5 minutos"},"schema":{"@context":"https:\/\/schema.org","@graph":[{"@type":"Article","@id":"https:\/\/femergs.com.br\/wfe\/blog\/eleita-nova-gestao-da-femergs-2018-2021\/#article","isPartOf":{"@id":"https:\/\/femergs.com.br\/wfe\/blog\/eleita-nova-gestao-da-femergs-2018-2021\/"},"author":{"name":"adminfemergs","@id":"https:\/\/femergs.com.br\/wfe\/#\/schema\/person\/f5558e6b5ffc044ee085016237dedb7f"},"headline":"ELEITA NOVA GEST\u00c3O DA FEMERGS \u2013 2018\/2021","datePublished":"2018-07-25T21:51:33+00:00","mainEntityOfPage":{"@id":"https:\/\/femergs.com.br\/wfe\/blog\/eleita-nova-gestao-da-femergs-2018-2021\/"},"wordCount":930,"publisher":{"@id":"https:\/\/femergs.com.br\/wfe\/#organization"},"keywords":["NULL"],"articleSection":["ARQUIVADAS"],"inLanguage":"pt-BR"},{"@type":"WebPage","@id":"https:\/\/femergs.com.br\/wfe\/blog\/eleita-nova-gestao-da-femergs-2018-2021\/","url":"https:\/\/femergs.com.br\/wfe\/blog\/eleita-nova-gestao-da-femergs-2018-2021\/","name":"ELEITA NOVA GEST\u00c3O DA FEMERGS \u2013 2018\/2021 - Federa\u00e7\u00e3o dos Municip\u00e1rios do Estado do Rio Grande do Sul","isPartOf":{"@id":"https:\/\/femergs.com.br\/wfe\/#website"},"datePublished":"2018-07-25T21:51:33+00:00","breadcrumb":{"@id":"https:\/\/femergs.com.br\/wfe\/blog\/eleita-nova-gestao-da-femergs-2018-2021\/#breadcrumb"},"inLanguage":"pt-BR","potentialAction":[{"@type":"ReadAction","target":["https:\/\/femergs.com.br\/wfe\/blog\/eleita-nova-gestao-da-femergs-2018-2021\/"]}]},{"@type":"BreadcrumbList","@id":"https:\/\/femergs.com.br\/wfe\/blog\/eleita-nova-gestao-da-femergs-2018-2021\/#breadcrumb","itemListElement":[{"@type":"ListItem","position":1,"name":"In\u00edcio","item":"https:\/\/femergs.com.br\/wfe\/"},{"@type":"ListItem","position":2,"name":"ELEITA NOVA GEST\u00c3O DA FEMERGS \u2013 2018\/2021"}]},{"@type":"WebSite","@id":"https:\/\/femergs.com.br\/wfe\/#website","url":"https:\/\/femergs.com.br\/wfe\/","name":"FEMERGS","description":"FEDERA\u00c7\u00c3O DOS MUNICIP\u00c1RIOS DO ESTADO DO RIO GRANDE DO SUL","publisher":{"@id":"https:\/\/femergs.com.br\/wfe\/#organization"},"potentialAction":[{"@type":"SearchAction","target":{"@type":"EntryPoint","urlTemplate":"https:\/\/femergs.com.br\/wfe\/?s={search_term_string}"},"query-input":{"@type":"PropertyValueSpecification","valueRequired":true,"valueName":"search_term_string"}}],"inLanguage":"pt-BR"},{"@type":"Organization","@id":"https:\/\/femergs.com.br\/wfe\/#organization","name":"FEMERGS","url":"https:\/\/femergs.com.br\/wfe\/","logo":{"@type":"ImageObject","inLanguage":"pt-BR","@id":"https:\/\/femergs.com.br\/wfe\/#\/schema\/logo\/image\/","url":"https:\/\/femergs.com.br\/wfe\/wp-content\/uploads\/2025\/06\/logotipo.png","contentUrl":"https:\/\/femergs.com.br\/wfe\/wp-content\/uploads\/2025\/06\/logotipo.png","width":500,"height":500,"caption":"FEMERGS"},"image":{"@id":"https:\/\/femergs.com.br\/wfe\/#\/schema\/logo\/image\/"},"sameAs":["https:\/\/www.facebook.com\/profile.php?id=100057151733001","https:\/\/www.instagram.com\/femergs_rs\/"]},{"@type":"Person","@id":"https:\/\/femergs.com.br\/wfe\/#\/schema\/person\/f5558e6b5ffc044ee085016237dedb7f","name":"adminfemergs","image":{"@type":"ImageObject","inLanguage":"pt-BR","@id":"https:\/\/femergs.com.br\/wfe\/#\/schema\/person\/image\/","url":"https:\/\/secure.gravatar.com\/avatar\/398642fa557cdd524617ad9b31c938845f071aeb3448b9c0aeb29aefc495337b?s=96&d=mm&r=g","contentUrl":"https:\/\/secure.gravatar.com\/avatar\/398642fa557cdd524617ad9b31c938845f071aeb3448b9c0aeb29aefc495337b?s=96&d=mm&r=g","caption":"adminfemergs"},"sameAs":["https:\/\/femergs.com.br\/wfe"],"url":"https:\/\/femergs.com.br\/wfe\/blog\/author\/adminfemergs\/"}]}},"uagb_featured_image_src":{"full":false,"thumbnail":false,"medium":false,"medium_large":false,"large":false,"1536x1536":false,"2048x2048":false,"ultp_layout_landscape_large":false,"ultp_layout_landscape":false,"ultp_layout_portrait":false,"ultp_layout_square":false},"uagb_author_info":{"display_name":"adminfemergs","author_link":"https:\/\/femergs.com.br\/wfe\/blog\/author\/adminfemergs\/"},"uagb_comment_info":0,"uagb_excerpt":"No dia 21 de Julho de 2018, em Santo \u00c2ngelo, na cidade sede e ber\u00e7o da Federa\u00e7\u00e3o dos Municip\u00e1rios do Estado do Rio Grande do Sul \u2013 FEMERGS, realizou-se o VIII Congresso Ordin\u00e1rio Estadual, comandando o pleito eleitoral a Comiss\u00e3o composta por: Luciano Decker &#8211; Contador e Assessor Sindical, Cristian Fontella &#8211; Presidente do Sindicato&hellip;","_links":{"self":[{"href":"https:\/\/femergs.com.br\/wfe\/wp-json\/wp\/v2\/posts\/1133","targetHints":{"allow":["GET"]}}],"collection":[{"href":"https:\/\/femergs.com.br\/wfe\/wp-json\/wp\/v2\/posts"}],"about":[{"href":"https:\/\/femergs.com.br\/wfe\/wp-json\/wp\/v2\/types\/post"}],"author":[{"embeddable":true,"href":"https:\/\/femergs.com.br\/wfe\/wp-json\/wp\/v2\/users\/1"}],"replies":[{"embeddable":true,"href":"https:\/\/femergs.com.br\/wfe\/wp-json\/wp\/v2\/comments?post=1133"}],"version-history":[{"count":0,"href":"https:\/\/femergs.com.br\/wfe\/wp-json\/wp\/v2\/posts\/1133\/revisions"}],"wp:attachment":[{"href":"https:\/\/femergs.com.br\/wfe\/wp-json\/wp\/v2\/media?parent=1133"}],"wp:term":[{"taxonomy":"category","embeddable":true,"href":"https:\/\/femergs.com.br\/wfe\/wp-json\/wp\/v2\/categories?post=1133"},{"taxonomy":"post_tag","embeddable":true,"href":"https:\/\/femergs.com.br\/wfe\/wp-json\/wp\/v2\/tags?post=1133"}],"curies":[{"name":"wp","href":"https:\/\/api.w.org\/{rel}","templated":true}]}}