{"id":1134,"date":"2018-07-30T12:09:34","date_gmt":"2018-07-30T12:09:34","guid":{"rendered":"https:\/\/femergs.com.br\/wfe\/blog\/nota-publica-fusao-da-justica-do-trabalho-e-federal-prejudicara-direitos-de-cidadania\/"},"modified":"2018-07-30T12:09:34","modified_gmt":"2018-07-30T12:09:34","slug":"nota-publica-fusao-da-justica-do-trabalho-e-federal-prejudicara-direitos-de-cidadania","status":"publish","type":"post","link":"https:\/\/femergs.com.br\/wfe\/blog\/nota-publica-fusao-da-justica-do-trabalho-e-federal-prejudicara-direitos-de-cidadania\/","title":{"rendered":"NOTA P\u00daBLICA: Fus\u00e3o da Justi\u00e7a do Trabalho e Federal prejudicar\u00e1 direitos de cidadania"},"content":{"rendered":"<p>A Anamatra (Associa\u00e7\u00e3o Nacional dos Magistrados da Justi\u00e7a do Trabalho), entidade representativa de mais de 4 mil ju\u00edzes do Trabalho, tendo em vista a publicidade recente em torno de eventos que versar\u00e3o uma poss\u00edvel incorpora\u00e7\u00e3o da Justi\u00e7a do Trabalho \u00e0 Federal, vem a p\u00fablico registrar o seguinte:<\/p>\n<p>1 \u2013 A Anamatra expressa sua inteira contrariedade com a tese da fus\u00e3o entre a Justi\u00e7a do Trabalho e Justi\u00e7a Federal comum, ou a incorpora\u00e7\u00e3o, ou ainda a \u201cabsor\u00e7\u00e3o\u201d daquela por esta, pela \u00f3bvia insensatez da proposta.<\/p>\n<p>\n2 \u2013 Ainda que existisse qualquer projeto legislativo fact\u00edvel neste sentido \u2013 o que n\u00e3o ocorre &#8211; , eventual \u201cfus\u00e3o\u201d esbarraria no rol expresso de compet\u00eancias atribu\u00eddo a cada ramo judici\u00e1rio pela Constitui\u00e7\u00e3o Federal e na natural especializa\u00e7\u00e3o profissional que disto decorre. Cabe ressaltar que a compet\u00eancia material da Justi\u00e7a do Trabalho, a teor do art. 114 da Constitui\u00e7\u00e3o, reflete a tend\u00eancia mundial de especializa\u00e7\u00e3o funcional, havendo estruturas similares \u00e0 Justi\u00e7a do Trabalho em pa\u00edses os mais diversos, como Argentina, Chile, M\u00e9xico, Alemanha, B\u00e9lgica, Su\u00e9cia, Noruega, Reino Unido e Nova Zel\u00e2ndia.<\/p>\n<p>\n3 \u2013 Tais propostas, ademais, padecem de uma impossibilidade de ordem f\u00edsica. Concebida pelo constituinte origin\u00e1rio de 1988 para se tornar o segmento judici\u00e1rio mais acess\u00edvel ao jurisdicionado \u2013 em especial ao hipossuficiente -, a Justi\u00e7a do Trabalho possui estrutura significativamente maior e mais capilarizada. Al\u00e9m disso, a unifica\u00e7\u00e3o acarretaria imediato caos organizacional, interferindo, inclusive, com garantias constitucionais da Magistratura, dentre as quais a progress\u00e3o por antiguidade, ocasionando prov\u00e1veis preju\u00edzos \u00e0 qualidade, \u00e0 celeridade e \u00e0 efetividade da atua\u00e7\u00e3o jurisdicional do novo \u00f3rg\u00e3o.<\/p>\n<p>\n4 \u2013 A Justi\u00e7a do Trabalho, concebida como aparato constitucionalmente adequado para conferir efetividade aos direitos e garantias sociais fundamentais, comp\u00f5e o atual modelo republicano de acesso \u00e0 cidadania plena, de modo que quaisquer retrocessos estruturais desafiam os termos do art.26 do Pacto de San Jose de Costa Rica, como tamb\u00e9m, em perspectiva, os do art.60, par\u00e1grafo 4\u00ba, da Constitui\u00e7\u00e3o Federal.<\/p>\n<p>\n5 \u2013 Nesse encal\u00e7o, eventual fus\u00e3o de tal natureza representaria, no limite, ato de hostilidade \u00e0 cidadania, t\u00e3o ostensivo e inconceb\u00edvel quanto a extin\u00e7\u00e3o, por exemplo, da fiscaliza\u00e7\u00e3o do trabalho ou do Sistema \u00danico de Sa\u00fade. Afrontar-se-ia diretamente, repise-se, o artigo 26 da Conven\u00e7\u00e3o Americana de Direitos, pelo qual o Brasil se compromete \u201ca adotar provid\u00eancias, tanto no \u00e2mbito interno como mediante coopera\u00e7\u00e3o internacional, especialmente econ\u00f4mica e t\u00e9cnica, a fim de conseguir progressivamente a plena efetividade dos direitos que decorrem das normas econ\u00f4micas, sociais e sobre educa\u00e7\u00e3o, ci\u00eancia e cultura (&#8230;)\u201d.<\/p>\n<p>\n6 \u2013 Forte nessa ideia, a Anamatra recha\u00e7a as teses de fus\u00e3o\/incorpora\u00e7\u00e3o dos ramos judici\u00e1rios da Uni\u00e3o e, bem assim, o jornalismo inconsequente que pretende catapultar-se nelas, augurando que ambas, Justi\u00e7a do Trabalho e Justi\u00e7a Federal, sigam a prestar, com plena autonomia, os competentes servi\u00e7os judici\u00e1rios que atualmente desenvolvem.<\/p>\n<p>\nGuilherme Guimar\u00e3es Feliciano<br \/>\nPresidente da Anamatra<\/p>\n<p><a href=\"https:\/\/www.anamatra.org.br\/imprensa\/noticias\/26720-nota-publica-anamatra-entende-que-eventual-fusao-da-justica-do-trabalho-e-federal-prejudicaria-direitos-de-cidadania\">https:\/\/www.anamatra.org.br\/imprensa\/noticias\/26720-nota-publica-anamatra-entende-que-eventual-fusao-da-justica-do-trabalho-e-federal-prejudicaria-direitos-de-cidadania<\/a><\/p>\n","protected":false},"excerpt":{"rendered":"<p>A Anamatra (Associa\u00e7\u00e3o Nacional dos Magistrados da Justi\u00e7a do Trabalho), entidade representativa de mais de 4 mil ju\u00edzes do Trabalho, tendo em vista a publicidade recente em torno de eventos que versar\u00e3o uma poss\u00edvel incorpora\u00e7\u00e3o da Justi\u00e7a do Trabalho \u00e0 Federal, vem a p\u00fablico registrar o seguinte: 1 \u2013 A Anamatra expressa sua inteira contrariedade [&hellip;]<\/p>\n","protected":false},"author":1,"featured_media":0,"comment_status":"closed","ping_status":"closed","sticky":false,"template":"","format":"standard","meta":{"_eb_attr":"","_uag_custom_page_level_css":"","fifu_image_url":"","fifu_image_alt":"","footnotes":""},"categories":[1],"tags":[32],"class_list":["post-1134","post","type-post","status-publish","format-standard","hentry","category-arquivadas","tag-null"],"yoast_head":"<!-- This site is optimized with the Yoast SEO plugin v27.1.1 - https:\/\/yoast.com\/product\/yoast-seo-wordpress\/ -->\n<title>NOTA P\u00daBLICA: Fus\u00e3o da Justi\u00e7a do Trabalho e Federal prejudicar\u00e1 direitos de cidadania - Federa\u00e7\u00e3o dos Municip\u00e1rios do Estado do Rio Grande do Sul<\/title>\n<meta name=\"robots\" content=\"index, follow, max-snippet:-1, max-image-preview:large, max-video-preview:-1\" \/>\n<link rel=\"canonical\" href=\"https:\/\/femergs.com.br\/wfe\/blog\/nota-publica-fusao-da-justica-do-trabalho-e-federal-prejudicara-direitos-de-cidadania\/\" \/>\n<meta property=\"og:locale\" content=\"pt_BR\" \/>\n<meta property=\"og:type\" content=\"article\" \/>\n<meta property=\"og:title\" content=\"NOTA P\u00daBLICA: Fus\u00e3o da Justi\u00e7a do Trabalho e Federal prejudicar\u00e1 direitos de cidadania - Federa\u00e7\u00e3o dos Municip\u00e1rios do Estado do Rio Grande do Sul\" \/>\n<meta property=\"og:description\" content=\"A Anamatra (Associa\u00e7\u00e3o Nacional dos Magistrados da Justi\u00e7a do Trabalho), entidade representativa de mais de 4 mil ju\u00edzes do Trabalho, tendo em vista a publicidade recente em torno de eventos que versar\u00e3o uma poss\u00edvel incorpora\u00e7\u00e3o da Justi\u00e7a do Trabalho \u00e0 Federal, vem a p\u00fablico registrar o seguinte: 1 \u2013 A Anamatra expressa sua inteira contrariedade [&hellip;]\" \/>\n<meta property=\"og:url\" content=\"https:\/\/femergs.com.br\/wfe\/blog\/nota-publica-fusao-da-justica-do-trabalho-e-federal-prejudicara-direitos-de-cidadania\/\" \/>\n<meta property=\"og:site_name\" content=\"Federa\u00e7\u00e3o dos Municip\u00e1rios do Estado do Rio Grande do Sul\" \/>\n<meta property=\"article:publisher\" content=\"https:\/\/www.facebook.com\/profile.php?id=100057151733001\" \/>\n<meta property=\"article:published_time\" content=\"2018-07-30T12:09:34+00:00\" \/>\n<meta name=\"author\" content=\"adminfemergs\" \/>\n<meta name=\"twitter:card\" content=\"summary_large_image\" \/>\n<meta name=\"twitter:label1\" content=\"Escrito por\" \/>\n\t<meta name=\"twitter:data1\" content=\"adminfemergs\" \/>\n\t<meta name=\"twitter:label2\" content=\"Est. tempo de leitura\" \/>\n\t<meta name=\"twitter:data2\" content=\"3 minutos\" \/>\n<script type=\"application\/ld+json\" class=\"yoast-schema-graph\">{\"@context\":\"https:\/\/schema.org\",\"@graph\":[{\"@type\":\"Article\",\"@id\":\"https:\/\/femergs.com.br\/wfe\/blog\/nota-publica-fusao-da-justica-do-trabalho-e-federal-prejudicara-direitos-de-cidadania\/#article\",\"isPartOf\":{\"@id\":\"https:\/\/femergs.com.br\/wfe\/blog\/nota-publica-fusao-da-justica-do-trabalho-e-federal-prejudicara-direitos-de-cidadania\/\"},\"author\":{\"name\":\"adminfemergs\",\"@id\":\"https:\/\/femergs.com.br\/wfe\/#\/schema\/person\/f5558e6b5ffc044ee085016237dedb7f\"},\"headline\":\"NOTA P\u00daBLICA: Fus\u00e3o da Justi\u00e7a do Trabalho e Federal prejudicar\u00e1 direitos de cidadania\",\"datePublished\":\"2018-07-30T12:09:34+00:00\",\"mainEntityOfPage\":{\"@id\":\"https:\/\/femergs.com.br\/wfe\/blog\/nota-publica-fusao-da-justica-do-trabalho-e-federal-prejudicara-direitos-de-cidadania\/\"},\"wordCount\":536,\"publisher\":{\"@id\":\"https:\/\/femergs.com.br\/wfe\/#organization\"},\"keywords\":[\"NULL\"],\"articleSection\":[\"ARQUIVADAS\"],\"inLanguage\":\"pt-BR\"},{\"@type\":\"WebPage\",\"@id\":\"https:\/\/femergs.com.br\/wfe\/blog\/nota-publica-fusao-da-justica-do-trabalho-e-federal-prejudicara-direitos-de-cidadania\/\",\"url\":\"https:\/\/femergs.com.br\/wfe\/blog\/nota-publica-fusao-da-justica-do-trabalho-e-federal-prejudicara-direitos-de-cidadania\/\",\"name\":\"NOTA P\u00daBLICA: Fus\u00e3o da Justi\u00e7a do Trabalho e Federal prejudicar\u00e1 direitos de cidadania - Federa\u00e7\u00e3o dos Municip\u00e1rios do Estado do Rio Grande do Sul\",\"isPartOf\":{\"@id\":\"https:\/\/femergs.com.br\/wfe\/#website\"},\"datePublished\":\"2018-07-30T12:09:34+00:00\",\"breadcrumb\":{\"@id\":\"https:\/\/femergs.com.br\/wfe\/blog\/nota-publica-fusao-da-justica-do-trabalho-e-federal-prejudicara-direitos-de-cidadania\/#breadcrumb\"},\"inLanguage\":\"pt-BR\",\"potentialAction\":[{\"@type\":\"ReadAction\",\"target\":[\"https:\/\/femergs.com.br\/wfe\/blog\/nota-publica-fusao-da-justica-do-trabalho-e-federal-prejudicara-direitos-de-cidadania\/\"]}]},{\"@type\":\"BreadcrumbList\",\"@id\":\"https:\/\/femergs.com.br\/wfe\/blog\/nota-publica-fusao-da-justica-do-trabalho-e-federal-prejudicara-direitos-de-cidadania\/#breadcrumb\",\"itemListElement\":[{\"@type\":\"ListItem\",\"position\":1,\"name\":\"In\u00edcio\",\"item\":\"https:\/\/femergs.com.br\/wfe\/\"},{\"@type\":\"ListItem\",\"position\":2,\"name\":\"NOTA P\u00daBLICA: Fus\u00e3o da Justi\u00e7a do Trabalho e Federal prejudicar\u00e1 direitos de cidadania\"}]},{\"@type\":\"WebSite\",\"@id\":\"https:\/\/femergs.com.br\/wfe\/#website\",\"url\":\"https:\/\/femergs.com.br\/wfe\/\",\"name\":\"FEMERGS\",\"description\":\"FEDERA\u00c7\u00c3O DOS MUNICIP\u00c1RIOS DO ESTADO DO RIO GRANDE DO SUL\",\"publisher\":{\"@id\":\"https:\/\/femergs.com.br\/wfe\/#organization\"},\"potentialAction\":[{\"@type\":\"SearchAction\",\"target\":{\"@type\":\"EntryPoint\",\"urlTemplate\":\"https:\/\/femergs.com.br\/wfe\/?s={search_term_string}\"},\"query-input\":{\"@type\":\"PropertyValueSpecification\",\"valueRequired\":true,\"valueName\":\"search_term_string\"}}],\"inLanguage\":\"pt-BR\"},{\"@type\":\"Organization\",\"@id\":\"https:\/\/femergs.com.br\/wfe\/#organization\",\"name\":\"FEMERGS\",\"url\":\"https:\/\/femergs.com.br\/wfe\/\",\"logo\":{\"@type\":\"ImageObject\",\"inLanguage\":\"pt-BR\",\"@id\":\"https:\/\/femergs.com.br\/wfe\/#\/schema\/logo\/image\/\",\"url\":\"https:\/\/femergs.com.br\/wfe\/wp-content\/uploads\/2025\/06\/logotipo.png\",\"contentUrl\":\"https:\/\/femergs.com.br\/wfe\/wp-content\/uploads\/2025\/06\/logotipo.png\",\"width\":500,\"height\":500,\"caption\":\"FEMERGS\"},\"image\":{\"@id\":\"https:\/\/femergs.com.br\/wfe\/#\/schema\/logo\/image\/\"},\"sameAs\":[\"https:\/\/www.facebook.com\/profile.php?id=100057151733001\",\"https:\/\/www.instagram.com\/femergs_rs\/\"]},{\"@type\":\"Person\",\"@id\":\"https:\/\/femergs.com.br\/wfe\/#\/schema\/person\/f5558e6b5ffc044ee085016237dedb7f\",\"name\":\"adminfemergs\",\"image\":{\"@type\":\"ImageObject\",\"inLanguage\":\"pt-BR\",\"@id\":\"https:\/\/femergs.com.br\/wfe\/#\/schema\/person\/image\/\",\"url\":\"https:\/\/secure.gravatar.com\/avatar\/398642fa557cdd524617ad9b31c938845f071aeb3448b9c0aeb29aefc495337b?s=96&d=mm&r=g\",\"contentUrl\":\"https:\/\/secure.gravatar.com\/avatar\/398642fa557cdd524617ad9b31c938845f071aeb3448b9c0aeb29aefc495337b?s=96&d=mm&r=g\",\"caption\":\"adminfemergs\"},\"sameAs\":[\"https:\/\/femergs.com.br\/wfe\"],\"url\":\"https:\/\/femergs.com.br\/wfe\/blog\/author\/adminfemergs\/\"}]}<\/script>\n<!-- \/ Yoast SEO plugin. -->","yoast_head_json":{"title":"NOTA P\u00daBLICA: Fus\u00e3o da Justi\u00e7a do Trabalho e Federal prejudicar\u00e1 direitos de cidadania - Federa\u00e7\u00e3o dos Municip\u00e1rios do Estado do Rio Grande do Sul","robots":{"index":"index","follow":"follow","max-snippet":"max-snippet:-1","max-image-preview":"max-image-preview:large","max-video-preview":"max-video-preview:-1"},"canonical":"https:\/\/femergs.com.br\/wfe\/blog\/nota-publica-fusao-da-justica-do-trabalho-e-federal-prejudicara-direitos-de-cidadania\/","og_locale":"pt_BR","og_type":"article","og_title":"NOTA P\u00daBLICA: Fus\u00e3o da Justi\u00e7a do Trabalho e Federal prejudicar\u00e1 direitos de cidadania - Federa\u00e7\u00e3o dos Municip\u00e1rios do Estado do Rio Grande do Sul","og_description":"A Anamatra (Associa\u00e7\u00e3o Nacional dos Magistrados da Justi\u00e7a do Trabalho), entidade representativa de mais de 4 mil ju\u00edzes do Trabalho, tendo em vista a publicidade recente em torno de eventos que versar\u00e3o uma poss\u00edvel incorpora\u00e7\u00e3o da Justi\u00e7a do Trabalho \u00e0 Federal, vem a p\u00fablico registrar o seguinte: 1 \u2013 A Anamatra expressa sua inteira contrariedade [&hellip;]","og_url":"https:\/\/femergs.com.br\/wfe\/blog\/nota-publica-fusao-da-justica-do-trabalho-e-federal-prejudicara-direitos-de-cidadania\/","og_site_name":"Federa\u00e7\u00e3o dos Municip\u00e1rios do Estado do Rio Grande do Sul","article_publisher":"https:\/\/www.facebook.com\/profile.php?id=100057151733001","article_published_time":"2018-07-30T12:09:34+00:00","author":"adminfemergs","twitter_card":"summary_large_image","twitter_misc":{"Escrito por":"adminfemergs","Est. tempo de leitura":"3 minutos"},"schema":{"@context":"https:\/\/schema.org","@graph":[{"@type":"Article","@id":"https:\/\/femergs.com.br\/wfe\/blog\/nota-publica-fusao-da-justica-do-trabalho-e-federal-prejudicara-direitos-de-cidadania\/#article","isPartOf":{"@id":"https:\/\/femergs.com.br\/wfe\/blog\/nota-publica-fusao-da-justica-do-trabalho-e-federal-prejudicara-direitos-de-cidadania\/"},"author":{"name":"adminfemergs","@id":"https:\/\/femergs.com.br\/wfe\/#\/schema\/person\/f5558e6b5ffc044ee085016237dedb7f"},"headline":"NOTA P\u00daBLICA: Fus\u00e3o da Justi\u00e7a do Trabalho e Federal prejudicar\u00e1 direitos de cidadania","datePublished":"2018-07-30T12:09:34+00:00","mainEntityOfPage":{"@id":"https:\/\/femergs.com.br\/wfe\/blog\/nota-publica-fusao-da-justica-do-trabalho-e-federal-prejudicara-direitos-de-cidadania\/"},"wordCount":536,"publisher":{"@id":"https:\/\/femergs.com.br\/wfe\/#organization"},"keywords":["NULL"],"articleSection":["ARQUIVADAS"],"inLanguage":"pt-BR"},{"@type":"WebPage","@id":"https:\/\/femergs.com.br\/wfe\/blog\/nota-publica-fusao-da-justica-do-trabalho-e-federal-prejudicara-direitos-de-cidadania\/","url":"https:\/\/femergs.com.br\/wfe\/blog\/nota-publica-fusao-da-justica-do-trabalho-e-federal-prejudicara-direitos-de-cidadania\/","name":"NOTA P\u00daBLICA: Fus\u00e3o da Justi\u00e7a do Trabalho e Federal prejudicar\u00e1 direitos de cidadania - Federa\u00e7\u00e3o dos Municip\u00e1rios do Estado do Rio Grande do Sul","isPartOf":{"@id":"https:\/\/femergs.com.br\/wfe\/#website"},"datePublished":"2018-07-30T12:09:34+00:00","breadcrumb":{"@id":"https:\/\/femergs.com.br\/wfe\/blog\/nota-publica-fusao-da-justica-do-trabalho-e-federal-prejudicara-direitos-de-cidadania\/#breadcrumb"},"inLanguage":"pt-BR","potentialAction":[{"@type":"ReadAction","target":["https:\/\/femergs.com.br\/wfe\/blog\/nota-publica-fusao-da-justica-do-trabalho-e-federal-prejudicara-direitos-de-cidadania\/"]}]},{"@type":"BreadcrumbList","@id":"https:\/\/femergs.com.br\/wfe\/blog\/nota-publica-fusao-da-justica-do-trabalho-e-federal-prejudicara-direitos-de-cidadania\/#breadcrumb","itemListElement":[{"@type":"ListItem","position":1,"name":"In\u00edcio","item":"https:\/\/femergs.com.br\/wfe\/"},{"@type":"ListItem","position":2,"name":"NOTA P\u00daBLICA: Fus\u00e3o da Justi\u00e7a do Trabalho e Federal prejudicar\u00e1 direitos de cidadania"}]},{"@type":"WebSite","@id":"https:\/\/femergs.com.br\/wfe\/#website","url":"https:\/\/femergs.com.br\/wfe\/","name":"FEMERGS","description":"FEDERA\u00c7\u00c3O DOS MUNICIP\u00c1RIOS DO ESTADO DO RIO GRANDE DO SUL","publisher":{"@id":"https:\/\/femergs.com.br\/wfe\/#organization"},"potentialAction":[{"@type":"SearchAction","target":{"@type":"EntryPoint","urlTemplate":"https:\/\/femergs.com.br\/wfe\/?s={search_term_string}"},"query-input":{"@type":"PropertyValueSpecification","valueRequired":true,"valueName":"search_term_string"}}],"inLanguage":"pt-BR"},{"@type":"Organization","@id":"https:\/\/femergs.com.br\/wfe\/#organization","name":"FEMERGS","url":"https:\/\/femergs.com.br\/wfe\/","logo":{"@type":"ImageObject","inLanguage":"pt-BR","@id":"https:\/\/femergs.com.br\/wfe\/#\/schema\/logo\/image\/","url":"https:\/\/femergs.com.br\/wfe\/wp-content\/uploads\/2025\/06\/logotipo.png","contentUrl":"https:\/\/femergs.com.br\/wfe\/wp-content\/uploads\/2025\/06\/logotipo.png","width":500,"height":500,"caption":"FEMERGS"},"image":{"@id":"https:\/\/femergs.com.br\/wfe\/#\/schema\/logo\/image\/"},"sameAs":["https:\/\/www.facebook.com\/profile.php?id=100057151733001","https:\/\/www.instagram.com\/femergs_rs\/"]},{"@type":"Person","@id":"https:\/\/femergs.com.br\/wfe\/#\/schema\/person\/f5558e6b5ffc044ee085016237dedb7f","name":"adminfemergs","image":{"@type":"ImageObject","inLanguage":"pt-BR","@id":"https:\/\/femergs.com.br\/wfe\/#\/schema\/person\/image\/","url":"https:\/\/secure.gravatar.com\/avatar\/398642fa557cdd524617ad9b31c938845f071aeb3448b9c0aeb29aefc495337b?s=96&d=mm&r=g","contentUrl":"https:\/\/secure.gravatar.com\/avatar\/398642fa557cdd524617ad9b31c938845f071aeb3448b9c0aeb29aefc495337b?s=96&d=mm&r=g","caption":"adminfemergs"},"sameAs":["https:\/\/femergs.com.br\/wfe"],"url":"https:\/\/femergs.com.br\/wfe\/blog\/author\/adminfemergs\/"}]}},"uagb_featured_image_src":{"full":false,"thumbnail":false,"medium":false,"medium_large":false,"large":false,"1536x1536":false,"2048x2048":false,"ultp_layout_landscape_large":false,"ultp_layout_landscape":false,"ultp_layout_portrait":false,"ultp_layout_square":false},"uagb_author_info":{"display_name":"adminfemergs","author_link":"https:\/\/femergs.com.br\/wfe\/blog\/author\/adminfemergs\/"},"uagb_comment_info":0,"uagb_excerpt":"A Anamatra (Associa\u00e7\u00e3o Nacional dos Magistrados da Justi\u00e7a do Trabalho), entidade representativa de mais de 4 mil ju\u00edzes do Trabalho, tendo em vista a publicidade recente em torno de eventos que versar\u00e3o uma poss\u00edvel incorpora\u00e7\u00e3o da Justi\u00e7a do Trabalho \u00e0 Federal, vem a p\u00fablico registrar o seguinte: 1 \u2013 A Anamatra expressa sua inteira contrariedade&hellip;","_links":{"self":[{"href":"https:\/\/femergs.com.br\/wfe\/wp-json\/wp\/v2\/posts\/1134","targetHints":{"allow":["GET"]}}],"collection":[{"href":"https:\/\/femergs.com.br\/wfe\/wp-json\/wp\/v2\/posts"}],"about":[{"href":"https:\/\/femergs.com.br\/wfe\/wp-json\/wp\/v2\/types\/post"}],"author":[{"embeddable":true,"href":"https:\/\/femergs.com.br\/wfe\/wp-json\/wp\/v2\/users\/1"}],"replies":[{"embeddable":true,"href":"https:\/\/femergs.com.br\/wfe\/wp-json\/wp\/v2\/comments?post=1134"}],"version-history":[{"count":0,"href":"https:\/\/femergs.com.br\/wfe\/wp-json\/wp\/v2\/posts\/1134\/revisions"}],"wp:attachment":[{"href":"https:\/\/femergs.com.br\/wfe\/wp-json\/wp\/v2\/media?parent=1134"}],"wp:term":[{"taxonomy":"category","embeddable":true,"href":"https:\/\/femergs.com.br\/wfe\/wp-json\/wp\/v2\/categories?post=1134"},{"taxonomy":"post_tag","embeddable":true,"href":"https:\/\/femergs.com.br\/wfe\/wp-json\/wp\/v2\/tags?post=1134"}],"curies":[{"name":"wp","href":"https:\/\/api.w.org\/{rel}","templated":true}]}}