{"id":1136,"date":"2018-07-30T17:03:35","date_gmt":"2018-07-30T17:03:35","guid":{"rendered":"https:\/\/femergs.com.br\/wfe\/blog\/procurador-do-trabalho-valida-acordo-coletivo\/"},"modified":"2018-07-30T17:03:35","modified_gmt":"2018-07-30T17:03:35","slug":"procurador-do-trabalho-valida-acordo-coletivo","status":"publish","type":"post","link":"https:\/\/femergs.com.br\/wfe\/blog\/procurador-do-trabalho-valida-acordo-coletivo\/","title":{"rendered":"Procurador do Trabalho valida acordo coletivo"},"content":{"rendered":"<div style=\"text-align: center;\"><u><strong>Procurador do Trabalho valida acordo coletivo que garante benef\u00edcios somente a quem contribui com sindicato<\/strong><\/u><\/div>\n<div style=\"text-align: justify;\">Segundo o procurador, n\u00e3o \u00e9 justo que uma parcela da classe trabalhadora, que n\u00e3o participa da vida sindical e n\u00e3o se engaja na busca por melhores condi\u00e7\u00f5es de trabalho, se beneficie das conquistas obtidas pela negocia\u00e7\u00e3o coletiva.<\/div>\n<div style=\"text-align: center;\"><u>Quem n\u00e3o contribui com o sindicato n\u00e3o tem direito \u00e0s conquistas do Acordo Coletivo.<\/u><\/div>\n<p>Essa foi a decis\u00e3o tomada pelo Procurador do Trabalho de Bauru Jos\u00e9 Fernando Ruiz Maturana, ao analisar queixa de funcion\u00e1rios que ficaram sem a cesta b\u00e1sica no Hospital Amaral Carvalho por n\u00e3o concordarem \u201ccom o pagamento da contribui\u00e7\u00e3o negocial ou com o desconto da contribui\u00e7\u00e3o sindical\u201d em favor do Sindsa\u00fade de Ja\u00fa.<\/p>\n<p>Na decis\u00e3o de arquivamento datada de 3 de julho, o procurador do Trabalho diz que um dos \u201cqueixosos\u201d foi enf\u00e1tico em se dizer contra a contribui\u00e7\u00e3o e n\u00e3o contra o acordo coletivo. Por ser contra contribuir com a associa\u00e7\u00e3o sindical, o trabalhador tamb\u00e9m n\u00e3o faz jus \u00e0s conquistas, entende o procurador, que validou a cl\u00e1usula do sindicato e mandou arquivar a reclama\u00e7\u00e3o dos funcion\u00e1rios que perderam a conquista.<\/p>\n<p>Maturana citou decis\u00e3o da Suprema Corte que decidiu ser necess\u00e1ria a autoriza\u00e7\u00e3o do funcion\u00e1rio para o desconto de contribui\u00e7\u00e3o sindical, da mesma forma apontou que sem a obrigatoriedade do desconto o sindicato \u00e9 uma associa\u00e7\u00e3o que s\u00f3 representa quem contribui.<\/p>\n<p>Senten\u00e7a pr\u00f3-sindicato &#8211; \u201c&#8230;os instrumentos coletivos n\u00e3o mais albergam todos os integrantes da categoria, mas apenas \u00e0queles associados \u00e0 agremia\u00e7\u00e3o ou que considerem vantajosos os benef\u00edcios previstos no instrumento coletivo de trabalho e aceitem pagar pelos servi\u00e7os relacionados \u00e0 sua celebra\u00e7\u00e3o\u201d, diz trecho da senten\u00e7a. <\/p>\n<p>Ele prossegue: \u201cN\u00e3o se mostra justo que uma parcela da classe trabalhadora, em que pese n\u00e3o participar da vida sindical e n\u00e3o se engajar na busca por melhores condi\u00e7\u00f5es de trabalho, beneficie-se de conquistas obtidas pela via do servi\u00e7o de negocia\u00e7\u00e3o coletiva\u201d.<\/p>\n<p>Conclui dizendo que ningu\u00e9m \u00e9 obrigado a contribuir para a manuten\u00e7\u00e3o do sindicato da categoria ou de querer ou n\u00e3o as cl\u00e1usulas do instrumento coletivo aprovadas em assembleia na sua rela\u00e7\u00e3o individual de trabalho. Mas ressalta que a nova sistem\u00e1tica legal \u201cvinculou o recebimento de benef\u00edcio n\u00e3o previsto em lei ao pagamento pelo servi\u00e7o prestado\u201d. Ou seja, sindicato n\u00e3o pode trabalhar de gra\u00e7a para quem \u00e9 contra o sindicato.<\/p>\n<p>Confira aqui a \u00edntegra da decis\u00e3o:<br \/>\n<a href=\"http:\/\/fethesp.org.br\/files\/downloads\/Legislacao\/decisao_-_procurador_-_contribuicao_negocial.pdf\">http:\/\/fethesp.org.br\/files\/downloads\/Legislacao\/decisao_-_procurador_-_contribuicao_negocial.pdf<\/a><\/p>\n","protected":false},"excerpt":{"rendered":"<p>Procurador do Trabalho valida acordo coletivo que garante benef\u00edcios somente a quem contribui com sindicato Segundo o procurador, n\u00e3o \u00e9 justo que uma parcela da classe trabalhadora, que n\u00e3o participa da vida sindical e n\u00e3o se engaja na busca por melhores condi\u00e7\u00f5es de trabalho, se beneficie das conquistas obtidas pela negocia\u00e7\u00e3o coletiva. Quem n\u00e3o contribui [&hellip;]<\/p>\n","protected":false},"author":1,"featured_media":0,"comment_status":"closed","ping_status":"closed","sticky":false,"template":"","format":"standard","meta":{"_eb_attr":"","_uag_custom_page_level_css":"","fifu_image_url":"","fifu_image_alt":"","footnotes":""},"categories":[1],"tags":[32],"class_list":["post-1136","post","type-post","status-publish","format-standard","hentry","category-arquivadas","tag-null"],"yoast_head":"<!-- This site is optimized with the Yoast SEO plugin v27.1.1 - https:\/\/yoast.com\/product\/yoast-seo-wordpress\/ -->\n<title>Procurador do Trabalho valida acordo coletivo - Federa\u00e7\u00e3o dos Municip\u00e1rios do Estado do Rio Grande do Sul<\/title>\n<meta name=\"robots\" content=\"index, follow, max-snippet:-1, max-image-preview:large, max-video-preview:-1\" \/>\n<link rel=\"canonical\" href=\"https:\/\/femergs.com.br\/wfe\/blog\/procurador-do-trabalho-valida-acordo-coletivo\/\" \/>\n<meta property=\"og:locale\" content=\"pt_BR\" \/>\n<meta property=\"og:type\" content=\"article\" \/>\n<meta property=\"og:title\" content=\"Procurador do Trabalho valida acordo coletivo - Federa\u00e7\u00e3o dos Municip\u00e1rios do Estado do Rio Grande do Sul\" \/>\n<meta property=\"og:description\" content=\"Procurador do Trabalho valida acordo coletivo que garante benef\u00edcios somente a quem contribui com sindicato Segundo o procurador, n\u00e3o \u00e9 justo que uma parcela da classe trabalhadora, que n\u00e3o participa da vida sindical e n\u00e3o se engaja na busca por melhores condi\u00e7\u00f5es de trabalho, se beneficie das conquistas obtidas pela negocia\u00e7\u00e3o coletiva. Quem n\u00e3o contribui [&hellip;]\" \/>\n<meta property=\"og:url\" content=\"https:\/\/femergs.com.br\/wfe\/blog\/procurador-do-trabalho-valida-acordo-coletivo\/\" \/>\n<meta property=\"og:site_name\" content=\"Federa\u00e7\u00e3o dos Municip\u00e1rios do Estado do Rio Grande do Sul\" \/>\n<meta property=\"article:publisher\" content=\"https:\/\/www.facebook.com\/profile.php?id=100057151733001\" \/>\n<meta property=\"article:published_time\" content=\"2018-07-30T17:03:35+00:00\" \/>\n<meta name=\"author\" content=\"adminfemergs\" \/>\n<meta name=\"twitter:card\" content=\"summary_large_image\" \/>\n<meta name=\"twitter:label1\" content=\"Escrito por\" \/>\n\t<meta name=\"twitter:data1\" content=\"adminfemergs\" \/>\n\t<meta name=\"twitter:label2\" content=\"Est. tempo de leitura\" \/>\n\t<meta name=\"twitter:data2\" content=\"2 minutos\" \/>\n<script type=\"application\/ld+json\" class=\"yoast-schema-graph\">{\"@context\":\"https:\/\/schema.org\",\"@graph\":[{\"@type\":\"Article\",\"@id\":\"https:\/\/femergs.com.br\/wfe\/blog\/procurador-do-trabalho-valida-acordo-coletivo\/#article\",\"isPartOf\":{\"@id\":\"https:\/\/femergs.com.br\/wfe\/blog\/procurador-do-trabalho-valida-acordo-coletivo\/\"},\"author\":{\"name\":\"adminfemergs\",\"@id\":\"https:\/\/femergs.com.br\/wfe\/#\/schema\/person\/f5558e6b5ffc044ee085016237dedb7f\"},\"headline\":\"Procurador do Trabalho valida acordo coletivo\",\"datePublished\":\"2018-07-30T17:03:35+00:00\",\"mainEntityOfPage\":{\"@id\":\"https:\/\/femergs.com.br\/wfe\/blog\/procurador-do-trabalho-valida-acordo-coletivo\/\"},\"wordCount\":458,\"publisher\":{\"@id\":\"https:\/\/femergs.com.br\/wfe\/#organization\"},\"keywords\":[\"NULL\"],\"articleSection\":[\"ARQUIVADAS\"],\"inLanguage\":\"pt-BR\"},{\"@type\":\"WebPage\",\"@id\":\"https:\/\/femergs.com.br\/wfe\/blog\/procurador-do-trabalho-valida-acordo-coletivo\/\",\"url\":\"https:\/\/femergs.com.br\/wfe\/blog\/procurador-do-trabalho-valida-acordo-coletivo\/\",\"name\":\"Procurador do Trabalho valida acordo coletivo - Federa\u00e7\u00e3o dos Municip\u00e1rios do Estado do Rio Grande do Sul\",\"isPartOf\":{\"@id\":\"https:\/\/femergs.com.br\/wfe\/#website\"},\"datePublished\":\"2018-07-30T17:03:35+00:00\",\"breadcrumb\":{\"@id\":\"https:\/\/femergs.com.br\/wfe\/blog\/procurador-do-trabalho-valida-acordo-coletivo\/#breadcrumb\"},\"inLanguage\":\"pt-BR\",\"potentialAction\":[{\"@type\":\"ReadAction\",\"target\":[\"https:\/\/femergs.com.br\/wfe\/blog\/procurador-do-trabalho-valida-acordo-coletivo\/\"]}]},{\"@type\":\"BreadcrumbList\",\"@id\":\"https:\/\/femergs.com.br\/wfe\/blog\/procurador-do-trabalho-valida-acordo-coletivo\/#breadcrumb\",\"itemListElement\":[{\"@type\":\"ListItem\",\"position\":1,\"name\":\"In\u00edcio\",\"item\":\"https:\/\/femergs.com.br\/wfe\/\"},{\"@type\":\"ListItem\",\"position\":2,\"name\":\"Procurador do Trabalho valida acordo coletivo\"}]},{\"@type\":\"WebSite\",\"@id\":\"https:\/\/femergs.com.br\/wfe\/#website\",\"url\":\"https:\/\/femergs.com.br\/wfe\/\",\"name\":\"FEMERGS\",\"description\":\"FEDERA\u00c7\u00c3O DOS MUNICIP\u00c1RIOS DO ESTADO DO RIO GRANDE DO SUL\",\"publisher\":{\"@id\":\"https:\/\/femergs.com.br\/wfe\/#organization\"},\"potentialAction\":[{\"@type\":\"SearchAction\",\"target\":{\"@type\":\"EntryPoint\",\"urlTemplate\":\"https:\/\/femergs.com.br\/wfe\/?s={search_term_string}\"},\"query-input\":{\"@type\":\"PropertyValueSpecification\",\"valueRequired\":true,\"valueName\":\"search_term_string\"}}],\"inLanguage\":\"pt-BR\"},{\"@type\":\"Organization\",\"@id\":\"https:\/\/femergs.com.br\/wfe\/#organization\",\"name\":\"FEMERGS\",\"url\":\"https:\/\/femergs.com.br\/wfe\/\",\"logo\":{\"@type\":\"ImageObject\",\"inLanguage\":\"pt-BR\",\"@id\":\"https:\/\/femergs.com.br\/wfe\/#\/schema\/logo\/image\/\",\"url\":\"https:\/\/femergs.com.br\/wfe\/wp-content\/uploads\/2025\/06\/logotipo.png\",\"contentUrl\":\"https:\/\/femergs.com.br\/wfe\/wp-content\/uploads\/2025\/06\/logotipo.png\",\"width\":500,\"height\":500,\"caption\":\"FEMERGS\"},\"image\":{\"@id\":\"https:\/\/femergs.com.br\/wfe\/#\/schema\/logo\/image\/\"},\"sameAs\":[\"https:\/\/www.facebook.com\/profile.php?id=100057151733001\",\"https:\/\/www.instagram.com\/femergs_rs\/\"]},{\"@type\":\"Person\",\"@id\":\"https:\/\/femergs.com.br\/wfe\/#\/schema\/person\/f5558e6b5ffc044ee085016237dedb7f\",\"name\":\"adminfemergs\",\"image\":{\"@type\":\"ImageObject\",\"inLanguage\":\"pt-BR\",\"@id\":\"https:\/\/femergs.com.br\/wfe\/#\/schema\/person\/image\/\",\"url\":\"https:\/\/secure.gravatar.com\/avatar\/398642fa557cdd524617ad9b31c938845f071aeb3448b9c0aeb29aefc495337b?s=96&d=mm&r=g\",\"contentUrl\":\"https:\/\/secure.gravatar.com\/avatar\/398642fa557cdd524617ad9b31c938845f071aeb3448b9c0aeb29aefc495337b?s=96&d=mm&r=g\",\"caption\":\"adminfemergs\"},\"sameAs\":[\"https:\/\/femergs.com.br\/wfe\"],\"url\":\"https:\/\/femergs.com.br\/wfe\/blog\/author\/adminfemergs\/\"}]}<\/script>\n<!-- \/ Yoast SEO plugin. -->","yoast_head_json":{"title":"Procurador do Trabalho valida acordo coletivo - Federa\u00e7\u00e3o dos Municip\u00e1rios do Estado do Rio Grande do Sul","robots":{"index":"index","follow":"follow","max-snippet":"max-snippet:-1","max-image-preview":"max-image-preview:large","max-video-preview":"max-video-preview:-1"},"canonical":"https:\/\/femergs.com.br\/wfe\/blog\/procurador-do-trabalho-valida-acordo-coletivo\/","og_locale":"pt_BR","og_type":"article","og_title":"Procurador do Trabalho valida acordo coletivo - Federa\u00e7\u00e3o dos Municip\u00e1rios do Estado do Rio Grande do Sul","og_description":"Procurador do Trabalho valida acordo coletivo que garante benef\u00edcios somente a quem contribui com sindicato Segundo o procurador, n\u00e3o \u00e9 justo que uma parcela da classe trabalhadora, que n\u00e3o participa da vida sindical e n\u00e3o se engaja na busca por melhores condi\u00e7\u00f5es de trabalho, se beneficie das conquistas obtidas pela negocia\u00e7\u00e3o coletiva. Quem n\u00e3o contribui [&hellip;]","og_url":"https:\/\/femergs.com.br\/wfe\/blog\/procurador-do-trabalho-valida-acordo-coletivo\/","og_site_name":"Federa\u00e7\u00e3o dos Municip\u00e1rios do Estado do Rio Grande do Sul","article_publisher":"https:\/\/www.facebook.com\/profile.php?id=100057151733001","article_published_time":"2018-07-30T17:03:35+00:00","author":"adminfemergs","twitter_card":"summary_large_image","twitter_misc":{"Escrito por":"adminfemergs","Est. tempo de leitura":"2 minutos"},"schema":{"@context":"https:\/\/schema.org","@graph":[{"@type":"Article","@id":"https:\/\/femergs.com.br\/wfe\/blog\/procurador-do-trabalho-valida-acordo-coletivo\/#article","isPartOf":{"@id":"https:\/\/femergs.com.br\/wfe\/blog\/procurador-do-trabalho-valida-acordo-coletivo\/"},"author":{"name":"adminfemergs","@id":"https:\/\/femergs.com.br\/wfe\/#\/schema\/person\/f5558e6b5ffc044ee085016237dedb7f"},"headline":"Procurador do Trabalho valida acordo coletivo","datePublished":"2018-07-30T17:03:35+00:00","mainEntityOfPage":{"@id":"https:\/\/femergs.com.br\/wfe\/blog\/procurador-do-trabalho-valida-acordo-coletivo\/"},"wordCount":458,"publisher":{"@id":"https:\/\/femergs.com.br\/wfe\/#organization"},"keywords":["NULL"],"articleSection":["ARQUIVADAS"],"inLanguage":"pt-BR"},{"@type":"WebPage","@id":"https:\/\/femergs.com.br\/wfe\/blog\/procurador-do-trabalho-valida-acordo-coletivo\/","url":"https:\/\/femergs.com.br\/wfe\/blog\/procurador-do-trabalho-valida-acordo-coletivo\/","name":"Procurador do Trabalho valida acordo coletivo - Federa\u00e7\u00e3o dos Municip\u00e1rios do Estado do Rio Grande do Sul","isPartOf":{"@id":"https:\/\/femergs.com.br\/wfe\/#website"},"datePublished":"2018-07-30T17:03:35+00:00","breadcrumb":{"@id":"https:\/\/femergs.com.br\/wfe\/blog\/procurador-do-trabalho-valida-acordo-coletivo\/#breadcrumb"},"inLanguage":"pt-BR","potentialAction":[{"@type":"ReadAction","target":["https:\/\/femergs.com.br\/wfe\/blog\/procurador-do-trabalho-valida-acordo-coletivo\/"]}]},{"@type":"BreadcrumbList","@id":"https:\/\/femergs.com.br\/wfe\/blog\/procurador-do-trabalho-valida-acordo-coletivo\/#breadcrumb","itemListElement":[{"@type":"ListItem","position":1,"name":"In\u00edcio","item":"https:\/\/femergs.com.br\/wfe\/"},{"@type":"ListItem","position":2,"name":"Procurador do Trabalho valida acordo coletivo"}]},{"@type":"WebSite","@id":"https:\/\/femergs.com.br\/wfe\/#website","url":"https:\/\/femergs.com.br\/wfe\/","name":"FEMERGS","description":"FEDERA\u00c7\u00c3O DOS MUNICIP\u00c1RIOS DO ESTADO DO RIO GRANDE DO SUL","publisher":{"@id":"https:\/\/femergs.com.br\/wfe\/#organization"},"potentialAction":[{"@type":"SearchAction","target":{"@type":"EntryPoint","urlTemplate":"https:\/\/femergs.com.br\/wfe\/?s={search_term_string}"},"query-input":{"@type":"PropertyValueSpecification","valueRequired":true,"valueName":"search_term_string"}}],"inLanguage":"pt-BR"},{"@type":"Organization","@id":"https:\/\/femergs.com.br\/wfe\/#organization","name":"FEMERGS","url":"https:\/\/femergs.com.br\/wfe\/","logo":{"@type":"ImageObject","inLanguage":"pt-BR","@id":"https:\/\/femergs.com.br\/wfe\/#\/schema\/logo\/image\/","url":"https:\/\/femergs.com.br\/wfe\/wp-content\/uploads\/2025\/06\/logotipo.png","contentUrl":"https:\/\/femergs.com.br\/wfe\/wp-content\/uploads\/2025\/06\/logotipo.png","width":500,"height":500,"caption":"FEMERGS"},"image":{"@id":"https:\/\/femergs.com.br\/wfe\/#\/schema\/logo\/image\/"},"sameAs":["https:\/\/www.facebook.com\/profile.php?id=100057151733001","https:\/\/www.instagram.com\/femergs_rs\/"]},{"@type":"Person","@id":"https:\/\/femergs.com.br\/wfe\/#\/schema\/person\/f5558e6b5ffc044ee085016237dedb7f","name":"adminfemergs","image":{"@type":"ImageObject","inLanguage":"pt-BR","@id":"https:\/\/femergs.com.br\/wfe\/#\/schema\/person\/image\/","url":"https:\/\/secure.gravatar.com\/avatar\/398642fa557cdd524617ad9b31c938845f071aeb3448b9c0aeb29aefc495337b?s=96&d=mm&r=g","contentUrl":"https:\/\/secure.gravatar.com\/avatar\/398642fa557cdd524617ad9b31c938845f071aeb3448b9c0aeb29aefc495337b?s=96&d=mm&r=g","caption":"adminfemergs"},"sameAs":["https:\/\/femergs.com.br\/wfe"],"url":"https:\/\/femergs.com.br\/wfe\/blog\/author\/adminfemergs\/"}]}},"uagb_featured_image_src":{"full":false,"thumbnail":false,"medium":false,"medium_large":false,"large":false,"1536x1536":false,"2048x2048":false,"ultp_layout_landscape_large":false,"ultp_layout_landscape":false,"ultp_layout_portrait":false,"ultp_layout_square":false},"uagb_author_info":{"display_name":"adminfemergs","author_link":"https:\/\/femergs.com.br\/wfe\/blog\/author\/adminfemergs\/"},"uagb_comment_info":0,"uagb_excerpt":"Procurador do Trabalho valida acordo coletivo que garante benef\u00edcios somente a quem contribui com sindicato Segundo o procurador, n\u00e3o \u00e9 justo que uma parcela da classe trabalhadora, que n\u00e3o participa da vida sindical e n\u00e3o se engaja na busca por melhores condi\u00e7\u00f5es de trabalho, se beneficie das conquistas obtidas pela negocia\u00e7\u00e3o coletiva. Quem n\u00e3o contribui&hellip;","_links":{"self":[{"href":"https:\/\/femergs.com.br\/wfe\/wp-json\/wp\/v2\/posts\/1136","targetHints":{"allow":["GET"]}}],"collection":[{"href":"https:\/\/femergs.com.br\/wfe\/wp-json\/wp\/v2\/posts"}],"about":[{"href":"https:\/\/femergs.com.br\/wfe\/wp-json\/wp\/v2\/types\/post"}],"author":[{"embeddable":true,"href":"https:\/\/femergs.com.br\/wfe\/wp-json\/wp\/v2\/users\/1"}],"replies":[{"embeddable":true,"href":"https:\/\/femergs.com.br\/wfe\/wp-json\/wp\/v2\/comments?post=1136"}],"version-history":[{"count":0,"href":"https:\/\/femergs.com.br\/wfe\/wp-json\/wp\/v2\/posts\/1136\/revisions"}],"wp:attachment":[{"href":"https:\/\/femergs.com.br\/wfe\/wp-json\/wp\/v2\/media?parent=1136"}],"wp:term":[{"taxonomy":"category","embeddable":true,"href":"https:\/\/femergs.com.br\/wfe\/wp-json\/wp\/v2\/categories?post=1136"},{"taxonomy":"post_tag","embeddable":true,"href":"https:\/\/femergs.com.br\/wfe\/wp-json\/wp\/v2\/tags?post=1136"}],"curies":[{"name":"wp","href":"https:\/\/api.w.org\/{rel}","templated":true}]}}