{"id":1137,"date":"2018-08-01T12:16:17","date_gmt":"2018-08-01T12:16:17","guid":{"rendered":"https:\/\/femergs.com.br\/wfe\/blog\/solidariedade-e-apoio-a-greve-de-fome-das-liderancas-dos-movimentos-populares\/"},"modified":"2018-08-01T12:16:17","modified_gmt":"2018-08-01T12:16:17","slug":"solidariedade-e-apoio-a-greve-de-fome-das-liderancas-dos-movimentos-populares","status":"publish","type":"post","link":"https:\/\/femergs.com.br\/wfe\/blog\/solidariedade-e-apoio-a-greve-de-fome-das-liderancas-dos-movimentos-populares\/","title":{"rendered":"Solidariedade e apoio \u00e0 greve de fome das lideran\u00e7as dos Movimentos Populares"},"content":{"rendered":"<p>O Brasil vive um estado de exce\u00e7\u00e3o que imp\u00f5e constantes retrocessos ao nosso povo. Como tem feito historicamente, os movimentos populares do campo e da cidade n\u00e3o param de lutar contra estes retrocessos, para recuperar a democracia e a justi\u00e7a no pa\u00eds.<\/p>\n<p>Nesse sentido, seis militantes (tr\u00eas do Movimento dos Trabalhadores Rurais Sem Terra, dois do Movimento dos Pequenos Agricultores e um da Central dos Movimentos Populares) come\u00e7am hoje (31\/07) uma greve de fome em frente ao Supremo Tribunal Federal (STF) em Bras\u00edlia. A greve \u00e9 organizada pelos Movimentos que integram a Via Campesina Brasil, e a a\u00e7\u00e3o faz parte da Jornada Nacional de Lutas pela Democracia e liberta\u00e7\u00e3o do ex-presidente Lu\u00eds In\u00e1cio lula da Silva.<\/p>\n<p>A greve de Fome \u00e9 um ato de coragem e rebeldia para sensibilizar a sociedade frente o grave momento social politico que estamos vivendo. Nossos grevistas est\u00e3o se doando  em defesa do povo brasileiro.<\/p>\n<p><strong>O que denunciamos: <\/strong><\/p>\n<p>Denunciamos a volta da fome, o abandono dos mais pobres nas periferias, os negros, ind\u00edgenas, camponeses, sem terra, assentados, quilombolas e desempregados, por parte de um governo ileg\u00edtimo, e um sistema perverso que busca aumentar a explora\u00e7\u00e3o sobre o povo para garantir o aumento do lucro dos empres\u00e1rios que saqueiam as riquezas do povo e violam a soberania nacional. Denunciamos o aumento das tarifas dos servi\u00e7os b\u00e1sico para a vida digna, resultado de uma pol\u00edtica entreguista de nossos recursos estrat\u00e9gicos ao capital estrangeiro. Denunciamos o avan\u00e7o do agroneg\u00f3cio e as grandes transnacionais da energia sobre as \u00e1guas e as terras, com as nefastas consequ\u00eancias que isto traz para os territ\u00f3rios e os povos que neles habitam.<\/p>\n<p><strong>O que defendemos? <\/strong><\/p>\n<p>Lutamos pela retomada plena da democracia e a vig\u00eancia integral dos direitos fundamentais presentes na Constitui\u00e7\u00e3o, hoje pisoteada.<\/p>\n<p>Defendemos o direito de o povo escolher livremente atrav\u00e9s do voto seu pr\u00f3prio destino. Isso n\u00e3o \u00e9 poss\u00edvel nas condi\u00e7\u00f5es atuais, com o candidato com maior inten\u00e7\u00e3o de voto preso de forma ileg\u00edtima, num processo altamente politizado e cheio de irregularidades, que faz com que o Lula seja um preso pol\u00edtico.<\/p>\n<p>Defendemos um projeto popular que vise garantir uma vida digna para todos, e n\u00e3o encher o bolso de alguns poucos empres\u00e1rios ao mesmo tempo em que condena \u00e0 pobreza a grande maioria do povo brasileiro. Defendemos a inoc\u00eancia do ex-presidente Lula e exigimos sua liberta\u00e7\u00e3o, passo fundamental para a retomada da democracia no pa\u00eds.  <\/p>\n<p>Estaremos em todas e cada uma das trincheiras poss\u00edveis junto ao povo brasileiro para recuperar o que nos est\u00e1 sendo roubado e construir uma sociedade justa, sem explorados nem exploradores.<\/p>\n<p>Conclamamos  todos e todas a somar esfor\u00e7os, organizar e fazer lutas, vig\u00edlias todos os dias em muitos lugares, em  solidariedade aos companheiros\/as que ent\u00e3o fazendo greve de fome, em defesa do povo brasileiro.<\/p>\n<div style=\"text-align: center;\">Coordena\u00e7\u00e3o Nacional do MAB<\/p>\n<p>S\u00e3o Paulo, 31 de julho de 2018<\/p>\n<p><a href=\"http:\/\/mabnacional.org.br\/noticia\/solidariedade-e-apoio-greve-fome-das-lideran-dos-movimentos-populares\">http:\/\/mabnacional.org.br\/noticia\/solidariedade-e-apoio-greve-fome-das-lideran-dos-movimentos-populares<\/a><\/div>\n","protected":false},"excerpt":{"rendered":"<p>O Brasil vive um estado de exce\u00e7\u00e3o que imp\u00f5e constantes retrocessos ao nosso povo. Como tem feito historicamente, os movimentos populares do campo e da cidade n\u00e3o param de lutar contra estes retrocessos, para recuperar a democracia e a justi\u00e7a no pa\u00eds. Nesse sentido, seis militantes (tr\u00eas do Movimento dos Trabalhadores Rurais Sem Terra, dois [&hellip;]<\/p>\n","protected":false},"author":1,"featured_media":0,"comment_status":"closed","ping_status":"closed","sticky":false,"template":"","format":"standard","meta":{"_eb_attr":"","_uag_custom_page_level_css":"","fifu_image_url":"","fifu_image_alt":"","footnotes":""},"categories":[1],"tags":[32],"class_list":["post-1137","post","type-post","status-publish","format-standard","hentry","category-arquivadas","tag-null"],"yoast_head":"<!-- This site is optimized with the Yoast SEO plugin v27.1.1 - https:\/\/yoast.com\/product\/yoast-seo-wordpress\/ -->\n<title>Solidariedade e apoio \u00e0 greve de fome das lideran\u00e7as dos Movimentos Populares - Federa\u00e7\u00e3o dos Municip\u00e1rios do Estado do Rio Grande do Sul<\/title>\n<meta name=\"robots\" content=\"index, follow, max-snippet:-1, max-image-preview:large, max-video-preview:-1\" \/>\n<link rel=\"canonical\" href=\"https:\/\/femergs.com.br\/wfe\/blog\/solidariedade-e-apoio-a-greve-de-fome-das-liderancas-dos-movimentos-populares\/\" \/>\n<meta property=\"og:locale\" content=\"pt_BR\" \/>\n<meta property=\"og:type\" content=\"article\" \/>\n<meta property=\"og:title\" content=\"Solidariedade e apoio \u00e0 greve de fome das lideran\u00e7as dos Movimentos Populares - Federa\u00e7\u00e3o dos Municip\u00e1rios do Estado do Rio Grande do Sul\" \/>\n<meta property=\"og:description\" content=\"O Brasil vive um estado de exce\u00e7\u00e3o que imp\u00f5e constantes retrocessos ao nosso povo. Como tem feito historicamente, os movimentos populares do campo e da cidade n\u00e3o param de lutar contra estes retrocessos, para recuperar a democracia e a justi\u00e7a no pa\u00eds. Nesse sentido, seis militantes (tr\u00eas do Movimento dos Trabalhadores Rurais Sem Terra, dois [&hellip;]\" \/>\n<meta property=\"og:url\" content=\"https:\/\/femergs.com.br\/wfe\/blog\/solidariedade-e-apoio-a-greve-de-fome-das-liderancas-dos-movimentos-populares\/\" \/>\n<meta property=\"og:site_name\" content=\"Federa\u00e7\u00e3o dos Municip\u00e1rios do Estado do Rio Grande do Sul\" \/>\n<meta property=\"article:publisher\" content=\"https:\/\/www.facebook.com\/profile.php?id=100057151733001\" \/>\n<meta property=\"article:published_time\" content=\"2018-08-01T12:16:17+00:00\" \/>\n<meta name=\"author\" content=\"adminfemergs\" \/>\n<meta name=\"twitter:card\" content=\"summary_large_image\" \/>\n<meta name=\"twitter:label1\" content=\"Escrito por\" \/>\n\t<meta name=\"twitter:data1\" content=\"adminfemergs\" \/>\n\t<meta name=\"twitter:label2\" content=\"Est. tempo de leitura\" \/>\n\t<meta name=\"twitter:data2\" content=\"3 minutos\" \/>\n<script type=\"application\/ld+json\" class=\"yoast-schema-graph\">{\"@context\":\"https:\/\/schema.org\",\"@graph\":[{\"@type\":\"Article\",\"@id\":\"https:\/\/femergs.com.br\/wfe\/blog\/solidariedade-e-apoio-a-greve-de-fome-das-liderancas-dos-movimentos-populares\/#article\",\"isPartOf\":{\"@id\":\"https:\/\/femergs.com.br\/wfe\/blog\/solidariedade-e-apoio-a-greve-de-fome-das-liderancas-dos-movimentos-populares\/\"},\"author\":{\"name\":\"adminfemergs\",\"@id\":\"https:\/\/femergs.com.br\/wfe\/#\/schema\/person\/f5558e6b5ffc044ee085016237dedb7f\"},\"headline\":\"Solidariedade e apoio \u00e0 greve de fome das lideran\u00e7as dos Movimentos Populares\",\"datePublished\":\"2018-08-01T12:16:17+00:00\",\"mainEntityOfPage\":{\"@id\":\"https:\/\/femergs.com.br\/wfe\/blog\/solidariedade-e-apoio-a-greve-de-fome-das-liderancas-dos-movimentos-populares\/\"},\"wordCount\":527,\"publisher\":{\"@id\":\"https:\/\/femergs.com.br\/wfe\/#organization\"},\"keywords\":[\"NULL\"],\"articleSection\":[\"ARQUIVADAS\"],\"inLanguage\":\"pt-BR\"},{\"@type\":\"WebPage\",\"@id\":\"https:\/\/femergs.com.br\/wfe\/blog\/solidariedade-e-apoio-a-greve-de-fome-das-liderancas-dos-movimentos-populares\/\",\"url\":\"https:\/\/femergs.com.br\/wfe\/blog\/solidariedade-e-apoio-a-greve-de-fome-das-liderancas-dos-movimentos-populares\/\",\"name\":\"Solidariedade e apoio \u00e0 greve de fome das lideran\u00e7as dos Movimentos Populares - Federa\u00e7\u00e3o dos Municip\u00e1rios do Estado do Rio Grande do Sul\",\"isPartOf\":{\"@id\":\"https:\/\/femergs.com.br\/wfe\/#website\"},\"datePublished\":\"2018-08-01T12:16:17+00:00\",\"breadcrumb\":{\"@id\":\"https:\/\/femergs.com.br\/wfe\/blog\/solidariedade-e-apoio-a-greve-de-fome-das-liderancas-dos-movimentos-populares\/#breadcrumb\"},\"inLanguage\":\"pt-BR\",\"potentialAction\":[{\"@type\":\"ReadAction\",\"target\":[\"https:\/\/femergs.com.br\/wfe\/blog\/solidariedade-e-apoio-a-greve-de-fome-das-liderancas-dos-movimentos-populares\/\"]}]},{\"@type\":\"BreadcrumbList\",\"@id\":\"https:\/\/femergs.com.br\/wfe\/blog\/solidariedade-e-apoio-a-greve-de-fome-das-liderancas-dos-movimentos-populares\/#breadcrumb\",\"itemListElement\":[{\"@type\":\"ListItem\",\"position\":1,\"name\":\"In\u00edcio\",\"item\":\"https:\/\/femergs.com.br\/wfe\/\"},{\"@type\":\"ListItem\",\"position\":2,\"name\":\"Solidariedade e apoio \u00e0 greve de fome das lideran\u00e7as dos Movimentos Populares\"}]},{\"@type\":\"WebSite\",\"@id\":\"https:\/\/femergs.com.br\/wfe\/#website\",\"url\":\"https:\/\/femergs.com.br\/wfe\/\",\"name\":\"FEMERGS\",\"description\":\"FEDERA\u00c7\u00c3O DOS MUNICIP\u00c1RIOS DO ESTADO DO RIO GRANDE DO SUL\",\"publisher\":{\"@id\":\"https:\/\/femergs.com.br\/wfe\/#organization\"},\"potentialAction\":[{\"@type\":\"SearchAction\",\"target\":{\"@type\":\"EntryPoint\",\"urlTemplate\":\"https:\/\/femergs.com.br\/wfe\/?s={search_term_string}\"},\"query-input\":{\"@type\":\"PropertyValueSpecification\",\"valueRequired\":true,\"valueName\":\"search_term_string\"}}],\"inLanguage\":\"pt-BR\"},{\"@type\":\"Organization\",\"@id\":\"https:\/\/femergs.com.br\/wfe\/#organization\",\"name\":\"FEMERGS\",\"url\":\"https:\/\/femergs.com.br\/wfe\/\",\"logo\":{\"@type\":\"ImageObject\",\"inLanguage\":\"pt-BR\",\"@id\":\"https:\/\/femergs.com.br\/wfe\/#\/schema\/logo\/image\/\",\"url\":\"https:\/\/femergs.com.br\/wfe\/wp-content\/uploads\/2025\/06\/logotipo.png\",\"contentUrl\":\"https:\/\/femergs.com.br\/wfe\/wp-content\/uploads\/2025\/06\/logotipo.png\",\"width\":500,\"height\":500,\"caption\":\"FEMERGS\"},\"image\":{\"@id\":\"https:\/\/femergs.com.br\/wfe\/#\/schema\/logo\/image\/\"},\"sameAs\":[\"https:\/\/www.facebook.com\/profile.php?id=100057151733001\",\"https:\/\/www.instagram.com\/femergs_rs\/\"]},{\"@type\":\"Person\",\"@id\":\"https:\/\/femergs.com.br\/wfe\/#\/schema\/person\/f5558e6b5ffc044ee085016237dedb7f\",\"name\":\"adminfemergs\",\"image\":{\"@type\":\"ImageObject\",\"inLanguage\":\"pt-BR\",\"@id\":\"https:\/\/femergs.com.br\/wfe\/#\/schema\/person\/image\/\",\"url\":\"https:\/\/secure.gravatar.com\/avatar\/398642fa557cdd524617ad9b31c938845f071aeb3448b9c0aeb29aefc495337b?s=96&d=mm&r=g\",\"contentUrl\":\"https:\/\/secure.gravatar.com\/avatar\/398642fa557cdd524617ad9b31c938845f071aeb3448b9c0aeb29aefc495337b?s=96&d=mm&r=g\",\"caption\":\"adminfemergs\"},\"sameAs\":[\"https:\/\/femergs.com.br\/wfe\"],\"url\":\"https:\/\/femergs.com.br\/wfe\/blog\/author\/adminfemergs\/\"}]}<\/script>\n<!-- \/ Yoast SEO plugin. -->","yoast_head_json":{"title":"Solidariedade e apoio \u00e0 greve de fome das lideran\u00e7as dos Movimentos Populares - Federa\u00e7\u00e3o dos Municip\u00e1rios do Estado do Rio Grande do Sul","robots":{"index":"index","follow":"follow","max-snippet":"max-snippet:-1","max-image-preview":"max-image-preview:large","max-video-preview":"max-video-preview:-1"},"canonical":"https:\/\/femergs.com.br\/wfe\/blog\/solidariedade-e-apoio-a-greve-de-fome-das-liderancas-dos-movimentos-populares\/","og_locale":"pt_BR","og_type":"article","og_title":"Solidariedade e apoio \u00e0 greve de fome das lideran\u00e7as dos Movimentos Populares - Federa\u00e7\u00e3o dos Municip\u00e1rios do Estado do Rio Grande do Sul","og_description":"O Brasil vive um estado de exce\u00e7\u00e3o que imp\u00f5e constantes retrocessos ao nosso povo. Como tem feito historicamente, os movimentos populares do campo e da cidade n\u00e3o param de lutar contra estes retrocessos, para recuperar a democracia e a justi\u00e7a no pa\u00eds. Nesse sentido, seis militantes (tr\u00eas do Movimento dos Trabalhadores Rurais Sem Terra, dois [&hellip;]","og_url":"https:\/\/femergs.com.br\/wfe\/blog\/solidariedade-e-apoio-a-greve-de-fome-das-liderancas-dos-movimentos-populares\/","og_site_name":"Federa\u00e7\u00e3o dos Municip\u00e1rios do Estado do Rio Grande do Sul","article_publisher":"https:\/\/www.facebook.com\/profile.php?id=100057151733001","article_published_time":"2018-08-01T12:16:17+00:00","author":"adminfemergs","twitter_card":"summary_large_image","twitter_misc":{"Escrito por":"adminfemergs","Est. tempo de leitura":"3 minutos"},"schema":{"@context":"https:\/\/schema.org","@graph":[{"@type":"Article","@id":"https:\/\/femergs.com.br\/wfe\/blog\/solidariedade-e-apoio-a-greve-de-fome-das-liderancas-dos-movimentos-populares\/#article","isPartOf":{"@id":"https:\/\/femergs.com.br\/wfe\/blog\/solidariedade-e-apoio-a-greve-de-fome-das-liderancas-dos-movimentos-populares\/"},"author":{"name":"adminfemergs","@id":"https:\/\/femergs.com.br\/wfe\/#\/schema\/person\/f5558e6b5ffc044ee085016237dedb7f"},"headline":"Solidariedade e apoio \u00e0 greve de fome das lideran\u00e7as dos Movimentos Populares","datePublished":"2018-08-01T12:16:17+00:00","mainEntityOfPage":{"@id":"https:\/\/femergs.com.br\/wfe\/blog\/solidariedade-e-apoio-a-greve-de-fome-das-liderancas-dos-movimentos-populares\/"},"wordCount":527,"publisher":{"@id":"https:\/\/femergs.com.br\/wfe\/#organization"},"keywords":["NULL"],"articleSection":["ARQUIVADAS"],"inLanguage":"pt-BR"},{"@type":"WebPage","@id":"https:\/\/femergs.com.br\/wfe\/blog\/solidariedade-e-apoio-a-greve-de-fome-das-liderancas-dos-movimentos-populares\/","url":"https:\/\/femergs.com.br\/wfe\/blog\/solidariedade-e-apoio-a-greve-de-fome-das-liderancas-dos-movimentos-populares\/","name":"Solidariedade e apoio \u00e0 greve de fome das lideran\u00e7as dos Movimentos Populares - Federa\u00e7\u00e3o dos Municip\u00e1rios do Estado do Rio Grande do Sul","isPartOf":{"@id":"https:\/\/femergs.com.br\/wfe\/#website"},"datePublished":"2018-08-01T12:16:17+00:00","breadcrumb":{"@id":"https:\/\/femergs.com.br\/wfe\/blog\/solidariedade-e-apoio-a-greve-de-fome-das-liderancas-dos-movimentos-populares\/#breadcrumb"},"inLanguage":"pt-BR","potentialAction":[{"@type":"ReadAction","target":["https:\/\/femergs.com.br\/wfe\/blog\/solidariedade-e-apoio-a-greve-de-fome-das-liderancas-dos-movimentos-populares\/"]}]},{"@type":"BreadcrumbList","@id":"https:\/\/femergs.com.br\/wfe\/blog\/solidariedade-e-apoio-a-greve-de-fome-das-liderancas-dos-movimentos-populares\/#breadcrumb","itemListElement":[{"@type":"ListItem","position":1,"name":"In\u00edcio","item":"https:\/\/femergs.com.br\/wfe\/"},{"@type":"ListItem","position":2,"name":"Solidariedade e apoio \u00e0 greve de fome das lideran\u00e7as dos Movimentos Populares"}]},{"@type":"WebSite","@id":"https:\/\/femergs.com.br\/wfe\/#website","url":"https:\/\/femergs.com.br\/wfe\/","name":"FEMERGS","description":"FEDERA\u00c7\u00c3O DOS MUNICIP\u00c1RIOS DO ESTADO DO RIO GRANDE DO SUL","publisher":{"@id":"https:\/\/femergs.com.br\/wfe\/#organization"},"potentialAction":[{"@type":"SearchAction","target":{"@type":"EntryPoint","urlTemplate":"https:\/\/femergs.com.br\/wfe\/?s={search_term_string}"},"query-input":{"@type":"PropertyValueSpecification","valueRequired":true,"valueName":"search_term_string"}}],"inLanguage":"pt-BR"},{"@type":"Organization","@id":"https:\/\/femergs.com.br\/wfe\/#organization","name":"FEMERGS","url":"https:\/\/femergs.com.br\/wfe\/","logo":{"@type":"ImageObject","inLanguage":"pt-BR","@id":"https:\/\/femergs.com.br\/wfe\/#\/schema\/logo\/image\/","url":"https:\/\/femergs.com.br\/wfe\/wp-content\/uploads\/2025\/06\/logotipo.png","contentUrl":"https:\/\/femergs.com.br\/wfe\/wp-content\/uploads\/2025\/06\/logotipo.png","width":500,"height":500,"caption":"FEMERGS"},"image":{"@id":"https:\/\/femergs.com.br\/wfe\/#\/schema\/logo\/image\/"},"sameAs":["https:\/\/www.facebook.com\/profile.php?id=100057151733001","https:\/\/www.instagram.com\/femergs_rs\/"]},{"@type":"Person","@id":"https:\/\/femergs.com.br\/wfe\/#\/schema\/person\/f5558e6b5ffc044ee085016237dedb7f","name":"adminfemergs","image":{"@type":"ImageObject","inLanguage":"pt-BR","@id":"https:\/\/femergs.com.br\/wfe\/#\/schema\/person\/image\/","url":"https:\/\/secure.gravatar.com\/avatar\/398642fa557cdd524617ad9b31c938845f071aeb3448b9c0aeb29aefc495337b?s=96&d=mm&r=g","contentUrl":"https:\/\/secure.gravatar.com\/avatar\/398642fa557cdd524617ad9b31c938845f071aeb3448b9c0aeb29aefc495337b?s=96&d=mm&r=g","caption":"adminfemergs"},"sameAs":["https:\/\/femergs.com.br\/wfe"],"url":"https:\/\/femergs.com.br\/wfe\/blog\/author\/adminfemergs\/"}]}},"uagb_featured_image_src":{"full":false,"thumbnail":false,"medium":false,"medium_large":false,"large":false,"1536x1536":false,"2048x2048":false,"ultp_layout_landscape_large":false,"ultp_layout_landscape":false,"ultp_layout_portrait":false,"ultp_layout_square":false},"uagb_author_info":{"display_name":"adminfemergs","author_link":"https:\/\/femergs.com.br\/wfe\/blog\/author\/adminfemergs\/"},"uagb_comment_info":0,"uagb_excerpt":"O Brasil vive um estado de exce\u00e7\u00e3o que imp\u00f5e constantes retrocessos ao nosso povo. Como tem feito historicamente, os movimentos populares do campo e da cidade n\u00e3o param de lutar contra estes retrocessos, para recuperar a democracia e a justi\u00e7a no pa\u00eds. Nesse sentido, seis militantes (tr\u00eas do Movimento dos Trabalhadores Rurais Sem Terra, dois&hellip;","_links":{"self":[{"href":"https:\/\/femergs.com.br\/wfe\/wp-json\/wp\/v2\/posts\/1137","targetHints":{"allow":["GET"]}}],"collection":[{"href":"https:\/\/femergs.com.br\/wfe\/wp-json\/wp\/v2\/posts"}],"about":[{"href":"https:\/\/femergs.com.br\/wfe\/wp-json\/wp\/v2\/types\/post"}],"author":[{"embeddable":true,"href":"https:\/\/femergs.com.br\/wfe\/wp-json\/wp\/v2\/users\/1"}],"replies":[{"embeddable":true,"href":"https:\/\/femergs.com.br\/wfe\/wp-json\/wp\/v2\/comments?post=1137"}],"version-history":[{"count":0,"href":"https:\/\/femergs.com.br\/wfe\/wp-json\/wp\/v2\/posts\/1137\/revisions"}],"wp:attachment":[{"href":"https:\/\/femergs.com.br\/wfe\/wp-json\/wp\/v2\/media?parent=1137"}],"wp:term":[{"taxonomy":"category","embeddable":true,"href":"https:\/\/femergs.com.br\/wfe\/wp-json\/wp\/v2\/categories?post=1137"},{"taxonomy":"post_tag","embeddable":true,"href":"https:\/\/femergs.com.br\/wfe\/wp-json\/wp\/v2\/tags?post=1137"}],"curies":[{"name":"wp","href":"https:\/\/api.w.org\/{rel}","templated":true}]}}