{"id":1138,"date":"2018-08-03T11:18:26","date_gmt":"2018-08-03T11:18:26","guid":{"rendered":"https:\/\/femergs.com.br\/wfe\/blog\/corte-etario-stf-confirma-idade-de-entrada-na-escola-aos-6-anos\/"},"modified":"2018-08-03T11:18:26","modified_gmt":"2018-08-03T11:18:26","slug":"corte-etario-stf-confirma-idade-de-entrada-na-escola-aos-6-anos","status":"publish","type":"post","link":"https:\/\/femergs.com.br\/wfe\/blog\/corte-etario-stf-confirma-idade-de-entrada-na-escola-aos-6-anos\/","title":{"rendered":"CORTE ET\u00c1RIO: STF CONFIRMA IDADE DE ENTRADA NA ESCOLA AOS 6 ANOS"},"content":{"rendered":"<p>Nesta quarta (1), o Supremo Tribunal Federal (STF), \u00f3rg\u00e3o m\u00e1ximo da Justi\u00e7a brasileira, colocou um ponto final em uma longa trajet\u00f3ria de incertezas para crian\u00e7as, familiares e educadores de todo o Pa\u00eds: por 6 votos a 5, a corte definiu que apenas crian\u00e7as com 6 anos completos at\u00e9 31 de mar\u00e7o devem ser matriculadas no 1\u00b0 ano do Ensino Fundamental. O mesmo valer\u00e1 para o ingresso na Pr\u00e9-escola, cuja a idade m\u00ednima admitida foi mantida aos 4 anos.<\/p>\n<p>Ao assegurar que o corte et\u00e1rio estabelecido pelas resolu\u00e7\u00f5es n\u00b0 1 e n\u00b0 6\/ 2010 do Conselho Nacional de Educa\u00e7\u00e3o (CNE) \u00e9 constitucional, os magistrados d\u00e3o uma resposta aos milhares de processos judiciais impetrados por pais e respons\u00e1veis solicitando a matr\u00edcula de crian\u00e7as menores de 4 e 6 anos, algo que se tornou comum nos \u00faltimos anos.<\/p>\n<p><strong>O que estava em disputa<\/strong><\/p>\n<p>Por tr\u00e1s da decis\u00e3o dos ju\u00edzes do STF, h\u00e1 um embate entre duas vis\u00f5es sobre o assunto: se o corte et\u00e1rio fere ou n\u00e3o o Direito das crian\u00e7as \u00e0 Educa\u00e7\u00e3o e o princ\u00edpio da igualdade. As duas a\u00e7\u00f5es analisadas durante o julgamento de hoje resumiram tal conflito.<\/p>\n<p>Ajuizado pelo governo do Mato Grosso do Sul em 2007, um dos processos pedia que o STF confirmasse a constitucionalidade da idade m\u00ednima de 4 e 6 anos. Por outro lado, impetrada pela Procuradoria-Geral da Rep\u00fablica em 2013, a outra a\u00e7\u00e3o alegava que o estabelecimento de um corte et\u00e1rio impediria o acesso de muitas crian\u00e7as \u00e0 Educa\u00e7\u00e3o, ferindo, portanto, a Constitui\u00e7\u00e3o Federal.<\/p>\n<p>Os seis ministros que votaram pela constitucionalidade da idade m\u00ednima foram: Ricardo Lewandowski, Luiz Fux (relator de uma das a\u00e7\u00f5es), Lu\u00eds Roberto Barroso, Gilmar Mendes,  C\u00e1rmen L\u00facia e Marco Aur\u00e9lio. Esses magistrados, portanto, negaram a tese da restri\u00e7\u00e3o ao acesso da Educa\u00e7\u00e3o e confirmaram a capacidade t\u00e9cnica do CNE &#8211; \u00f3rg\u00e3o respons\u00e1vel por padronizar os sistemas de ensino do Pa\u00eds e por proteger o direito \u00e0 inf\u00e2ncia.<\/p>\n<p>A decis\u00e3o tamb\u00e9m est\u00e1 alinhada \u00e0 cr\u00edtica de especialistas em Educa\u00e7\u00e3o e Primeira Inf\u00e2ncia \u00e0 escolariza\u00e7\u00e3o precoce. Eles defendem que as crian\u00e7as tenham, no m\u00ednimo, 6 anos para aprender de maneira l\u00fadica antes de prosseguirem para o Ensino Fundamental, onde o ensino adquire uma estrutura mais r\u00edgida.<\/p>\n<p><a href=\"https:\/\/todospelaeducacao.org.br\/conteudo\/corte-etario-stf-confirma-idade-de-entrada-na-escola\">https:\/\/todospelaeducacao.org.br\/conteudo\/corte-etario-stf-confirma-idade-de-entrada-na-escola<\/a><\/p>\n","protected":false},"excerpt":{"rendered":"<p>Nesta quarta (1), o Supremo Tribunal Federal (STF), \u00f3rg\u00e3o m\u00e1ximo da Justi\u00e7a brasileira, colocou um ponto final em uma longa trajet\u00f3ria de incertezas para crian\u00e7as, familiares e educadores de todo o Pa\u00eds: por 6 votos a 5, a corte definiu que apenas crian\u00e7as com 6 anos completos at\u00e9 31 de mar\u00e7o devem ser matriculadas no [&hellip;]<\/p>\n","protected":false},"author":1,"featured_media":0,"comment_status":"closed","ping_status":"closed","sticky":false,"template":"","format":"standard","meta":{"_eb_attr":"","_uag_custom_page_level_css":"","fifu_image_url":"","fifu_image_alt":"","footnotes":""},"categories":[1],"tags":[32],"class_list":["post-1138","post","type-post","status-publish","format-standard","hentry","category-arquivadas","tag-null"],"yoast_head":"<!-- This site is optimized with the Yoast SEO plugin v27.1.1 - https:\/\/yoast.com\/product\/yoast-seo-wordpress\/ -->\n<title>CORTE ET\u00c1RIO: STF CONFIRMA IDADE DE ENTRADA NA ESCOLA AOS 6 ANOS - Federa\u00e7\u00e3o dos Municip\u00e1rios do Estado do Rio Grande do Sul<\/title>\n<meta name=\"robots\" content=\"index, follow, max-snippet:-1, max-image-preview:large, max-video-preview:-1\" \/>\n<link rel=\"canonical\" href=\"https:\/\/femergs.com.br\/wfe\/blog\/corte-etario-stf-confirma-idade-de-entrada-na-escola-aos-6-anos\/\" \/>\n<meta property=\"og:locale\" content=\"pt_BR\" \/>\n<meta property=\"og:type\" content=\"article\" \/>\n<meta property=\"og:title\" content=\"CORTE ET\u00c1RIO: STF CONFIRMA IDADE DE ENTRADA NA ESCOLA AOS 6 ANOS - Federa\u00e7\u00e3o dos Municip\u00e1rios do Estado do Rio Grande do Sul\" \/>\n<meta property=\"og:description\" content=\"Nesta quarta (1), o Supremo Tribunal Federal (STF), \u00f3rg\u00e3o m\u00e1ximo da Justi\u00e7a brasileira, colocou um ponto final em uma longa trajet\u00f3ria de incertezas para crian\u00e7as, familiares e educadores de todo o Pa\u00eds: por 6 votos a 5, a corte definiu que apenas crian\u00e7as com 6 anos completos at\u00e9 31 de mar\u00e7o devem ser matriculadas no [&hellip;]\" \/>\n<meta property=\"og:url\" content=\"https:\/\/femergs.com.br\/wfe\/blog\/corte-etario-stf-confirma-idade-de-entrada-na-escola-aos-6-anos\/\" \/>\n<meta property=\"og:site_name\" content=\"Federa\u00e7\u00e3o dos Municip\u00e1rios do Estado do Rio Grande do Sul\" \/>\n<meta property=\"article:publisher\" content=\"https:\/\/www.facebook.com\/profile.php?id=100057151733001\" \/>\n<meta property=\"article:published_time\" content=\"2018-08-03T11:18:26+00:00\" \/>\n<meta name=\"author\" content=\"adminfemergs\" \/>\n<meta name=\"twitter:card\" content=\"summary_large_image\" \/>\n<meta name=\"twitter:label1\" content=\"Escrito por\" \/>\n\t<meta name=\"twitter:data1\" content=\"adminfemergs\" \/>\n\t<meta name=\"twitter:label2\" content=\"Est. tempo de leitura\" \/>\n\t<meta name=\"twitter:data2\" content=\"2 minutos\" \/>\n<script type=\"application\/ld+json\" class=\"yoast-schema-graph\">{\"@context\":\"https:\/\/schema.org\",\"@graph\":[{\"@type\":\"Article\",\"@id\":\"https:\/\/femergs.com.br\/wfe\/blog\/corte-etario-stf-confirma-idade-de-entrada-na-escola-aos-6-anos\/#article\",\"isPartOf\":{\"@id\":\"https:\/\/femergs.com.br\/wfe\/blog\/corte-etario-stf-confirma-idade-de-entrada-na-escola-aos-6-anos\/\"},\"author\":{\"name\":\"adminfemergs\",\"@id\":\"https:\/\/femergs.com.br\/wfe\/#\/schema\/person\/f5558e6b5ffc044ee085016237dedb7f\"},\"headline\":\"CORTE ET\u00c1RIO: STF CONFIRMA IDADE DE ENTRADA NA ESCOLA AOS 6 ANOS\",\"datePublished\":\"2018-08-03T11:18:26+00:00\",\"mainEntityOfPage\":{\"@id\":\"https:\/\/femergs.com.br\/wfe\/blog\/corte-etario-stf-confirma-idade-de-entrada-na-escola-aos-6-anos\/\"},\"wordCount\":415,\"publisher\":{\"@id\":\"https:\/\/femergs.com.br\/wfe\/#organization\"},\"keywords\":[\"NULL\"],\"articleSection\":[\"ARQUIVADAS\"],\"inLanguage\":\"pt-BR\"},{\"@type\":\"WebPage\",\"@id\":\"https:\/\/femergs.com.br\/wfe\/blog\/corte-etario-stf-confirma-idade-de-entrada-na-escola-aos-6-anos\/\",\"url\":\"https:\/\/femergs.com.br\/wfe\/blog\/corte-etario-stf-confirma-idade-de-entrada-na-escola-aos-6-anos\/\",\"name\":\"CORTE ET\u00c1RIO: STF CONFIRMA IDADE DE ENTRADA NA ESCOLA AOS 6 ANOS - Federa\u00e7\u00e3o dos Municip\u00e1rios do Estado do Rio Grande do Sul\",\"isPartOf\":{\"@id\":\"https:\/\/femergs.com.br\/wfe\/#website\"},\"datePublished\":\"2018-08-03T11:18:26+00:00\",\"breadcrumb\":{\"@id\":\"https:\/\/femergs.com.br\/wfe\/blog\/corte-etario-stf-confirma-idade-de-entrada-na-escola-aos-6-anos\/#breadcrumb\"},\"inLanguage\":\"pt-BR\",\"potentialAction\":[{\"@type\":\"ReadAction\",\"target\":[\"https:\/\/femergs.com.br\/wfe\/blog\/corte-etario-stf-confirma-idade-de-entrada-na-escola-aos-6-anos\/\"]}]},{\"@type\":\"BreadcrumbList\",\"@id\":\"https:\/\/femergs.com.br\/wfe\/blog\/corte-etario-stf-confirma-idade-de-entrada-na-escola-aos-6-anos\/#breadcrumb\",\"itemListElement\":[{\"@type\":\"ListItem\",\"position\":1,\"name\":\"In\u00edcio\",\"item\":\"https:\/\/femergs.com.br\/wfe\/\"},{\"@type\":\"ListItem\",\"position\":2,\"name\":\"CORTE ET\u00c1RIO: STF CONFIRMA IDADE DE ENTRADA NA ESCOLA AOS 6 ANOS\"}]},{\"@type\":\"WebSite\",\"@id\":\"https:\/\/femergs.com.br\/wfe\/#website\",\"url\":\"https:\/\/femergs.com.br\/wfe\/\",\"name\":\"FEMERGS\",\"description\":\"FEDERA\u00c7\u00c3O DOS MUNICIP\u00c1RIOS DO ESTADO DO RIO GRANDE DO SUL\",\"publisher\":{\"@id\":\"https:\/\/femergs.com.br\/wfe\/#organization\"},\"potentialAction\":[{\"@type\":\"SearchAction\",\"target\":{\"@type\":\"EntryPoint\",\"urlTemplate\":\"https:\/\/femergs.com.br\/wfe\/?s={search_term_string}\"},\"query-input\":{\"@type\":\"PropertyValueSpecification\",\"valueRequired\":true,\"valueName\":\"search_term_string\"}}],\"inLanguage\":\"pt-BR\"},{\"@type\":\"Organization\",\"@id\":\"https:\/\/femergs.com.br\/wfe\/#organization\",\"name\":\"FEMERGS\",\"url\":\"https:\/\/femergs.com.br\/wfe\/\",\"logo\":{\"@type\":\"ImageObject\",\"inLanguage\":\"pt-BR\",\"@id\":\"https:\/\/femergs.com.br\/wfe\/#\/schema\/logo\/image\/\",\"url\":\"https:\/\/femergs.com.br\/wfe\/wp-content\/uploads\/2025\/06\/logotipo.png\",\"contentUrl\":\"https:\/\/femergs.com.br\/wfe\/wp-content\/uploads\/2025\/06\/logotipo.png\",\"width\":500,\"height\":500,\"caption\":\"FEMERGS\"},\"image\":{\"@id\":\"https:\/\/femergs.com.br\/wfe\/#\/schema\/logo\/image\/\"},\"sameAs\":[\"https:\/\/www.facebook.com\/profile.php?id=100057151733001\",\"https:\/\/www.instagram.com\/femergs_rs\/\"]},{\"@type\":\"Person\",\"@id\":\"https:\/\/femergs.com.br\/wfe\/#\/schema\/person\/f5558e6b5ffc044ee085016237dedb7f\",\"name\":\"adminfemergs\",\"image\":{\"@type\":\"ImageObject\",\"inLanguage\":\"pt-BR\",\"@id\":\"https:\/\/femergs.com.br\/wfe\/#\/schema\/person\/image\/\",\"url\":\"https:\/\/secure.gravatar.com\/avatar\/398642fa557cdd524617ad9b31c938845f071aeb3448b9c0aeb29aefc495337b?s=96&d=mm&r=g\",\"contentUrl\":\"https:\/\/secure.gravatar.com\/avatar\/398642fa557cdd524617ad9b31c938845f071aeb3448b9c0aeb29aefc495337b?s=96&d=mm&r=g\",\"caption\":\"adminfemergs\"},\"sameAs\":[\"https:\/\/femergs.com.br\/wfe\"],\"url\":\"https:\/\/femergs.com.br\/wfe\/blog\/author\/adminfemergs\/\"}]}<\/script>\n<!-- \/ Yoast SEO plugin. -->","yoast_head_json":{"title":"CORTE ET\u00c1RIO: STF CONFIRMA IDADE DE ENTRADA NA ESCOLA AOS 6 ANOS - Federa\u00e7\u00e3o dos Municip\u00e1rios do Estado do Rio Grande do Sul","robots":{"index":"index","follow":"follow","max-snippet":"max-snippet:-1","max-image-preview":"max-image-preview:large","max-video-preview":"max-video-preview:-1"},"canonical":"https:\/\/femergs.com.br\/wfe\/blog\/corte-etario-stf-confirma-idade-de-entrada-na-escola-aos-6-anos\/","og_locale":"pt_BR","og_type":"article","og_title":"CORTE ET\u00c1RIO: STF CONFIRMA IDADE DE ENTRADA NA ESCOLA AOS 6 ANOS - Federa\u00e7\u00e3o dos Municip\u00e1rios do Estado do Rio Grande do Sul","og_description":"Nesta quarta (1), o Supremo Tribunal Federal (STF), \u00f3rg\u00e3o m\u00e1ximo da Justi\u00e7a brasileira, colocou um ponto final em uma longa trajet\u00f3ria de incertezas para crian\u00e7as, familiares e educadores de todo o Pa\u00eds: por 6 votos a 5, a corte definiu que apenas crian\u00e7as com 6 anos completos at\u00e9 31 de mar\u00e7o devem ser matriculadas no [&hellip;]","og_url":"https:\/\/femergs.com.br\/wfe\/blog\/corte-etario-stf-confirma-idade-de-entrada-na-escola-aos-6-anos\/","og_site_name":"Federa\u00e7\u00e3o dos Municip\u00e1rios do Estado do Rio Grande do Sul","article_publisher":"https:\/\/www.facebook.com\/profile.php?id=100057151733001","article_published_time":"2018-08-03T11:18:26+00:00","author":"adminfemergs","twitter_card":"summary_large_image","twitter_misc":{"Escrito por":"adminfemergs","Est. tempo de leitura":"2 minutos"},"schema":{"@context":"https:\/\/schema.org","@graph":[{"@type":"Article","@id":"https:\/\/femergs.com.br\/wfe\/blog\/corte-etario-stf-confirma-idade-de-entrada-na-escola-aos-6-anos\/#article","isPartOf":{"@id":"https:\/\/femergs.com.br\/wfe\/blog\/corte-etario-stf-confirma-idade-de-entrada-na-escola-aos-6-anos\/"},"author":{"name":"adminfemergs","@id":"https:\/\/femergs.com.br\/wfe\/#\/schema\/person\/f5558e6b5ffc044ee085016237dedb7f"},"headline":"CORTE ET\u00c1RIO: STF CONFIRMA IDADE DE ENTRADA NA ESCOLA AOS 6 ANOS","datePublished":"2018-08-03T11:18:26+00:00","mainEntityOfPage":{"@id":"https:\/\/femergs.com.br\/wfe\/blog\/corte-etario-stf-confirma-idade-de-entrada-na-escola-aos-6-anos\/"},"wordCount":415,"publisher":{"@id":"https:\/\/femergs.com.br\/wfe\/#organization"},"keywords":["NULL"],"articleSection":["ARQUIVADAS"],"inLanguage":"pt-BR"},{"@type":"WebPage","@id":"https:\/\/femergs.com.br\/wfe\/blog\/corte-etario-stf-confirma-idade-de-entrada-na-escola-aos-6-anos\/","url":"https:\/\/femergs.com.br\/wfe\/blog\/corte-etario-stf-confirma-idade-de-entrada-na-escola-aos-6-anos\/","name":"CORTE ET\u00c1RIO: STF CONFIRMA IDADE DE ENTRADA NA ESCOLA AOS 6 ANOS - Federa\u00e7\u00e3o dos Municip\u00e1rios do Estado do Rio Grande do Sul","isPartOf":{"@id":"https:\/\/femergs.com.br\/wfe\/#website"},"datePublished":"2018-08-03T11:18:26+00:00","breadcrumb":{"@id":"https:\/\/femergs.com.br\/wfe\/blog\/corte-etario-stf-confirma-idade-de-entrada-na-escola-aos-6-anos\/#breadcrumb"},"inLanguage":"pt-BR","potentialAction":[{"@type":"ReadAction","target":["https:\/\/femergs.com.br\/wfe\/blog\/corte-etario-stf-confirma-idade-de-entrada-na-escola-aos-6-anos\/"]}]},{"@type":"BreadcrumbList","@id":"https:\/\/femergs.com.br\/wfe\/blog\/corte-etario-stf-confirma-idade-de-entrada-na-escola-aos-6-anos\/#breadcrumb","itemListElement":[{"@type":"ListItem","position":1,"name":"In\u00edcio","item":"https:\/\/femergs.com.br\/wfe\/"},{"@type":"ListItem","position":2,"name":"CORTE ET\u00c1RIO: STF CONFIRMA IDADE DE ENTRADA NA ESCOLA AOS 6 ANOS"}]},{"@type":"WebSite","@id":"https:\/\/femergs.com.br\/wfe\/#website","url":"https:\/\/femergs.com.br\/wfe\/","name":"FEMERGS","description":"FEDERA\u00c7\u00c3O DOS MUNICIP\u00c1RIOS DO ESTADO DO RIO GRANDE DO SUL","publisher":{"@id":"https:\/\/femergs.com.br\/wfe\/#organization"},"potentialAction":[{"@type":"SearchAction","target":{"@type":"EntryPoint","urlTemplate":"https:\/\/femergs.com.br\/wfe\/?s={search_term_string}"},"query-input":{"@type":"PropertyValueSpecification","valueRequired":true,"valueName":"search_term_string"}}],"inLanguage":"pt-BR"},{"@type":"Organization","@id":"https:\/\/femergs.com.br\/wfe\/#organization","name":"FEMERGS","url":"https:\/\/femergs.com.br\/wfe\/","logo":{"@type":"ImageObject","inLanguage":"pt-BR","@id":"https:\/\/femergs.com.br\/wfe\/#\/schema\/logo\/image\/","url":"https:\/\/femergs.com.br\/wfe\/wp-content\/uploads\/2025\/06\/logotipo.png","contentUrl":"https:\/\/femergs.com.br\/wfe\/wp-content\/uploads\/2025\/06\/logotipo.png","width":500,"height":500,"caption":"FEMERGS"},"image":{"@id":"https:\/\/femergs.com.br\/wfe\/#\/schema\/logo\/image\/"},"sameAs":["https:\/\/www.facebook.com\/profile.php?id=100057151733001","https:\/\/www.instagram.com\/femergs_rs\/"]},{"@type":"Person","@id":"https:\/\/femergs.com.br\/wfe\/#\/schema\/person\/f5558e6b5ffc044ee085016237dedb7f","name":"adminfemergs","image":{"@type":"ImageObject","inLanguage":"pt-BR","@id":"https:\/\/femergs.com.br\/wfe\/#\/schema\/person\/image\/","url":"https:\/\/secure.gravatar.com\/avatar\/398642fa557cdd524617ad9b31c938845f071aeb3448b9c0aeb29aefc495337b?s=96&d=mm&r=g","contentUrl":"https:\/\/secure.gravatar.com\/avatar\/398642fa557cdd524617ad9b31c938845f071aeb3448b9c0aeb29aefc495337b?s=96&d=mm&r=g","caption":"adminfemergs"},"sameAs":["https:\/\/femergs.com.br\/wfe"],"url":"https:\/\/femergs.com.br\/wfe\/blog\/author\/adminfemergs\/"}]}},"uagb_featured_image_src":{"full":false,"thumbnail":false,"medium":false,"medium_large":false,"large":false,"1536x1536":false,"2048x2048":false,"ultp_layout_landscape_large":false,"ultp_layout_landscape":false,"ultp_layout_portrait":false,"ultp_layout_square":false},"uagb_author_info":{"display_name":"adminfemergs","author_link":"https:\/\/femergs.com.br\/wfe\/blog\/author\/adminfemergs\/"},"uagb_comment_info":0,"uagb_excerpt":"Nesta quarta (1), o Supremo Tribunal Federal (STF), \u00f3rg\u00e3o m\u00e1ximo da Justi\u00e7a brasileira, colocou um ponto final em uma longa trajet\u00f3ria de incertezas para crian\u00e7as, familiares e educadores de todo o Pa\u00eds: por 6 votos a 5, a corte definiu que apenas crian\u00e7as com 6 anos completos at\u00e9 31 de mar\u00e7o devem ser matriculadas no&hellip;","_links":{"self":[{"href":"https:\/\/femergs.com.br\/wfe\/wp-json\/wp\/v2\/posts\/1138","targetHints":{"allow":["GET"]}}],"collection":[{"href":"https:\/\/femergs.com.br\/wfe\/wp-json\/wp\/v2\/posts"}],"about":[{"href":"https:\/\/femergs.com.br\/wfe\/wp-json\/wp\/v2\/types\/post"}],"author":[{"embeddable":true,"href":"https:\/\/femergs.com.br\/wfe\/wp-json\/wp\/v2\/users\/1"}],"replies":[{"embeddable":true,"href":"https:\/\/femergs.com.br\/wfe\/wp-json\/wp\/v2\/comments?post=1138"}],"version-history":[{"count":0,"href":"https:\/\/femergs.com.br\/wfe\/wp-json\/wp\/v2\/posts\/1138\/revisions"}],"wp:attachment":[{"href":"https:\/\/femergs.com.br\/wfe\/wp-json\/wp\/v2\/media?parent=1138"}],"wp:term":[{"taxonomy":"category","embeddable":true,"href":"https:\/\/femergs.com.br\/wfe\/wp-json\/wp\/v2\/categories?post=1138"},{"taxonomy":"post_tag","embeddable":true,"href":"https:\/\/femergs.com.br\/wfe\/wp-json\/wp\/v2\/tags?post=1138"}],"curies":[{"name":"wp","href":"https:\/\/api.w.org\/{rel}","templated":true}]}}