{"id":1139,"date":"2018-08-03T14:40:36","date_gmt":"2018-08-03T14:40:36","guid":{"rendered":"https:\/\/femergs.com.br\/wfe\/blog\/decreto-de-temer-repassa-dinheiro-do-sistema-s-para-empresarios-e-inviabiliza-trabalhadores\/"},"modified":"2018-08-03T14:40:36","modified_gmt":"2018-08-03T14:40:36","slug":"decreto-de-temer-repassa-dinheiro-do-sistema-s-para-empresarios-e-inviabiliza-trabalhadores","status":"publish","type":"post","link":"https:\/\/femergs.com.br\/wfe\/blog\/decreto-de-temer-repassa-dinheiro-do-sistema-s-para-empresarios-e-inviabiliza-trabalhadores\/","title":{"rendered":"Decreto de Temer repassa dinheiro do Sistema S para empres\u00e1rios e inviabiliza trabalhadores"},"content":{"rendered":"<p>O presidente Michel Temer assinou um decreto, publicado em fevereiro, que autoriza a destina\u00e7\u00e3o de uma parcela dos recursos de qualifica\u00e7\u00e3o dos trabalhadores rurais para entidades patronais do setor agr\u00edcola. A manobra foi articulada entre organiza\u00e7\u00f5es empresariais e o governo logo ap\u00f3s a san\u00e7\u00e3o da reforma trabalhista.<\/p>\n<p>A decis\u00e3o obriga a entidade do setor agr\u00edcola do Sistema S (Senar) a repassar at\u00e9 5% do or\u00e7amento para a Confedera\u00e7\u00e3o da Agricultura e Pecu\u00e1ria do Brasil (CNA) e outros 5% para as federa\u00e7\u00f5es estaduais.<\/p>\n<p>De acordo com dados fornecidos pela Receita Federal, o Senar recolheu R$ 829,1 milh\u00f5es em 2017. Antes do decreto, no mesmo ano, o maior repasse do Senar (R$ 73,3 milh\u00f5es) foi para o programa de qualifica\u00e7\u00e3o profissional do trabalhador.<\/p>\n<p>A Central dos Sindicatos Brasileiros condena veementemente o repasse porque considera inadmiss\u00edvel a destina\u00e7\u00e3o de um montante dessa magnitude ao setor patronal. O decreto privilegia quem j\u00e1 tem dinheiro e impossibilita que trabalhadores possam se capacitar e, assim, terem uma vida mais digna.<\/p>\n<p>Para a Entidade, retirar a assist\u00eancia social e recursos de setores importantes e que carecem de mais investimentos significa que o Sistema S est\u00e1 desviando do seu prop\u00f3sito, que \u00e9 a qualifica\u00e7\u00e3o, para beneficiar os ricos.<\/p>\n<p>Sistema S<\/p>\n<p>O Sistema S come\u00e7ou a ser estruturado no Pa\u00eds em 1942 para oferecer uma rede de ensino que melhorasse a produtividade da m\u00e3o de obra e servi\u00e7os culturais e de lazer com financiamento garantido, mas sem depender da gest\u00e3o p\u00fablica.<\/p>\n<p>Por\u00e9m, o percentual de cursos gratuitos oferecidos pelas entidades \u00e9 extremamente baixo. A cobran\u00e7a de mensalidades afasta pessoas sem recursos que precisam se capacitar e coloca em xeque o interesse p\u00fablico que justifica o repasse de verbas ao sistema.<\/p>\n<p>Ainda em 2017, a Receita Federal distribuiu \u00e0s nove institui\u00e7\u00f5es beneficiadas pelo Sistema S um valor de R$16 bilh\u00f5es. O Sesc (R$ 4,89 bilh\u00f5es) \u00e9 o que mais recolhe dinheiro. O Sebrae (R$ 3,296 bilh\u00f5es) \u00e9 o segundo. Na sequ\u00eancia est\u00e3o Senac (R$ 2,738 bilh\u00f5es), Sesi (R$ 2,087 bilh\u00f5es), Senai (R$ 1,464 bilh\u00e3o), Senar (com os R$ 829,1 milh\u00f5es), Sest (R$ 498,6 milh\u00f5es), Sescoop (R$ 352,96 milh\u00f5es) e Senat (R$ 312,9 milh\u00f5es). Em 2016, o Sistema S arrecadou 4,5 vezes mais do que a contribui\u00e7\u00e3o sindical.<\/p>\n<p><a href=\"http:\/\/csb.org.br\/noticias\/decreto-de-temer-repassa-dinheiro-do-sistema-s-para-empresarios-e-inviabiliza-capacitacao-de-trabalhadores\">http:\/\/csb.org.br\/noticias\/decreto-de-temer-repassa-dinheiro-do-sistema-s-para-empresarios-e-inviabiliza-capacitacao-de-trabalhadores<\/a><\/p>\n","protected":false},"excerpt":{"rendered":"<p>O presidente Michel Temer assinou um decreto, publicado em fevereiro, que autoriza a destina\u00e7\u00e3o de uma parcela dos recursos de qualifica\u00e7\u00e3o dos trabalhadores rurais para entidades patronais do setor agr\u00edcola. A manobra foi articulada entre organiza\u00e7\u00f5es empresariais e o governo logo ap\u00f3s a san\u00e7\u00e3o da reforma trabalhista. A decis\u00e3o obriga a entidade do setor agr\u00edcola [&hellip;]<\/p>\n","protected":false},"author":1,"featured_media":0,"comment_status":"closed","ping_status":"closed","sticky":false,"template":"","format":"standard","meta":{"_eb_attr":"","_uag_custom_page_level_css":"","fifu_image_url":"","fifu_image_alt":"","footnotes":""},"categories":[1],"tags":[32],"class_list":["post-1139","post","type-post","status-publish","format-standard","hentry","category-arquivadas","tag-null"],"yoast_head":"<!-- This site is optimized with the Yoast SEO plugin v27.1.1 - https:\/\/yoast.com\/product\/yoast-seo-wordpress\/ -->\n<title>Decreto de Temer repassa dinheiro do Sistema S para empres\u00e1rios e inviabiliza trabalhadores - Federa\u00e7\u00e3o dos Municip\u00e1rios do Estado do Rio Grande do Sul<\/title>\n<meta name=\"robots\" content=\"index, follow, max-snippet:-1, max-image-preview:large, max-video-preview:-1\" \/>\n<link rel=\"canonical\" href=\"https:\/\/femergs.com.br\/wfe\/blog\/decreto-de-temer-repassa-dinheiro-do-sistema-s-para-empresarios-e-inviabiliza-trabalhadores\/\" \/>\n<meta property=\"og:locale\" content=\"pt_BR\" \/>\n<meta property=\"og:type\" content=\"article\" \/>\n<meta property=\"og:title\" content=\"Decreto de Temer repassa dinheiro do Sistema S para empres\u00e1rios e inviabiliza trabalhadores - Federa\u00e7\u00e3o dos Municip\u00e1rios do Estado do Rio Grande do Sul\" \/>\n<meta property=\"og:description\" content=\"O presidente Michel Temer assinou um decreto, publicado em fevereiro, que autoriza a destina\u00e7\u00e3o de uma parcela dos recursos de qualifica\u00e7\u00e3o dos trabalhadores rurais para entidades patronais do setor agr\u00edcola. A manobra foi articulada entre organiza\u00e7\u00f5es empresariais e o governo logo ap\u00f3s a san\u00e7\u00e3o da reforma trabalhista. A decis\u00e3o obriga a entidade do setor agr\u00edcola [&hellip;]\" \/>\n<meta property=\"og:url\" content=\"https:\/\/femergs.com.br\/wfe\/blog\/decreto-de-temer-repassa-dinheiro-do-sistema-s-para-empresarios-e-inviabiliza-trabalhadores\/\" \/>\n<meta property=\"og:site_name\" content=\"Federa\u00e7\u00e3o dos Municip\u00e1rios do Estado do Rio Grande do Sul\" \/>\n<meta property=\"article:publisher\" content=\"https:\/\/www.facebook.com\/profile.php?id=100057151733001\" \/>\n<meta property=\"article:published_time\" content=\"2018-08-03T14:40:36+00:00\" \/>\n<meta name=\"author\" content=\"adminfemergs\" \/>\n<meta name=\"twitter:card\" content=\"summary_large_image\" \/>\n<meta name=\"twitter:label1\" content=\"Escrito por\" \/>\n\t<meta name=\"twitter:data1\" content=\"adminfemergs\" \/>\n\t<meta name=\"twitter:label2\" content=\"Est. tempo de leitura\" \/>\n\t<meta name=\"twitter:data2\" content=\"2 minutos\" \/>\n<script type=\"application\/ld+json\" class=\"yoast-schema-graph\">{\"@context\":\"https:\/\/schema.org\",\"@graph\":[{\"@type\":\"Article\",\"@id\":\"https:\/\/femergs.com.br\/wfe\/blog\/decreto-de-temer-repassa-dinheiro-do-sistema-s-para-empresarios-e-inviabiliza-trabalhadores\/#article\",\"isPartOf\":{\"@id\":\"https:\/\/femergs.com.br\/wfe\/blog\/decreto-de-temer-repassa-dinheiro-do-sistema-s-para-empresarios-e-inviabiliza-trabalhadores\/\"},\"author\":{\"name\":\"adminfemergs\",\"@id\":\"https:\/\/femergs.com.br\/wfe\/#\/schema\/person\/f5558e6b5ffc044ee085016237dedb7f\"},\"headline\":\"Decreto de Temer repassa dinheiro do Sistema S para empres\u00e1rios e inviabiliza trabalhadores\",\"datePublished\":\"2018-08-03T14:40:36+00:00\",\"mainEntityOfPage\":{\"@id\":\"https:\/\/femergs.com.br\/wfe\/blog\/decreto-de-temer-repassa-dinheiro-do-sistema-s-para-empresarios-e-inviabiliza-trabalhadores\/\"},\"wordCount\":408,\"publisher\":{\"@id\":\"https:\/\/femergs.com.br\/wfe\/#organization\"},\"keywords\":[\"NULL\"],\"articleSection\":[\"ARQUIVADAS\"],\"inLanguage\":\"pt-BR\"},{\"@type\":\"WebPage\",\"@id\":\"https:\/\/femergs.com.br\/wfe\/blog\/decreto-de-temer-repassa-dinheiro-do-sistema-s-para-empresarios-e-inviabiliza-trabalhadores\/\",\"url\":\"https:\/\/femergs.com.br\/wfe\/blog\/decreto-de-temer-repassa-dinheiro-do-sistema-s-para-empresarios-e-inviabiliza-trabalhadores\/\",\"name\":\"Decreto de Temer repassa dinheiro do Sistema S para empres\u00e1rios e inviabiliza trabalhadores - Federa\u00e7\u00e3o dos Municip\u00e1rios do Estado do Rio Grande do Sul\",\"isPartOf\":{\"@id\":\"https:\/\/femergs.com.br\/wfe\/#website\"},\"datePublished\":\"2018-08-03T14:40:36+00:00\",\"breadcrumb\":{\"@id\":\"https:\/\/femergs.com.br\/wfe\/blog\/decreto-de-temer-repassa-dinheiro-do-sistema-s-para-empresarios-e-inviabiliza-trabalhadores\/#breadcrumb\"},\"inLanguage\":\"pt-BR\",\"potentialAction\":[{\"@type\":\"ReadAction\",\"target\":[\"https:\/\/femergs.com.br\/wfe\/blog\/decreto-de-temer-repassa-dinheiro-do-sistema-s-para-empresarios-e-inviabiliza-trabalhadores\/\"]}]},{\"@type\":\"BreadcrumbList\",\"@id\":\"https:\/\/femergs.com.br\/wfe\/blog\/decreto-de-temer-repassa-dinheiro-do-sistema-s-para-empresarios-e-inviabiliza-trabalhadores\/#breadcrumb\",\"itemListElement\":[{\"@type\":\"ListItem\",\"position\":1,\"name\":\"In\u00edcio\",\"item\":\"https:\/\/femergs.com.br\/wfe\/\"},{\"@type\":\"ListItem\",\"position\":2,\"name\":\"Decreto de Temer repassa dinheiro do Sistema S para empres\u00e1rios e inviabiliza trabalhadores\"}]},{\"@type\":\"WebSite\",\"@id\":\"https:\/\/femergs.com.br\/wfe\/#website\",\"url\":\"https:\/\/femergs.com.br\/wfe\/\",\"name\":\"FEMERGS\",\"description\":\"FEDERA\u00c7\u00c3O DOS MUNICIP\u00c1RIOS DO ESTADO DO RIO GRANDE DO SUL\",\"publisher\":{\"@id\":\"https:\/\/femergs.com.br\/wfe\/#organization\"},\"potentialAction\":[{\"@type\":\"SearchAction\",\"target\":{\"@type\":\"EntryPoint\",\"urlTemplate\":\"https:\/\/femergs.com.br\/wfe\/?s={search_term_string}\"},\"query-input\":{\"@type\":\"PropertyValueSpecification\",\"valueRequired\":true,\"valueName\":\"search_term_string\"}}],\"inLanguage\":\"pt-BR\"},{\"@type\":\"Organization\",\"@id\":\"https:\/\/femergs.com.br\/wfe\/#organization\",\"name\":\"FEMERGS\",\"url\":\"https:\/\/femergs.com.br\/wfe\/\",\"logo\":{\"@type\":\"ImageObject\",\"inLanguage\":\"pt-BR\",\"@id\":\"https:\/\/femergs.com.br\/wfe\/#\/schema\/logo\/image\/\",\"url\":\"https:\/\/femergs.com.br\/wfe\/wp-content\/uploads\/2025\/06\/logotipo.png\",\"contentUrl\":\"https:\/\/femergs.com.br\/wfe\/wp-content\/uploads\/2025\/06\/logotipo.png\",\"width\":500,\"height\":500,\"caption\":\"FEMERGS\"},\"image\":{\"@id\":\"https:\/\/femergs.com.br\/wfe\/#\/schema\/logo\/image\/\"},\"sameAs\":[\"https:\/\/www.facebook.com\/profile.php?id=100057151733001\",\"https:\/\/www.instagram.com\/femergs_rs\/\"]},{\"@type\":\"Person\",\"@id\":\"https:\/\/femergs.com.br\/wfe\/#\/schema\/person\/f5558e6b5ffc044ee085016237dedb7f\",\"name\":\"adminfemergs\",\"image\":{\"@type\":\"ImageObject\",\"inLanguage\":\"pt-BR\",\"@id\":\"https:\/\/femergs.com.br\/wfe\/#\/schema\/person\/image\/\",\"url\":\"https:\/\/secure.gravatar.com\/avatar\/398642fa557cdd524617ad9b31c938845f071aeb3448b9c0aeb29aefc495337b?s=96&d=mm&r=g\",\"contentUrl\":\"https:\/\/secure.gravatar.com\/avatar\/398642fa557cdd524617ad9b31c938845f071aeb3448b9c0aeb29aefc495337b?s=96&d=mm&r=g\",\"caption\":\"adminfemergs\"},\"sameAs\":[\"https:\/\/femergs.com.br\/wfe\"],\"url\":\"https:\/\/femergs.com.br\/wfe\/blog\/author\/adminfemergs\/\"}]}<\/script>\n<!-- \/ Yoast SEO plugin. -->","yoast_head_json":{"title":"Decreto de Temer repassa dinheiro do Sistema S para empres\u00e1rios e inviabiliza trabalhadores - Federa\u00e7\u00e3o dos Municip\u00e1rios do Estado do Rio Grande do Sul","robots":{"index":"index","follow":"follow","max-snippet":"max-snippet:-1","max-image-preview":"max-image-preview:large","max-video-preview":"max-video-preview:-1"},"canonical":"https:\/\/femergs.com.br\/wfe\/blog\/decreto-de-temer-repassa-dinheiro-do-sistema-s-para-empresarios-e-inviabiliza-trabalhadores\/","og_locale":"pt_BR","og_type":"article","og_title":"Decreto de Temer repassa dinheiro do Sistema S para empres\u00e1rios e inviabiliza trabalhadores - Federa\u00e7\u00e3o dos Municip\u00e1rios do Estado do Rio Grande do Sul","og_description":"O presidente Michel Temer assinou um decreto, publicado em fevereiro, que autoriza a destina\u00e7\u00e3o de uma parcela dos recursos de qualifica\u00e7\u00e3o dos trabalhadores rurais para entidades patronais do setor agr\u00edcola. A manobra foi articulada entre organiza\u00e7\u00f5es empresariais e o governo logo ap\u00f3s a san\u00e7\u00e3o da reforma trabalhista. A decis\u00e3o obriga a entidade do setor agr\u00edcola [&hellip;]","og_url":"https:\/\/femergs.com.br\/wfe\/blog\/decreto-de-temer-repassa-dinheiro-do-sistema-s-para-empresarios-e-inviabiliza-trabalhadores\/","og_site_name":"Federa\u00e7\u00e3o dos Municip\u00e1rios do Estado do Rio Grande do Sul","article_publisher":"https:\/\/www.facebook.com\/profile.php?id=100057151733001","article_published_time":"2018-08-03T14:40:36+00:00","author":"adminfemergs","twitter_card":"summary_large_image","twitter_misc":{"Escrito por":"adminfemergs","Est. tempo de leitura":"2 minutos"},"schema":{"@context":"https:\/\/schema.org","@graph":[{"@type":"Article","@id":"https:\/\/femergs.com.br\/wfe\/blog\/decreto-de-temer-repassa-dinheiro-do-sistema-s-para-empresarios-e-inviabiliza-trabalhadores\/#article","isPartOf":{"@id":"https:\/\/femergs.com.br\/wfe\/blog\/decreto-de-temer-repassa-dinheiro-do-sistema-s-para-empresarios-e-inviabiliza-trabalhadores\/"},"author":{"name":"adminfemergs","@id":"https:\/\/femergs.com.br\/wfe\/#\/schema\/person\/f5558e6b5ffc044ee085016237dedb7f"},"headline":"Decreto de Temer repassa dinheiro do Sistema S para empres\u00e1rios e inviabiliza trabalhadores","datePublished":"2018-08-03T14:40:36+00:00","mainEntityOfPage":{"@id":"https:\/\/femergs.com.br\/wfe\/blog\/decreto-de-temer-repassa-dinheiro-do-sistema-s-para-empresarios-e-inviabiliza-trabalhadores\/"},"wordCount":408,"publisher":{"@id":"https:\/\/femergs.com.br\/wfe\/#organization"},"keywords":["NULL"],"articleSection":["ARQUIVADAS"],"inLanguage":"pt-BR"},{"@type":"WebPage","@id":"https:\/\/femergs.com.br\/wfe\/blog\/decreto-de-temer-repassa-dinheiro-do-sistema-s-para-empresarios-e-inviabiliza-trabalhadores\/","url":"https:\/\/femergs.com.br\/wfe\/blog\/decreto-de-temer-repassa-dinheiro-do-sistema-s-para-empresarios-e-inviabiliza-trabalhadores\/","name":"Decreto de Temer repassa dinheiro do Sistema S para empres\u00e1rios e inviabiliza trabalhadores - Federa\u00e7\u00e3o dos Municip\u00e1rios do Estado do Rio Grande do Sul","isPartOf":{"@id":"https:\/\/femergs.com.br\/wfe\/#website"},"datePublished":"2018-08-03T14:40:36+00:00","breadcrumb":{"@id":"https:\/\/femergs.com.br\/wfe\/blog\/decreto-de-temer-repassa-dinheiro-do-sistema-s-para-empresarios-e-inviabiliza-trabalhadores\/#breadcrumb"},"inLanguage":"pt-BR","potentialAction":[{"@type":"ReadAction","target":["https:\/\/femergs.com.br\/wfe\/blog\/decreto-de-temer-repassa-dinheiro-do-sistema-s-para-empresarios-e-inviabiliza-trabalhadores\/"]}]},{"@type":"BreadcrumbList","@id":"https:\/\/femergs.com.br\/wfe\/blog\/decreto-de-temer-repassa-dinheiro-do-sistema-s-para-empresarios-e-inviabiliza-trabalhadores\/#breadcrumb","itemListElement":[{"@type":"ListItem","position":1,"name":"In\u00edcio","item":"https:\/\/femergs.com.br\/wfe\/"},{"@type":"ListItem","position":2,"name":"Decreto de Temer repassa dinheiro do Sistema S para empres\u00e1rios e inviabiliza trabalhadores"}]},{"@type":"WebSite","@id":"https:\/\/femergs.com.br\/wfe\/#website","url":"https:\/\/femergs.com.br\/wfe\/","name":"FEMERGS","description":"FEDERA\u00c7\u00c3O DOS MUNICIP\u00c1RIOS DO ESTADO DO RIO GRANDE DO SUL","publisher":{"@id":"https:\/\/femergs.com.br\/wfe\/#organization"},"potentialAction":[{"@type":"SearchAction","target":{"@type":"EntryPoint","urlTemplate":"https:\/\/femergs.com.br\/wfe\/?s={search_term_string}"},"query-input":{"@type":"PropertyValueSpecification","valueRequired":true,"valueName":"search_term_string"}}],"inLanguage":"pt-BR"},{"@type":"Organization","@id":"https:\/\/femergs.com.br\/wfe\/#organization","name":"FEMERGS","url":"https:\/\/femergs.com.br\/wfe\/","logo":{"@type":"ImageObject","inLanguage":"pt-BR","@id":"https:\/\/femergs.com.br\/wfe\/#\/schema\/logo\/image\/","url":"https:\/\/femergs.com.br\/wfe\/wp-content\/uploads\/2025\/06\/logotipo.png","contentUrl":"https:\/\/femergs.com.br\/wfe\/wp-content\/uploads\/2025\/06\/logotipo.png","width":500,"height":500,"caption":"FEMERGS"},"image":{"@id":"https:\/\/femergs.com.br\/wfe\/#\/schema\/logo\/image\/"},"sameAs":["https:\/\/www.facebook.com\/profile.php?id=100057151733001","https:\/\/www.instagram.com\/femergs_rs\/"]},{"@type":"Person","@id":"https:\/\/femergs.com.br\/wfe\/#\/schema\/person\/f5558e6b5ffc044ee085016237dedb7f","name":"adminfemergs","image":{"@type":"ImageObject","inLanguage":"pt-BR","@id":"https:\/\/femergs.com.br\/wfe\/#\/schema\/person\/image\/","url":"https:\/\/secure.gravatar.com\/avatar\/398642fa557cdd524617ad9b31c938845f071aeb3448b9c0aeb29aefc495337b?s=96&d=mm&r=g","contentUrl":"https:\/\/secure.gravatar.com\/avatar\/398642fa557cdd524617ad9b31c938845f071aeb3448b9c0aeb29aefc495337b?s=96&d=mm&r=g","caption":"adminfemergs"},"sameAs":["https:\/\/femergs.com.br\/wfe"],"url":"https:\/\/femergs.com.br\/wfe\/blog\/author\/adminfemergs\/"}]}},"uagb_featured_image_src":{"full":false,"thumbnail":false,"medium":false,"medium_large":false,"large":false,"1536x1536":false,"2048x2048":false,"ultp_layout_landscape_large":false,"ultp_layout_landscape":false,"ultp_layout_portrait":false,"ultp_layout_square":false},"uagb_author_info":{"display_name":"adminfemergs","author_link":"https:\/\/femergs.com.br\/wfe\/blog\/author\/adminfemergs\/"},"uagb_comment_info":0,"uagb_excerpt":"O presidente Michel Temer assinou um decreto, publicado em fevereiro, que autoriza a destina\u00e7\u00e3o de uma parcela dos recursos de qualifica\u00e7\u00e3o dos trabalhadores rurais para entidades patronais do setor agr\u00edcola. A manobra foi articulada entre organiza\u00e7\u00f5es empresariais e o governo logo ap\u00f3s a san\u00e7\u00e3o da reforma trabalhista. A decis\u00e3o obriga a entidade do setor agr\u00edcola&hellip;","_links":{"self":[{"href":"https:\/\/femergs.com.br\/wfe\/wp-json\/wp\/v2\/posts\/1139","targetHints":{"allow":["GET"]}}],"collection":[{"href":"https:\/\/femergs.com.br\/wfe\/wp-json\/wp\/v2\/posts"}],"about":[{"href":"https:\/\/femergs.com.br\/wfe\/wp-json\/wp\/v2\/types\/post"}],"author":[{"embeddable":true,"href":"https:\/\/femergs.com.br\/wfe\/wp-json\/wp\/v2\/users\/1"}],"replies":[{"embeddable":true,"href":"https:\/\/femergs.com.br\/wfe\/wp-json\/wp\/v2\/comments?post=1139"}],"version-history":[{"count":0,"href":"https:\/\/femergs.com.br\/wfe\/wp-json\/wp\/v2\/posts\/1139\/revisions"}],"wp:attachment":[{"href":"https:\/\/femergs.com.br\/wfe\/wp-json\/wp\/v2\/media?parent=1139"}],"wp:term":[{"taxonomy":"category","embeddable":true,"href":"https:\/\/femergs.com.br\/wfe\/wp-json\/wp\/v2\/categories?post=1139"},{"taxonomy":"post_tag","embeddable":true,"href":"https:\/\/femergs.com.br\/wfe\/wp-json\/wp\/v2\/tags?post=1139"}],"curies":[{"name":"wp","href":"https:\/\/api.w.org\/{rel}","templated":true}]}}