{"id":1140,"date":"2018-08-04T13:14:18","date_gmt":"2018-08-04T13:14:18","guid":{"rendered":"https:\/\/femergs.com.br\/wfe\/blog\/capes-alerta-para-risco-de-suspensao-de-bolsas\/"},"modified":"2018-08-04T13:14:18","modified_gmt":"2018-08-04T13:14:18","slug":"capes-alerta-para-risco-de-suspensao-de-bolsas","status":"publish","type":"post","link":"https:\/\/femergs.com.br\/wfe\/blog\/capes-alerta-para-risco-de-suspensao-de-bolsas\/","title":{"rendered":"Capes alerta para risco de suspens\u00e3o de bolsas"},"content":{"rendered":"<p>Cerca de 93 mil bolsas de pesquisadores e p\u00f3s-graduandos e outras 105 mil de profissionais da educa\u00e7\u00e3o b\u00e1sica poder\u00e3o ser suspensas a partir de agosto de 2019 se for mantido o teto or\u00e7ament\u00e1rio inferior ao previsto na Lei de Diretrizes Or\u00e7ament\u00e1rias (LDO) para a Coordena\u00e7\u00e3o de Aperfei\u00e7oamento de Pessoal de N\u00edvel Superior (Capes). O alerta foi feito em carta na  quarta-feira, 1\u00ba, do Conselho Superior da ag\u00eancia federal, que foi enviada ao ministro da Educa\u00e7\u00e3o, Rossieli Soares da Silva.<\/p>\n<p>Assinado pelo presidente da Capes, Ab\u00edlio Baeta Neves, o documento adverte tamb\u00e9m o governo sobre o risco de interrup\u00e7\u00e3o do funcionamento da Universidade Aberta do Brasil (UAB) e dos mestrados profissionais de professores da rede p\u00fablica de educa\u00e7\u00e3o b\u00e1sica, afetando os mais de 245.000 alunos, professores, tutores, assistentes e coordenadores em aproximadamente 110 faculdades e universidades.<\/p>\n<p>Questionado por meio de sua assessoria de imprensa, o MEC respondeu que \u201c\u00e9 o Minist\u00e9rio do Planejamento que envia para todas as \u00e1reas do governo. Portanto, n\u00e3o cabe ao MEC tratar sobre o assunto, mas, sim, o Planejamento\u201d.<\/p>\n<p> Por sua vez, o Minist\u00e9rio do Planejamento, Desenvolvimento e Gest\u00e3o (MP), por meio de nota, afirmou que estabelece \u201csomente o montante global de cada Pasta. A partir de ent\u00e3o, cada minist\u00e9rio tem a responsabilidade de definir a distribui\u00e7\u00e3o dos recursos entre suas unidades, respeitando suas estrat\u00e9gias de a\u00e7\u00e3o\u201d. E acrescentou:<\/p>\n<p>Os recursos para o Minist\u00e9rio da Educa\u00e7\u00e3o est\u00e3o acima do m\u00ednimo constitucional em 2018 e os referenciais monet\u00e1rios para 2019 tamb\u00e9m preveem recursos acima do limite constitucional.  N\u00e3o podemos desconhecer que o pa\u00eds vive grave crise fiscal. Ela afeta todo o governo, inclusive o Minist\u00e9rio da Educa\u00e7\u00e3o. Cabe ao Ministro da Educa\u00e7\u00e3o distribuir os recursos segundo suas prioridades.<\/p>\n<p>Assim como o MEC, o Planejamento tamb\u00e9m n\u00e3o informou o valor do novo teto or\u00e7ament\u00e1rio da Capes, que j\u00e1 havia sido reduzido em 19,8% desde o ano passado. De um total de R$ 4,96 bilh\u00f5es em 2017, o limite dos gastos da ag\u00eancia federal caiu para R$ 3,98 bilh\u00f5es neste ano, de acordo com o Portal da Transpar\u00eancia do governo federal.<\/p>\n<p>NOTA OFICIAL: <\/p>\n<p><a href=\"https:\/\/sei.capes.gov.br\/sei\/controlador_externo.php?acao=documento_conferir&amp;codigo_verificador=0746852&amp;codigo_crc=6755A444&amp;hash_download=ef5e65b749e9b6a0c124c56e438345f0dbb86d4b097fccd29f4b4221365642ee971b5a5e507aea925d83d67d1d4d79f08696fa5be30b507aa19122ff68c396a9&amp;visualizacao=1&amp;id_orgao_acesso_externo=0\">https:\/\/sei.capes.gov.br\/sei\/controlador_externo.php?acao=documento_conferir&#038;codigo_verificador=0746852&#038;codigo_crc=6755A444&#038;hash_download=ef5e65b749e9b6a0c124c56e438345f0dbb86d4b097fccd29f4b4221365642ee971b5a5e507aea925d83d67d1d4d79f08696fa5be30b507aa19122ff68c396a9&#038;visualizacao=1&#038;id_orgao_acesso_externo=0<\/a><\/p>\n<p><a href=\"http:\/\/www.diretodaciencia.com\/2018\/08\/02\/capes-alerta-para-risco-de-suspender-198-mil-bolsas-em-agosto-de-2019\/\">http:\/\/www.diretodaciencia.com\/2018\/08\/02\/capes-alerta-para-risco-de-suspender-198-mil-bolsas-em-agosto-de-2019\/<\/a><\/p>\n","protected":false},"excerpt":{"rendered":"<p>Cerca de 93 mil bolsas de pesquisadores e p\u00f3s-graduandos e outras 105 mil de profissionais da educa\u00e7\u00e3o b\u00e1sica poder\u00e3o ser suspensas a partir de agosto de 2019 se for mantido o teto or\u00e7ament\u00e1rio inferior ao previsto na Lei de Diretrizes Or\u00e7ament\u00e1rias (LDO) para a Coordena\u00e7\u00e3o de Aperfei\u00e7oamento de Pessoal de N\u00edvel Superior (Capes). O alerta [&hellip;]<\/p>\n","protected":false},"author":1,"featured_media":0,"comment_status":"closed","ping_status":"closed","sticky":false,"template":"","format":"standard","meta":{"_eb_attr":"","_uag_custom_page_level_css":"","fifu_image_url":"","fifu_image_alt":"","footnotes":""},"categories":[1],"tags":[32],"class_list":["post-1140","post","type-post","status-publish","format-standard","hentry","category-arquivadas","tag-null"],"yoast_head":"<!-- This site is optimized with the Yoast SEO plugin v27.1.1 - https:\/\/yoast.com\/product\/yoast-seo-wordpress\/ -->\n<title>Capes alerta para risco de suspens\u00e3o de bolsas - Federa\u00e7\u00e3o dos Municip\u00e1rios do Estado do Rio Grande do Sul<\/title>\n<meta name=\"robots\" content=\"index, follow, max-snippet:-1, max-image-preview:large, max-video-preview:-1\" \/>\n<link rel=\"canonical\" href=\"https:\/\/femergs.com.br\/wfe\/blog\/capes-alerta-para-risco-de-suspensao-de-bolsas\/\" \/>\n<meta property=\"og:locale\" content=\"pt_BR\" \/>\n<meta property=\"og:type\" content=\"article\" \/>\n<meta property=\"og:title\" content=\"Capes alerta para risco de suspens\u00e3o de bolsas - Federa\u00e7\u00e3o dos Municip\u00e1rios do Estado do Rio Grande do Sul\" \/>\n<meta property=\"og:description\" content=\"Cerca de 93 mil bolsas de pesquisadores e p\u00f3s-graduandos e outras 105 mil de profissionais da educa\u00e7\u00e3o b\u00e1sica poder\u00e3o ser suspensas a partir de agosto de 2019 se for mantido o teto or\u00e7ament\u00e1rio inferior ao previsto na Lei de Diretrizes Or\u00e7ament\u00e1rias (LDO) para a Coordena\u00e7\u00e3o de Aperfei\u00e7oamento de Pessoal de N\u00edvel Superior (Capes). O alerta [&hellip;]\" \/>\n<meta property=\"og:url\" content=\"https:\/\/femergs.com.br\/wfe\/blog\/capes-alerta-para-risco-de-suspensao-de-bolsas\/\" \/>\n<meta property=\"og:site_name\" content=\"Federa\u00e7\u00e3o dos Municip\u00e1rios do Estado do Rio Grande do Sul\" \/>\n<meta property=\"article:publisher\" content=\"https:\/\/www.facebook.com\/profile.php?id=100057151733001\" \/>\n<meta property=\"article:published_time\" content=\"2018-08-04T13:14:18+00:00\" \/>\n<meta name=\"author\" content=\"adminfemergs\" \/>\n<meta name=\"twitter:card\" content=\"summary_large_image\" \/>\n<meta name=\"twitter:label1\" content=\"Escrito por\" \/>\n\t<meta name=\"twitter:data1\" content=\"adminfemergs\" \/>\n\t<meta name=\"twitter:label2\" content=\"Est. tempo de leitura\" \/>\n\t<meta name=\"twitter:data2\" content=\"2 minutos\" \/>\n<script type=\"application\/ld+json\" class=\"yoast-schema-graph\">{\"@context\":\"https:\/\/schema.org\",\"@graph\":[{\"@type\":\"Article\",\"@id\":\"https:\/\/femergs.com.br\/wfe\/blog\/capes-alerta-para-risco-de-suspensao-de-bolsas\/#article\",\"isPartOf\":{\"@id\":\"https:\/\/femergs.com.br\/wfe\/blog\/capes-alerta-para-risco-de-suspensao-de-bolsas\/\"},\"author\":{\"name\":\"adminfemergs\",\"@id\":\"https:\/\/femergs.com.br\/wfe\/#\/schema\/person\/f5558e6b5ffc044ee085016237dedb7f\"},\"headline\":\"Capes alerta para risco de suspens\u00e3o de bolsas\",\"datePublished\":\"2018-08-04T13:14:18+00:00\",\"mainEntityOfPage\":{\"@id\":\"https:\/\/femergs.com.br\/wfe\/blog\/capes-alerta-para-risco-de-suspensao-de-bolsas\/\"},\"wordCount\":451,\"publisher\":{\"@id\":\"https:\/\/femergs.com.br\/wfe\/#organization\"},\"keywords\":[\"NULL\"],\"articleSection\":[\"ARQUIVADAS\"],\"inLanguage\":\"pt-BR\"},{\"@type\":\"WebPage\",\"@id\":\"https:\/\/femergs.com.br\/wfe\/blog\/capes-alerta-para-risco-de-suspensao-de-bolsas\/\",\"url\":\"https:\/\/femergs.com.br\/wfe\/blog\/capes-alerta-para-risco-de-suspensao-de-bolsas\/\",\"name\":\"Capes alerta para risco de suspens\u00e3o de bolsas - Federa\u00e7\u00e3o dos Municip\u00e1rios do Estado do Rio Grande do Sul\",\"isPartOf\":{\"@id\":\"https:\/\/femergs.com.br\/wfe\/#website\"},\"datePublished\":\"2018-08-04T13:14:18+00:00\",\"breadcrumb\":{\"@id\":\"https:\/\/femergs.com.br\/wfe\/blog\/capes-alerta-para-risco-de-suspensao-de-bolsas\/#breadcrumb\"},\"inLanguage\":\"pt-BR\",\"potentialAction\":[{\"@type\":\"ReadAction\",\"target\":[\"https:\/\/femergs.com.br\/wfe\/blog\/capes-alerta-para-risco-de-suspensao-de-bolsas\/\"]}]},{\"@type\":\"BreadcrumbList\",\"@id\":\"https:\/\/femergs.com.br\/wfe\/blog\/capes-alerta-para-risco-de-suspensao-de-bolsas\/#breadcrumb\",\"itemListElement\":[{\"@type\":\"ListItem\",\"position\":1,\"name\":\"In\u00edcio\",\"item\":\"https:\/\/femergs.com.br\/wfe\/\"},{\"@type\":\"ListItem\",\"position\":2,\"name\":\"Capes alerta para risco de suspens\u00e3o de bolsas\"}]},{\"@type\":\"WebSite\",\"@id\":\"https:\/\/femergs.com.br\/wfe\/#website\",\"url\":\"https:\/\/femergs.com.br\/wfe\/\",\"name\":\"FEMERGS\",\"description\":\"FEDERA\u00c7\u00c3O DOS MUNICIP\u00c1RIOS DO ESTADO DO RIO GRANDE DO SUL\",\"publisher\":{\"@id\":\"https:\/\/femergs.com.br\/wfe\/#organization\"},\"potentialAction\":[{\"@type\":\"SearchAction\",\"target\":{\"@type\":\"EntryPoint\",\"urlTemplate\":\"https:\/\/femergs.com.br\/wfe\/?s={search_term_string}\"},\"query-input\":{\"@type\":\"PropertyValueSpecification\",\"valueRequired\":true,\"valueName\":\"search_term_string\"}}],\"inLanguage\":\"pt-BR\"},{\"@type\":\"Organization\",\"@id\":\"https:\/\/femergs.com.br\/wfe\/#organization\",\"name\":\"FEMERGS\",\"url\":\"https:\/\/femergs.com.br\/wfe\/\",\"logo\":{\"@type\":\"ImageObject\",\"inLanguage\":\"pt-BR\",\"@id\":\"https:\/\/femergs.com.br\/wfe\/#\/schema\/logo\/image\/\",\"url\":\"https:\/\/femergs.com.br\/wfe\/wp-content\/uploads\/2025\/06\/logotipo.png\",\"contentUrl\":\"https:\/\/femergs.com.br\/wfe\/wp-content\/uploads\/2025\/06\/logotipo.png\",\"width\":500,\"height\":500,\"caption\":\"FEMERGS\"},\"image\":{\"@id\":\"https:\/\/femergs.com.br\/wfe\/#\/schema\/logo\/image\/\"},\"sameAs\":[\"https:\/\/www.facebook.com\/profile.php?id=100057151733001\",\"https:\/\/www.instagram.com\/femergs_rs\/\"]},{\"@type\":\"Person\",\"@id\":\"https:\/\/femergs.com.br\/wfe\/#\/schema\/person\/f5558e6b5ffc044ee085016237dedb7f\",\"name\":\"adminfemergs\",\"image\":{\"@type\":\"ImageObject\",\"inLanguage\":\"pt-BR\",\"@id\":\"https:\/\/femergs.com.br\/wfe\/#\/schema\/person\/image\/\",\"url\":\"https:\/\/secure.gravatar.com\/avatar\/398642fa557cdd524617ad9b31c938845f071aeb3448b9c0aeb29aefc495337b?s=96&d=mm&r=g\",\"contentUrl\":\"https:\/\/secure.gravatar.com\/avatar\/398642fa557cdd524617ad9b31c938845f071aeb3448b9c0aeb29aefc495337b?s=96&d=mm&r=g\",\"caption\":\"adminfemergs\"},\"sameAs\":[\"https:\/\/femergs.com.br\/wfe\"],\"url\":\"https:\/\/femergs.com.br\/wfe\/blog\/author\/adminfemergs\/\"}]}<\/script>\n<!-- \/ Yoast SEO plugin. -->","yoast_head_json":{"title":"Capes alerta para risco de suspens\u00e3o de bolsas - Federa\u00e7\u00e3o dos Municip\u00e1rios do Estado do Rio Grande do Sul","robots":{"index":"index","follow":"follow","max-snippet":"max-snippet:-1","max-image-preview":"max-image-preview:large","max-video-preview":"max-video-preview:-1"},"canonical":"https:\/\/femergs.com.br\/wfe\/blog\/capes-alerta-para-risco-de-suspensao-de-bolsas\/","og_locale":"pt_BR","og_type":"article","og_title":"Capes alerta para risco de suspens\u00e3o de bolsas - Federa\u00e7\u00e3o dos Municip\u00e1rios do Estado do Rio Grande do Sul","og_description":"Cerca de 93 mil bolsas de pesquisadores e p\u00f3s-graduandos e outras 105 mil de profissionais da educa\u00e7\u00e3o b\u00e1sica poder\u00e3o ser suspensas a partir de agosto de 2019 se for mantido o teto or\u00e7ament\u00e1rio inferior ao previsto na Lei de Diretrizes Or\u00e7ament\u00e1rias (LDO) para a Coordena\u00e7\u00e3o de Aperfei\u00e7oamento de Pessoal de N\u00edvel Superior (Capes). O alerta [&hellip;]","og_url":"https:\/\/femergs.com.br\/wfe\/blog\/capes-alerta-para-risco-de-suspensao-de-bolsas\/","og_site_name":"Federa\u00e7\u00e3o dos Municip\u00e1rios do Estado do Rio Grande do Sul","article_publisher":"https:\/\/www.facebook.com\/profile.php?id=100057151733001","article_published_time":"2018-08-04T13:14:18+00:00","author":"adminfemergs","twitter_card":"summary_large_image","twitter_misc":{"Escrito por":"adminfemergs","Est. tempo de leitura":"2 minutos"},"schema":{"@context":"https:\/\/schema.org","@graph":[{"@type":"Article","@id":"https:\/\/femergs.com.br\/wfe\/blog\/capes-alerta-para-risco-de-suspensao-de-bolsas\/#article","isPartOf":{"@id":"https:\/\/femergs.com.br\/wfe\/blog\/capes-alerta-para-risco-de-suspensao-de-bolsas\/"},"author":{"name":"adminfemergs","@id":"https:\/\/femergs.com.br\/wfe\/#\/schema\/person\/f5558e6b5ffc044ee085016237dedb7f"},"headline":"Capes alerta para risco de suspens\u00e3o de bolsas","datePublished":"2018-08-04T13:14:18+00:00","mainEntityOfPage":{"@id":"https:\/\/femergs.com.br\/wfe\/blog\/capes-alerta-para-risco-de-suspensao-de-bolsas\/"},"wordCount":451,"publisher":{"@id":"https:\/\/femergs.com.br\/wfe\/#organization"},"keywords":["NULL"],"articleSection":["ARQUIVADAS"],"inLanguage":"pt-BR"},{"@type":"WebPage","@id":"https:\/\/femergs.com.br\/wfe\/blog\/capes-alerta-para-risco-de-suspensao-de-bolsas\/","url":"https:\/\/femergs.com.br\/wfe\/blog\/capes-alerta-para-risco-de-suspensao-de-bolsas\/","name":"Capes alerta para risco de suspens\u00e3o de bolsas - Federa\u00e7\u00e3o dos Municip\u00e1rios do Estado do Rio Grande do Sul","isPartOf":{"@id":"https:\/\/femergs.com.br\/wfe\/#website"},"datePublished":"2018-08-04T13:14:18+00:00","breadcrumb":{"@id":"https:\/\/femergs.com.br\/wfe\/blog\/capes-alerta-para-risco-de-suspensao-de-bolsas\/#breadcrumb"},"inLanguage":"pt-BR","potentialAction":[{"@type":"ReadAction","target":["https:\/\/femergs.com.br\/wfe\/blog\/capes-alerta-para-risco-de-suspensao-de-bolsas\/"]}]},{"@type":"BreadcrumbList","@id":"https:\/\/femergs.com.br\/wfe\/blog\/capes-alerta-para-risco-de-suspensao-de-bolsas\/#breadcrumb","itemListElement":[{"@type":"ListItem","position":1,"name":"In\u00edcio","item":"https:\/\/femergs.com.br\/wfe\/"},{"@type":"ListItem","position":2,"name":"Capes alerta para risco de suspens\u00e3o de bolsas"}]},{"@type":"WebSite","@id":"https:\/\/femergs.com.br\/wfe\/#website","url":"https:\/\/femergs.com.br\/wfe\/","name":"FEMERGS","description":"FEDERA\u00c7\u00c3O DOS MUNICIP\u00c1RIOS DO ESTADO DO RIO GRANDE DO SUL","publisher":{"@id":"https:\/\/femergs.com.br\/wfe\/#organization"},"potentialAction":[{"@type":"SearchAction","target":{"@type":"EntryPoint","urlTemplate":"https:\/\/femergs.com.br\/wfe\/?s={search_term_string}"},"query-input":{"@type":"PropertyValueSpecification","valueRequired":true,"valueName":"search_term_string"}}],"inLanguage":"pt-BR"},{"@type":"Organization","@id":"https:\/\/femergs.com.br\/wfe\/#organization","name":"FEMERGS","url":"https:\/\/femergs.com.br\/wfe\/","logo":{"@type":"ImageObject","inLanguage":"pt-BR","@id":"https:\/\/femergs.com.br\/wfe\/#\/schema\/logo\/image\/","url":"https:\/\/femergs.com.br\/wfe\/wp-content\/uploads\/2025\/06\/logotipo.png","contentUrl":"https:\/\/femergs.com.br\/wfe\/wp-content\/uploads\/2025\/06\/logotipo.png","width":500,"height":500,"caption":"FEMERGS"},"image":{"@id":"https:\/\/femergs.com.br\/wfe\/#\/schema\/logo\/image\/"},"sameAs":["https:\/\/www.facebook.com\/profile.php?id=100057151733001","https:\/\/www.instagram.com\/femergs_rs\/"]},{"@type":"Person","@id":"https:\/\/femergs.com.br\/wfe\/#\/schema\/person\/f5558e6b5ffc044ee085016237dedb7f","name":"adminfemergs","image":{"@type":"ImageObject","inLanguage":"pt-BR","@id":"https:\/\/femergs.com.br\/wfe\/#\/schema\/person\/image\/","url":"https:\/\/secure.gravatar.com\/avatar\/398642fa557cdd524617ad9b31c938845f071aeb3448b9c0aeb29aefc495337b?s=96&d=mm&r=g","contentUrl":"https:\/\/secure.gravatar.com\/avatar\/398642fa557cdd524617ad9b31c938845f071aeb3448b9c0aeb29aefc495337b?s=96&d=mm&r=g","caption":"adminfemergs"},"sameAs":["https:\/\/femergs.com.br\/wfe"],"url":"https:\/\/femergs.com.br\/wfe\/blog\/author\/adminfemergs\/"}]}},"uagb_featured_image_src":{"full":false,"thumbnail":false,"medium":false,"medium_large":false,"large":false,"1536x1536":false,"2048x2048":false,"ultp_layout_landscape_large":false,"ultp_layout_landscape":false,"ultp_layout_portrait":false,"ultp_layout_square":false},"uagb_author_info":{"display_name":"adminfemergs","author_link":"https:\/\/femergs.com.br\/wfe\/blog\/author\/adminfemergs\/"},"uagb_comment_info":0,"uagb_excerpt":"Cerca de 93 mil bolsas de pesquisadores e p\u00f3s-graduandos e outras 105 mil de profissionais da educa\u00e7\u00e3o b\u00e1sica poder\u00e3o ser suspensas a partir de agosto de 2019 se for mantido o teto or\u00e7ament\u00e1rio inferior ao previsto na Lei de Diretrizes Or\u00e7ament\u00e1rias (LDO) para a Coordena\u00e7\u00e3o de Aperfei\u00e7oamento de Pessoal de N\u00edvel Superior (Capes). O alerta&hellip;","_links":{"self":[{"href":"https:\/\/femergs.com.br\/wfe\/wp-json\/wp\/v2\/posts\/1140","targetHints":{"allow":["GET"]}}],"collection":[{"href":"https:\/\/femergs.com.br\/wfe\/wp-json\/wp\/v2\/posts"}],"about":[{"href":"https:\/\/femergs.com.br\/wfe\/wp-json\/wp\/v2\/types\/post"}],"author":[{"embeddable":true,"href":"https:\/\/femergs.com.br\/wfe\/wp-json\/wp\/v2\/users\/1"}],"replies":[{"embeddable":true,"href":"https:\/\/femergs.com.br\/wfe\/wp-json\/wp\/v2\/comments?post=1140"}],"version-history":[{"count":0,"href":"https:\/\/femergs.com.br\/wfe\/wp-json\/wp\/v2\/posts\/1140\/revisions"}],"wp:attachment":[{"href":"https:\/\/femergs.com.br\/wfe\/wp-json\/wp\/v2\/media?parent=1140"}],"wp:term":[{"taxonomy":"category","embeddable":true,"href":"https:\/\/femergs.com.br\/wfe\/wp-json\/wp\/v2\/categories?post=1140"},{"taxonomy":"post_tag","embeddable":true,"href":"https:\/\/femergs.com.br\/wfe\/wp-json\/wp\/v2\/tags?post=1140"}],"curies":[{"name":"wp","href":"https:\/\/api.w.org\/{rel}","templated":true}]}}