{"id":1142,"date":"2018-08-09T13:13:50","date_gmt":"2018-08-09T13:13:50","guid":{"rendered":"https:\/\/femergs.com.br\/wfe\/blog\/governo-agiliza-corte-de-beneficio-de-idoso-e-deficiente-pobre\/"},"modified":"2018-08-09T13:13:50","modified_gmt":"2018-08-09T13:13:50","slug":"governo-agiliza-corte-de-beneficio-de-idoso-e-deficiente-pobre","status":"publish","type":"post","link":"https:\/\/femergs.com.br\/wfe\/blog\/governo-agiliza-corte-de-beneficio-de-idoso-e-deficiente-pobre\/","title":{"rendered":"Governo agiliza corte de benef\u00edcio de idoso e deficiente pobre"},"content":{"rendered":"<p><sub>09\/08\/2018 &#8211; Folha de S. Paulo Online<br \/>\nBras\u00edlia<\/sub><\/p>\n<p>Sob o argumento de melhorar o gasto p\u00fablico, o presidente Michel Temer vai acelerar o corte do pagamento de benef\u00edcio de um sal\u00e1rio m\u00ednimo a idosos e pessoas com defici\u00eancia em situa\u00e7\u00e3o de mis\u00e9ria.<\/p>\n<p>O governo preparou um decreto que n\u00e3o s\u00f3 agiliza a suspens\u00e3o do pagamento do BPC (Benef\u00edcio de Presta\u00e7\u00e3o Continuada) em casos suspeitos de irregularidade como cria novas situa\u00e7\u00f5es em que o pagamento pode ser cortado.<\/p>\n<p>A previs\u00e3o \u00e9 que o decreto seja publicado no Di\u00e1rio Oficial desta quinta-feira (9).<\/p>\n<p>O benef\u00edcio assistencial, que hoje sustenta 4,6 milh\u00f5es de pessoas, tem or\u00e7amento anual de mais de R$ 50 bilh\u00f5es \u2014maior do que o do Bolsa Fam\u00edlia (R$ 29 bilh\u00f5es em 2017).<\/p>\n<p>O texto do decreto, ao qual a Folha teve acesso, determina que o valor do benef\u00edcio ser\u00e1 bloqueado mesmo que o INSS, respons\u00e1vel pelo pagamento do BPC, n\u00e3o consiga notificar o benefici\u00e1rio.<\/p>\n<p>S\u00f3 ap\u00f3s o bloqueio, se entrar em contato com o INSS, o benefici\u00e1rio entender\u00e1 o motivo pelo qual teve o benef\u00edcio cortado. Al\u00e9m disso, ter\u00e1 apenas dez dias para para apresentar a defesa.<\/p>\n<p>De acordo com a regra hoje em vigor, se o governo n\u00e3o consegue notificar o benefici\u00e1rio por correio, \u00e9 necess\u00e1ria uma notifica\u00e7\u00e3o por meio de edital e h\u00e1 prazo de 15 dias para apresenta\u00e7\u00e3o de defesa.<\/p>\n<p>Conhecido por muitos benefici\u00e1rios simplesmente como aposentadoria, o BPC \u00e9 uma assist\u00eancia de um sal\u00e1rio m\u00ednimo mensal paga a pessoas com defici\u00eancia ou com mais de 65 anos que tenham renda familiar per capita de at\u00e9 25% do sal\u00e1rio m\u00ednimo (R$ 954), que comprovem condi\u00e7\u00e3o de miserabilidade.<\/p>\n<p>Hoje, isso significa menos de R$ 238,50 por pessoa.<\/p>\n<p>O benef\u00edcio n\u00e3o d\u00e1 direito a pens\u00e3o nem paga 13\u00ba.<\/p>\n<p>Se o texto anterior dizia apenas que o BPC seria suspenso quando fosse identificada irregularidade na sua concess\u00e3o, o novo decreto traz mais previs\u00f5es.<\/p>\n<p>Entre elas, a \u201cidentifica\u00e7\u00e3o de inconsist\u00eancias ou insufici\u00eancias cadastrais que afetem a avalia\u00e7\u00e3o de elegibilidade do benefici\u00e1rio\u201d e o \u201cn\u00e3o agendamento da reavalia\u00e7\u00e3o da defici\u00eancia at\u00e9 a data-limite estabelecida em convoca\u00e7\u00e3o\u201d.<\/p>\n<p>O governo Temer j\u00e1 havia tentado mexer no BPC quando enviou proposta de reforma da Previd\u00eancia ao Congresso. O texto original aumentava a idade m\u00ednima, hoje em 65 anos, para 70 e desvinculava o valor do benef\u00edcio do sal\u00e1rio m\u00ednimo.<\/p>\n<p>A Folha revelou que o governo gastou no ano passado R$ 5,5 bilh\u00f5es em benef\u00edcios pagos a pessoas que, segundo ele, est\u00e3o fora das regras do benef\u00edcio.<\/p>\n<p>O valor pago de forma indevida em um ano \u00e9 maior do que os R$ 4,5 bilh\u00f5es que foram gastos com todos os mais de 4 milh\u00f5es de benefici\u00e1rios do BPC no m\u00eas de junho.<\/p>\n<p>Um problema antigo da pol\u00edtica do BPC \u00e9 a judicializa\u00e7\u00e3o.<\/p>\n<p>Em decis\u00e3o de 2013, o Supremo considerou inconstitucional o crit\u00e9rio de um quarto do sal\u00e1rio m\u00ednimo. Na ocasi\u00e3o, os ministros consideraram que a regra estava defasada para caracterizar a situa\u00e7\u00e3o de miserabilidade.<\/p>\n<p>At\u00e9 hoje, contudo, a lei n\u00e3o foi alterada para estabelecer um novo patamar para acessar o benef\u00edcio.<\/p>\n","protected":false},"excerpt":{"rendered":"<p>09\/08\/2018 &#8211; Folha de S. Paulo Online Bras\u00edlia Sob o argumento de melhorar o gasto p\u00fablico, o presidente Michel Temer vai acelerar o corte do pagamento de benef\u00edcio de um sal\u00e1rio m\u00ednimo a idosos e pessoas com defici\u00eancia em situa\u00e7\u00e3o de mis\u00e9ria. O governo preparou um decreto que n\u00e3o s\u00f3 agiliza a suspens\u00e3o do pagamento [&hellip;]<\/p>\n","protected":false},"author":1,"featured_media":0,"comment_status":"closed","ping_status":"closed","sticky":false,"template":"","format":"standard","meta":{"_eb_attr":"","_uag_custom_page_level_css":"","fifu_image_url":"","fifu_image_alt":"","footnotes":""},"categories":[1],"tags":[32],"class_list":["post-1142","post","type-post","status-publish","format-standard","hentry","category-arquivadas","tag-null"],"yoast_head":"<!-- This site is optimized with the Yoast SEO plugin v27.1.1 - https:\/\/yoast.com\/product\/yoast-seo-wordpress\/ -->\n<title>Governo agiliza corte de benef\u00edcio de idoso e deficiente pobre - Federa\u00e7\u00e3o dos Municip\u00e1rios do Estado do Rio Grande do Sul<\/title>\n<meta name=\"robots\" content=\"index, follow, max-snippet:-1, max-image-preview:large, max-video-preview:-1\" \/>\n<link rel=\"canonical\" href=\"https:\/\/femergs.com.br\/wfe\/blog\/governo-agiliza-corte-de-beneficio-de-idoso-e-deficiente-pobre\/\" \/>\n<meta property=\"og:locale\" content=\"pt_BR\" \/>\n<meta property=\"og:type\" content=\"article\" \/>\n<meta property=\"og:title\" content=\"Governo agiliza corte de benef\u00edcio de idoso e deficiente pobre - Federa\u00e7\u00e3o dos Municip\u00e1rios do Estado do Rio Grande do Sul\" \/>\n<meta property=\"og:description\" content=\"09\/08\/2018 &#8211; Folha de S. Paulo Online Bras\u00edlia Sob o argumento de melhorar o gasto p\u00fablico, o presidente Michel Temer vai acelerar o corte do pagamento de benef\u00edcio de um sal\u00e1rio m\u00ednimo a idosos e pessoas com defici\u00eancia em situa\u00e7\u00e3o de mis\u00e9ria. O governo preparou um decreto que n\u00e3o s\u00f3 agiliza a suspens\u00e3o do pagamento [&hellip;]\" \/>\n<meta property=\"og:url\" content=\"https:\/\/femergs.com.br\/wfe\/blog\/governo-agiliza-corte-de-beneficio-de-idoso-e-deficiente-pobre\/\" \/>\n<meta property=\"og:site_name\" content=\"Federa\u00e7\u00e3o dos Municip\u00e1rios do Estado do Rio Grande do Sul\" \/>\n<meta property=\"article:publisher\" content=\"https:\/\/www.facebook.com\/profile.php?id=100057151733001\" \/>\n<meta property=\"article:published_time\" content=\"2018-08-09T13:13:50+00:00\" \/>\n<meta name=\"author\" content=\"adminfemergs\" \/>\n<meta name=\"twitter:card\" content=\"summary_large_image\" \/>\n<meta name=\"twitter:label1\" content=\"Escrito por\" \/>\n\t<meta name=\"twitter:data1\" content=\"adminfemergs\" \/>\n\t<meta name=\"twitter:label2\" content=\"Est. tempo de leitura\" \/>\n\t<meta name=\"twitter:data2\" content=\"3 minutos\" \/>\n<script type=\"application\/ld+json\" class=\"yoast-schema-graph\">{\"@context\":\"https:\/\/schema.org\",\"@graph\":[{\"@type\":\"Article\",\"@id\":\"https:\/\/femergs.com.br\/wfe\/blog\/governo-agiliza-corte-de-beneficio-de-idoso-e-deficiente-pobre\/#article\",\"isPartOf\":{\"@id\":\"https:\/\/femergs.com.br\/wfe\/blog\/governo-agiliza-corte-de-beneficio-de-idoso-e-deficiente-pobre\/\"},\"author\":{\"name\":\"adminfemergs\",\"@id\":\"https:\/\/femergs.com.br\/wfe\/#\/schema\/person\/f5558e6b5ffc044ee085016237dedb7f\"},\"headline\":\"Governo agiliza corte de benef\u00edcio de idoso e deficiente pobre\",\"datePublished\":\"2018-08-09T13:13:50+00:00\",\"mainEntityOfPage\":{\"@id\":\"https:\/\/femergs.com.br\/wfe\/blog\/governo-agiliza-corte-de-beneficio-de-idoso-e-deficiente-pobre\/\"},\"wordCount\":572,\"publisher\":{\"@id\":\"https:\/\/femergs.com.br\/wfe\/#organization\"},\"keywords\":[\"NULL\"],\"articleSection\":[\"ARQUIVADAS\"],\"inLanguage\":\"pt-BR\"},{\"@type\":\"WebPage\",\"@id\":\"https:\/\/femergs.com.br\/wfe\/blog\/governo-agiliza-corte-de-beneficio-de-idoso-e-deficiente-pobre\/\",\"url\":\"https:\/\/femergs.com.br\/wfe\/blog\/governo-agiliza-corte-de-beneficio-de-idoso-e-deficiente-pobre\/\",\"name\":\"Governo agiliza corte de benef\u00edcio de idoso e deficiente pobre - Federa\u00e7\u00e3o dos Municip\u00e1rios do Estado do Rio Grande do Sul\",\"isPartOf\":{\"@id\":\"https:\/\/femergs.com.br\/wfe\/#website\"},\"datePublished\":\"2018-08-09T13:13:50+00:00\",\"breadcrumb\":{\"@id\":\"https:\/\/femergs.com.br\/wfe\/blog\/governo-agiliza-corte-de-beneficio-de-idoso-e-deficiente-pobre\/#breadcrumb\"},\"inLanguage\":\"pt-BR\",\"potentialAction\":[{\"@type\":\"ReadAction\",\"target\":[\"https:\/\/femergs.com.br\/wfe\/blog\/governo-agiliza-corte-de-beneficio-de-idoso-e-deficiente-pobre\/\"]}]},{\"@type\":\"BreadcrumbList\",\"@id\":\"https:\/\/femergs.com.br\/wfe\/blog\/governo-agiliza-corte-de-beneficio-de-idoso-e-deficiente-pobre\/#breadcrumb\",\"itemListElement\":[{\"@type\":\"ListItem\",\"position\":1,\"name\":\"In\u00edcio\",\"item\":\"https:\/\/femergs.com.br\/wfe\/\"},{\"@type\":\"ListItem\",\"position\":2,\"name\":\"Governo agiliza corte de benef\u00edcio de idoso e deficiente pobre\"}]},{\"@type\":\"WebSite\",\"@id\":\"https:\/\/femergs.com.br\/wfe\/#website\",\"url\":\"https:\/\/femergs.com.br\/wfe\/\",\"name\":\"FEMERGS\",\"description\":\"FEDERA\u00c7\u00c3O DOS MUNICIP\u00c1RIOS DO ESTADO DO RIO GRANDE DO SUL\",\"publisher\":{\"@id\":\"https:\/\/femergs.com.br\/wfe\/#organization\"},\"potentialAction\":[{\"@type\":\"SearchAction\",\"target\":{\"@type\":\"EntryPoint\",\"urlTemplate\":\"https:\/\/femergs.com.br\/wfe\/?s={search_term_string}\"},\"query-input\":{\"@type\":\"PropertyValueSpecification\",\"valueRequired\":true,\"valueName\":\"search_term_string\"}}],\"inLanguage\":\"pt-BR\"},{\"@type\":\"Organization\",\"@id\":\"https:\/\/femergs.com.br\/wfe\/#organization\",\"name\":\"FEMERGS\",\"url\":\"https:\/\/femergs.com.br\/wfe\/\",\"logo\":{\"@type\":\"ImageObject\",\"inLanguage\":\"pt-BR\",\"@id\":\"https:\/\/femergs.com.br\/wfe\/#\/schema\/logo\/image\/\",\"url\":\"https:\/\/femergs.com.br\/wfe\/wp-content\/uploads\/2025\/06\/logotipo.png\",\"contentUrl\":\"https:\/\/femergs.com.br\/wfe\/wp-content\/uploads\/2025\/06\/logotipo.png\",\"width\":500,\"height\":500,\"caption\":\"FEMERGS\"},\"image\":{\"@id\":\"https:\/\/femergs.com.br\/wfe\/#\/schema\/logo\/image\/\"},\"sameAs\":[\"https:\/\/www.facebook.com\/profile.php?id=100057151733001\",\"https:\/\/www.instagram.com\/femergs_rs\/\"]},{\"@type\":\"Person\",\"@id\":\"https:\/\/femergs.com.br\/wfe\/#\/schema\/person\/f5558e6b5ffc044ee085016237dedb7f\",\"name\":\"adminfemergs\",\"image\":{\"@type\":\"ImageObject\",\"inLanguage\":\"pt-BR\",\"@id\":\"https:\/\/femergs.com.br\/wfe\/#\/schema\/person\/image\/\",\"url\":\"https:\/\/secure.gravatar.com\/avatar\/398642fa557cdd524617ad9b31c938845f071aeb3448b9c0aeb29aefc495337b?s=96&d=mm&r=g\",\"contentUrl\":\"https:\/\/secure.gravatar.com\/avatar\/398642fa557cdd524617ad9b31c938845f071aeb3448b9c0aeb29aefc495337b?s=96&d=mm&r=g\",\"caption\":\"adminfemergs\"},\"sameAs\":[\"https:\/\/femergs.com.br\/wfe\"],\"url\":\"https:\/\/femergs.com.br\/wfe\/blog\/author\/adminfemergs\/\"}]}<\/script>\n<!-- \/ Yoast SEO plugin. -->","yoast_head_json":{"title":"Governo agiliza corte de benef\u00edcio de idoso e deficiente pobre - Federa\u00e7\u00e3o dos Municip\u00e1rios do Estado do Rio Grande do Sul","robots":{"index":"index","follow":"follow","max-snippet":"max-snippet:-1","max-image-preview":"max-image-preview:large","max-video-preview":"max-video-preview:-1"},"canonical":"https:\/\/femergs.com.br\/wfe\/blog\/governo-agiliza-corte-de-beneficio-de-idoso-e-deficiente-pobre\/","og_locale":"pt_BR","og_type":"article","og_title":"Governo agiliza corte de benef\u00edcio de idoso e deficiente pobre - Federa\u00e7\u00e3o dos Municip\u00e1rios do Estado do Rio Grande do Sul","og_description":"09\/08\/2018 &#8211; Folha de S. Paulo Online Bras\u00edlia Sob o argumento de melhorar o gasto p\u00fablico, o presidente Michel Temer vai acelerar o corte do pagamento de benef\u00edcio de um sal\u00e1rio m\u00ednimo a idosos e pessoas com defici\u00eancia em situa\u00e7\u00e3o de mis\u00e9ria. O governo preparou um decreto que n\u00e3o s\u00f3 agiliza a suspens\u00e3o do pagamento [&hellip;]","og_url":"https:\/\/femergs.com.br\/wfe\/blog\/governo-agiliza-corte-de-beneficio-de-idoso-e-deficiente-pobre\/","og_site_name":"Federa\u00e7\u00e3o dos Municip\u00e1rios do Estado do Rio Grande do Sul","article_publisher":"https:\/\/www.facebook.com\/profile.php?id=100057151733001","article_published_time":"2018-08-09T13:13:50+00:00","author":"adminfemergs","twitter_card":"summary_large_image","twitter_misc":{"Escrito por":"adminfemergs","Est. tempo de leitura":"3 minutos"},"schema":{"@context":"https:\/\/schema.org","@graph":[{"@type":"Article","@id":"https:\/\/femergs.com.br\/wfe\/blog\/governo-agiliza-corte-de-beneficio-de-idoso-e-deficiente-pobre\/#article","isPartOf":{"@id":"https:\/\/femergs.com.br\/wfe\/blog\/governo-agiliza-corte-de-beneficio-de-idoso-e-deficiente-pobre\/"},"author":{"name":"adminfemergs","@id":"https:\/\/femergs.com.br\/wfe\/#\/schema\/person\/f5558e6b5ffc044ee085016237dedb7f"},"headline":"Governo agiliza corte de benef\u00edcio de idoso e deficiente pobre","datePublished":"2018-08-09T13:13:50+00:00","mainEntityOfPage":{"@id":"https:\/\/femergs.com.br\/wfe\/blog\/governo-agiliza-corte-de-beneficio-de-idoso-e-deficiente-pobre\/"},"wordCount":572,"publisher":{"@id":"https:\/\/femergs.com.br\/wfe\/#organization"},"keywords":["NULL"],"articleSection":["ARQUIVADAS"],"inLanguage":"pt-BR"},{"@type":"WebPage","@id":"https:\/\/femergs.com.br\/wfe\/blog\/governo-agiliza-corte-de-beneficio-de-idoso-e-deficiente-pobre\/","url":"https:\/\/femergs.com.br\/wfe\/blog\/governo-agiliza-corte-de-beneficio-de-idoso-e-deficiente-pobre\/","name":"Governo agiliza corte de benef\u00edcio de idoso e deficiente pobre - Federa\u00e7\u00e3o dos Municip\u00e1rios do Estado do Rio Grande do Sul","isPartOf":{"@id":"https:\/\/femergs.com.br\/wfe\/#website"},"datePublished":"2018-08-09T13:13:50+00:00","breadcrumb":{"@id":"https:\/\/femergs.com.br\/wfe\/blog\/governo-agiliza-corte-de-beneficio-de-idoso-e-deficiente-pobre\/#breadcrumb"},"inLanguage":"pt-BR","potentialAction":[{"@type":"ReadAction","target":["https:\/\/femergs.com.br\/wfe\/blog\/governo-agiliza-corte-de-beneficio-de-idoso-e-deficiente-pobre\/"]}]},{"@type":"BreadcrumbList","@id":"https:\/\/femergs.com.br\/wfe\/blog\/governo-agiliza-corte-de-beneficio-de-idoso-e-deficiente-pobre\/#breadcrumb","itemListElement":[{"@type":"ListItem","position":1,"name":"In\u00edcio","item":"https:\/\/femergs.com.br\/wfe\/"},{"@type":"ListItem","position":2,"name":"Governo agiliza corte de benef\u00edcio de idoso e deficiente pobre"}]},{"@type":"WebSite","@id":"https:\/\/femergs.com.br\/wfe\/#website","url":"https:\/\/femergs.com.br\/wfe\/","name":"FEMERGS","description":"FEDERA\u00c7\u00c3O DOS MUNICIP\u00c1RIOS DO ESTADO DO RIO GRANDE DO SUL","publisher":{"@id":"https:\/\/femergs.com.br\/wfe\/#organization"},"potentialAction":[{"@type":"SearchAction","target":{"@type":"EntryPoint","urlTemplate":"https:\/\/femergs.com.br\/wfe\/?s={search_term_string}"},"query-input":{"@type":"PropertyValueSpecification","valueRequired":true,"valueName":"search_term_string"}}],"inLanguage":"pt-BR"},{"@type":"Organization","@id":"https:\/\/femergs.com.br\/wfe\/#organization","name":"FEMERGS","url":"https:\/\/femergs.com.br\/wfe\/","logo":{"@type":"ImageObject","inLanguage":"pt-BR","@id":"https:\/\/femergs.com.br\/wfe\/#\/schema\/logo\/image\/","url":"https:\/\/femergs.com.br\/wfe\/wp-content\/uploads\/2025\/06\/logotipo.png","contentUrl":"https:\/\/femergs.com.br\/wfe\/wp-content\/uploads\/2025\/06\/logotipo.png","width":500,"height":500,"caption":"FEMERGS"},"image":{"@id":"https:\/\/femergs.com.br\/wfe\/#\/schema\/logo\/image\/"},"sameAs":["https:\/\/www.facebook.com\/profile.php?id=100057151733001","https:\/\/www.instagram.com\/femergs_rs\/"]},{"@type":"Person","@id":"https:\/\/femergs.com.br\/wfe\/#\/schema\/person\/f5558e6b5ffc044ee085016237dedb7f","name":"adminfemergs","image":{"@type":"ImageObject","inLanguage":"pt-BR","@id":"https:\/\/femergs.com.br\/wfe\/#\/schema\/person\/image\/","url":"https:\/\/secure.gravatar.com\/avatar\/398642fa557cdd524617ad9b31c938845f071aeb3448b9c0aeb29aefc495337b?s=96&d=mm&r=g","contentUrl":"https:\/\/secure.gravatar.com\/avatar\/398642fa557cdd524617ad9b31c938845f071aeb3448b9c0aeb29aefc495337b?s=96&d=mm&r=g","caption":"adminfemergs"},"sameAs":["https:\/\/femergs.com.br\/wfe"],"url":"https:\/\/femergs.com.br\/wfe\/blog\/author\/adminfemergs\/"}]}},"uagb_featured_image_src":{"full":false,"thumbnail":false,"medium":false,"medium_large":false,"large":false,"1536x1536":false,"2048x2048":false,"ultp_layout_landscape_large":false,"ultp_layout_landscape":false,"ultp_layout_portrait":false,"ultp_layout_square":false},"uagb_author_info":{"display_name":"adminfemergs","author_link":"https:\/\/femergs.com.br\/wfe\/blog\/author\/adminfemergs\/"},"uagb_comment_info":0,"uagb_excerpt":"09\/08\/2018 &#8211; Folha de S. Paulo Online Bras\u00edlia Sob o argumento de melhorar o gasto p\u00fablico, o presidente Michel Temer vai acelerar o corte do pagamento de benef\u00edcio de um sal\u00e1rio m\u00ednimo a idosos e pessoas com defici\u00eancia em situa\u00e7\u00e3o de mis\u00e9ria. O governo preparou um decreto que n\u00e3o s\u00f3 agiliza a suspens\u00e3o do pagamento&hellip;","_links":{"self":[{"href":"https:\/\/femergs.com.br\/wfe\/wp-json\/wp\/v2\/posts\/1142","targetHints":{"allow":["GET"]}}],"collection":[{"href":"https:\/\/femergs.com.br\/wfe\/wp-json\/wp\/v2\/posts"}],"about":[{"href":"https:\/\/femergs.com.br\/wfe\/wp-json\/wp\/v2\/types\/post"}],"author":[{"embeddable":true,"href":"https:\/\/femergs.com.br\/wfe\/wp-json\/wp\/v2\/users\/1"}],"replies":[{"embeddable":true,"href":"https:\/\/femergs.com.br\/wfe\/wp-json\/wp\/v2\/comments?post=1142"}],"version-history":[{"count":0,"href":"https:\/\/femergs.com.br\/wfe\/wp-json\/wp\/v2\/posts\/1142\/revisions"}],"wp:attachment":[{"href":"https:\/\/femergs.com.br\/wfe\/wp-json\/wp\/v2\/media?parent=1142"}],"wp:term":[{"taxonomy":"category","embeddable":true,"href":"https:\/\/femergs.com.br\/wfe\/wp-json\/wp\/v2\/categories?post=1142"},{"taxonomy":"post_tag","embeddable":true,"href":"https:\/\/femergs.com.br\/wfe\/wp-json\/wp\/v2\/tags?post=1142"}],"curies":[{"name":"wp","href":"https:\/\/api.w.org\/{rel}","templated":true}]}}