{"id":1144,"date":"2018-08-23T13:35:37","date_gmt":"2018-08-23T13:35:37","guid":{"rendered":"https:\/\/femergs.com.br\/wfe\/blog\/femergs-e-solidaria-a-ato-do-sindicatos-dos-municiparios-de-porto-alegre\/"},"modified":"2018-08-23T13:35:37","modified_gmt":"2018-08-23T13:35:37","slug":"femergs-e-solidaria-a-ato-do-sindicatos-dos-municiparios-de-porto-alegre","status":"publish","type":"post","link":"https:\/\/femergs.com.br\/wfe\/blog\/femergs-e-solidaria-a-ato-do-sindicatos-dos-municiparios-de-porto-alegre\/","title":{"rendered":"FEMERGS \u00c9 SOLID\u00c1RIA A ATO DO SINDICATOS DOS MUNICIP\u00c1RIOS DE PORTO ALEGRE"},"content":{"rendered":"<p>\nA Federa\u00e7\u00e3o dos Municip\u00e1rios do Estado do Rio Grande do Sul &#8211; FEMERGS apoia a luta do Sindicato dos Municip\u00e1rios de Porto Alegre &#8211; SIMPA, sendo solid\u00e1rio para que a luta permane\u00e7a firme e atuante, sendo que o que prevale\u00e7a \u00e9 ter os trabalhadores valorizados e o servi\u00e7o qualificado, sem nenhum direito a menos.<\/p>\n<p>O ato \u201cPorto Alegre pelo Di\u00e1logo\u201d, realizado nesta manh\u00e3 (22\/8), reuniu centenas de municip\u00e1rios em greve, no Pa\u00e7o Municipal, com o objetivo de conseguir abrir a mesa de negocia\u00e7\u00e3o com o prefeito Nelson Marchezan Jr. a respeito da Data Base 2018 da categoria. A manifesta\u00e7\u00e3o contou com a entrega da carta assinada por personalidade de Porto Alegre, que pedem ao prefeito a negocia\u00e7\u00e3o em nome da manuten\u00e7\u00e3o do di\u00e1logo e da democracia na cidade e com apresenta\u00e7\u00f5es de alunos e educadores das escolas da rede municipal.<\/p>\n<p>Hoje, era o prazo final oferecido pela Procuradoria Geral do Munic\u00edpio (PGM) para que a Prefeitura abrisse uma mesa de negocia\u00e7\u00e3o com os municip\u00e1rios. A data foi estabelecida durante audi\u00eancia de concilia\u00e7\u00e3o entre Simpa, PGM e Justi\u00e7a, no dia 13 de agosto deste ano.<\/p>\n<p>Mesmo com o esfor\u00e7o das institui\u00e7\u00f5es e de prefeitos, ex-prefeitos, educadores e artistas porto-alegrenses, Marchezan se recusa a dialogar com o Simpa e tenta criminalizar a greve da categoria com declara\u00e7\u00f5es mentirosas na imprensa.<\/p>\n<p>A greve segue no seu 23\u00ba dia de mobiliza\u00e7\u00f5es pela reposi\u00e7\u00e3o salarial e em defesa dos servi\u00e7os p\u00fablicos e da cidade. Amanh\u00e3 (23\/8), tem nova assembleia geral municip\u00e1ria, \u00e0s 14h, na Casa do Ga\u00facho.<\/p>\n<p><a href=\"https:\/\/simpa.org.br\/ato-pelo-dialogo-lota-o-paco-municipal-na-greve-dos-municiparios\/\">https:\/\/simpa.org.br\/ato-pelo-dialogo-lota-o-paco-municipal-na-greve-dos-municiparios\/<\/a><\/p>\n<p><u><strong>Carta assinada por personalidades de Porto Alegre pede negocia\u00e7\u00e3o entre Marchezan e municip\u00e1rios<\/p>\n<p><img decoding=\"async\" src=\"data:image\/gif;base64,R0lGODlhAQABAIAAAAAAAP\/\/\/ywAAAAAAQABAAACAUwAOw==\" fifu-lazy=\"1\" fifu-data-sizes=\"auto\" fifu-data-srcset=\"\/Im4g3nsN0t1cia\/geral\/images\/carta.png?w=75&resize=75&ssl=1 75w, \/Im4g3nsN0t1cia\/geral\/images\/carta.png?w=100&resize=100&ssl=1 100w, \/Im4g3nsN0t1cia\/geral\/images\/carta.png?w=150&resize=150&ssl=1 150w, \/Im4g3nsN0t1cia\/geral\/images\/carta.png?w=240&resize=240&ssl=1 240w, \/Im4g3nsN0t1cia\/geral\/images\/carta.png?w=320&resize=320&ssl=1 320w, \/Im4g3nsN0t1cia\/geral\/images\/carta.png?w=500&resize=500&ssl=1 500w, \/Im4g3nsN0t1cia\/geral\/images\/carta.png?w=640&resize=640&ssl=1 640w, \/Im4g3nsN0t1cia\/geral\/images\/carta.png?w=800&resize=800&ssl=1 800w, \/Im4g3nsN0t1cia\/geral\/images\/carta.png?w=1024&resize=1024&ssl=1 1024w, \/Im4g3nsN0t1cia\/geral\/images\/carta.png?w=1280&resize=1280&ssl=1 1280w, \/Im4g3nsN0t1cia\/geral\/images\/carta.png?w=1600&resize=1600&ssl=1 1600w\" alt=\"\" fifu-data-src=\"\/Im4g3nsN0t1cia\/geral\/images\/carta.png\" style=\"height:469px; width:713px\" \/><\/strong><\/u><\/p>\n<p><img decoding=\"async\" src=\"data:image\/gif;base64,R0lGODlhAQABAIAAAAAAAP\/\/\/ywAAAAAAQABAAACAUwAOw==\" fifu-lazy=\"1\" fifu-data-sizes=\"auto\" fifu-data-srcset=\"\/Im4g3nsN0t1cia\/geral\/images\/assinam.png?w=75&resize=75&ssl=1 75w, \/Im4g3nsN0t1cia\/geral\/images\/assinam.png?w=100&resize=100&ssl=1 100w, \/Im4g3nsN0t1cia\/geral\/images\/assinam.png?w=150&resize=150&ssl=1 150w, \/Im4g3nsN0t1cia\/geral\/images\/assinam.png?w=240&resize=240&ssl=1 240w, \/Im4g3nsN0t1cia\/geral\/images\/assinam.png?w=320&resize=320&ssl=1 320w, \/Im4g3nsN0t1cia\/geral\/images\/assinam.png?w=500&resize=500&ssl=1 500w, \/Im4g3nsN0t1cia\/geral\/images\/assinam.png?w=640&resize=640&ssl=1 640w, \/Im4g3nsN0t1cia\/geral\/images\/assinam.png?w=800&resize=800&ssl=1 800w, \/Im4g3nsN0t1cia\/geral\/images\/assinam.png?w=1024&resize=1024&ssl=1 1024w, \/Im4g3nsN0t1cia\/geral\/images\/assinam.png?w=1280&resize=1280&ssl=1 1280w, \/Im4g3nsN0t1cia\/geral\/images\/assinam.png?w=1600&resize=1600&ssl=1 1600w\" alt=\"\" fifu-data-src=\"\/Im4g3nsN0t1cia\/geral\/images\/assinam.png\" style=\"height:362px; width:704px\" \/><\/p>\n","protected":false},"excerpt":{"rendered":"<p>A Federa\u00e7\u00e3o dos Municip\u00e1rios do Estado do Rio Grande do Sul &#8211; FEMERGS apoia a luta do Sindicato dos Municip\u00e1rios de Porto Alegre &#8211; SIMPA, sendo solid\u00e1rio para que a luta permane\u00e7a firme e atuante, sendo que o que prevale\u00e7a \u00e9 ter os trabalhadores valorizados e o servi\u00e7o qualificado, sem nenhum direito a menos. O [&hellip;]<\/p>\n","protected":false},"author":1,"featured_media":0,"comment_status":"closed","ping_status":"closed","sticky":false,"template":"","format":"standard","meta":{"_eb_attr":"","_uag_custom_page_level_css":"","fifu_image_url":"","fifu_image_alt":"","footnotes":""},"categories":[1],"tags":[32],"class_list":["post-1144","post","type-post","status-publish","format-standard","hentry","category-arquivadas","tag-null"],"yoast_head":"<!-- This site is optimized with the Yoast SEO plugin v27.1.1 - https:\/\/yoast.com\/product\/yoast-seo-wordpress\/ -->\n<title>FEMERGS \u00c9 SOLID\u00c1RIA A ATO DO SINDICATOS DOS MUNICIP\u00c1RIOS DE PORTO ALEGRE - Federa\u00e7\u00e3o dos Municip\u00e1rios do Estado do Rio Grande do Sul<\/title>\n<meta name=\"robots\" content=\"index, follow, max-snippet:-1, max-image-preview:large, max-video-preview:-1\" \/>\n<link rel=\"canonical\" href=\"https:\/\/femergs.com.br\/wfe\/blog\/femergs-e-solidaria-a-ato-do-sindicatos-dos-municiparios-de-porto-alegre\/\" \/>\n<meta property=\"og:locale\" content=\"pt_BR\" \/>\n<meta property=\"og:type\" content=\"article\" \/>\n<meta property=\"og:title\" content=\"FEMERGS \u00c9 SOLID\u00c1RIA A ATO DO SINDICATOS DOS MUNICIP\u00c1RIOS DE PORTO ALEGRE - Federa\u00e7\u00e3o dos Municip\u00e1rios do Estado do Rio Grande do Sul\" \/>\n<meta property=\"og:description\" content=\"A Federa\u00e7\u00e3o dos Municip\u00e1rios do Estado do Rio Grande do Sul &#8211; FEMERGS apoia a luta do Sindicato dos Municip\u00e1rios de Porto Alegre &#8211; SIMPA, sendo solid\u00e1rio para que a luta permane\u00e7a firme e atuante, sendo que o que prevale\u00e7a \u00e9 ter os trabalhadores valorizados e o servi\u00e7o qualificado, sem nenhum direito a menos. O [&hellip;]\" \/>\n<meta property=\"og:url\" content=\"https:\/\/femergs.com.br\/wfe\/blog\/femergs-e-solidaria-a-ato-do-sindicatos-dos-municiparios-de-porto-alegre\/\" \/>\n<meta property=\"og:site_name\" content=\"Federa\u00e7\u00e3o dos Municip\u00e1rios do Estado do Rio Grande do Sul\" \/>\n<meta property=\"article:publisher\" content=\"https:\/\/www.facebook.com\/profile.php?id=100057151733001\" \/>\n<meta property=\"article:published_time\" content=\"2018-08-23T13:35:37+00:00\" \/>\n<meta name=\"author\" content=\"adminfemergs\" \/>\n<meta name=\"twitter:card\" content=\"summary_large_image\" \/>\n<meta name=\"twitter:label1\" content=\"Escrito por\" \/>\n\t<meta name=\"twitter:data1\" content=\"adminfemergs\" \/>\n\t<meta name=\"twitter:label2\" content=\"Est. tempo de leitura\" \/>\n\t<meta name=\"twitter:data2\" content=\"1 minuto\" \/>\n<script type=\"application\/ld+json\" class=\"yoast-schema-graph\">{\"@context\":\"https:\/\/schema.org\",\"@graph\":[{\"@type\":\"Article\",\"@id\":\"https:\/\/femergs.com.br\/wfe\/blog\/femergs-e-solidaria-a-ato-do-sindicatos-dos-municiparios-de-porto-alegre\/#article\",\"isPartOf\":{\"@id\":\"https:\/\/femergs.com.br\/wfe\/blog\/femergs-e-solidaria-a-ato-do-sindicatos-dos-municiparios-de-porto-alegre\/\"},\"author\":{\"name\":\"adminfemergs\",\"@id\":\"https:\/\/femergs.com.br\/wfe\/#\/schema\/person\/f5558e6b5ffc044ee085016237dedb7f\"},\"headline\":\"FEMERGS \u00c9 SOLID\u00c1RIA A ATO DO SINDICATOS DOS MUNICIP\u00c1RIOS DE PORTO ALEGRE\",\"datePublished\":\"2018-08-23T13:35:37+00:00\",\"mainEntityOfPage\":{\"@id\":\"https:\/\/femergs.com.br\/wfe\/blog\/femergs-e-solidaria-a-ato-do-sindicatos-dos-municiparios-de-porto-alegre\/\"},\"wordCount\":310,\"publisher\":{\"@id\":\"https:\/\/femergs.com.br\/wfe\/#organization\"},\"keywords\":[\"NULL\"],\"articleSection\":[\"ARQUIVADAS\"],\"inLanguage\":\"pt-BR\"},{\"@type\":\"WebPage\",\"@id\":\"https:\/\/femergs.com.br\/wfe\/blog\/femergs-e-solidaria-a-ato-do-sindicatos-dos-municiparios-de-porto-alegre\/\",\"url\":\"https:\/\/femergs.com.br\/wfe\/blog\/femergs-e-solidaria-a-ato-do-sindicatos-dos-municiparios-de-porto-alegre\/\",\"name\":\"FEMERGS \u00c9 SOLID\u00c1RIA A ATO DO SINDICATOS DOS MUNICIP\u00c1RIOS DE PORTO ALEGRE - Federa\u00e7\u00e3o dos Municip\u00e1rios do Estado do Rio Grande do Sul\",\"isPartOf\":{\"@id\":\"https:\/\/femergs.com.br\/wfe\/#website\"},\"datePublished\":\"2018-08-23T13:35:37+00:00\",\"breadcrumb\":{\"@id\":\"https:\/\/femergs.com.br\/wfe\/blog\/femergs-e-solidaria-a-ato-do-sindicatos-dos-municiparios-de-porto-alegre\/#breadcrumb\"},\"inLanguage\":\"pt-BR\",\"potentialAction\":[{\"@type\":\"ReadAction\",\"target\":[\"https:\/\/femergs.com.br\/wfe\/blog\/femergs-e-solidaria-a-ato-do-sindicatos-dos-municiparios-de-porto-alegre\/\"]}]},{\"@type\":\"BreadcrumbList\",\"@id\":\"https:\/\/femergs.com.br\/wfe\/blog\/femergs-e-solidaria-a-ato-do-sindicatos-dos-municiparios-de-porto-alegre\/#breadcrumb\",\"itemListElement\":[{\"@type\":\"ListItem\",\"position\":1,\"name\":\"In\u00edcio\",\"item\":\"https:\/\/femergs.com.br\/wfe\/\"},{\"@type\":\"ListItem\",\"position\":2,\"name\":\"FEMERGS \u00c9 SOLID\u00c1RIA A ATO DO SINDICATOS DOS MUNICIP\u00c1RIOS DE PORTO ALEGRE\"}]},{\"@type\":\"WebSite\",\"@id\":\"https:\/\/femergs.com.br\/wfe\/#website\",\"url\":\"https:\/\/femergs.com.br\/wfe\/\",\"name\":\"FEMERGS\",\"description\":\"FEDERA\u00c7\u00c3O DOS MUNICIP\u00c1RIOS DO ESTADO DO RIO GRANDE DO SUL\",\"publisher\":{\"@id\":\"https:\/\/femergs.com.br\/wfe\/#organization\"},\"potentialAction\":[{\"@type\":\"SearchAction\",\"target\":{\"@type\":\"EntryPoint\",\"urlTemplate\":\"https:\/\/femergs.com.br\/wfe\/?s={search_term_string}\"},\"query-input\":{\"@type\":\"PropertyValueSpecification\",\"valueRequired\":true,\"valueName\":\"search_term_string\"}}],\"inLanguage\":\"pt-BR\"},{\"@type\":\"Organization\",\"@id\":\"https:\/\/femergs.com.br\/wfe\/#organization\",\"name\":\"FEMERGS\",\"url\":\"https:\/\/femergs.com.br\/wfe\/\",\"logo\":{\"@type\":\"ImageObject\",\"inLanguage\":\"pt-BR\",\"@id\":\"https:\/\/femergs.com.br\/wfe\/#\/schema\/logo\/image\/\",\"url\":\"https:\/\/femergs.com.br\/wfe\/wp-content\/uploads\/2025\/06\/logotipo.png\",\"contentUrl\":\"https:\/\/femergs.com.br\/wfe\/wp-content\/uploads\/2025\/06\/logotipo.png\",\"width\":500,\"height\":500,\"caption\":\"FEMERGS\"},\"image\":{\"@id\":\"https:\/\/femergs.com.br\/wfe\/#\/schema\/logo\/image\/\"},\"sameAs\":[\"https:\/\/www.facebook.com\/profile.php?id=100057151733001\",\"https:\/\/www.instagram.com\/femergs_rs\/\"]},{\"@type\":\"Person\",\"@id\":\"https:\/\/femergs.com.br\/wfe\/#\/schema\/person\/f5558e6b5ffc044ee085016237dedb7f\",\"name\":\"adminfemergs\",\"image\":{\"@type\":\"ImageObject\",\"inLanguage\":\"pt-BR\",\"@id\":\"https:\/\/femergs.com.br\/wfe\/#\/schema\/person\/image\/\",\"url\":\"https:\/\/secure.gravatar.com\/avatar\/398642fa557cdd524617ad9b31c938845f071aeb3448b9c0aeb29aefc495337b?s=96&d=mm&r=g\",\"contentUrl\":\"https:\/\/secure.gravatar.com\/avatar\/398642fa557cdd524617ad9b31c938845f071aeb3448b9c0aeb29aefc495337b?s=96&d=mm&r=g\",\"caption\":\"adminfemergs\"},\"sameAs\":[\"https:\/\/femergs.com.br\/wfe\"],\"url\":\"https:\/\/femergs.com.br\/wfe\/blog\/author\/adminfemergs\/\"}]}<\/script>\n<!-- \/ Yoast SEO plugin. -->","yoast_head_json":{"title":"FEMERGS \u00c9 SOLID\u00c1RIA A ATO DO SINDICATOS DOS MUNICIP\u00c1RIOS DE PORTO ALEGRE - Federa\u00e7\u00e3o dos Municip\u00e1rios do Estado do Rio Grande do Sul","robots":{"index":"index","follow":"follow","max-snippet":"max-snippet:-1","max-image-preview":"max-image-preview:large","max-video-preview":"max-video-preview:-1"},"canonical":"https:\/\/femergs.com.br\/wfe\/blog\/femergs-e-solidaria-a-ato-do-sindicatos-dos-municiparios-de-porto-alegre\/","og_locale":"pt_BR","og_type":"article","og_title":"FEMERGS \u00c9 SOLID\u00c1RIA A ATO DO SINDICATOS DOS MUNICIP\u00c1RIOS DE PORTO ALEGRE - Federa\u00e7\u00e3o dos Municip\u00e1rios do Estado do Rio Grande do Sul","og_description":"A Federa\u00e7\u00e3o dos Municip\u00e1rios do Estado do Rio Grande do Sul &#8211; FEMERGS apoia a luta do Sindicato dos Municip\u00e1rios de Porto Alegre &#8211; SIMPA, sendo solid\u00e1rio para que a luta permane\u00e7a firme e atuante, sendo que o que prevale\u00e7a \u00e9 ter os trabalhadores valorizados e o servi\u00e7o qualificado, sem nenhum direito a menos. O [&hellip;]","og_url":"https:\/\/femergs.com.br\/wfe\/blog\/femergs-e-solidaria-a-ato-do-sindicatos-dos-municiparios-de-porto-alegre\/","og_site_name":"Federa\u00e7\u00e3o dos Municip\u00e1rios do Estado do Rio Grande do Sul","article_publisher":"https:\/\/www.facebook.com\/profile.php?id=100057151733001","article_published_time":"2018-08-23T13:35:37+00:00","author":"adminfemergs","twitter_card":"summary_large_image","twitter_misc":{"Escrito por":"adminfemergs","Est. tempo de leitura":"1 minuto"},"schema":{"@context":"https:\/\/schema.org","@graph":[{"@type":"Article","@id":"https:\/\/femergs.com.br\/wfe\/blog\/femergs-e-solidaria-a-ato-do-sindicatos-dos-municiparios-de-porto-alegre\/#article","isPartOf":{"@id":"https:\/\/femergs.com.br\/wfe\/blog\/femergs-e-solidaria-a-ato-do-sindicatos-dos-municiparios-de-porto-alegre\/"},"author":{"name":"adminfemergs","@id":"https:\/\/femergs.com.br\/wfe\/#\/schema\/person\/f5558e6b5ffc044ee085016237dedb7f"},"headline":"FEMERGS \u00c9 SOLID\u00c1RIA A ATO DO SINDICATOS DOS MUNICIP\u00c1RIOS DE PORTO ALEGRE","datePublished":"2018-08-23T13:35:37+00:00","mainEntityOfPage":{"@id":"https:\/\/femergs.com.br\/wfe\/blog\/femergs-e-solidaria-a-ato-do-sindicatos-dos-municiparios-de-porto-alegre\/"},"wordCount":310,"publisher":{"@id":"https:\/\/femergs.com.br\/wfe\/#organization"},"keywords":["NULL"],"articleSection":["ARQUIVADAS"],"inLanguage":"pt-BR"},{"@type":"WebPage","@id":"https:\/\/femergs.com.br\/wfe\/blog\/femergs-e-solidaria-a-ato-do-sindicatos-dos-municiparios-de-porto-alegre\/","url":"https:\/\/femergs.com.br\/wfe\/blog\/femergs-e-solidaria-a-ato-do-sindicatos-dos-municiparios-de-porto-alegre\/","name":"FEMERGS \u00c9 SOLID\u00c1RIA A ATO DO SINDICATOS DOS MUNICIP\u00c1RIOS DE PORTO ALEGRE - Federa\u00e7\u00e3o dos Municip\u00e1rios do Estado do Rio Grande do Sul","isPartOf":{"@id":"https:\/\/femergs.com.br\/wfe\/#website"},"datePublished":"2018-08-23T13:35:37+00:00","breadcrumb":{"@id":"https:\/\/femergs.com.br\/wfe\/blog\/femergs-e-solidaria-a-ato-do-sindicatos-dos-municiparios-de-porto-alegre\/#breadcrumb"},"inLanguage":"pt-BR","potentialAction":[{"@type":"ReadAction","target":["https:\/\/femergs.com.br\/wfe\/blog\/femergs-e-solidaria-a-ato-do-sindicatos-dos-municiparios-de-porto-alegre\/"]}]},{"@type":"BreadcrumbList","@id":"https:\/\/femergs.com.br\/wfe\/blog\/femergs-e-solidaria-a-ato-do-sindicatos-dos-municiparios-de-porto-alegre\/#breadcrumb","itemListElement":[{"@type":"ListItem","position":1,"name":"In\u00edcio","item":"https:\/\/femergs.com.br\/wfe\/"},{"@type":"ListItem","position":2,"name":"FEMERGS \u00c9 SOLID\u00c1RIA A ATO DO SINDICATOS DOS MUNICIP\u00c1RIOS DE PORTO ALEGRE"}]},{"@type":"WebSite","@id":"https:\/\/femergs.com.br\/wfe\/#website","url":"https:\/\/femergs.com.br\/wfe\/","name":"FEMERGS","description":"FEDERA\u00c7\u00c3O DOS MUNICIP\u00c1RIOS DO ESTADO DO RIO GRANDE DO SUL","publisher":{"@id":"https:\/\/femergs.com.br\/wfe\/#organization"},"potentialAction":[{"@type":"SearchAction","target":{"@type":"EntryPoint","urlTemplate":"https:\/\/femergs.com.br\/wfe\/?s={search_term_string}"},"query-input":{"@type":"PropertyValueSpecification","valueRequired":true,"valueName":"search_term_string"}}],"inLanguage":"pt-BR"},{"@type":"Organization","@id":"https:\/\/femergs.com.br\/wfe\/#organization","name":"FEMERGS","url":"https:\/\/femergs.com.br\/wfe\/","logo":{"@type":"ImageObject","inLanguage":"pt-BR","@id":"https:\/\/femergs.com.br\/wfe\/#\/schema\/logo\/image\/","url":"https:\/\/femergs.com.br\/wfe\/wp-content\/uploads\/2025\/06\/logotipo.png","contentUrl":"https:\/\/femergs.com.br\/wfe\/wp-content\/uploads\/2025\/06\/logotipo.png","width":500,"height":500,"caption":"FEMERGS"},"image":{"@id":"https:\/\/femergs.com.br\/wfe\/#\/schema\/logo\/image\/"},"sameAs":["https:\/\/www.facebook.com\/profile.php?id=100057151733001","https:\/\/www.instagram.com\/femergs_rs\/"]},{"@type":"Person","@id":"https:\/\/femergs.com.br\/wfe\/#\/schema\/person\/f5558e6b5ffc044ee085016237dedb7f","name":"adminfemergs","image":{"@type":"ImageObject","inLanguage":"pt-BR","@id":"https:\/\/femergs.com.br\/wfe\/#\/schema\/person\/image\/","url":"https:\/\/secure.gravatar.com\/avatar\/398642fa557cdd524617ad9b31c938845f071aeb3448b9c0aeb29aefc495337b?s=96&d=mm&r=g","contentUrl":"https:\/\/secure.gravatar.com\/avatar\/398642fa557cdd524617ad9b31c938845f071aeb3448b9c0aeb29aefc495337b?s=96&d=mm&r=g","caption":"adminfemergs"},"sameAs":["https:\/\/femergs.com.br\/wfe"],"url":"https:\/\/femergs.com.br\/wfe\/blog\/author\/adminfemergs\/"}]}},"uagb_featured_image_src":{"full":false,"thumbnail":false,"medium":false,"medium_large":false,"large":false,"1536x1536":false,"2048x2048":false,"ultp_layout_landscape_large":false,"ultp_layout_landscape":false,"ultp_layout_portrait":false,"ultp_layout_square":false},"uagb_author_info":{"display_name":"adminfemergs","author_link":"https:\/\/femergs.com.br\/wfe\/blog\/author\/adminfemergs\/"},"uagb_comment_info":0,"uagb_excerpt":"A Federa\u00e7\u00e3o dos Municip\u00e1rios do Estado do Rio Grande do Sul &#8211; FEMERGS apoia a luta do Sindicato dos Municip\u00e1rios de Porto Alegre &#8211; SIMPA, sendo solid\u00e1rio para que a luta permane\u00e7a firme e atuante, sendo que o que prevale\u00e7a \u00e9 ter os trabalhadores valorizados e o servi\u00e7o qualificado, sem nenhum direito a menos. O&hellip;","_links":{"self":[{"href":"https:\/\/femergs.com.br\/wfe\/wp-json\/wp\/v2\/posts\/1144","targetHints":{"allow":["GET"]}}],"collection":[{"href":"https:\/\/femergs.com.br\/wfe\/wp-json\/wp\/v2\/posts"}],"about":[{"href":"https:\/\/femergs.com.br\/wfe\/wp-json\/wp\/v2\/types\/post"}],"author":[{"embeddable":true,"href":"https:\/\/femergs.com.br\/wfe\/wp-json\/wp\/v2\/users\/1"}],"replies":[{"embeddable":true,"href":"https:\/\/femergs.com.br\/wfe\/wp-json\/wp\/v2\/comments?post=1144"}],"version-history":[{"count":0,"href":"https:\/\/femergs.com.br\/wfe\/wp-json\/wp\/v2\/posts\/1144\/revisions"}],"wp:attachment":[{"href":"https:\/\/femergs.com.br\/wfe\/wp-json\/wp\/v2\/media?parent=1144"}],"wp:term":[{"taxonomy":"category","embeddable":true,"href":"https:\/\/femergs.com.br\/wfe\/wp-json\/wp\/v2\/categories?post=1144"},{"taxonomy":"post_tag","embeddable":true,"href":"https:\/\/femergs.com.br\/wfe\/wp-json\/wp\/v2\/tags?post=1144"}],"curies":[{"name":"wp","href":"https:\/\/api.w.org\/{rel}","templated":true}]}}