{"id":1145,"date":"2018-08-23T14:26:07","date_gmt":"2018-08-23T14:26:07","guid":{"rendered":"https:\/\/femergs.com.br\/wfe\/blog\/eleicoes-2018-planos-de-governo\/"},"modified":"2018-08-23T14:26:07","modified_gmt":"2018-08-23T14:26:07","slug":"eleicoes-2018-planos-de-governo","status":"publish","type":"post","link":"https:\/\/femergs.com.br\/wfe\/blog\/eleicoes-2018-planos-de-governo\/","title":{"rendered":"Elei\u00e7\u00f5es &#8211; 2018 &#8211; PLANOS DE GOVERNO"},"content":{"rendered":"<p><strong>Conhe\u00e7a os propostas de governo de todos os candidatos a Presidente\/2018:<\/p>\n<p>Alvaro Dias (Pode)<\/strong><br \/>\n<img decoding=\"async\" src=\"data:image\/gif;base64,R0lGODlhAQABAIAAAAAAAP\/\/\/ywAAAAAAQABAAACAUwAOw==\" fifu-lazy=\"1\" fifu-data-sizes=\"auto\" fifu-data-srcset=\"\/Im4g3nsN0t1cia\/geral\/images\/Alvaro_Dias_(Pode).jpg?w=75&resize=75&ssl=1 75w, \/Im4g3nsN0t1cia\/geral\/images\/Alvaro_Dias_(Pode).jpg?w=100&resize=100&ssl=1 100w, \/Im4g3nsN0t1cia\/geral\/images\/Alvaro_Dias_(Pode).jpg?w=150&resize=150&ssl=1 150w, \/Im4g3nsN0t1cia\/geral\/images\/Alvaro_Dias_(Pode).jpg?w=240&resize=240&ssl=1 240w, \/Im4g3nsN0t1cia\/geral\/images\/Alvaro_Dias_(Pode).jpg?w=320&resize=320&ssl=1 320w, \/Im4g3nsN0t1cia\/geral\/images\/Alvaro_Dias_(Pode).jpg?w=500&resize=500&ssl=1 500w, \/Im4g3nsN0t1cia\/geral\/images\/Alvaro_Dias_(Pode).jpg?w=640&resize=640&ssl=1 640w, \/Im4g3nsN0t1cia\/geral\/images\/Alvaro_Dias_(Pode).jpg?w=800&resize=800&ssl=1 800w, \/Im4g3nsN0t1cia\/geral\/images\/Alvaro_Dias_(Pode).jpg?w=1024&resize=1024&ssl=1 1024w, \/Im4g3nsN0t1cia\/geral\/images\/Alvaro_Dias_(Pode).jpg?w=1280&resize=1280&ssl=1 1280w, \/Im4g3nsN0t1cia\/geral\/images\/Alvaro_Dias_(Pode).jpg?w=1600&resize=1600&ssl=1 1600w\" alt=\"\" fifu-data-src=\"\/Im4g3nsN0t1cia\/geral\/images\/Alvaro_Dias_(Pode).jpg\" style=\"height:133px; width:200px\" \/><br \/>\n<a href=\"http:\/\/divulgacandcontas.tse.jus.br\/candidaturas\/oficial\/2018\/BR\/BR\/2022802018\/280000618462\/\/proposta_1534304719669.pdf\">http:\/\/divulgacandcontas.tse.jus.br\/candidaturas\/oficial\/2018\/BR\/BR\/2022802018\/280000618462\/\/proposta_1534304719669.pdf<\/a><\/p>\n<p><strong>Cabo Daciolo (Patri)<\/strong><br \/>\n<img decoding=\"async\" src=\"data:image\/gif;base64,R0lGODlhAQABAIAAAAAAAP\/\/\/ywAAAAAAQABAAACAUwAOw==\" fifu-lazy=\"1\" fifu-data-sizes=\"auto\" fifu-data-srcset=\"\/Im4g3nsN0t1cia\/geral\/images\/Cabo_Daciolo_(Patri).jpg?w=75&resize=75&ssl=1 75w, \/Im4g3nsN0t1cia\/geral\/images\/Cabo_Daciolo_(Patri).jpg?w=100&resize=100&ssl=1 100w, \/Im4g3nsN0t1cia\/geral\/images\/Cabo_Daciolo_(Patri).jpg?w=150&resize=150&ssl=1 150w, \/Im4g3nsN0t1cia\/geral\/images\/Cabo_Daciolo_(Patri).jpg?w=240&resize=240&ssl=1 240w, \/Im4g3nsN0t1cia\/geral\/images\/Cabo_Daciolo_(Patri).jpg?w=320&resize=320&ssl=1 320w, \/Im4g3nsN0t1cia\/geral\/images\/Cabo_Daciolo_(Patri).jpg?w=500&resize=500&ssl=1 500w, \/Im4g3nsN0t1cia\/geral\/images\/Cabo_Daciolo_(Patri).jpg?w=640&resize=640&ssl=1 640w, \/Im4g3nsN0t1cia\/geral\/images\/Cabo_Daciolo_(Patri).jpg?w=800&resize=800&ssl=1 800w, \/Im4g3nsN0t1cia\/geral\/images\/Cabo_Daciolo_(Patri).jpg?w=1024&resize=1024&ssl=1 1024w, \/Im4g3nsN0t1cia\/geral\/images\/Cabo_Daciolo_(Patri).jpg?w=1280&resize=1280&ssl=1 1280w, \/Im4g3nsN0t1cia\/geral\/images\/Cabo_Daciolo_(Patri).jpg?w=1600&resize=1600&ssl=1 1600w\" alt=\"\" fifu-data-src=\"\/Im4g3nsN0t1cia\/geral\/images\/Cabo_Daciolo_(Patri).jpg\" style=\"height:133px; width:200px\" \/><br \/>\n<a href=\"http:\/\/divulgacandcontas.tse.jus.br\/candidaturas\/oficial\/2018\/BR\/BR\/2022802018\/280000602500\/\/proposta_1533774159360.pdf\">http:\/\/divulgacandcontas.tse.jus.br\/candidaturas\/oficial\/2018\/BR\/BR\/2022802018\/280000602500\/\/proposta_1533774159360.pdf<\/a><\/p>\n<p><strong>Ciro Gomes (PDT)<br \/>\n<img decoding=\"async\" src=\"data:image\/gif;base64,R0lGODlhAQABAIAAAAAAAP\/\/\/ywAAAAAAQABAAACAUwAOw==\" fifu-lazy=\"1\" fifu-data-sizes=\"auto\" fifu-data-srcset=\"\/Im4g3nsN0t1cia\/geral\/images\/Ciro_Gomes_(PDT).jpg?w=75&resize=75&ssl=1 75w, \/Im4g3nsN0t1cia\/geral\/images\/Ciro_Gomes_(PDT).jpg?w=100&resize=100&ssl=1 100w, \/Im4g3nsN0t1cia\/geral\/images\/Ciro_Gomes_(PDT).jpg?w=150&resize=150&ssl=1 150w, \/Im4g3nsN0t1cia\/geral\/images\/Ciro_Gomes_(PDT).jpg?w=240&resize=240&ssl=1 240w, \/Im4g3nsN0t1cia\/geral\/images\/Ciro_Gomes_(PDT).jpg?w=320&resize=320&ssl=1 320w, \/Im4g3nsN0t1cia\/geral\/images\/Ciro_Gomes_(PDT).jpg?w=500&resize=500&ssl=1 500w, \/Im4g3nsN0t1cia\/geral\/images\/Ciro_Gomes_(PDT).jpg?w=640&resize=640&ssl=1 640w, \/Im4g3nsN0t1cia\/geral\/images\/Ciro_Gomes_(PDT).jpg?w=800&resize=800&ssl=1 800w, \/Im4g3nsN0t1cia\/geral\/images\/Ciro_Gomes_(PDT).jpg?w=1024&resize=1024&ssl=1 1024w, \/Im4g3nsN0t1cia\/geral\/images\/Ciro_Gomes_(PDT).jpg?w=1280&resize=1280&ssl=1 1280w, \/Im4g3nsN0t1cia\/geral\/images\/Ciro_Gomes_(PDT).jpg?w=1600&resize=1600&ssl=1 1600w\" alt=\"\" fifu-data-src=\"\/Im4g3nsN0t1cia\/geral\/images\/Ciro_Gomes_(PDT).jpg\" style=\"height:133px; width:200px\" \/><br \/>\n<a href=\"http:\/\/divulgacandcontas.tse.jus.br\/candidaturas\/oficial\/2018\/BR\/BR\/2022802018\/280000605589\/\/proposta_1533938913830.pdf\">http:\/\/divulgacandcontas.tse.jus.br\/candidaturas\/oficial\/2018\/BR\/BR\/2022802018\/280000605589\/\/proposta_1533938913830.pdf<\/a><\/strong><\/p>\n<p><strong>Eymael (DC)<\/strong><br \/>\n<img decoding=\"async\" src=\"data:image\/gif;base64,R0lGODlhAQABAIAAAAAAAP\/\/\/ywAAAAAAQABAAACAUwAOw==\" fifu-lazy=\"1\" fifu-data-sizes=\"auto\" fifu-data-srcset=\"\/Im4g3nsN0t1cia\/geral\/images\/Eymael_(DC).jpg?w=75&resize=75&ssl=1 75w, \/Im4g3nsN0t1cia\/geral\/images\/Eymael_(DC).jpg?w=100&resize=100&ssl=1 100w, \/Im4g3nsN0t1cia\/geral\/images\/Eymael_(DC).jpg?w=150&resize=150&ssl=1 150w, \/Im4g3nsN0t1cia\/geral\/images\/Eymael_(DC).jpg?w=240&resize=240&ssl=1 240w, \/Im4g3nsN0t1cia\/geral\/images\/Eymael_(DC).jpg?w=320&resize=320&ssl=1 320w, \/Im4g3nsN0t1cia\/geral\/images\/Eymael_(DC).jpg?w=500&resize=500&ssl=1 500w, \/Im4g3nsN0t1cia\/geral\/images\/Eymael_(DC).jpg?w=640&resize=640&ssl=1 640w, \/Im4g3nsN0t1cia\/geral\/images\/Eymael_(DC).jpg?w=800&resize=800&ssl=1 800w, \/Im4g3nsN0t1cia\/geral\/images\/Eymael_(DC).jpg?w=1024&resize=1024&ssl=1 1024w, \/Im4g3nsN0t1cia\/geral\/images\/Eymael_(DC).jpg?w=1280&resize=1280&ssl=1 1280w, \/Im4g3nsN0t1cia\/geral\/images\/Eymael_(DC).jpg?w=1600&resize=1600&ssl=1 1600w\" alt=\"\" fifu-data-src=\"\/Im4g3nsN0t1cia\/geral\/images\/Eymael_(DC).jpg\" style=\"height:148px; width:200px\" \/><br \/>\n<a href=\"http:\/\/divulgacandcontas.tse.jus.br\/candidaturas\/oficial\/2018\/BR\/BR\/2022802018\/280000624085\/\/proposta_1534349291803.pdf\">http:\/\/divulgacandcontas.tse.jus.br\/candidaturas\/oficial\/2018\/BR\/BR\/2022802018\/280000624085\/\/proposta_1534349291803.pdf<\/a><\/p>\n<p><strong>Geraldo Alckmin (PSDB)<br \/>\n<img decoding=\"async\" src=\"data:image\/gif;base64,R0lGODlhAQABAIAAAAAAAP\/\/\/ywAAAAAAQABAAACAUwAOw==\" fifu-lazy=\"1\" fifu-data-sizes=\"auto\" fifu-data-srcset=\"\/Im4g3nsN0t1cia\/geral\/images\/Geraldo_Alckmin_(PSDB).jpg?w=75&resize=75&ssl=1 75w, \/Im4g3nsN0t1cia\/geral\/images\/Geraldo_Alckmin_(PSDB).jpg?w=100&resize=100&ssl=1 100w, \/Im4g3nsN0t1cia\/geral\/images\/Geraldo_Alckmin_(PSDB).jpg?w=150&resize=150&ssl=1 150w, \/Im4g3nsN0t1cia\/geral\/images\/Geraldo_Alckmin_(PSDB).jpg?w=240&resize=240&ssl=1 240w, \/Im4g3nsN0t1cia\/geral\/images\/Geraldo_Alckmin_(PSDB).jpg?w=320&resize=320&ssl=1 320w, \/Im4g3nsN0t1cia\/geral\/images\/Geraldo_Alckmin_(PSDB).jpg?w=500&resize=500&ssl=1 500w, \/Im4g3nsN0t1cia\/geral\/images\/Geraldo_Alckmin_(PSDB).jpg?w=640&resize=640&ssl=1 640w, \/Im4g3nsN0t1cia\/geral\/images\/Geraldo_Alckmin_(PSDB).jpg?w=800&resize=800&ssl=1 800w, \/Im4g3nsN0t1cia\/geral\/images\/Geraldo_Alckmin_(PSDB).jpg?w=1024&resize=1024&ssl=1 1024w, \/Im4g3nsN0t1cia\/geral\/images\/Geraldo_Alckmin_(PSDB).jpg?w=1280&resize=1280&ssl=1 1280w, \/Im4g3nsN0t1cia\/geral\/images\/Geraldo_Alckmin_(PSDB).jpg?w=1600&resize=1600&ssl=1 1600w\" alt=\"\" fifu-data-src=\"\/Im4g3nsN0t1cia\/geral\/images\/Geraldo_Alckmin_(PSDB).jpg\" style=\"height:133px; width:200px\" \/><br \/>\n<a href=\"http:\/\/divulgacandcontas.tse.jus.br\/candidaturas\/oficial\/2018\/BR\/BR\/2022802018\/280000602477\/\/proposta_1533849607885.pdf\">http:\/\/divulgacandcontas.tse.jus.br\/candidaturas\/oficial\/2018\/BR\/BR\/2022802018\/280000602477\/\/proposta_1533849607885.pdf<\/a><\/p>\n<p>Guilherme Boulos (Psol)<br \/>\n<img decoding=\"async\" src=\"data:image\/gif;base64,R0lGODlhAQABAIAAAAAAAP\/\/\/ywAAAAAAQABAAACAUwAOw==\" fifu-lazy=\"1\" fifu-data-sizes=\"auto\" fifu-data-srcset=\"\/Im4g3nsN0t1cia\/geral\/images\/Guilherme_Boulos_(Psol).jpg?w=75&resize=75&ssl=1 75w, \/Im4g3nsN0t1cia\/geral\/images\/Guilherme_Boulos_(Psol).jpg?w=100&resize=100&ssl=1 100w, \/Im4g3nsN0t1cia\/geral\/images\/Guilherme_Boulos_(Psol).jpg?w=150&resize=150&ssl=1 150w, \/Im4g3nsN0t1cia\/geral\/images\/Guilherme_Boulos_(Psol).jpg?w=240&resize=240&ssl=1 240w, \/Im4g3nsN0t1cia\/geral\/images\/Guilherme_Boulos_(Psol).jpg?w=320&resize=320&ssl=1 320w, \/Im4g3nsN0t1cia\/geral\/images\/Guilherme_Boulos_(Psol).jpg?w=500&resize=500&ssl=1 500w, \/Im4g3nsN0t1cia\/geral\/images\/Guilherme_Boulos_(Psol).jpg?w=640&resize=640&ssl=1 640w, \/Im4g3nsN0t1cia\/geral\/images\/Guilherme_Boulos_(Psol).jpg?w=800&resize=800&ssl=1 800w, \/Im4g3nsN0t1cia\/geral\/images\/Guilherme_Boulos_(Psol).jpg?w=1024&resize=1024&ssl=1 1024w, \/Im4g3nsN0t1cia\/geral\/images\/Guilherme_Boulos_(Psol).jpg?w=1280&resize=1280&ssl=1 1280w, \/Im4g3nsN0t1cia\/geral\/images\/Guilherme_Boulos_(Psol).jpg?w=1600&resize=1600&ssl=1 1600w\" alt=\"\" fifu-data-src=\"\/Im4g3nsN0t1cia\/geral\/images\/Guilherme_Boulos_(Psol).jpg\" style=\"height:133px; width:200px\" \/><br \/>\n<a href=\"http:\/\/divulgacandcontas.tse.jus.br\/candidaturas\/oficial\/2018\/BR\/BR\/2022802018\/280000601016\/\/proposta_1533565462424.pdf\">http:\/\/divulgacandcontas.tse.jus.br\/candidaturas\/oficial\/2018\/BR\/BR\/2022802018\/280000601016\/\/proposta_1533565462424.pdf<\/a><\/p>\n<p>Henrique Meirelles (MDB)<br \/>\n<img decoding=\"async\" src=\"data:image\/gif;base64,R0lGODlhAQABAIAAAAAAAP\/\/\/ywAAAAAAQABAAACAUwAOw==\" fifu-lazy=\"1\" fifu-data-sizes=\"auto\" fifu-data-srcset=\"\/Im4g3nsN0t1cia\/geral\/images\/Henrique_Meirelles_(MDB).jpg?w=75&resize=75&ssl=1 75w, \/Im4g3nsN0t1cia\/geral\/images\/Henrique_Meirelles_(MDB).jpg?w=100&resize=100&ssl=1 100w, \/Im4g3nsN0t1cia\/geral\/images\/Henrique_Meirelles_(MDB).jpg?w=150&resize=150&ssl=1 150w, \/Im4g3nsN0t1cia\/geral\/images\/Henrique_Meirelles_(MDB).jpg?w=240&resize=240&ssl=1 240w, \/Im4g3nsN0t1cia\/geral\/images\/Henrique_Meirelles_(MDB).jpg?w=320&resize=320&ssl=1 320w, \/Im4g3nsN0t1cia\/geral\/images\/Henrique_Meirelles_(MDB).jpg?w=500&resize=500&ssl=1 500w, \/Im4g3nsN0t1cia\/geral\/images\/Henrique_Meirelles_(MDB).jpg?w=640&resize=640&ssl=1 640w, \/Im4g3nsN0t1cia\/geral\/images\/Henrique_Meirelles_(MDB).jpg?w=800&resize=800&ssl=1 800w, \/Im4g3nsN0t1cia\/geral\/images\/Henrique_Meirelles_(MDB).jpg?w=1024&resize=1024&ssl=1 1024w, \/Im4g3nsN0t1cia\/geral\/images\/Henrique_Meirelles_(MDB).jpg?w=1280&resize=1280&ssl=1 1280w, \/Im4g3nsN0t1cia\/geral\/images\/Henrique_Meirelles_(MDB).jpg?w=1600&resize=1600&ssl=1 1600w\" alt=\"\" fifu-data-src=\"\/Im4g3nsN0t1cia\/geral\/images\/Henrique_Meirelles_(MDB).jpg\" style=\"height:112px; width:200px\" \/><br \/>\n<a href=\"http:\/\/divulgacandcontas.tse.jus.br\/candidaturas\/oficial\/2018\/BR\/BR\/2022802018\/280000622281\/\/proposta_1534354939646.pdf\">http:\/\/divulgacandcontas.tse.jus.br\/candidaturas\/oficial\/2018\/BR\/BR\/2022802018\/280000622281\/\/proposta_1534354939646.pdf<\/a><\/p>\n<p>Jair Bolsonaro (PSL)<br \/>\n<img decoding=\"async\" src=\"data:image\/gif;base64,R0lGODlhAQABAIAAAAAAAP\/\/\/ywAAAAAAQABAAACAUwAOw==\" fifu-lazy=\"1\" fifu-data-sizes=\"auto\" fifu-data-srcset=\"\/Im4g3nsN0t1cia\/geral\/images\/Jair_Bolsonaro_(PSL).jpg?w=75&resize=75&ssl=1 75w, \/Im4g3nsN0t1cia\/geral\/images\/Jair_Bolsonaro_(PSL).jpg?w=100&resize=100&ssl=1 100w, \/Im4g3nsN0t1cia\/geral\/images\/Jair_Bolsonaro_(PSL).jpg?w=150&resize=150&ssl=1 150w, \/Im4g3nsN0t1cia\/geral\/images\/Jair_Bolsonaro_(PSL).jpg?w=240&resize=240&ssl=1 240w, \/Im4g3nsN0t1cia\/geral\/images\/Jair_Bolsonaro_(PSL).jpg?w=320&resize=320&ssl=1 320w, \/Im4g3nsN0t1cia\/geral\/images\/Jair_Bolsonaro_(PSL).jpg?w=500&resize=500&ssl=1 500w, \/Im4g3nsN0t1cia\/geral\/images\/Jair_Bolsonaro_(PSL).jpg?w=640&resize=640&ssl=1 640w, \/Im4g3nsN0t1cia\/geral\/images\/Jair_Bolsonaro_(PSL).jpg?w=800&resize=800&ssl=1 800w, \/Im4g3nsN0t1cia\/geral\/images\/Jair_Bolsonaro_(PSL).jpg?w=1024&resize=1024&ssl=1 1024w, \/Im4g3nsN0t1cia\/geral\/images\/Jair_Bolsonaro_(PSL).jpg?w=1280&resize=1280&ssl=1 1280w, \/Im4g3nsN0t1cia\/geral\/images\/Jair_Bolsonaro_(PSL).jpg?w=1600&resize=1600&ssl=1 1600w\" alt=\"\" fifu-data-src=\"\/Im4g3nsN0t1cia\/geral\/images\/Jair_Bolsonaro_(PSL).jpg\" style=\"height:113px; width:200px\" \/><br \/>\n<a href=\"http:\/\/divulgacandcontas.tse.jus.br\/candidaturas\/oficial\/2018\/BR\/BR\/2022802018\/280000614517\/\/proposta_1534284632231.pdf\">http:\/\/divulgacandcontas.tse.jus.br\/candidaturas\/oficial\/2018\/BR\/BR\/2022802018\/280000614517\/\/proposta_1534284632231.pdf<\/a><\/p>\n<p>Jo\u00e3o Amo\u00eado (Novo)<br \/>\n<img decoding=\"async\" src=\"data:image\/gif;base64,R0lGODlhAQABAIAAAAAAAP\/\/\/ywAAAAAAQABAAACAUwAOw==\" fifu-lazy=\"1\" fifu-data-sizes=\"auto\" fifu-data-srcset=\"\/Im4g3nsN0t1cia\/geral\/images\/Joao_Amoedo_(Novo).jpg?w=75&resize=75&ssl=1 75w, \/Im4g3nsN0t1cia\/geral\/images\/Joao_Amoedo_(Novo).jpg?w=100&resize=100&ssl=1 100w, \/Im4g3nsN0t1cia\/geral\/images\/Joao_Amoedo_(Novo).jpg?w=150&resize=150&ssl=1 150w, \/Im4g3nsN0t1cia\/geral\/images\/Joao_Amoedo_(Novo).jpg?w=240&resize=240&ssl=1 240w, \/Im4g3nsN0t1cia\/geral\/images\/Joao_Amoedo_(Novo).jpg?w=320&resize=320&ssl=1 320w, \/Im4g3nsN0t1cia\/geral\/images\/Joao_Amoedo_(Novo).jpg?w=500&resize=500&ssl=1 500w, \/Im4g3nsN0t1cia\/geral\/images\/Joao_Amoedo_(Novo).jpg?w=640&resize=640&ssl=1 640w, \/Im4g3nsN0t1cia\/geral\/images\/Joao_Amoedo_(Novo).jpg?w=800&resize=800&ssl=1 800w, \/Im4g3nsN0t1cia\/geral\/images\/Joao_Amoedo_(Novo).jpg?w=1024&resize=1024&ssl=1 1024w, \/Im4g3nsN0t1cia\/geral\/images\/Joao_Amoedo_(Novo).jpg?w=1280&resize=1280&ssl=1 1280w, \/Im4g3nsN0t1cia\/geral\/images\/Joao_Amoedo_(Novo).jpg?w=1600&resize=1600&ssl=1 1600w\" alt=\"\" fifu-data-src=\"\/Im4g3nsN0t1cia\/geral\/images\/Joao_Amoedo_(Novo).jpg\" style=\"height:113px; width:200px\" \/><br \/>\n<a href=\"http:\/\/divulgacandcontas.tse.jus.br\/candidaturas\/oficial\/2018\/BR\/BR\/2022802018\/280000607640\/\/proposta_1534522080782.pdf\">http:\/\/divulgacandcontas.tse.jus.br\/candidaturas\/oficial\/2018\/BR\/BR\/2022802018\/280000607640\/\/proposta_1534522080782.pdf<\/a><\/strong><\/p>\n<p><strong>Jo\u00e3o Goulart Filho (PPL)<\/strong><br \/>\n<img decoding=\"async\" src=\"data:image\/gif;base64,R0lGODlhAQABAIAAAAAAAP\/\/\/ywAAAAAAQABAAACAUwAOw==\" fifu-lazy=\"1\" fifu-data-sizes=\"auto\" fifu-data-srcset=\"\/Im4g3nsN0t1cia\/geral\/images\/Joao_Goulart_Filho_(PPL).jpg?w=75&resize=75&ssl=1 75w, \/Im4g3nsN0t1cia\/geral\/images\/Joao_Goulart_Filho_(PPL).jpg?w=100&resize=100&ssl=1 100w, \/Im4g3nsN0t1cia\/geral\/images\/Joao_Goulart_Filho_(PPL).jpg?w=150&resize=150&ssl=1 150w, \/Im4g3nsN0t1cia\/geral\/images\/Joao_Goulart_Filho_(PPL).jpg?w=240&resize=240&ssl=1 240w, \/Im4g3nsN0t1cia\/geral\/images\/Joao_Goulart_Filho_(PPL).jpg?w=320&resize=320&ssl=1 320w, \/Im4g3nsN0t1cia\/geral\/images\/Joao_Goulart_Filho_(PPL).jpg?w=500&resize=500&ssl=1 500w, \/Im4g3nsN0t1cia\/geral\/images\/Joao_Goulart_Filho_(PPL).jpg?w=640&resize=640&ssl=1 640w, \/Im4g3nsN0t1cia\/geral\/images\/Joao_Goulart_Filho_(PPL).jpg?w=800&resize=800&ssl=1 800w, \/Im4g3nsN0t1cia\/geral\/images\/Joao_Goulart_Filho_(PPL).jpg?w=1024&resize=1024&ssl=1 1024w, \/Im4g3nsN0t1cia\/geral\/images\/Joao_Goulart_Filho_(PPL).jpg?w=1280&resize=1280&ssl=1 1280w, \/Im4g3nsN0t1cia\/geral\/images\/Joao_Goulart_Filho_(PPL).jpg?w=1600&resize=1600&ssl=1 1600w\" alt=\"\" fifu-data-src=\"\/Im4g3nsN0t1cia\/geral\/images\/Joao_Goulart_Filho_(PPL).jpg\" style=\"height:104px; width:200px\" \/><br \/>\n<a href=\"http:\/\/divulgacandcontas.tse.jus.br\/candidaturas\/oficial\/2018\/BR\/BR\/2022802018\/280000624082\/\/proposta_1534349279487.pdf\">http:\/\/divulgacandcontas.tse.jus.br\/candidaturas\/oficial\/2018\/BR\/BR\/2022802018\/280000624082\/\/proposta_1534349279487.pdf<\/a><\/p>\n<p><strong>Lula (PT)<\/strong><br \/>\n<img decoding=\"async\" src=\"data:image\/gif;base64,R0lGODlhAQABAIAAAAAAAP\/\/\/ywAAAAAAQABAAACAUwAOw==\" fifu-lazy=\"1\" fifu-data-sizes=\"auto\" fifu-data-srcset=\"\/Im4g3nsN0t1cia\/geral\/images\/Lula_(PT).jpg?w=75&resize=75&ssl=1 75w, \/Im4g3nsN0t1cia\/geral\/images\/Lula_(PT).jpg?w=100&resize=100&ssl=1 100w, \/Im4g3nsN0t1cia\/geral\/images\/Lula_(PT).jpg?w=150&resize=150&ssl=1 150w, \/Im4g3nsN0t1cia\/geral\/images\/Lula_(PT).jpg?w=240&resize=240&ssl=1 240w, \/Im4g3nsN0t1cia\/geral\/images\/Lula_(PT).jpg?w=320&resize=320&ssl=1 320w, \/Im4g3nsN0t1cia\/geral\/images\/Lula_(PT).jpg?w=500&resize=500&ssl=1 500w, \/Im4g3nsN0t1cia\/geral\/images\/Lula_(PT).jpg?w=640&resize=640&ssl=1 640w, \/Im4g3nsN0t1cia\/geral\/images\/Lula_(PT).jpg?w=800&resize=800&ssl=1 800w, \/Im4g3nsN0t1cia\/geral\/images\/Lula_(PT).jpg?w=1024&resize=1024&ssl=1 1024w, \/Im4g3nsN0t1cia\/geral\/images\/Lula_(PT).jpg?w=1280&resize=1280&ssl=1 1280w, \/Im4g3nsN0t1cia\/geral\/images\/Lula_(PT).jpg?w=1600&resize=1600&ssl=1 1600w\" alt=\"\" fifu-data-src=\"\/Im4g3nsN0t1cia\/geral\/images\/Lula_(PT).jpg\" style=\"height:133px; width:200px\" \/><br \/>\n<a href=\"https:\/\/lula.com.br\/wp-content\/uploads\/2018\/08\/Plano-Lula-de-Governo_2018.08.14-TEXTO-REGISTRADO-3-1.pdf\">https:\/\/lula.com.br\/wp-content\/uploads\/2018\/08\/Plano-Lula-de-Governo_2018.08.14-TEXTO-REGISTRADO-3-1.pdf<\/a><\/p>\n<p><strong>Marina Silva (REDE)<\/strong><br \/>\n<img decoding=\"async\" src=\"data:image\/gif;base64,R0lGODlhAQABAIAAAAAAAP\/\/\/ywAAAAAAQABAAACAUwAOw==\" fifu-lazy=\"1\" fifu-data-sizes=\"auto\" fifu-data-srcset=\"\/Im4g3nsN0t1cia\/geral\/images\/Marina_Silva_(REDE).jpg?w=75&resize=75&ssl=1 75w, \/Im4g3nsN0t1cia\/geral\/images\/Marina_Silva_(REDE).jpg?w=100&resize=100&ssl=1 100w, \/Im4g3nsN0t1cia\/geral\/images\/Marina_Silva_(REDE).jpg?w=150&resize=150&ssl=1 150w, \/Im4g3nsN0t1cia\/geral\/images\/Marina_Silva_(REDE).jpg?w=240&resize=240&ssl=1 240w, \/Im4g3nsN0t1cia\/geral\/images\/Marina_Silva_(REDE).jpg?w=320&resize=320&ssl=1 320w, \/Im4g3nsN0t1cia\/geral\/images\/Marina_Silva_(REDE).jpg?w=500&resize=500&ssl=1 500w, \/Im4g3nsN0t1cia\/geral\/images\/Marina_Silva_(REDE).jpg?w=640&resize=640&ssl=1 640w, \/Im4g3nsN0t1cia\/geral\/images\/Marina_Silva_(REDE).jpg?w=800&resize=800&ssl=1 800w, \/Im4g3nsN0t1cia\/geral\/images\/Marina_Silva_(REDE).jpg?w=1024&resize=1024&ssl=1 1024w, \/Im4g3nsN0t1cia\/geral\/images\/Marina_Silva_(REDE).jpg?w=1280&resize=1280&ssl=1 1280w, \/Im4g3nsN0t1cia\/geral\/images\/Marina_Silva_(REDE).jpg?w=1600&resize=1600&ssl=1 1600w\" alt=\"\" fifu-data-src=\"\/Im4g3nsN0t1cia\/geral\/images\/Marina_Silva_(REDE).jpg\" style=\"height:112px; width:200px\" \/><br \/>\n<a href=\"http:\/\/divulgacandcontas.tse.jus.br\/candidaturas\/oficial\/2018\/BR\/BR\/2022802018\/280000622171\/\/proposta_1534349620464.pdf\">http:\/\/divulgacandcontas.tse.jus.br\/candidaturas\/oficial\/2018\/BR\/BR\/2022802018\/280000622171\/\/proposta_1534349620464.pdf<\/a><\/p>\n<p><strong>Vera (PSTU)<\/strong><br \/>\n<img decoding=\"async\" src=\"data:image\/gif;base64,R0lGODlhAQABAIAAAAAAAP\/\/\/ywAAAAAAQABAAACAUwAOw==\" fifu-lazy=\"1\" fifu-data-sizes=\"auto\" fifu-data-srcset=\"\/Im4g3nsN0t1cia\/geral\/images\/Vera_(PSTU).jpg?w=75&resize=75&ssl=1 75w, \/Im4g3nsN0t1cia\/geral\/images\/Vera_(PSTU).jpg?w=100&resize=100&ssl=1 100w, \/Im4g3nsN0t1cia\/geral\/images\/Vera_(PSTU).jpg?w=150&resize=150&ssl=1 150w, \/Im4g3nsN0t1cia\/geral\/images\/Vera_(PSTU).jpg?w=240&resize=240&ssl=1 240w, \/Im4g3nsN0t1cia\/geral\/images\/Vera_(PSTU).jpg?w=320&resize=320&ssl=1 320w, \/Im4g3nsN0t1cia\/geral\/images\/Vera_(PSTU).jpg?w=500&resize=500&ssl=1 500w, \/Im4g3nsN0t1cia\/geral\/images\/Vera_(PSTU).jpg?w=640&resize=640&ssl=1 640w, \/Im4g3nsN0t1cia\/geral\/images\/Vera_(PSTU).jpg?w=800&resize=800&ssl=1 800w, \/Im4g3nsN0t1cia\/geral\/images\/Vera_(PSTU).jpg?w=1024&resize=1024&ssl=1 1024w, \/Im4g3nsN0t1cia\/geral\/images\/Vera_(PSTU).jpg?w=1280&resize=1280&ssl=1 1280w, \/Im4g3nsN0t1cia\/geral\/images\/Vera_(PSTU).jpg?w=1600&resize=1600&ssl=1 1600w\" alt=\"\" fifu-data-src=\"\/Im4g3nsN0t1cia\/geral\/images\/Vera_(PSTU).jpg\" style=\"height:126px; width:200px\" \/><br \/>\n<a href=\"http:\/\/divulgacandcontas.tse.jus.br\/candidaturas\/oficial\/2018\/BR\/BR\/2022802018\/280000601173\/\/proposta_1533576953009.pdf\">http:\/\/divulgacandcontas.tse.jus.br\/candidaturas\/oficial\/2018\/BR\/BR\/2022802018\/280000601173\/\/proposta_1533576953009.pdf<\/a><\/p>\n","protected":false},"excerpt":{"rendered":"<p>Conhe\u00e7a os propostas de governo de todos os candidatos a Presidente\/2018: Alvaro Dias (Pode) http:\/\/divulgacandcontas.tse.jus.br\/candidaturas\/oficial\/2018\/BR\/BR\/2022802018\/280000618462\/\/proposta_1534304719669.pdf Cabo Daciolo (Patri) http:\/\/divulgacandcontas.tse.jus.br\/candidaturas\/oficial\/2018\/BR\/BR\/2022802018\/280000602500\/\/proposta_1533774159360.pdf Ciro Gomes (PDT) http:\/\/divulgacandcontas.tse.jus.br\/candidaturas\/oficial\/2018\/BR\/BR\/2022802018\/280000605589\/\/proposta_1533938913830.pdf Eymael (DC) http:\/\/divulgacandcontas.tse.jus.br\/candidaturas\/oficial\/2018\/BR\/BR\/2022802018\/280000624085\/\/proposta_1534349291803.pdf Geraldo Alckmin (PSDB) http:\/\/divulgacandcontas.tse.jus.br\/candidaturas\/oficial\/2018\/BR\/BR\/2022802018\/280000602477\/\/proposta_1533849607885.pdf Guilherme Boulos (Psol) http:\/\/divulgacandcontas.tse.jus.br\/candidaturas\/oficial\/2018\/BR\/BR\/2022802018\/280000601016\/\/proposta_1533565462424.pdf Henrique Meirelles (MDB) http:\/\/divulgacandcontas.tse.jus.br\/candidaturas\/oficial\/2018\/BR\/BR\/2022802018\/280000622281\/\/proposta_1534354939646.pdf Jair Bolsonaro (PSL) http:\/\/divulgacandcontas.tse.jus.br\/candidaturas\/oficial\/2018\/BR\/BR\/2022802018\/280000614517\/\/proposta_1534284632231.pdf Jo\u00e3o Amo\u00eado (Novo) http:\/\/divulgacandcontas.tse.jus.br\/candidaturas\/oficial\/2018\/BR\/BR\/2022802018\/280000607640\/\/proposta_1534522080782.pdf Jo\u00e3o Goulart Filho (PPL) http:\/\/divulgacandcontas.tse.jus.br\/candidaturas\/oficial\/2018\/BR\/BR\/2022802018\/280000624082\/\/proposta_1534349279487.pdf Lula (PT) https:\/\/lula.com.br\/wp-content\/uploads\/2018\/08\/Plano-Lula-de-Governo_2018.08.14-TEXTO-REGISTRADO-3-1.pdf Marina [&hellip;]<\/p>\n","protected":false},"author":1,"featured_media":0,"comment_status":"closed","ping_status":"closed","sticky":false,"template":"","format":"standard","meta":{"_eb_attr":"","_uag_custom_page_level_css":"","fifu_image_url":"","fifu_image_alt":"","footnotes":""},"categories":[1],"tags":[32],"class_list":["post-1145","post","type-post","status-publish","format-standard","hentry","category-arquivadas","tag-null"],"yoast_head":"<!-- This site is optimized with the Yoast SEO plugin v27.1.1 - https:\/\/yoast.com\/product\/yoast-seo-wordpress\/ -->\n<title>Elei\u00e7\u00f5es - 2018 - PLANOS DE GOVERNO - Federa\u00e7\u00e3o dos Municip\u00e1rios do Estado do Rio Grande do Sul<\/title>\n<meta name=\"robots\" content=\"index, follow, max-snippet:-1, max-image-preview:large, max-video-preview:-1\" \/>\n<link rel=\"canonical\" href=\"https:\/\/femergs.com.br\/wfe\/blog\/eleicoes-2018-planos-de-governo\/\" \/>\n<meta property=\"og:locale\" content=\"pt_BR\" \/>\n<meta property=\"og:type\" content=\"article\" \/>\n<meta property=\"og:title\" content=\"Elei\u00e7\u00f5es - 2018 - PLANOS DE GOVERNO - Federa\u00e7\u00e3o dos Municip\u00e1rios do Estado do Rio Grande do Sul\" \/>\n<meta property=\"og:description\" content=\"Conhe\u00e7a os propostas de governo de todos os candidatos a Presidente\/2018: Alvaro Dias (Pode) http:\/\/divulgacandcontas.tse.jus.br\/candidaturas\/oficial\/2018\/BR\/BR\/2022802018\/280000618462\/\/proposta_1534304719669.pdf Cabo Daciolo (Patri) http:\/\/divulgacandcontas.tse.jus.br\/candidaturas\/oficial\/2018\/BR\/BR\/2022802018\/280000602500\/\/proposta_1533774159360.pdf Ciro Gomes (PDT) http:\/\/divulgacandcontas.tse.jus.br\/candidaturas\/oficial\/2018\/BR\/BR\/2022802018\/280000605589\/\/proposta_1533938913830.pdf Eymael (DC) http:\/\/divulgacandcontas.tse.jus.br\/candidaturas\/oficial\/2018\/BR\/BR\/2022802018\/280000624085\/\/proposta_1534349291803.pdf Geraldo Alckmin (PSDB) http:\/\/divulgacandcontas.tse.jus.br\/candidaturas\/oficial\/2018\/BR\/BR\/2022802018\/280000602477\/\/proposta_1533849607885.pdf Guilherme Boulos (Psol) http:\/\/divulgacandcontas.tse.jus.br\/candidaturas\/oficial\/2018\/BR\/BR\/2022802018\/280000601016\/\/proposta_1533565462424.pdf Henrique Meirelles (MDB) http:\/\/divulgacandcontas.tse.jus.br\/candidaturas\/oficial\/2018\/BR\/BR\/2022802018\/280000622281\/\/proposta_1534354939646.pdf Jair Bolsonaro (PSL) http:\/\/divulgacandcontas.tse.jus.br\/candidaturas\/oficial\/2018\/BR\/BR\/2022802018\/280000614517\/\/proposta_1534284632231.pdf Jo\u00e3o Amo\u00eado (Novo) http:\/\/divulgacandcontas.tse.jus.br\/candidaturas\/oficial\/2018\/BR\/BR\/2022802018\/280000607640\/\/proposta_1534522080782.pdf Jo\u00e3o Goulart Filho (PPL) http:\/\/divulgacandcontas.tse.jus.br\/candidaturas\/oficial\/2018\/BR\/BR\/2022802018\/280000624082\/\/proposta_1534349279487.pdf Lula (PT) https:\/\/lula.com.br\/wp-content\/uploads\/2018\/08\/Plano-Lula-de-Governo_2018.08.14-TEXTO-REGISTRADO-3-1.pdf Marina [&hellip;]\" \/>\n<meta property=\"og:url\" content=\"https:\/\/femergs.com.br\/wfe\/blog\/eleicoes-2018-planos-de-governo\/\" \/>\n<meta property=\"og:site_name\" content=\"Federa\u00e7\u00e3o dos Municip\u00e1rios do Estado do Rio Grande do Sul\" \/>\n<meta property=\"article:publisher\" content=\"https:\/\/www.facebook.com\/profile.php?id=100057151733001\" \/>\n<meta property=\"article:published_time\" content=\"2018-08-23T14:26:07+00:00\" \/>\n<meta name=\"author\" content=\"adminfemergs\" \/>\n<meta name=\"twitter:card\" content=\"summary_large_image\" \/>\n<meta name=\"twitter:label1\" content=\"Escrito por\" \/>\n\t<meta name=\"twitter:data1\" content=\"adminfemergs\" \/>\n\t<meta name=\"twitter:label2\" content=\"Est. tempo de leitura\" \/>\n\t<meta name=\"twitter:data2\" content=\"1 minuto\" \/>\n<script type=\"application\/ld+json\" class=\"yoast-schema-graph\">{\"@context\":\"https:\/\/schema.org\",\"@graph\":[{\"@type\":\"Article\",\"@id\":\"https:\/\/femergs.com.br\/wfe\/blog\/eleicoes-2018-planos-de-governo\/#article\",\"isPartOf\":{\"@id\":\"https:\/\/femergs.com.br\/wfe\/blog\/eleicoes-2018-planos-de-governo\/\"},\"author\":{\"name\":\"adminfemergs\",\"@id\":\"https:\/\/femergs.com.br\/wfe\/#\/schema\/person\/f5558e6b5ffc044ee085016237dedb7f\"},\"headline\":\"Elei\u00e7\u00f5es &#8211; 2018 &#8211; PLANOS DE GOVERNO\",\"datePublished\":\"2018-08-23T14:26:07+00:00\",\"mainEntityOfPage\":{\"@id\":\"https:\/\/femergs.com.br\/wfe\/blog\/eleicoes-2018-planos-de-governo\/\"},\"wordCount\":201,\"publisher\":{\"@id\":\"https:\/\/femergs.com.br\/wfe\/#organization\"},\"keywords\":[\"NULL\"],\"articleSection\":[\"ARQUIVADAS\"],\"inLanguage\":\"pt-BR\"},{\"@type\":\"WebPage\",\"@id\":\"https:\/\/femergs.com.br\/wfe\/blog\/eleicoes-2018-planos-de-governo\/\",\"url\":\"https:\/\/femergs.com.br\/wfe\/blog\/eleicoes-2018-planos-de-governo\/\",\"name\":\"Elei\u00e7\u00f5es - 2018 - PLANOS DE GOVERNO - Federa\u00e7\u00e3o dos Municip\u00e1rios do Estado do Rio Grande do Sul\",\"isPartOf\":{\"@id\":\"https:\/\/femergs.com.br\/wfe\/#website\"},\"datePublished\":\"2018-08-23T14:26:07+00:00\",\"breadcrumb\":{\"@id\":\"https:\/\/femergs.com.br\/wfe\/blog\/eleicoes-2018-planos-de-governo\/#breadcrumb\"},\"inLanguage\":\"pt-BR\",\"potentialAction\":[{\"@type\":\"ReadAction\",\"target\":[\"https:\/\/femergs.com.br\/wfe\/blog\/eleicoes-2018-planos-de-governo\/\"]}]},{\"@type\":\"BreadcrumbList\",\"@id\":\"https:\/\/femergs.com.br\/wfe\/blog\/eleicoes-2018-planos-de-governo\/#breadcrumb\",\"itemListElement\":[{\"@type\":\"ListItem\",\"position\":1,\"name\":\"In\u00edcio\",\"item\":\"https:\/\/femergs.com.br\/wfe\/\"},{\"@type\":\"ListItem\",\"position\":2,\"name\":\"Elei\u00e7\u00f5es &#8211; 2018 &#8211; PLANOS DE GOVERNO\"}]},{\"@type\":\"WebSite\",\"@id\":\"https:\/\/femergs.com.br\/wfe\/#website\",\"url\":\"https:\/\/femergs.com.br\/wfe\/\",\"name\":\"FEMERGS\",\"description\":\"FEDERA\u00c7\u00c3O DOS MUNICIP\u00c1RIOS DO ESTADO DO RIO GRANDE DO SUL\",\"publisher\":{\"@id\":\"https:\/\/femergs.com.br\/wfe\/#organization\"},\"potentialAction\":[{\"@type\":\"SearchAction\",\"target\":{\"@type\":\"EntryPoint\",\"urlTemplate\":\"https:\/\/femergs.com.br\/wfe\/?s={search_term_string}\"},\"query-input\":{\"@type\":\"PropertyValueSpecification\",\"valueRequired\":true,\"valueName\":\"search_term_string\"}}],\"inLanguage\":\"pt-BR\"},{\"@type\":\"Organization\",\"@id\":\"https:\/\/femergs.com.br\/wfe\/#organization\",\"name\":\"FEMERGS\",\"url\":\"https:\/\/femergs.com.br\/wfe\/\",\"logo\":{\"@type\":\"ImageObject\",\"inLanguage\":\"pt-BR\",\"@id\":\"https:\/\/femergs.com.br\/wfe\/#\/schema\/logo\/image\/\",\"url\":\"https:\/\/femergs.com.br\/wfe\/wp-content\/uploads\/2025\/06\/logotipo.png\",\"contentUrl\":\"https:\/\/femergs.com.br\/wfe\/wp-content\/uploads\/2025\/06\/logotipo.png\",\"width\":500,\"height\":500,\"caption\":\"FEMERGS\"},\"image\":{\"@id\":\"https:\/\/femergs.com.br\/wfe\/#\/schema\/logo\/image\/\"},\"sameAs\":[\"https:\/\/www.facebook.com\/profile.php?id=100057151733001\",\"https:\/\/www.instagram.com\/femergs_rs\/\"]},{\"@type\":\"Person\",\"@id\":\"https:\/\/femergs.com.br\/wfe\/#\/schema\/person\/f5558e6b5ffc044ee085016237dedb7f\",\"name\":\"adminfemergs\",\"image\":{\"@type\":\"ImageObject\",\"inLanguage\":\"pt-BR\",\"@id\":\"https:\/\/femergs.com.br\/wfe\/#\/schema\/person\/image\/\",\"url\":\"https:\/\/secure.gravatar.com\/avatar\/398642fa557cdd524617ad9b31c938845f071aeb3448b9c0aeb29aefc495337b?s=96&d=mm&r=g\",\"contentUrl\":\"https:\/\/secure.gravatar.com\/avatar\/398642fa557cdd524617ad9b31c938845f071aeb3448b9c0aeb29aefc495337b?s=96&d=mm&r=g\",\"caption\":\"adminfemergs\"},\"sameAs\":[\"https:\/\/femergs.com.br\/wfe\"],\"url\":\"https:\/\/femergs.com.br\/wfe\/blog\/author\/adminfemergs\/\"}]}<\/script>\n<!-- \/ Yoast SEO plugin. -->","yoast_head_json":{"title":"Elei\u00e7\u00f5es - 2018 - PLANOS DE GOVERNO - Federa\u00e7\u00e3o dos Municip\u00e1rios do Estado do Rio Grande do Sul","robots":{"index":"index","follow":"follow","max-snippet":"max-snippet:-1","max-image-preview":"max-image-preview:large","max-video-preview":"max-video-preview:-1"},"canonical":"https:\/\/femergs.com.br\/wfe\/blog\/eleicoes-2018-planos-de-governo\/","og_locale":"pt_BR","og_type":"article","og_title":"Elei\u00e7\u00f5es - 2018 - PLANOS DE GOVERNO - Federa\u00e7\u00e3o dos Municip\u00e1rios do Estado do Rio Grande do Sul","og_description":"Conhe\u00e7a os propostas de governo de todos os candidatos a Presidente\/2018: Alvaro Dias (Pode) http:\/\/divulgacandcontas.tse.jus.br\/candidaturas\/oficial\/2018\/BR\/BR\/2022802018\/280000618462\/\/proposta_1534304719669.pdf Cabo Daciolo (Patri) http:\/\/divulgacandcontas.tse.jus.br\/candidaturas\/oficial\/2018\/BR\/BR\/2022802018\/280000602500\/\/proposta_1533774159360.pdf Ciro Gomes (PDT) http:\/\/divulgacandcontas.tse.jus.br\/candidaturas\/oficial\/2018\/BR\/BR\/2022802018\/280000605589\/\/proposta_1533938913830.pdf Eymael (DC) http:\/\/divulgacandcontas.tse.jus.br\/candidaturas\/oficial\/2018\/BR\/BR\/2022802018\/280000624085\/\/proposta_1534349291803.pdf Geraldo Alckmin (PSDB) http:\/\/divulgacandcontas.tse.jus.br\/candidaturas\/oficial\/2018\/BR\/BR\/2022802018\/280000602477\/\/proposta_1533849607885.pdf Guilherme Boulos (Psol) http:\/\/divulgacandcontas.tse.jus.br\/candidaturas\/oficial\/2018\/BR\/BR\/2022802018\/280000601016\/\/proposta_1533565462424.pdf Henrique Meirelles (MDB) http:\/\/divulgacandcontas.tse.jus.br\/candidaturas\/oficial\/2018\/BR\/BR\/2022802018\/280000622281\/\/proposta_1534354939646.pdf Jair Bolsonaro (PSL) http:\/\/divulgacandcontas.tse.jus.br\/candidaturas\/oficial\/2018\/BR\/BR\/2022802018\/280000614517\/\/proposta_1534284632231.pdf Jo\u00e3o Amo\u00eado (Novo) http:\/\/divulgacandcontas.tse.jus.br\/candidaturas\/oficial\/2018\/BR\/BR\/2022802018\/280000607640\/\/proposta_1534522080782.pdf Jo\u00e3o Goulart Filho (PPL) http:\/\/divulgacandcontas.tse.jus.br\/candidaturas\/oficial\/2018\/BR\/BR\/2022802018\/280000624082\/\/proposta_1534349279487.pdf Lula (PT) https:\/\/lula.com.br\/wp-content\/uploads\/2018\/08\/Plano-Lula-de-Governo_2018.08.14-TEXTO-REGISTRADO-3-1.pdf Marina [&hellip;]","og_url":"https:\/\/femergs.com.br\/wfe\/blog\/eleicoes-2018-planos-de-governo\/","og_site_name":"Federa\u00e7\u00e3o dos Municip\u00e1rios do Estado do Rio Grande do Sul","article_publisher":"https:\/\/www.facebook.com\/profile.php?id=100057151733001","article_published_time":"2018-08-23T14:26:07+00:00","author":"adminfemergs","twitter_card":"summary_large_image","twitter_misc":{"Escrito por":"adminfemergs","Est. tempo de leitura":"1 minuto"},"schema":{"@context":"https:\/\/schema.org","@graph":[{"@type":"Article","@id":"https:\/\/femergs.com.br\/wfe\/blog\/eleicoes-2018-planos-de-governo\/#article","isPartOf":{"@id":"https:\/\/femergs.com.br\/wfe\/blog\/eleicoes-2018-planos-de-governo\/"},"author":{"name":"adminfemergs","@id":"https:\/\/femergs.com.br\/wfe\/#\/schema\/person\/f5558e6b5ffc044ee085016237dedb7f"},"headline":"Elei\u00e7\u00f5es &#8211; 2018 &#8211; PLANOS DE GOVERNO","datePublished":"2018-08-23T14:26:07+00:00","mainEntityOfPage":{"@id":"https:\/\/femergs.com.br\/wfe\/blog\/eleicoes-2018-planos-de-governo\/"},"wordCount":201,"publisher":{"@id":"https:\/\/femergs.com.br\/wfe\/#organization"},"keywords":["NULL"],"articleSection":["ARQUIVADAS"],"inLanguage":"pt-BR"},{"@type":"WebPage","@id":"https:\/\/femergs.com.br\/wfe\/blog\/eleicoes-2018-planos-de-governo\/","url":"https:\/\/femergs.com.br\/wfe\/blog\/eleicoes-2018-planos-de-governo\/","name":"Elei\u00e7\u00f5es - 2018 - PLANOS DE GOVERNO - Federa\u00e7\u00e3o dos Municip\u00e1rios do Estado do Rio Grande do Sul","isPartOf":{"@id":"https:\/\/femergs.com.br\/wfe\/#website"},"datePublished":"2018-08-23T14:26:07+00:00","breadcrumb":{"@id":"https:\/\/femergs.com.br\/wfe\/blog\/eleicoes-2018-planos-de-governo\/#breadcrumb"},"inLanguage":"pt-BR","potentialAction":[{"@type":"ReadAction","target":["https:\/\/femergs.com.br\/wfe\/blog\/eleicoes-2018-planos-de-governo\/"]}]},{"@type":"BreadcrumbList","@id":"https:\/\/femergs.com.br\/wfe\/blog\/eleicoes-2018-planos-de-governo\/#breadcrumb","itemListElement":[{"@type":"ListItem","position":1,"name":"In\u00edcio","item":"https:\/\/femergs.com.br\/wfe\/"},{"@type":"ListItem","position":2,"name":"Elei\u00e7\u00f5es &#8211; 2018 &#8211; PLANOS DE GOVERNO"}]},{"@type":"WebSite","@id":"https:\/\/femergs.com.br\/wfe\/#website","url":"https:\/\/femergs.com.br\/wfe\/","name":"FEMERGS","description":"FEDERA\u00c7\u00c3O DOS MUNICIP\u00c1RIOS DO ESTADO DO RIO GRANDE DO SUL","publisher":{"@id":"https:\/\/femergs.com.br\/wfe\/#organization"},"potentialAction":[{"@type":"SearchAction","target":{"@type":"EntryPoint","urlTemplate":"https:\/\/femergs.com.br\/wfe\/?s={search_term_string}"},"query-input":{"@type":"PropertyValueSpecification","valueRequired":true,"valueName":"search_term_string"}}],"inLanguage":"pt-BR"},{"@type":"Organization","@id":"https:\/\/femergs.com.br\/wfe\/#organization","name":"FEMERGS","url":"https:\/\/femergs.com.br\/wfe\/","logo":{"@type":"ImageObject","inLanguage":"pt-BR","@id":"https:\/\/femergs.com.br\/wfe\/#\/schema\/logo\/image\/","url":"https:\/\/femergs.com.br\/wfe\/wp-content\/uploads\/2025\/06\/logotipo.png","contentUrl":"https:\/\/femergs.com.br\/wfe\/wp-content\/uploads\/2025\/06\/logotipo.png","width":500,"height":500,"caption":"FEMERGS"},"image":{"@id":"https:\/\/femergs.com.br\/wfe\/#\/schema\/logo\/image\/"},"sameAs":["https:\/\/www.facebook.com\/profile.php?id=100057151733001","https:\/\/www.instagram.com\/femergs_rs\/"]},{"@type":"Person","@id":"https:\/\/femergs.com.br\/wfe\/#\/schema\/person\/f5558e6b5ffc044ee085016237dedb7f","name":"adminfemergs","image":{"@type":"ImageObject","inLanguage":"pt-BR","@id":"https:\/\/femergs.com.br\/wfe\/#\/schema\/person\/image\/","url":"https:\/\/secure.gravatar.com\/avatar\/398642fa557cdd524617ad9b31c938845f071aeb3448b9c0aeb29aefc495337b?s=96&d=mm&r=g","contentUrl":"https:\/\/secure.gravatar.com\/avatar\/398642fa557cdd524617ad9b31c938845f071aeb3448b9c0aeb29aefc495337b?s=96&d=mm&r=g","caption":"adminfemergs"},"sameAs":["https:\/\/femergs.com.br\/wfe"],"url":"https:\/\/femergs.com.br\/wfe\/blog\/author\/adminfemergs\/"}]}},"uagb_featured_image_src":{"full":false,"thumbnail":false,"medium":false,"medium_large":false,"large":false,"1536x1536":false,"2048x2048":false,"ultp_layout_landscape_large":false,"ultp_layout_landscape":false,"ultp_layout_portrait":false,"ultp_layout_square":false},"uagb_author_info":{"display_name":"adminfemergs","author_link":"https:\/\/femergs.com.br\/wfe\/blog\/author\/adminfemergs\/"},"uagb_comment_info":0,"uagb_excerpt":"Conhe\u00e7a os propostas de governo de todos os candidatos a Presidente\/2018: Alvaro Dias (Pode) http:\/\/divulgacandcontas.tse.jus.br\/candidaturas\/oficial\/2018\/BR\/BR\/2022802018\/280000618462\/\/proposta_1534304719669.pdf Cabo Daciolo (Patri) http:\/\/divulgacandcontas.tse.jus.br\/candidaturas\/oficial\/2018\/BR\/BR\/2022802018\/280000602500\/\/proposta_1533774159360.pdf Ciro Gomes (PDT) http:\/\/divulgacandcontas.tse.jus.br\/candidaturas\/oficial\/2018\/BR\/BR\/2022802018\/280000605589\/\/proposta_1533938913830.pdf Eymael (DC) http:\/\/divulgacandcontas.tse.jus.br\/candidaturas\/oficial\/2018\/BR\/BR\/2022802018\/280000624085\/\/proposta_1534349291803.pdf Geraldo Alckmin (PSDB) http:\/\/divulgacandcontas.tse.jus.br\/candidaturas\/oficial\/2018\/BR\/BR\/2022802018\/280000602477\/\/proposta_1533849607885.pdf Guilherme Boulos (Psol) http:\/\/divulgacandcontas.tse.jus.br\/candidaturas\/oficial\/2018\/BR\/BR\/2022802018\/280000601016\/\/proposta_1533565462424.pdf Henrique Meirelles (MDB) http:\/\/divulgacandcontas.tse.jus.br\/candidaturas\/oficial\/2018\/BR\/BR\/2022802018\/280000622281\/\/proposta_1534354939646.pdf Jair Bolsonaro (PSL) http:\/\/divulgacandcontas.tse.jus.br\/candidaturas\/oficial\/2018\/BR\/BR\/2022802018\/280000614517\/\/proposta_1534284632231.pdf Jo\u00e3o Amo\u00eado (Novo) http:\/\/divulgacandcontas.tse.jus.br\/candidaturas\/oficial\/2018\/BR\/BR\/2022802018\/280000607640\/\/proposta_1534522080782.pdf Jo\u00e3o Goulart Filho (PPL) http:\/\/divulgacandcontas.tse.jus.br\/candidaturas\/oficial\/2018\/BR\/BR\/2022802018\/280000624082\/\/proposta_1534349279487.pdf Lula (PT) https:\/\/lula.com.br\/wp-content\/uploads\/2018\/08\/Plano-Lula-de-Governo_2018.08.14-TEXTO-REGISTRADO-3-1.pdf Marina&hellip;","_links":{"self":[{"href":"https:\/\/femergs.com.br\/wfe\/wp-json\/wp\/v2\/posts\/1145","targetHints":{"allow":["GET"]}}],"collection":[{"href":"https:\/\/femergs.com.br\/wfe\/wp-json\/wp\/v2\/posts"}],"about":[{"href":"https:\/\/femergs.com.br\/wfe\/wp-json\/wp\/v2\/types\/post"}],"author":[{"embeddable":true,"href":"https:\/\/femergs.com.br\/wfe\/wp-json\/wp\/v2\/users\/1"}],"replies":[{"embeddable":true,"href":"https:\/\/femergs.com.br\/wfe\/wp-json\/wp\/v2\/comments?post=1145"}],"version-history":[{"count":0,"href":"https:\/\/femergs.com.br\/wfe\/wp-json\/wp\/v2\/posts\/1145\/revisions"}],"wp:attachment":[{"href":"https:\/\/femergs.com.br\/wfe\/wp-json\/wp\/v2\/media?parent=1145"}],"wp:term":[{"taxonomy":"category","embeddable":true,"href":"https:\/\/femergs.com.br\/wfe\/wp-json\/wp\/v2\/categories?post=1145"},{"taxonomy":"post_tag","embeddable":true,"href":"https:\/\/femergs.com.br\/wfe\/wp-json\/wp\/v2\/tags?post=1145"}],"curies":[{"name":"wp","href":"https:\/\/api.w.org\/{rel}","templated":true}]}}