{"id":1148,"date":"2018-08-27T17:52:55","date_gmt":"2018-08-27T17:52:55","guid":{"rendered":"https:\/\/femergs.com.br\/wfe\/blog\/como-reduzir-o-feminicidio\/"},"modified":"2018-08-27T17:52:55","modified_gmt":"2018-08-27T17:52:55","slug":"como-reduzir-o-feminicidio","status":"publish","type":"post","link":"https:\/\/femergs.com.br\/wfe\/blog\/como-reduzir-o-feminicidio\/","title":{"rendered":"Como reduzir o feminic\u00eddio?"},"content":{"rendered":"<p>A lei que instituiu o feminic\u00eddio (Lei 13.104\/2015) foi promulgada h\u00e1 tr\u00eas anos e alterou o art. 121 do C\u00f3digo Penal. Assim, ao rol das qualificadoras do crime de homic\u00eddio, foi incluindo o feminic\u00eddio, ou seja, quando o homic\u00eddio for praticado contra a mulher por raz\u00f5es relacionadas \u00e0 condi\u00e7\u00e3o de sexo feminino, como viol\u00eancia dom\u00e9stica e familiar, menosprezo e discrimina\u00e7\u00e3o, a pena poder\u00e1 ser aumentada de 1\/3 at\u00e9 a metade. Sua implementa\u00e7\u00e3o no Brasil tem como elemento precursor a promulga\u00e7\u00e3o da Lei Maria da Penha, que trouxe notoriedade para a quest\u00e3o da viol\u00eancia contra a mulher. No entanto, embora tenha sido um grande avan\u00e7o na luta contra esse tipo de viol\u00eancia, a criminaliza\u00e7\u00e3o da conduta, por si s\u00f3, n\u00e3o tem o cond\u00e3o de solucionar o problema, tanto \u00e9 verdade, que constantemente temos acompanhado casos dessa natureza chocando o pa\u00eds, como os que aconteceram recentemente nas cidades de Guarapuava e Londrina, no estado do Paran\u00e1.<\/p>\n<p>A cultura brasileira \u00e9 de aumentar o n\u00famero crimes ou as puni\u00e7\u00f5es previstas, colocando a cargo exclusivo do Direito Penal o dever de combate da criminalidade e solu\u00e7\u00e3o dos problemas sociais. No caso do homic\u00eddio, por exemplo, o artigo 121 do C\u00f3digo Penal j\u00e1 contava com v\u00e1rias qualificadoras para punir o autor de um assassinato com aumento de pena, como motivo torpe ou f\u00fatil, emprego de veneno, fogo, explosivo, asfixia, tortura, trai\u00e7\u00e3o, emboscada, meio que dificulte a defesa da v\u00edtima, entre outros tantos. Mas, vale ressaltar, que em todas essas situa\u00e7\u00f5es, assim como nas mortes de mulheres em decorr\u00eancia de viol\u00eancia dom\u00e9stica ou familiar, o Direito Penal s\u00f3 atua ap\u00f3s a ocorr\u00eancia do crime, quando na verdade seria necess\u00e1rio atuar na preven\u00e7\u00e3o.<\/p>\n<p>Falta ao Estado brasileiro trabalhar pol\u00edticas p\u00fablicas de preven\u00e7\u00e3o e conscientiza\u00e7\u00e3o, e investir nos meios de apoio e inclus\u00e3o das mulheres violentadas, que pretendem deixar ou j\u00e1 deixaram o seu lar. Infelizmente, um grande n\u00famero de v\u00edtimas de feminic\u00eddio contavam com medidas protetivas deferidas por Juizados de Viol\u00eancia Dom\u00e9stica e Familiar antes de serem mortas, uma situa\u00e7\u00e3o que retrata o tamanho da inefic\u00e1cia do nosso sistema atual de prote\u00e7\u00e3o das v\u00edtimas de viol\u00eancia.<\/p>\n<p>Sob esse aspecto, apesar de ser vista como um avan\u00e7o para promo\u00e7\u00e3o e defesa dos direitos da mulher que sofre viol\u00eancia dom\u00e9stica e familiar, h\u00e1 quem defenda que a cria\u00e7\u00e3o desta lei n\u00e3o tenha sido a forma mais adequada de enfrentar a quest\u00e3o, tanto que se observou um crescimento no n\u00famero de casos dessa natureza ap\u00f3s a promulga\u00e7\u00e3o da Lei, e a \u00fanica preocupa\u00e7\u00e3o das autoridades neste sentido tem sido discutir se devemos aumentar a pena, sem discutir estrat\u00e9gia e pol\u00edticas efetivas para proteger as vidas que est\u00e3o sendo ceifadas.<\/p>\n<p>Para reduzir, de fato, o \u00edndice de mortes entre mulheres nos pr\u00f3ximos anos, o Brasil precisa enfrentar o desafio de conscientizar a v\u00edtima, o agressor e a sociedade como um todo. \u00c9 preciso prevenir, combater e apoiar as v\u00edtimas, para tanto, devem ser priorizadas a instala\u00e7\u00e3o de delegacias especializadas pelo pa\u00eds e a cria\u00e7\u00e3o de mais juizados de viol\u00eancia dom\u00e9stica e familiar nas Comarcas.<\/p>\n<p>Edvania F\u00e1tima Fontes Godoy \u00e9 advogada especialista em Direito Penal e Processo Penal, mestre em Direito Negocial e Professora do curso de Direito da Faculdade Pit\u00e1goras de Londrina.<\/p>\n<p><a href=\"http:\/\/csb.org.br\/clipping?id=493504\">http:\/\/csb.org.br\/clipping?id=493504<\/a><\/p>\n","protected":false},"excerpt":{"rendered":"<p>A lei que instituiu o feminic\u00eddio (Lei 13.104\/2015) foi promulgada h\u00e1 tr\u00eas anos e alterou o art. 121 do C\u00f3digo Penal. Assim, ao rol das qualificadoras do crime de homic\u00eddio, foi incluindo o feminic\u00eddio, ou seja, quando o homic\u00eddio for praticado contra a mulher por raz\u00f5es relacionadas \u00e0 condi\u00e7\u00e3o de sexo feminino, como viol\u00eancia dom\u00e9stica [&hellip;]<\/p>\n","protected":false},"author":1,"featured_media":0,"comment_status":"closed","ping_status":"closed","sticky":false,"template":"","format":"standard","meta":{"_eb_attr":"","_uag_custom_page_level_css":"","fifu_image_url":"","fifu_image_alt":"","footnotes":""},"categories":[1],"tags":[32],"class_list":["post-1148","post","type-post","status-publish","format-standard","hentry","category-arquivadas","tag-null"],"yoast_head":"<!-- This site is optimized with the Yoast SEO plugin v27.1.1 - https:\/\/yoast.com\/product\/yoast-seo-wordpress\/ -->\n<title>Como reduzir o feminic\u00eddio? - Federa\u00e7\u00e3o dos Municip\u00e1rios do Estado do Rio Grande do Sul<\/title>\n<meta name=\"robots\" content=\"index, follow, max-snippet:-1, max-image-preview:large, max-video-preview:-1\" \/>\n<link rel=\"canonical\" href=\"https:\/\/femergs.com.br\/wfe\/blog\/como-reduzir-o-feminicidio\/\" \/>\n<meta property=\"og:locale\" content=\"pt_BR\" \/>\n<meta property=\"og:type\" content=\"article\" \/>\n<meta property=\"og:title\" content=\"Como reduzir o feminic\u00eddio? - Federa\u00e7\u00e3o dos Municip\u00e1rios do Estado do Rio Grande do Sul\" \/>\n<meta property=\"og:description\" content=\"A lei que instituiu o feminic\u00eddio (Lei 13.104\/2015) foi promulgada h\u00e1 tr\u00eas anos e alterou o art. 121 do C\u00f3digo Penal. Assim, ao rol das qualificadoras do crime de homic\u00eddio, foi incluindo o feminic\u00eddio, ou seja, quando o homic\u00eddio for praticado contra a mulher por raz\u00f5es relacionadas \u00e0 condi\u00e7\u00e3o de sexo feminino, como viol\u00eancia dom\u00e9stica [&hellip;]\" \/>\n<meta property=\"og:url\" content=\"https:\/\/femergs.com.br\/wfe\/blog\/como-reduzir-o-feminicidio\/\" \/>\n<meta property=\"og:site_name\" content=\"Federa\u00e7\u00e3o dos Municip\u00e1rios do Estado do Rio Grande do Sul\" \/>\n<meta property=\"article:publisher\" content=\"https:\/\/www.facebook.com\/profile.php?id=100057151733001\" \/>\n<meta property=\"article:published_time\" content=\"2018-08-27T17:52:55+00:00\" \/>\n<meta name=\"author\" content=\"adminfemergs\" \/>\n<meta name=\"twitter:card\" content=\"summary_large_image\" \/>\n<meta name=\"twitter:label1\" content=\"Escrito por\" \/>\n\t<meta name=\"twitter:data1\" content=\"adminfemergs\" \/>\n\t<meta name=\"twitter:label2\" content=\"Est. tempo de leitura\" \/>\n\t<meta name=\"twitter:data2\" content=\"3 minutos\" \/>\n<script type=\"application\/ld+json\" class=\"yoast-schema-graph\">{\"@context\":\"https:\/\/schema.org\",\"@graph\":[{\"@type\":\"Article\",\"@id\":\"https:\/\/femergs.com.br\/wfe\/blog\/como-reduzir-o-feminicidio\/#article\",\"isPartOf\":{\"@id\":\"https:\/\/femergs.com.br\/wfe\/blog\/como-reduzir-o-feminicidio\/\"},\"author\":{\"name\":\"adminfemergs\",\"@id\":\"https:\/\/femergs.com.br\/wfe\/#\/schema\/person\/f5558e6b5ffc044ee085016237dedb7f\"},\"headline\":\"Como reduzir o feminic\u00eddio?\",\"datePublished\":\"2018-08-27T17:52:55+00:00\",\"mainEntityOfPage\":{\"@id\":\"https:\/\/femergs.com.br\/wfe\/blog\/como-reduzir-o-feminicidio\/\"},\"wordCount\":610,\"publisher\":{\"@id\":\"https:\/\/femergs.com.br\/wfe\/#organization\"},\"keywords\":[\"NULL\"],\"articleSection\":[\"ARQUIVADAS\"],\"inLanguage\":\"pt-BR\"},{\"@type\":\"WebPage\",\"@id\":\"https:\/\/femergs.com.br\/wfe\/blog\/como-reduzir-o-feminicidio\/\",\"url\":\"https:\/\/femergs.com.br\/wfe\/blog\/como-reduzir-o-feminicidio\/\",\"name\":\"Como reduzir o feminic\u00eddio? - Federa\u00e7\u00e3o dos Municip\u00e1rios do Estado do Rio Grande do Sul\",\"isPartOf\":{\"@id\":\"https:\/\/femergs.com.br\/wfe\/#website\"},\"datePublished\":\"2018-08-27T17:52:55+00:00\",\"breadcrumb\":{\"@id\":\"https:\/\/femergs.com.br\/wfe\/blog\/como-reduzir-o-feminicidio\/#breadcrumb\"},\"inLanguage\":\"pt-BR\",\"potentialAction\":[{\"@type\":\"ReadAction\",\"target\":[\"https:\/\/femergs.com.br\/wfe\/blog\/como-reduzir-o-feminicidio\/\"]}]},{\"@type\":\"BreadcrumbList\",\"@id\":\"https:\/\/femergs.com.br\/wfe\/blog\/como-reduzir-o-feminicidio\/#breadcrumb\",\"itemListElement\":[{\"@type\":\"ListItem\",\"position\":1,\"name\":\"In\u00edcio\",\"item\":\"https:\/\/femergs.com.br\/wfe\/\"},{\"@type\":\"ListItem\",\"position\":2,\"name\":\"Como reduzir o feminic\u00eddio?\"}]},{\"@type\":\"WebSite\",\"@id\":\"https:\/\/femergs.com.br\/wfe\/#website\",\"url\":\"https:\/\/femergs.com.br\/wfe\/\",\"name\":\"FEMERGS\",\"description\":\"FEDERA\u00c7\u00c3O DOS MUNICIP\u00c1RIOS DO ESTADO DO RIO GRANDE DO SUL\",\"publisher\":{\"@id\":\"https:\/\/femergs.com.br\/wfe\/#organization\"},\"potentialAction\":[{\"@type\":\"SearchAction\",\"target\":{\"@type\":\"EntryPoint\",\"urlTemplate\":\"https:\/\/femergs.com.br\/wfe\/?s={search_term_string}\"},\"query-input\":{\"@type\":\"PropertyValueSpecification\",\"valueRequired\":true,\"valueName\":\"search_term_string\"}}],\"inLanguage\":\"pt-BR\"},{\"@type\":\"Organization\",\"@id\":\"https:\/\/femergs.com.br\/wfe\/#organization\",\"name\":\"FEMERGS\",\"url\":\"https:\/\/femergs.com.br\/wfe\/\",\"logo\":{\"@type\":\"ImageObject\",\"inLanguage\":\"pt-BR\",\"@id\":\"https:\/\/femergs.com.br\/wfe\/#\/schema\/logo\/image\/\",\"url\":\"https:\/\/femergs.com.br\/wfe\/wp-content\/uploads\/2025\/06\/logotipo.png\",\"contentUrl\":\"https:\/\/femergs.com.br\/wfe\/wp-content\/uploads\/2025\/06\/logotipo.png\",\"width\":500,\"height\":500,\"caption\":\"FEMERGS\"},\"image\":{\"@id\":\"https:\/\/femergs.com.br\/wfe\/#\/schema\/logo\/image\/\"},\"sameAs\":[\"https:\/\/www.facebook.com\/profile.php?id=100057151733001\",\"https:\/\/www.instagram.com\/femergs_rs\/\"]},{\"@type\":\"Person\",\"@id\":\"https:\/\/femergs.com.br\/wfe\/#\/schema\/person\/f5558e6b5ffc044ee085016237dedb7f\",\"name\":\"adminfemergs\",\"image\":{\"@type\":\"ImageObject\",\"inLanguage\":\"pt-BR\",\"@id\":\"https:\/\/femergs.com.br\/wfe\/#\/schema\/person\/image\/\",\"url\":\"https:\/\/secure.gravatar.com\/avatar\/398642fa557cdd524617ad9b31c938845f071aeb3448b9c0aeb29aefc495337b?s=96&d=mm&r=g\",\"contentUrl\":\"https:\/\/secure.gravatar.com\/avatar\/398642fa557cdd524617ad9b31c938845f071aeb3448b9c0aeb29aefc495337b?s=96&d=mm&r=g\",\"caption\":\"adminfemergs\"},\"sameAs\":[\"https:\/\/femergs.com.br\/wfe\"],\"url\":\"https:\/\/femergs.com.br\/wfe\/blog\/author\/adminfemergs\/\"}]}<\/script>\n<!-- \/ Yoast SEO plugin. -->","yoast_head_json":{"title":"Como reduzir o feminic\u00eddio? - Federa\u00e7\u00e3o dos Municip\u00e1rios do Estado do Rio Grande do Sul","robots":{"index":"index","follow":"follow","max-snippet":"max-snippet:-1","max-image-preview":"max-image-preview:large","max-video-preview":"max-video-preview:-1"},"canonical":"https:\/\/femergs.com.br\/wfe\/blog\/como-reduzir-o-feminicidio\/","og_locale":"pt_BR","og_type":"article","og_title":"Como reduzir o feminic\u00eddio? - Federa\u00e7\u00e3o dos Municip\u00e1rios do Estado do Rio Grande do Sul","og_description":"A lei que instituiu o feminic\u00eddio (Lei 13.104\/2015) foi promulgada h\u00e1 tr\u00eas anos e alterou o art. 121 do C\u00f3digo Penal. Assim, ao rol das qualificadoras do crime de homic\u00eddio, foi incluindo o feminic\u00eddio, ou seja, quando o homic\u00eddio for praticado contra a mulher por raz\u00f5es relacionadas \u00e0 condi\u00e7\u00e3o de sexo feminino, como viol\u00eancia dom\u00e9stica [&hellip;]","og_url":"https:\/\/femergs.com.br\/wfe\/blog\/como-reduzir-o-feminicidio\/","og_site_name":"Federa\u00e7\u00e3o dos Municip\u00e1rios do Estado do Rio Grande do Sul","article_publisher":"https:\/\/www.facebook.com\/profile.php?id=100057151733001","article_published_time":"2018-08-27T17:52:55+00:00","author":"adminfemergs","twitter_card":"summary_large_image","twitter_misc":{"Escrito por":"adminfemergs","Est. tempo de leitura":"3 minutos"},"schema":{"@context":"https:\/\/schema.org","@graph":[{"@type":"Article","@id":"https:\/\/femergs.com.br\/wfe\/blog\/como-reduzir-o-feminicidio\/#article","isPartOf":{"@id":"https:\/\/femergs.com.br\/wfe\/blog\/como-reduzir-o-feminicidio\/"},"author":{"name":"adminfemergs","@id":"https:\/\/femergs.com.br\/wfe\/#\/schema\/person\/f5558e6b5ffc044ee085016237dedb7f"},"headline":"Como reduzir o feminic\u00eddio?","datePublished":"2018-08-27T17:52:55+00:00","mainEntityOfPage":{"@id":"https:\/\/femergs.com.br\/wfe\/blog\/como-reduzir-o-feminicidio\/"},"wordCount":610,"publisher":{"@id":"https:\/\/femergs.com.br\/wfe\/#organization"},"keywords":["NULL"],"articleSection":["ARQUIVADAS"],"inLanguage":"pt-BR"},{"@type":"WebPage","@id":"https:\/\/femergs.com.br\/wfe\/blog\/como-reduzir-o-feminicidio\/","url":"https:\/\/femergs.com.br\/wfe\/blog\/como-reduzir-o-feminicidio\/","name":"Como reduzir o feminic\u00eddio? - Federa\u00e7\u00e3o dos Municip\u00e1rios do Estado do Rio Grande do Sul","isPartOf":{"@id":"https:\/\/femergs.com.br\/wfe\/#website"},"datePublished":"2018-08-27T17:52:55+00:00","breadcrumb":{"@id":"https:\/\/femergs.com.br\/wfe\/blog\/como-reduzir-o-feminicidio\/#breadcrumb"},"inLanguage":"pt-BR","potentialAction":[{"@type":"ReadAction","target":["https:\/\/femergs.com.br\/wfe\/blog\/como-reduzir-o-feminicidio\/"]}]},{"@type":"BreadcrumbList","@id":"https:\/\/femergs.com.br\/wfe\/blog\/como-reduzir-o-feminicidio\/#breadcrumb","itemListElement":[{"@type":"ListItem","position":1,"name":"In\u00edcio","item":"https:\/\/femergs.com.br\/wfe\/"},{"@type":"ListItem","position":2,"name":"Como reduzir o feminic\u00eddio?"}]},{"@type":"WebSite","@id":"https:\/\/femergs.com.br\/wfe\/#website","url":"https:\/\/femergs.com.br\/wfe\/","name":"FEMERGS","description":"FEDERA\u00c7\u00c3O DOS MUNICIP\u00c1RIOS DO ESTADO DO RIO GRANDE DO SUL","publisher":{"@id":"https:\/\/femergs.com.br\/wfe\/#organization"},"potentialAction":[{"@type":"SearchAction","target":{"@type":"EntryPoint","urlTemplate":"https:\/\/femergs.com.br\/wfe\/?s={search_term_string}"},"query-input":{"@type":"PropertyValueSpecification","valueRequired":true,"valueName":"search_term_string"}}],"inLanguage":"pt-BR"},{"@type":"Organization","@id":"https:\/\/femergs.com.br\/wfe\/#organization","name":"FEMERGS","url":"https:\/\/femergs.com.br\/wfe\/","logo":{"@type":"ImageObject","inLanguage":"pt-BR","@id":"https:\/\/femergs.com.br\/wfe\/#\/schema\/logo\/image\/","url":"https:\/\/femergs.com.br\/wfe\/wp-content\/uploads\/2025\/06\/logotipo.png","contentUrl":"https:\/\/femergs.com.br\/wfe\/wp-content\/uploads\/2025\/06\/logotipo.png","width":500,"height":500,"caption":"FEMERGS"},"image":{"@id":"https:\/\/femergs.com.br\/wfe\/#\/schema\/logo\/image\/"},"sameAs":["https:\/\/www.facebook.com\/profile.php?id=100057151733001","https:\/\/www.instagram.com\/femergs_rs\/"]},{"@type":"Person","@id":"https:\/\/femergs.com.br\/wfe\/#\/schema\/person\/f5558e6b5ffc044ee085016237dedb7f","name":"adminfemergs","image":{"@type":"ImageObject","inLanguage":"pt-BR","@id":"https:\/\/femergs.com.br\/wfe\/#\/schema\/person\/image\/","url":"https:\/\/secure.gravatar.com\/avatar\/398642fa557cdd524617ad9b31c938845f071aeb3448b9c0aeb29aefc495337b?s=96&d=mm&r=g","contentUrl":"https:\/\/secure.gravatar.com\/avatar\/398642fa557cdd524617ad9b31c938845f071aeb3448b9c0aeb29aefc495337b?s=96&d=mm&r=g","caption":"adminfemergs"},"sameAs":["https:\/\/femergs.com.br\/wfe"],"url":"https:\/\/femergs.com.br\/wfe\/blog\/author\/adminfemergs\/"}]}},"uagb_featured_image_src":{"full":false,"thumbnail":false,"medium":false,"medium_large":false,"large":false,"1536x1536":false,"2048x2048":false,"ultp_layout_landscape_large":false,"ultp_layout_landscape":false,"ultp_layout_portrait":false,"ultp_layout_square":false},"uagb_author_info":{"display_name":"adminfemergs","author_link":"https:\/\/femergs.com.br\/wfe\/blog\/author\/adminfemergs\/"},"uagb_comment_info":0,"uagb_excerpt":"A lei que instituiu o feminic\u00eddio (Lei 13.104\/2015) foi promulgada h\u00e1 tr\u00eas anos e alterou o art. 121 do C\u00f3digo Penal. Assim, ao rol das qualificadoras do crime de homic\u00eddio, foi incluindo o feminic\u00eddio, ou seja, quando o homic\u00eddio for praticado contra a mulher por raz\u00f5es relacionadas \u00e0 condi\u00e7\u00e3o de sexo feminino, como viol\u00eancia dom\u00e9stica&hellip;","_links":{"self":[{"href":"https:\/\/femergs.com.br\/wfe\/wp-json\/wp\/v2\/posts\/1148","targetHints":{"allow":["GET"]}}],"collection":[{"href":"https:\/\/femergs.com.br\/wfe\/wp-json\/wp\/v2\/posts"}],"about":[{"href":"https:\/\/femergs.com.br\/wfe\/wp-json\/wp\/v2\/types\/post"}],"author":[{"embeddable":true,"href":"https:\/\/femergs.com.br\/wfe\/wp-json\/wp\/v2\/users\/1"}],"replies":[{"embeddable":true,"href":"https:\/\/femergs.com.br\/wfe\/wp-json\/wp\/v2\/comments?post=1148"}],"version-history":[{"count":0,"href":"https:\/\/femergs.com.br\/wfe\/wp-json\/wp\/v2\/posts\/1148\/revisions"}],"wp:attachment":[{"href":"https:\/\/femergs.com.br\/wfe\/wp-json\/wp\/v2\/media?parent=1148"}],"wp:term":[{"taxonomy":"category","embeddable":true,"href":"https:\/\/femergs.com.br\/wfe\/wp-json\/wp\/v2\/categories?post=1148"},{"taxonomy":"post_tag","embeddable":true,"href":"https:\/\/femergs.com.br\/wfe\/wp-json\/wp\/v2\/tags?post=1148"}],"curies":[{"name":"wp","href":"https:\/\/api.w.org\/{rel}","templated":true}]}}