{"id":1149,"date":"2018-09-01T18:33:03","date_gmt":"2018-09-01T18:33:03","guid":{"rendered":"https:\/\/femergs.com.br\/wfe\/blog\/setembro-amarelo-a-cada-45-minutos-um-brasileiro-morre-vitima-do-suicidio\/"},"modified":"2018-09-01T18:33:03","modified_gmt":"2018-09-01T18:33:03","slug":"setembro-amarelo-a-cada-45-minutos-um-brasileiro-morre-vitima-do-suicidio","status":"publish","type":"post","link":"https:\/\/femergs.com.br\/wfe\/blog\/setembro-amarelo-a-cada-45-minutos-um-brasileiro-morre-vitima-do-suicidio\/","title":{"rendered":"Setembro amarelo: a cada 45 minutos, um brasileiro morre v\u00edtima do suic\u00eddio"},"content":{"rendered":"<p>Os n\u00fameros s\u00e3o estarrecedores. A cada 45 minutos um brasileiro morre v\u00edtima do suic\u00eddio. Em todo o mundo, ele mata mais que as guerras. Para reverter este quadro, foi criado o movimento mundial Setembro Amarelo, que \u00e9 uma campanha de conscientiza\u00e7\u00e3o sobre a preven\u00e7\u00e3o do suic\u00eddio.<\/p>\n<p>Iniciado no Brasil pelo Centro de Valoriza\u00e7\u00e3o da Vida (CVV), Conselho Federal de Medicina (CFM) e Associa\u00e7\u00e3o Brasileira de Psiquiatria (ABP), o Setembro Amarelo realizou as primeiras atividades em 2015. Mundialmente, a Associa\u00e7\u00e3o Internacional para Preven\u00e7\u00e3o do Suic\u00eddio estimula a divulga\u00e7\u00e3o da causa, sendo 10 de setembro o Dia Mundial de Preven\u00e7\u00e3o do Suic\u00eddio.<\/p>\n<p>O objetivo \u00e9 alertar a popula\u00e7\u00e3o sobre o problema e mostrar que nove em cada 10 casos poderiam ser prevenidos. A campanha consiste em iluminar ou sinalizar locais p\u00fablicos com faixas ou s\u00edmbolos amarelos, al\u00e9m da realiza\u00e7\u00e3o de atividades sobre o tema.<\/p>\n<p>Este ano, o Teatro da Ufes, em Vit\u00f3ria, vai ser iluminado e uma bandeira amarela ficar\u00e1 hasteada a meio mastro durante todo o m\u00eas. J\u00e1 os pilares da Terceira Ponte receber\u00e3o a ilumina\u00e7\u00e3o especial a partir do 8 de setembro. A sede do CVV, na avenida Alberto Torres, 153, Jucutuquara, Vit\u00f3ria, tamb\u00e9m receber\u00e1 ilumina\u00e7\u00e3o amarela.<\/p>\n<p>Al\u00e9m disso, os volunt\u00e1rios dos CVV v\u00e3o participar de uma s\u00e9rie de atividades, como palestras, semin\u00e1rios, distribui\u00e7\u00e3o de informativos, entre outras, em escolas, igrejas, shoppings, pres\u00eddios, unidades de sa\u00fade em v\u00e1rios locais do Estado. (A programa\u00e7\u00e3o est\u00e1 no final do release).<\/p>\n<p><strong>Informa\u00e7\u00f5es gerais <\/strong><\/p>\n<p>&#8211; A cada ano, mais de 800 mil pessoas tiram a pr\u00f3pria vida, o que corresponde a uma taxa de mortalidade de 16 por 100 mil habitantes, o mesmo que uma morte a cada 40 segundos, n\u00famero que pode aumentar at\u00e9 2020. (OMS, 2014)<\/p>\n<p>&#8211; Na faixa et\u00e1ria entre 15 e 29 anos, o suic\u00eddio \u00e9 a segunda causa de morte. (OMS, 2014)<\/p>\n<p>&#8211; 75% dos casos de suic\u00eddio no mundo ocorrem em pa\u00edses subdesenvolvidos ou em desenvolvimento. (OMS, 2014)<\/p>\n<p>&#8211; 90% dos casos podem ser prevenidos \u2013 90% dos suicidas s\u00e3o portadores de transtornos mentais, muitas vezes n\u00e3o diagnosticados. (OMS)<\/p>\n<p>&#8211; No Brasil, a cada 45 minutos uma pessoa morre por suic\u00eddio (32 por dia). Minist\u00e9rio da Sa\u00fade, 2014.<\/p>\n<p>&#8211; O Brasil \u00e9 o 8\u00ba pa\u00eds em n\u00fameros absolutos de suic\u00eddio no mundo. (OMS, 2014)<\/p>\n<p>&#8211; A taxa (Brasil) subiu de 5,3 para 100.000 habitantes no ano de 2000 para 5,8 em 2012 \u2013 aumento de 10,4%. (OMS, 2014)<\/p>\n<p>Estudo realizado pelo IBGE, com coordena\u00e7\u00e3o da OMS, na regi\u00e3o de Campinas, mostrou que ao longo da vida, 17,1% dos brasileiros \u201cpensaram seriamente em por fim \u00e0 vida\u201d, 4.8% chegaram a elaborar um plano para tanto, e 2,8% efetivamente tentaram o suic\u00eddio. De cada tr\u00eas pessoas que tentaram o suic\u00eddio, apenas uma foi, logo depois, atendida em um pronto-socorro (Botega e cols., Rev. Bras. de Psiquiatria, 2005).<\/p>\n<p><strong>Aonde buscar ajuda<\/strong><\/p>\n<p>Telefone 188. O telefone 188 do CVV \u00e9 o primeiro n\u00famero telef\u00f4nico gratuito, inclusive as liga\u00e7\u00f5es por celular, para apoio emocional de emerg\u00eancia para preven\u00e7\u00e3o do suic\u00eddio. \u00c9 uma concess\u00e3o do Minist\u00e9rio da Sa\u00fade ao CVV. Em 1 de julho de 2018 se deu a \u00faltima fase de expans\u00e3o e o 188 ficou dispon\u00edvel em todo o territ\u00f3rio nacional, com anteced\u00eancia de quase dois anos em rela\u00e7\u00e3o \u00e0 previs\u00e3o inicial.<\/p>\n","protected":false},"excerpt":{"rendered":"<p>A cada ano mais de 800 mil pessoas tiram a pr\u00f3pria vida e estat\u00edstica mostra que o n\u00famero tende a crescer at\u00e9 2020<\/p>\n","protected":false},"author":1,"featured_media":0,"comment_status":"closed","ping_status":"closed","sticky":false,"template":"","format":"standard","meta":{"_eb_attr":"","_uag_custom_page_level_css":"","fifu_image_url":"","fifu_image_alt":"","footnotes":""},"categories":[1],"tags":[32],"class_list":["post-1149","post","type-post","status-publish","format-standard","hentry","category-arquivadas","tag-null"],"yoast_head":"<!-- This site is optimized with the Yoast SEO plugin v27.1.1 - https:\/\/yoast.com\/product\/yoast-seo-wordpress\/ -->\n<title>Setembro amarelo: a cada 45 minutos, um brasileiro morre v\u00edtima do suic\u00eddio - Federa\u00e7\u00e3o dos Municip\u00e1rios do Estado do Rio Grande do Sul<\/title>\n<meta name=\"robots\" content=\"index, follow, max-snippet:-1, max-image-preview:large, max-video-preview:-1\" \/>\n<link rel=\"canonical\" href=\"https:\/\/femergs.com.br\/wfe\/blog\/setembro-amarelo-a-cada-45-minutos-um-brasileiro-morre-vitima-do-suicidio\/\" \/>\n<meta property=\"og:locale\" content=\"pt_BR\" \/>\n<meta property=\"og:type\" content=\"article\" \/>\n<meta property=\"og:title\" content=\"Setembro amarelo: a cada 45 minutos, um brasileiro morre v\u00edtima do suic\u00eddio - Federa\u00e7\u00e3o dos Municip\u00e1rios do Estado do Rio Grande do Sul\" \/>\n<meta property=\"og:description\" content=\"A cada ano mais de 800 mil pessoas tiram a pr\u00f3pria vida e estat\u00edstica mostra que o n\u00famero tende a crescer at\u00e9 2020\" \/>\n<meta property=\"og:url\" content=\"https:\/\/femergs.com.br\/wfe\/blog\/setembro-amarelo-a-cada-45-minutos-um-brasileiro-morre-vitima-do-suicidio\/\" \/>\n<meta property=\"og:site_name\" content=\"Federa\u00e7\u00e3o dos Municip\u00e1rios do Estado do Rio Grande do Sul\" \/>\n<meta property=\"article:publisher\" content=\"https:\/\/www.facebook.com\/profile.php?id=100057151733001\" \/>\n<meta property=\"article:published_time\" content=\"2018-09-01T18:33:03+00:00\" \/>\n<meta name=\"author\" content=\"adminfemergs\" \/>\n<meta name=\"twitter:card\" content=\"summary_large_image\" \/>\n<meta name=\"twitter:label1\" content=\"Escrito por\" \/>\n\t<meta name=\"twitter:data1\" content=\"adminfemergs\" \/>\n\t<meta name=\"twitter:label2\" content=\"Est. tempo de leitura\" \/>\n\t<meta name=\"twitter:data2\" content=\"3 minutos\" \/>\n<script type=\"application\/ld+json\" class=\"yoast-schema-graph\">{\"@context\":\"https:\/\/schema.org\",\"@graph\":[{\"@type\":\"Article\",\"@id\":\"https:\/\/femergs.com.br\/wfe\/blog\/setembro-amarelo-a-cada-45-minutos-um-brasileiro-morre-vitima-do-suicidio\/#article\",\"isPartOf\":{\"@id\":\"https:\/\/femergs.com.br\/wfe\/blog\/setembro-amarelo-a-cada-45-minutos-um-brasileiro-morre-vitima-do-suicidio\/\"},\"author\":{\"name\":\"adminfemergs\",\"@id\":\"https:\/\/femergs.com.br\/wfe\/#\/schema\/person\/f5558e6b5ffc044ee085016237dedb7f\"},\"headline\":\"Setembro amarelo: a cada 45 minutos, um brasileiro morre v\u00edtima do suic\u00eddio\",\"datePublished\":\"2018-09-01T18:33:03+00:00\",\"mainEntityOfPage\":{\"@id\":\"https:\/\/femergs.com.br\/wfe\/blog\/setembro-amarelo-a-cada-45-minutos-um-brasileiro-morre-vitima-do-suicidio\/\"},\"wordCount\":575,\"publisher\":{\"@id\":\"https:\/\/femergs.com.br\/wfe\/#organization\"},\"keywords\":[\"NULL\"],\"articleSection\":[\"ARQUIVADAS\"],\"inLanguage\":\"pt-BR\"},{\"@type\":\"WebPage\",\"@id\":\"https:\/\/femergs.com.br\/wfe\/blog\/setembro-amarelo-a-cada-45-minutos-um-brasileiro-morre-vitima-do-suicidio\/\",\"url\":\"https:\/\/femergs.com.br\/wfe\/blog\/setembro-amarelo-a-cada-45-minutos-um-brasileiro-morre-vitima-do-suicidio\/\",\"name\":\"Setembro amarelo: a cada 45 minutos, um brasileiro morre v\u00edtima do suic\u00eddio - Federa\u00e7\u00e3o dos Municip\u00e1rios do Estado do Rio Grande do Sul\",\"isPartOf\":{\"@id\":\"https:\/\/femergs.com.br\/wfe\/#website\"},\"datePublished\":\"2018-09-01T18:33:03+00:00\",\"breadcrumb\":{\"@id\":\"https:\/\/femergs.com.br\/wfe\/blog\/setembro-amarelo-a-cada-45-minutos-um-brasileiro-morre-vitima-do-suicidio\/#breadcrumb\"},\"inLanguage\":\"pt-BR\",\"potentialAction\":[{\"@type\":\"ReadAction\",\"target\":[\"https:\/\/femergs.com.br\/wfe\/blog\/setembro-amarelo-a-cada-45-minutos-um-brasileiro-morre-vitima-do-suicidio\/\"]}]},{\"@type\":\"BreadcrumbList\",\"@id\":\"https:\/\/femergs.com.br\/wfe\/blog\/setembro-amarelo-a-cada-45-minutos-um-brasileiro-morre-vitima-do-suicidio\/#breadcrumb\",\"itemListElement\":[{\"@type\":\"ListItem\",\"position\":1,\"name\":\"In\u00edcio\",\"item\":\"https:\/\/femergs.com.br\/wfe\/\"},{\"@type\":\"ListItem\",\"position\":2,\"name\":\"Setembro amarelo: a cada 45 minutos, um brasileiro morre v\u00edtima do suic\u00eddio\"}]},{\"@type\":\"WebSite\",\"@id\":\"https:\/\/femergs.com.br\/wfe\/#website\",\"url\":\"https:\/\/femergs.com.br\/wfe\/\",\"name\":\"FEMERGS\",\"description\":\"FEDERA\u00c7\u00c3O DOS MUNICIP\u00c1RIOS DO ESTADO DO RIO GRANDE DO SUL\",\"publisher\":{\"@id\":\"https:\/\/femergs.com.br\/wfe\/#organization\"},\"potentialAction\":[{\"@type\":\"SearchAction\",\"target\":{\"@type\":\"EntryPoint\",\"urlTemplate\":\"https:\/\/femergs.com.br\/wfe\/?s={search_term_string}\"},\"query-input\":{\"@type\":\"PropertyValueSpecification\",\"valueRequired\":true,\"valueName\":\"search_term_string\"}}],\"inLanguage\":\"pt-BR\"},{\"@type\":\"Organization\",\"@id\":\"https:\/\/femergs.com.br\/wfe\/#organization\",\"name\":\"FEMERGS\",\"url\":\"https:\/\/femergs.com.br\/wfe\/\",\"logo\":{\"@type\":\"ImageObject\",\"inLanguage\":\"pt-BR\",\"@id\":\"https:\/\/femergs.com.br\/wfe\/#\/schema\/logo\/image\/\",\"url\":\"https:\/\/femergs.com.br\/wfe\/wp-content\/uploads\/2025\/06\/logotipo.png\",\"contentUrl\":\"https:\/\/femergs.com.br\/wfe\/wp-content\/uploads\/2025\/06\/logotipo.png\",\"width\":500,\"height\":500,\"caption\":\"FEMERGS\"},\"image\":{\"@id\":\"https:\/\/femergs.com.br\/wfe\/#\/schema\/logo\/image\/\"},\"sameAs\":[\"https:\/\/www.facebook.com\/profile.php?id=100057151733001\",\"https:\/\/www.instagram.com\/femergs_rs\/\"]},{\"@type\":\"Person\",\"@id\":\"https:\/\/femergs.com.br\/wfe\/#\/schema\/person\/f5558e6b5ffc044ee085016237dedb7f\",\"name\":\"adminfemergs\",\"image\":{\"@type\":\"ImageObject\",\"inLanguage\":\"pt-BR\",\"@id\":\"https:\/\/femergs.com.br\/wfe\/#\/schema\/person\/image\/\",\"url\":\"https:\/\/secure.gravatar.com\/avatar\/398642fa557cdd524617ad9b31c938845f071aeb3448b9c0aeb29aefc495337b?s=96&d=mm&r=g\",\"contentUrl\":\"https:\/\/secure.gravatar.com\/avatar\/398642fa557cdd524617ad9b31c938845f071aeb3448b9c0aeb29aefc495337b?s=96&d=mm&r=g\",\"caption\":\"adminfemergs\"},\"sameAs\":[\"https:\/\/femergs.com.br\/wfe\"],\"url\":\"https:\/\/femergs.com.br\/wfe\/blog\/author\/adminfemergs\/\"}]}<\/script>\n<!-- \/ Yoast SEO plugin. -->","yoast_head_json":{"title":"Setembro amarelo: a cada 45 minutos, um brasileiro morre v\u00edtima do suic\u00eddio - Federa\u00e7\u00e3o dos Municip\u00e1rios do Estado do Rio Grande do Sul","robots":{"index":"index","follow":"follow","max-snippet":"max-snippet:-1","max-image-preview":"max-image-preview:large","max-video-preview":"max-video-preview:-1"},"canonical":"https:\/\/femergs.com.br\/wfe\/blog\/setembro-amarelo-a-cada-45-minutos-um-brasileiro-morre-vitima-do-suicidio\/","og_locale":"pt_BR","og_type":"article","og_title":"Setembro amarelo: a cada 45 minutos, um brasileiro morre v\u00edtima do suic\u00eddio - Federa\u00e7\u00e3o dos Municip\u00e1rios do Estado do Rio Grande do Sul","og_description":"A cada ano mais de 800 mil pessoas tiram a pr\u00f3pria vida e estat\u00edstica mostra que o n\u00famero tende a crescer at\u00e9 2020","og_url":"https:\/\/femergs.com.br\/wfe\/blog\/setembro-amarelo-a-cada-45-minutos-um-brasileiro-morre-vitima-do-suicidio\/","og_site_name":"Federa\u00e7\u00e3o dos Municip\u00e1rios do Estado do Rio Grande do Sul","article_publisher":"https:\/\/www.facebook.com\/profile.php?id=100057151733001","article_published_time":"2018-09-01T18:33:03+00:00","author":"adminfemergs","twitter_card":"summary_large_image","twitter_misc":{"Escrito por":"adminfemergs","Est. tempo de leitura":"3 minutos"},"schema":{"@context":"https:\/\/schema.org","@graph":[{"@type":"Article","@id":"https:\/\/femergs.com.br\/wfe\/blog\/setembro-amarelo-a-cada-45-minutos-um-brasileiro-morre-vitima-do-suicidio\/#article","isPartOf":{"@id":"https:\/\/femergs.com.br\/wfe\/blog\/setembro-amarelo-a-cada-45-minutos-um-brasileiro-morre-vitima-do-suicidio\/"},"author":{"name":"adminfemergs","@id":"https:\/\/femergs.com.br\/wfe\/#\/schema\/person\/f5558e6b5ffc044ee085016237dedb7f"},"headline":"Setembro amarelo: a cada 45 minutos, um brasileiro morre v\u00edtima do suic\u00eddio","datePublished":"2018-09-01T18:33:03+00:00","mainEntityOfPage":{"@id":"https:\/\/femergs.com.br\/wfe\/blog\/setembro-amarelo-a-cada-45-minutos-um-brasileiro-morre-vitima-do-suicidio\/"},"wordCount":575,"publisher":{"@id":"https:\/\/femergs.com.br\/wfe\/#organization"},"keywords":["NULL"],"articleSection":["ARQUIVADAS"],"inLanguage":"pt-BR"},{"@type":"WebPage","@id":"https:\/\/femergs.com.br\/wfe\/blog\/setembro-amarelo-a-cada-45-minutos-um-brasileiro-morre-vitima-do-suicidio\/","url":"https:\/\/femergs.com.br\/wfe\/blog\/setembro-amarelo-a-cada-45-minutos-um-brasileiro-morre-vitima-do-suicidio\/","name":"Setembro amarelo: a cada 45 minutos, um brasileiro morre v\u00edtima do suic\u00eddio - Federa\u00e7\u00e3o dos Municip\u00e1rios do Estado do Rio Grande do Sul","isPartOf":{"@id":"https:\/\/femergs.com.br\/wfe\/#website"},"datePublished":"2018-09-01T18:33:03+00:00","breadcrumb":{"@id":"https:\/\/femergs.com.br\/wfe\/blog\/setembro-amarelo-a-cada-45-minutos-um-brasileiro-morre-vitima-do-suicidio\/#breadcrumb"},"inLanguage":"pt-BR","potentialAction":[{"@type":"ReadAction","target":["https:\/\/femergs.com.br\/wfe\/blog\/setembro-amarelo-a-cada-45-minutos-um-brasileiro-morre-vitima-do-suicidio\/"]}]},{"@type":"BreadcrumbList","@id":"https:\/\/femergs.com.br\/wfe\/blog\/setembro-amarelo-a-cada-45-minutos-um-brasileiro-morre-vitima-do-suicidio\/#breadcrumb","itemListElement":[{"@type":"ListItem","position":1,"name":"In\u00edcio","item":"https:\/\/femergs.com.br\/wfe\/"},{"@type":"ListItem","position":2,"name":"Setembro amarelo: a cada 45 minutos, um brasileiro morre v\u00edtima do suic\u00eddio"}]},{"@type":"WebSite","@id":"https:\/\/femergs.com.br\/wfe\/#website","url":"https:\/\/femergs.com.br\/wfe\/","name":"FEMERGS","description":"FEDERA\u00c7\u00c3O DOS MUNICIP\u00c1RIOS DO ESTADO DO RIO GRANDE DO SUL","publisher":{"@id":"https:\/\/femergs.com.br\/wfe\/#organization"},"potentialAction":[{"@type":"SearchAction","target":{"@type":"EntryPoint","urlTemplate":"https:\/\/femergs.com.br\/wfe\/?s={search_term_string}"},"query-input":{"@type":"PropertyValueSpecification","valueRequired":true,"valueName":"search_term_string"}}],"inLanguage":"pt-BR"},{"@type":"Organization","@id":"https:\/\/femergs.com.br\/wfe\/#organization","name":"FEMERGS","url":"https:\/\/femergs.com.br\/wfe\/","logo":{"@type":"ImageObject","inLanguage":"pt-BR","@id":"https:\/\/femergs.com.br\/wfe\/#\/schema\/logo\/image\/","url":"https:\/\/femergs.com.br\/wfe\/wp-content\/uploads\/2025\/06\/logotipo.png","contentUrl":"https:\/\/femergs.com.br\/wfe\/wp-content\/uploads\/2025\/06\/logotipo.png","width":500,"height":500,"caption":"FEMERGS"},"image":{"@id":"https:\/\/femergs.com.br\/wfe\/#\/schema\/logo\/image\/"},"sameAs":["https:\/\/www.facebook.com\/profile.php?id=100057151733001","https:\/\/www.instagram.com\/femergs_rs\/"]},{"@type":"Person","@id":"https:\/\/femergs.com.br\/wfe\/#\/schema\/person\/f5558e6b5ffc044ee085016237dedb7f","name":"adminfemergs","image":{"@type":"ImageObject","inLanguage":"pt-BR","@id":"https:\/\/femergs.com.br\/wfe\/#\/schema\/person\/image\/","url":"https:\/\/secure.gravatar.com\/avatar\/398642fa557cdd524617ad9b31c938845f071aeb3448b9c0aeb29aefc495337b?s=96&d=mm&r=g","contentUrl":"https:\/\/secure.gravatar.com\/avatar\/398642fa557cdd524617ad9b31c938845f071aeb3448b9c0aeb29aefc495337b?s=96&d=mm&r=g","caption":"adminfemergs"},"sameAs":["https:\/\/femergs.com.br\/wfe"],"url":"https:\/\/femergs.com.br\/wfe\/blog\/author\/adminfemergs\/"}]}},"uagb_featured_image_src":{"full":false,"thumbnail":false,"medium":false,"medium_large":false,"large":false,"1536x1536":false,"2048x2048":false,"ultp_layout_landscape_large":false,"ultp_layout_landscape":false,"ultp_layout_portrait":false,"ultp_layout_square":false},"uagb_author_info":{"display_name":"adminfemergs","author_link":"https:\/\/femergs.com.br\/wfe\/blog\/author\/adminfemergs\/"},"uagb_comment_info":0,"uagb_excerpt":"A cada ano mais de 800 mil pessoas tiram a pr\u00f3pria vida e estat\u00edstica mostra que o n\u00famero tende a crescer at\u00e9 2020","_links":{"self":[{"href":"https:\/\/femergs.com.br\/wfe\/wp-json\/wp\/v2\/posts\/1149","targetHints":{"allow":["GET"]}}],"collection":[{"href":"https:\/\/femergs.com.br\/wfe\/wp-json\/wp\/v2\/posts"}],"about":[{"href":"https:\/\/femergs.com.br\/wfe\/wp-json\/wp\/v2\/types\/post"}],"author":[{"embeddable":true,"href":"https:\/\/femergs.com.br\/wfe\/wp-json\/wp\/v2\/users\/1"}],"replies":[{"embeddable":true,"href":"https:\/\/femergs.com.br\/wfe\/wp-json\/wp\/v2\/comments?post=1149"}],"version-history":[{"count":0,"href":"https:\/\/femergs.com.br\/wfe\/wp-json\/wp\/v2\/posts\/1149\/revisions"}],"wp:attachment":[{"href":"https:\/\/femergs.com.br\/wfe\/wp-json\/wp\/v2\/media?parent=1149"}],"wp:term":[{"taxonomy":"category","embeddable":true,"href":"https:\/\/femergs.com.br\/wfe\/wp-json\/wp\/v2\/categories?post=1149"},{"taxonomy":"post_tag","embeddable":true,"href":"https:\/\/femergs.com.br\/wfe\/wp-json\/wp\/v2\/tags?post=1149"}],"curies":[{"name":"wp","href":"https:\/\/api.w.org\/{rel}","templated":true}]}}